{"id":8159,"date":"2019-03-12T11:19:46","date_gmt":"2019-03-12T11:19:46","guid":{"rendered":"https:\/\/www.visualfy.com\/accessibilidad-tecnologia\/"},"modified":"2025-02-27T09:35:11","modified_gmt":"2025-02-27T09:35:11","slug":"accessibilidad-tecnologia","status":"publish","type":"post","link":"https:\/\/www.visualfy.com\/es\/accessibilidad-tecnologia\/","title":{"rendered":"La accesibilidad en la tecnolog\u00eda, una asignatura todav\u00eda pendiente"},"content":{"rendered":"\n<p>\u00bfQue <strong>la tecnolog\u00eda nos facilita el d\u00eda a d\u00eda<\/strong>? Eso depende de a qui\u00e9n le preguntes. Si le preguntas a una persona con discapacidad quiz\u00e1s te conteste que no lo suficiente y que se podr\u00eda hacer mucho m\u00e1s. Y es que la accesibilidad para personas con discapacidad en tecnolog\u00eda es una asignatura que todav\u00eda queda pendiente aprobar. <\/p>\n\n\n\n<p>Hace unos d\u00edas, con motivo del <strong>Mobile World Congress<\/strong>, &nbsp;lanzamos la campa\u00f1a<strong> #Tecnolog\u00edaAccesibleYA<\/strong> en redes sociales, para recoger sugerencias o ideas para hacer &nbsp;la tecnolog\u00eda m\u00e1s accesible, y hemos llegado a algunas conclusiones que nos gustar\u00eda compartir con vosotros. <\/p>\n\n\n\n<h2 class=\"wp-block-heading\">Muchos de los productos tecnol\u00f3gicos disponibles carecen de sistemas de accesibilidad para personas con discapacidad<\/h2>\n\n\n\n<p>Y esto es un grave error. Porque, como dice <strong>Manel Alcaide, CEO de Visualfy<\/strong>, desde su cuenta personal de Twitter \u201cLa accesibilidad no es para personas con discapacidad, la accesibilidad mejora la experiencia de todos los usuarios\u201d. <\/p>\n\n\n\n<p>No hay m\u00e1s que descargarse unas cuantas apps para darse cuenta de que la mayor\u00eda de ellas carecen de sistemas adaptados para personas con discapacidad. Pero no solo a apps nos referimos. Ordenadores, electrodom\u00e9sticos, etc. <strong>Un sinf\u00edn de productos del mercado no est\u00e1n adaptados para que los utilicen personas con discapacidad<\/strong>. <\/p>\n\n\n\n<figure class=\"wp-block-image size-full\"><img decoding=\"async\" width=\"900\" height=\"600\" src=\"https:\/\/www.visualfy.com\/wp-content\/uploads\/2025\/02\/accessibilidad-tecnologia-1.jpg\" alt=\"accessibilidad-tecnologia\" class=\"wp-image-4860\" srcset=\"https:\/\/www.visualfy.com\/wp-content\/uploads\/2025\/02\/accessibilidad-tecnologia-1.jpg 900w, https:\/\/www.visualfy.com\/wp-content\/uploads\/2025\/02\/accessibilidad-tecnologia-1-300x200.jpg 300w, https:\/\/www.visualfy.com\/wp-content\/uploads\/2025\/02\/accessibilidad-tecnologia-1-768x512.jpg 768w\" sizes=\"(max-width: 900px) 100vw, 900px\" \/><\/figure>\n\n\n\n<p>Algunos tel\u00e9fonos m\u00f3viles s\u00ed que empiezan a presentar compatibilidades con algunas ayudas auditivas o apps como <a href=\"https:\/\/www.visualfy.com\/es\/app\/\">Visualfy Mobile <\/a>que est\u00e1 disponible en tel\u00e9fonos con sistema operativo Android y que permite hacer accesibles la notificaciones. Otros como \u2018<a href=\"https:\/\/www.actiononhearingloss.org.uk\/shop\/phones\/t568-doro-8040-smartphone\/\" target=\"_blank\" rel=\"noopener\">Doro<\/a>\u2019, incluyen funcionalidades ya integradas para personas con p\u00e9rdida auditiva.<\/p>\n\n\n\n<p>Quiz\u00e1s contar con equipos de trabajo formados por personas diversas puede ser la soluci\u00f3n para que la tecnolog\u00eda sea m\u00e1s accesible. Incluir a <strong>personas con discapacidad en los diferentes procesos de desarrollo de productos aporta una visi\u00f3n diferente<\/strong> porque como aporta <strong>Mar\u00eda Jos\u00e9 CSO de Visualfy<\/strong> en Twitter \u201cSolo equipos diversos pueden crear una tecnolog\u00eda para todos.\u201d<\/p>\n\n\n\n<h2 class=\"wp-block-heading\">La accesibilidad web para personas con discapacidad auditiva, todav\u00eda una asignatura pendiente <\/h2>\n\n\n\n<p><strong>La mayor\u00eda de las p\u00e1ginas web se construyen sin tener en cuenta a las personas con discapacidad.<\/strong> De ah\u00ed que muchas veces surjan dificultades para acceder a la informaci\u00f3n debido a la falta de accesibilidad.<\/p>\n\n\n\n<p>En el caso de las personas sordas o con p\u00e9rdida auditiva, muchas de ellas, al utilizar la Lengua de Signos como lengua comunicativa encuentran barreras para entender los textos de la web. Como sabr\u00e1s, la Lengua de Signos presenta una estructura gramatical muy espec\u00edfica, diferente a la que utilizan las personas oyentes para comunicarse. Es por ello que, en la mayor\u00eda de casos, tanto <strong>la lectura f\u00e1cil como la grabaci\u00f3n de v\u00eddeos en LSE<\/strong> con los contenidos de la web (como hacemos en Visualfy) ser\u00edan dos buenas opciones para favorecer la accesibilidad.<\/p>\n\n\n\n<p>Tal y como sucede en las webs, <strong>en los buscadores tambi\u00e9n resulta complicado entender la informaci\u00f3n presentada<\/strong>. Mari Carmen pide a trav\u00e9s de nuestra landing que \u201cse ofrezca tambi\u00e9n la informaci\u00f3n en lengua de signos. Es muy dif\u00edcil para muchas personas sordas entender la informaci\u00f3n por escrito sin adaptarla\u201d.<\/p>\n\n\n\n<p>Aunque lo cierto es que <strong>Google ya est\u00e1 trabajando para facilitar su acceso a las personas sordas <\/strong>y con p\u00e9rdida auditiva y ya ha puesto en marcha <a href=\"https:\/\/www.google.com\/intl\/es-419\/accessibility\/products-features\/\" target=\"_blank\" rel=\"noopener\">algunas herramientas<\/a> a las que pronto se unir\u00e1n muchas m\u00e1s. <\/p>\n\n\n\n<h2 class=\"wp-block-heading\">Los contenidos audiovisuales tampoco son accesibles para la p\u00e9rdida auditiva<\/h2>\n\n\n\n<p><strong>Muchos de los contenidos en v\u00eddeo que aparecen en internet, tambi\u00e9n carecen de su versi\u00f3n accesible<\/strong>. Muchos de ellos los encontramos en p\u00e1ginas webs, otros en plataformas espec\u00edficas como Youtube o Instagram.<\/p>\n\n\n\n<p>YouTube por ejemplo, tiene la\nposibilidad de a\u00f1adir subt\u00edtulos de manera autom\u00e1tica pero como apunta tambi\u00e9n\nMari Carmen: \u201cLos subt\u00edtulos autom\u00e1ticos fallan mucho\u201d. Revisar lo que pone en\nlos subt\u00edtulos y corregirlos si fuese necesario no cuesta nada y ayuda a hacer\nllegar los contenidos a mucha m\u00e1s gente.<\/p>\n\n\n\n<p><strong>Muchos de los anuncios que tambi\u00e9n nos encontramos en Youtube o de los que aparecen en televisi\u00f3n carecen tambi\u00e9n de subt\u00edtulos<\/strong>, por lo a veces es complicado entender lo que se est\u00e1 anunciando. \u201cNecesito subt\u00edtulos en todos los canales de publicidad\u201d pide Isa en Twitter. Sin embargo, <strong>tambi\u00e9n se empiezan a dar pasos en materia de inclusi\u00f3n en los anuncios publicitarios incluyendo personas diversas<\/strong> con implantes o sordas signantes en ellos.<\/p>\n\n\n\n<h2 class=\"wp-block-heading\">\u00bfPara cu\u00e1ndo una atenci\u00f3n al cliente adaptada a las necesidades de las personas con discapacidad?<\/h2>\n\n\n\n<p>Otra de las \u00e1reas que m\u00e1s dificultades presenta es la de atenci\u00f3n al cliente. En el caso de las empresas privadas, no todas presentan atenci\u00f3n al cliente accesible. Para poder comunicarse con personas signantes <strong>es necesario crear canales que faciliten la comunicaci\u00f3n en LSE u ofrecer alternativas como la comunicaci\u00f3n v\u00eda email o mensaje de texto<\/strong>. Empresas como <a href=\"https:\/\/www.bankinter.com\/banca\/nav\/accesibilidad\" target=\"_blank\" rel=\"noopener\">Bankinter<\/a> o Carrefour ofrecen alternativas accesibles. Apple permite contactar con el servicio de soporte a trav\u00e9s de chat en directo o e-mail. <\/p>\n\n\n\n<p>Algunas empresas de telefon\u00eda m\u00f3vil llaman\nindiscriminadamente d\u00eda tras d\u00eda a personas que debido a la p\u00e9rdida auditiva no\npueden mantener conversaciones telef\u00f3nicas. \u201cQue las compa\u00f1\u00edas de tel\u00e9fono\nsepan que ese n\u00famero pertenece a una persona sorda y que no llamen\nconstantemente para hacer ofertas. Que lo hagan por mensaje\u201d, sugiere Mari\nCarmen. No cuesta nada proponer otras opciones de comunicaci\u00f3n m\u00e1s \u00fatiles y\nmenos intrusivas.<\/p>\n\n\n\n<p>En el caso de las entidades p\u00fablicas, <strong>muchos de los hospitales, los centros educativos o los transportes no est\u00e1n preparados para atender a personas con discapacidad auditiva.<\/strong> &nbsp;Muchos de ellos incluso tienen sistemas de bucles magn\u00e9ticos pero con frecuencia lo tienen apagado y los empleados no han recibido instrucciones de c\u00f3mo usarlo.&nbsp; <br> <br> \u201cNecesitamos tener int\u00e9rprete de Lengua de Signos en todos los \u00e1mbitos (educaci\u00f3n, sanidad, etc\u2026) para poder comunicarnos directamente y con facilidad y comodidad\u201d, apunta Cristi desde nuestra landing de campa\u00f1a. Tambi\u00e9n se destaca la importancia de avisar sobre cambios de citas directamente a las personas sordas: \u201cNo a sus familiares, la persona sorda tiene derecho a la intimidad y a recibir la informaci\u00f3n de manera directa por correo o WhatsApp. Nunca llamada telef\u00f3nica.\u201d, a\u00f1ade Mari Carmen.<\/p>\n\n\n\n<p>Leyendo todas las propuestas anteriores, \u00bfse te ocurren motivos para no poner la tecnolog\u00eda al servicio de la accesibilidad? <\/p>\n\n\n\n<figure class=\"wp-block-image size-full\"><a href=\"https:\/\/www.visualfy.com\/es\/tienda\/visualfyhome\/\" target=\"_blank\" rel=\" noreferrer noopener\"><img decoding=\"async\" width=\"960\" height=\"240\" src=\"https:\/\/www.visualfy.com\/wp-content\/uploads\/2020\/10\/banner-asesor-accesibilidad.jpg\" alt=\"Banner asesor accesibilidad\" class=\"wp-image-8650\" srcset=\"https:\/\/www.visualfy.com\/wp-content\/uploads\/2020\/10\/banner-asesor-accesibilidad.jpg 960w, https:\/\/www.visualfy.com\/wp-content\/uploads\/2020\/10\/banner-asesor-accesibilidad-300x75.jpg 300w, https:\/\/www.visualfy.com\/wp-content\/uploads\/2020\/10\/banner-asesor-accesibilidad-768x192.jpg 768w\" sizes=\"(max-width: 960px) 100vw, 960px\" \/><\/a><\/figure>\n","protected":false},"excerpt":{"rendered":"<p>\u00bfQue la tecnolog\u00eda nos facilita el d\u00eda a d\u00eda? Eso depende de a qui\u00e9n le preguntes. Si le preguntas a una persona con discapacidad quiz\u00e1s te conteste que no lo suficiente y que se podr\u00eda hacer mucho m\u00e1s. Y es que la accesibilidad para personas con discapacidad en tecnolog\u00eda es una asignatura que todav\u00eda queda [&hellip;]<\/p>\n","protected":false},"author":2,"featured_media":4860,"comment_status":"open","ping_status":"open","sticky":false,"template":"","format":"standard","meta":{"_acf_changed":false,"content-type":"","_uag_custom_page_level_css":"","footnotes":""},"categories":[39],"tags":[],"class_list":["post-8159","post","type-post","status-publish","format-standard","has-post-thumbnail","hentry","category-tecnologia-accesibilidad"],"acf":[],"spectra_custom_meta":{"_wp_page_template":["default"],"rank_math_internal_links_processed":["1"],"_wpml_word_count":["{\"total\":1060,\"to_translate\":{\"en\":1060}}"],"_yoast_wpseo_primary_category":["295"],"_yoast_wpseo_keywordsynonyms":["[\"\"]"],"_wpml_media_duplicate":["0"],"_wpml_media_featured":["0"],"_yoast_wpseo_focuskeywords":["[]"],"_et_monarch_override":[""],"amazonS3_cache":["a:47:{s:75:\"\/\/www.visualfy.com\/wp-content\/uploads\/2019\/03\/accessibilidad-tecnologia.jpg\";i:22391;s:52:\"\/\/cdn.visualfy.com\/img\/accessibilidad-tecnologia.jpg\";i:22391;s:81:\"\/\/visualfy.acceseo.dev\/wp-content\/uploads\/2020\/10\/banner-asesor-accesibilidad.jpg\";a:1:{s:9:\"timestamp\";i:1744269471;}s:81:\"\/\/visualfy.acceseo.dev\/wp-content\/uploads\/2025\/02\/accessibilidad-tecnologia-1.jpg\";a:1:{s:9:\"timestamp\";i:1744269471;}s:69:\"\/\/visualfy.acceseo.dev\/wp-content\/uploads\/2025\/02\/lse-icon-button.svg\";a:1:{s:9:\"timestamp\";i:1744268184;}s:81:\"\/\/visualfy.acceseo.dev\/wp-content\/uploads\/2025\/02\/visualfy-places-placeholder.jpg\";a:1:{s:9:\"timestamp\";i:1744268184;}s:66:\"\/\/visualfy.acceseo.dev\/wp-content\/uploads\/2025\/01\/computer_404.svg\";a:1:{s:9:\"timestamp\";i:1744268184;}s:63:\"\/\/visualfy.acceseo.dev\/wp-content\/uploads\/2025\/01\/user-icon.svg\";a:1:{s:9:\"timestamp\";i:1744268184;}s:58:\"\/\/visualfy.acceseo.dev\/wp-content\/uploads\/2025\/01\/menu.svg\";a:1:{s:9:\"timestamp\";i:1744268184;}s:67:\"\/\/visualfy.acceseo.dev\/wp-content\/uploads\/2025\/01\/logo-visualfy.svg\";a:1:{s:9:\"timestamp\";i:1744268184;}s:65:\"\/\/visualfy.acceseo.dev\/wp-content\/uploads\/2025\/01\/logo-footer.svg\";a:1:{s:9:\"timestamp\";i:1744268184;}s:88:\"\/\/visualfy.acceseo.dev\/wp-content\/uploads\/2025\/01\/union-europea-ministerio-industria.png\";a:1:{s:9:\"timestamp\";i:1744268184;}s:78:\"\/\/visualfy.acceseo.dev\/wp-content\/uploads\/2025\/01\/fondo-europeo-innovacion.png\";a:1:{s:9:\"timestamp\";i:1744268184;}s:77:\"\/\/visualfy.acceseo.dev\/wp-content\/uploads\/2025\/01\/generalitat-ivace-feder.png\";a:1:{s:9:\"timestamp\";i:1744268184;}s:85:\"\/\/visualfy.acceseo.dev\/wp-content\/uploads\/2025\/01\/generalita-ivace-cofinanciacion.png\";a:1:{s:9:\"timestamp\";i:1744268184;}s:89:\"\/\/visualfy.acceseo.dev\/wp-content\/uploads\/2025\/02\/accessibilidad-tecnologia-1-300x200.jpg\";a:1:{s:9:\"timestamp\";i:1744268184;}s:89:\"\/\/visualfy.acceseo.dev\/wp-content\/uploads\/2025\/02\/accessibilidad-tecnologia-1-768x512.jpg\";a:1:{s:9:\"timestamp\";i:1744268184;}s:88:\"\/\/visualfy.acceseo.dev\/wp-content\/uploads\/2020\/10\/banner-asesor-accesibilidad-300x75.jpg\";a:1:{s:9:\"timestamp\";i:1744268184;}s:89:\"\/\/visualfy.acceseo.dev\/wp-content\/uploads\/2020\/10\/banner-asesor-accesibilidad-768x192.jpg\";a:1:{s:9:\"timestamp\";i:1744268184;}s:61:\"\/\/visualfy.acceseo.dev\/wp-content\/uploads\/2025\/02\/Sem-3-1.png\";a:1:{s:9:\"timestamp\";i:1744268184;}s:69:\"\/\/visualfy.acceseo.dev\/wp-content\/uploads\/2025\/02\/Sem-3-1-300x176.png\";a:1:{s:9:\"timestamp\";i:1744268184;}s:70:\"\/\/visualfy.acceseo.dev\/wp-content\/uploads\/2025\/02\/Sem-3-1-1024x600.png\";a:1:{s:9:\"timestamp\";i:1744268184;}s:69:\"\/\/visualfy.acceseo.dev\/wp-content\/uploads\/2025\/02\/Sem-3-1-768x450.png\";a:1:{s:9:\"timestamp\";i:1744268184;}s:70:\"\/\/visualfy.acceseo.dev\/wp-content\/uploads\/2025\/02\/Sem-3-1-1536x900.png\";a:1:{s:9:\"timestamp\";i:1744268184;}s:71:\"\/\/visualfy.acceseo.dev\/wp-content\/uploads\/2025\/02\/Sem-3-1-2048x1200.png\";a:1:{s:9:\"timestamp\";i:1744268184;}s:63:\"\/\/visualfy.acceseo.dev\/wp-content\/uploads\/2025\/02\/Sem-2-3-1.jpg\";a:1:{s:9:\"timestamp\";i:1744268184;}s:71:\"\/\/visualfy.acceseo.dev\/wp-content\/uploads\/2025\/02\/Sem-2-3-1-300x169.jpg\";a:1:{s:9:\"timestamp\";i:1744268184;}s:72:\"\/\/visualfy.acceseo.dev\/wp-content\/uploads\/2025\/02\/Sem-2-3-1-1024x576.jpg\";a:1:{s:9:\"timestamp\";i:1744268184;}s:71:\"\/\/visualfy.acceseo.dev\/wp-content\/uploads\/2025\/02\/Sem-2-3-1-768x432.jpg\";a:1:{s:9:\"timestamp\";i:1744268184;}s:72:\"\/\/visualfy.acceseo.dev\/wp-content\/uploads\/2025\/02\/Sem-2-3-1-1536x864.jpg\";a:1:{s:9:\"timestamp\";i:1744268184;}s:63:\"\/\/visualfy.acceseo.dev\/wp-content\/uploads\/2025\/02\/Sem-1-2-1.png\";a:1:{s:9:\"timestamp\";i:1744268184;}s:71:\"\/\/visualfy.acceseo.dev\/wp-content\/uploads\/2025\/02\/Sem-1-2-1-300x157.png\";a:1:{s:9:\"timestamp\";i:1744268184;}s:72:\"\/\/visualfy.acceseo.dev\/wp-content\/uploads\/2025\/02\/Sem-1-2-1-1024x535.png\";a:1:{s:9:\"timestamp\";i:1744268184;}s:71:\"\/\/visualfy.acceseo.dev\/wp-content\/uploads\/2025\/02\/Sem-1-2-1-768x401.png\";a:1:{s:9:\"timestamp\";i:1744268184;}s:67:\"\/\/visualfy.acceseo.dev\/wp-content\/uploads\/2025\/02\/caixa-popular.svg\";a:1:{s:9:\"timestamp\";i:1744268184;}s:58:\"\/\/visualfy.acceseo.dev\/wp-content\/uploads\/2025\/02\/cdti.svg\";a:1:{s:9:\"timestamp\";i:1744268184;}s:58:\"\/\/visualfy.acceseo.dev\/wp-content\/uploads\/2025\/02\/cnse.svg\";a:1:{s:9:\"timestamp\";i:1744268184;}s:60:\"\/\/visualfy.acceseo.dev\/wp-content\/uploads\/2025\/02\/esteve.svg\";a:1:{s:9:\"timestamp\";i:1744268184;}s:60:\"\/\/visualfy.acceseo.dev\/wp-content\/uploads\/2025\/02\/fesord.svg\";a:1:{s:9:\"timestamp\";i:1744268184;}s:76:\"\/\/visualfy.acceseo.dev\/wp-content\/uploads\/2025\/02\/generalitat-valenciana.svg\";a:1:{s:9:\"timestamp\";i:1744268184;}s:66:\"\/\/visualfy.acceseo.dev\/wp-content\/uploads\/2025\/02\/horizon-2020.svg\";a:1:{s:9:\"timestamp\";i:1744268184;}s:59:\"\/\/visualfy.acceseo.dev\/wp-content\/uploads\/2025\/02\/ivace.svg\";a:1:{s:9:\"timestamp\";i:1744268184;}s:62:\"\/\/visualfy.acceseo.dev\/wp-content\/uploads\/2025\/02\/montsant.svg\";a:1:{s:9:\"timestamp\";i:1744268184;}s:69:\"\/\/visualfy.acceseo.dev\/wp-content\/uploads\/2025\/02\/naciones-unidas.svg\";a:1:{s:9:\"timestamp\";i:1744268184;}s:62:\"\/\/visualfy.acceseo.dev\/wp-content\/uploads\/2025\/02\/randstad.svg\";a:1:{s:9:\"timestamp\";i:1744268184;}s:64:\"\/\/visualfy.acceseo.dev\/wp-content\/uploads\/2025\/02\/telefonica.svg\";a:1:{s:9:\"timestamp\";i:1744268184;}s:66:\"\/\/visualfy.acceseo.dev\/wp-content\/uploads\/2025\/02\/wingstoclaim.svg\";a:1:{s:9:\"timestamp\";i:1744268184;}}"],"_yoast_wpseo_opengraph-title":[""],"_yoast_wpseo_opengraph-description":["\u00bfLa tecnolog\u00eda es realmente accesible para todo el mundo?"],"_yst_prominent_words_version":["1"],"_yoast_wpseo_video_meta":["a:15:{s:2:\"id\";s:11:\"rhdXfcGTG9Q\";s:4:\"type\";s:7:\"youtube\";s:3:\"url\";s:28:\"https:\/\/youtu.be\/rhdXfcGTG9Q\";s:7:\"post_id\";s:5:\"22383\";s:5:\"title\";s:74:\"\u00bfEs la tecnolog\u00eda accesible para las personas con discapacidad auditiva?\";s:16:\"publication_date\";s:25:\"2019-03-12T11:19:46+00:00\";s:11:\"description\";s:153:\"Analizamos si realmente la tecnolog\u00eda es accesible para todo el mundo y proponemos mejoras para adaptarla a las personas sordas o con p\u00e9rdida auditiva.\";s:10:\"player_loc\";s:41:\"https:\/\/www.youtube.com\/embed\/rhdXfcGTG9Q\";s:13:\"thumbnail_loc\";s:44:\"https:\/\/cdn.visualfy.com\/img\/rhdxfcgtg9q.jpg\";s:8:\"duration\";s:3:\"517\";s:10:\"view_count\";s:1:\"5\";s:5:\"width\";s:3:\"480\";s:6:\"height\";s:3:\"270\";s:8:\"category\";s:27:\"Tecnolog\u00eda y Accesibilidad\";s:3:\"tag\";a:0:{}}"],"_yoast_wpseo_videositemap-duration":["517"],"_yoast_wpseo_videositemap-rating":["0"],"_yoast_wpseo_metadesc":["Analizamos si realmente la tecnolog\u00eda es accesible para todo el mundo y proponemos mejoras para adaptarla a las personas sordas o con p\u00e9rdida auditiva."],"_yoast_wpseo_focuskw":[""],"_yoast_wpseo_content_score":[""],"cmplz_hide_cookiebanner":[""],"_wpml_location_migration_done":["1"],"_fgj2wp_old_id":[""],"_yoast_wpseo_metakeywords":[""],"_bsf_post_type":[""],"_yoast_wpseo_meta-robots-noindex":["2"],"_fgj2wp_translation_association_key":[""],"_product_image_gallery":[""],"_wp_old_slug":[""],"_yoast_wpseo_title":["\u00bfEs la tecnolog\u00eda accesible para las personas con discapacidad auditiva?"],"slide_template":[""],"_yoast_wpseo_opengraph-image":["https:\/\/cdn.visualfy.com\/img\/accessibilidad-tecnologia.jpg"],"_yoast_wpseo_opengraph-image-id":["22391"],"_wp_old_date":[""],"_bsf_article_image":[""],"_bsf_article_name":[""],"_bsf_article_desc":[""],"_bsf_article_author":[""],"_bsf_article_publisher":[""],"_bsf_article_publisher_logo":[""],"_yoast_wpseo_meta-robots-nofollow":[""],"amp_status":[""],"_cmplz_scanned_post":["1"],"_encloseme":[""],"_last_translation_edit_mode":[""],"_yoast_wpseo_twitter-title":[""],"_yoast_wpseo_twitter-description":[""],"_yoast_wpseo_twitter-image":[""],"_yoast_wpseo_twitter-image-id":[""],"_yoast_wpseo_linkdex":[""],"_thumbnail_id":["4860"],"_pingme":["1"],"_edit_last":["1"],"_oembed_098165464eed4fcba8e3aea121522447":["<iframe title=\"La accesibilidad en la tecnolog\u00eda, una asignatura todav\u00eda pendiente -Visualfy\" width=\"500\" height=\"281\" src=\"https:\/\/www.youtube.com\/embed\/rhdXfcGTG9Q?feature=oembed\" frameborder=\"0\" allow=\"accelerometer; autoplay; clipboard-write; encrypted-media; gyroscope; picture-in-picture; web-share\" referrerpolicy=\"strict-origin-when-cross-origin\" allowfullscreen><\/iframe>"],"_oembed_time_098165464eed4fcba8e3aea121522447":["1740648269"],"_edit_lock":["1740648960:1"],"rank_math_seo_score":["21"],"rank_math_primary_category":["39"],"_uag_custom_page_level_css":[""],"footnotes":[""],"lse_enlace":["https:\/\/youtu.be\/rhdXfcGTG9Q"],"_lse_enlace":["field_67b5db1d9d4ca"],"_betterdocs_reusable_block_ids":["a:0:{}"],"copied_media_ids":["a:2:{i:0;i:8650;i:1;i:8161;}"],"referenced_media_ids":["a:1:{i:0;i:4860;}"]},"uagb_featured_image_src":{"full":["https:\/\/www.visualfy.com\/wp-content\/uploads\/2025\/02\/accessibilidad-tecnologia-1.jpg",900,600,false],"thumbnail":["https:\/\/www.visualfy.com\/wp-content\/uploads\/2025\/02\/accessibilidad-tecnologia-1-150x150.jpg",150,150,true],"medium":["https:\/\/www.visualfy.com\/wp-content\/uploads\/2025\/02\/accessibilidad-tecnologia-1-300x200.jpg",300,200,true],"medium_large":["https:\/\/www.visualfy.com\/wp-content\/uploads\/2025\/02\/accessibilidad-tecnologia-1-768x512.jpg",768,512,true],"large":["https:\/\/www.visualfy.com\/wp-content\/uploads\/2025\/02\/accessibilidad-tecnologia-1.jpg",900,600,false],"1536x1536":["https:\/\/www.visualfy.com\/wp-content\/uploads\/2025\/02\/accessibilidad-tecnologia-1.jpg",900,600,false],"2048x2048":["https:\/\/www.visualfy.com\/wp-content\/uploads\/2025\/02\/accessibilidad-tecnologia-1.jpg",900,600,false]},"uagb_author_info":{"display_name":"visualfy","author_link":"https:\/\/www.visualfy.com\/es\/author\/visualfy\/"},"uagb_comment_info":0,"uagb_excerpt":"\u00bfQue la tecnolog\u00eda nos facilita el d\u00eda a d\u00eda? Eso depende de a qui\u00e9n le preguntes. Si le preguntas a una persona con discapacidad quiz\u00e1s te conteste que no lo suficiente y que se podr\u00eda hacer mucho m\u00e1s. Y es que la accesibilidad para personas con discapacidad en tecnolog\u00eda es una asignatura que todav\u00eda queda&hellip;","_links":{"self":[{"href":"https:\/\/www.visualfy.com\/es\/wp-json\/wp\/v2\/posts\/8159","targetHints":{"allow":["GET"]}}],"collection":[{"href":"https:\/\/www.visualfy.com\/es\/wp-json\/wp\/v2\/posts"}],"about":[{"href":"https:\/\/www.visualfy.com\/es\/wp-json\/wp\/v2\/types\/post"}],"author":[{"embeddable":true,"href":"https:\/\/www.visualfy.com\/es\/wp-json\/wp\/v2\/users\/2"}],"replies":[{"embeddable":true,"href":"https:\/\/www.visualfy.com\/es\/wp-json\/wp\/v2\/comments?post=8159"}],"version-history":[{"count":0,"href":"https:\/\/www.visualfy.com\/es\/wp-json\/wp\/v2\/posts\/8159\/revisions"}],"wp:featuredmedia":[{"embeddable":true,"href":"https:\/\/www.visualfy.com\/es\/wp-json\/wp\/v2\/media\/4860"}],"wp:attachment":[{"href":"https:\/\/www.visualfy.com\/es\/wp-json\/wp\/v2\/media?parent=8159"}],"wp:term":[{"taxonomy":"category","embeddable":true,"href":"https:\/\/www.visualfy.com\/es\/wp-json\/wp\/v2\/categories?post=8159"},{"taxonomy":"post_tag","embeddable":true,"href":"https:\/\/www.visualfy.com\/es\/wp-json\/wp\/v2\/tags?post=8159"}],"curies":[{"name":"wp","href":"https:\/\/api.w.org\/{rel}","templated":true}]}}