{"id":8128,"date":"2018-12-18T11:37:53","date_gmt":"2018-12-18T11:37:53","guid":{"rendered":"https:\/\/www.visualfy.com\/despertador-accesible-personas-sordas-visualfy\/"},"modified":"2025-02-26T10:01:12","modified_gmt":"2025-02-26T10:01:12","slug":"despertador-accesible-personas-sordas-visualfy","status":"publish","type":"post","link":"https:\/\/www.visualfy.com\/es\/despertador-accesible-personas-sordas-visualfy\/","title":{"rendered":"Especial dormilones:  C\u00f3mo convertir la alarma de tu despertador en alertas visuales con Visualfy"},"content":{"rendered":"\n<p>\u00bfLlegas tarde por las ma\u00f1anas porque tu p\u00e9rdida auditiva te impide escuchar bien el despertador? \u00bfDesconectas tus ayudas auditivas para dormir y tienes miedo de llegar tarde? , \u00bfDuermes como un tronco? Descubre en este post <strong>c\u00f3mo funciona y c\u00f3mo configurar la alarma visual de tu despertador<\/strong>, tanto si es de sobremesa como si utilizas el del m\u00f3vil. El despertador es un elemento imprescindible en cualquier dormitorio. Sin embargo, del mismo modo que ocurre con otras alarmas como la de incendios,<strong> es dif\u00edcil encontrar despertadores que est\u00e9n 100% adaptados a personas con p\u00e9rdida auditiva<\/strong>. Por esta raz\u00f3n decidimos incluirlo en el repertorio de <strong>alertas accesibles de Visualfy<\/strong>.\u00a0 Hoy repasamos <strong>c\u00f3mo adaptar tu despertador anal\u00f3gico con nuestro dispositivo de reconocimiento de sonidos Visualfy Home<\/strong>, y <strong>c\u00f3mo convertir la alerta del m\u00f3vil en luz y vibraci\u00f3n, con la parte gratuita de nuestra App<\/strong>.<\/p>\n\n\n\n<h2 class=\"wp-block-heading\">C\u00f3mo funciona la alarma visual del despertador de Visualfy Home<\/h2>\n\n\n\n<p><strong>Visualfy Home es un innovador sistema para personas con p\u00e9rdida auditiva, basado en inteligencia artificial, que combina la luz y la vibraci\u00f3n para hacer los sonidos de tu hogar m\u00e1s accesibles<\/strong>. El despertador, el timbre, la alarma de incendios, el sonido de la tetera cuando el agua est\u00e1 caliente, tu beb\u00e9 cuando llora\u2026 \u00a1Cada vez son m\u00e1s las alertas disponibles en Visualfy Home! Sus dos elementos, un sistema central y tres detectores, recogen los acontecimientos ac\u00fasticos que se producen en su entorno, los procesan y emiten las alertas correspondientes tanto desde el propio sistema como a los diferentes dispositivos configurados (m\u00f3vil, tablet, smartwatch&#8230;) para que ocurra lo que ocurra no te pierdas nada. <strong>Para saber cuando suena la alarma del despertador de mesa, conecta uno de los tres detectores en un enchufe cercano al lugar donde est\u00e1 colocado el despertador.<\/strong> Cuando por la ma\u00f1ana salte la alarma el detector recoger\u00e1 el sonido y lo enviar\u00e1 a la unidad central de Visualfy Home, que procesar\u00e1 el sonido y emitir\u00e1 la alerta, adem\u00e1s de enviarlo al resto de dispositivos para que te avisen, \u00a1inmediatamente! Te mostramos todo el proceso en detalle en el siguiente v\u00eddeo: <\/p>\n\n\n\n<figure class=\"wp-block-embed is-type-video is-provider-youtube wp-block-embed-youtube wp-embed-aspect-16-9 wp-has-aspect-ratio\"><div class=\"wp-block-embed__wrapper\">\n<iframe title=\"C\u00f3mo configurar la alerta visual del despertador con Visualfy  -Visualfy\" width=\"500\" height=\"281\" src=\"https:\/\/www.youtube.com\/embed\/LlJ1wLOAt4w?feature=oembed\" frameborder=\"0\" allow=\"accelerometer; autoplay; clipboard-write; encrypted-media; gyroscope; picture-in-picture; web-share\" referrerpolicy=\"strict-origin-when-cross-origin\" allowfullscreen><\/iframe>\n<\/div><\/figure>\n\n\n\n<h3 class=\"wp-block-heading\">C\u00f3mo configurar la alerta visual del despertador en Visualfy Home<\/h3>\n\n\n\n<p><strong>Visualfy Home te permite hacer accesible tu despertador de mesa anal\u00f3gico.<\/strong> A continuaci\u00f3n, te explicamos c\u00f3mo. La alerta de la alarma del despertador requiere de entrenamiento previo para su configuraci\u00f3n, dado que cada despertador suena diferente. El proceso es muy sencillo:\n<\/p>\n\n\n\n<ol class=\"wp-block-list\">\n<li>\u00a0Abre la aplicaci\u00f3n de <strong>Visualfy Home<\/strong> y entra en tu DSS. Dale al bot\u00f3n + y aprieta sobre la alerta del despertador. A continuaci\u00f3n, nos indicar\u00e1 que esta alerta es necesario entrenarla. Le damos a \u2018OK, vamos\u2019.<\/li>\n\n\n\n<li>\u00a0A continuaci\u00f3n, selecciona donde has colocado el detector. Antes de empezar con la grabaci\u00f3n, la aplicaci\u00f3n comprobar\u00e1 si el ambiente est\u00e1 suficientemente en silencio para que se pueda grabar el sonido de la alarma.<\/li>\n\n\n\n<li>\u00a0Antes de empezar con la grabaci\u00f3n selecciona de qu\u00e9 clase de despertador se trata, si digital o de agujas (anal\u00f3gico). Pulsa sobre \u2018comenzar grabaci\u00f3n\u2019. Cuando haya terminado la grabaci\u00f3n, se parar\u00e1 sola. Debes repetir este proceso tres veces m\u00e1s. Cuando acabes te avisar\u00e1 de que se ha grabado correctamente.<\/li>\n\n\n\n<li>\u00a0Dale a aceptar. Una vez tu alarma est\u00e9 bien entrenada, la aplicaci\u00f3n te avisar\u00e1. Esto puede tardar unos minutos.<\/li>\n\n\n\n<li>\u00a0Cuando te llegue la notificaci\u00f3n de que la alarma est\u00e1 entrenada puedes terminar de configurarla a\u00f1adiendo el color y la vibraci\u00f3n del aviso en los dispositivos.<\/li>\n\n\n\n<li>\u00a0No te olvides de probar tu alerta para comprobar que funciona.<\/li>\n<\/ol>\n\n\n\n<p>\nRecuerda que <strong>tambi\u00e9n puedes conectar unas bombillas Philips Hue a Visualfy Home<\/strong> para que, adem\u00e1s, se ilumine toda la habitaci\u00f3n del color que quieras. Aqu\u00ed tienes <a href=\"https:\/\/www.visualfy.com\/es\/domotica-personas-sordas\/\">un post<\/a> con un video donde te mostramos c\u00f3mo se hace.\n<\/p>\n\n\n\n<h3 class=\"wp-block-heading\">C\u00f3mo configurar la alerta del despertador del m\u00f3vil con Visualfy App<\/h3>\n\n\n\n<p><strong>Si no dispones de Visualfy Home y tienes un tel\u00e9fono Android, puedes convertir la alarma sonora de tu m\u00f3vil en una alerta visual,<\/strong> y elegir un patr\u00f3n de vibraci\u00f3n personalizado. Consulta todas las funcionalidades de la parte gratuita de nuestra app en<a href=\"https:\/\/www.visualfy.com\/es\/como-sacar-maximo-partido-funcionalidades-gratuitas-app-visualfy\/\"> este enlace.<\/a> \u00bfTe han ayudado los v\u00eddeos a <strong>configurar la alerta del despertador en Visualfy<\/strong> ? \u00bfSencillo verdad? Si tienes alguna duda cont\u00e1ctanos y te ayudaremos. Si quieres <strong>descubrir m\u00e1s sobre c\u00f3mo configurar el resto de alertas de Visualfy Home<\/strong>, \u00a1no te pierdas los tutoriales de <a href=\"https:\/\/www.youtube.com\/watch?v=ZOjdrTzgyE4&amp;list=PL2k-pxFTBiSmhX1jHHV7TYQeogu-ynePI\" target=\"_blank\" rel=\"noopener\">nuestro canal de YouTube<\/a>!<\/p>\n","protected":false},"excerpt":{"rendered":"<p>\u00bfLlegas tarde por las ma\u00f1anas porque tu p\u00e9rdida auditiva te impide escuchar bien el despertador? \u00bfDesconectas tus ayudas auditivas para dormir y tienes miedo de llegar tarde? , \u00bfDuermes como un tronco? Descubre en este post c\u00f3mo funciona y c\u00f3mo configurar la alarma visual de tu despertador, tanto si es de sobremesa como si utilizas [&hellip;]<\/p>\n","protected":false},"author":2,"featured_media":4694,"comment_status":"open","ping_status":"open","sticky":false,"template":"","format":"standard","meta":{"_acf_changed":false,"content-type":"","_uag_custom_page_level_css":"","footnotes":""},"categories":[39],"tags":[],"class_list":["post-8128","post","type-post","status-publish","format-standard","has-post-thumbnail","hentry","category-tecnologia-accesibilidad"],"acf":[],"spectra_custom_meta":{"_wp_page_template":["default"],"rank_math_internal_links_processed":["1"],"_wpml_word_count":["{\"total\":790,\"to_translate\":{\"en\":790}}"],"_yoast_wpseo_primary_category":["295"],"_yoast_wpseo_keywordsynonyms":["[\"\"]"],"_wpml_media_duplicate":["0"],"_wpml_media_featured":["0"],"_yoast_wpseo_focuskeywords":["[]"],"_et_monarch_override":[""],"amazonS3_cache":["a:47:{s:89:\"\/\/visualfy.acceseo.dev\/wp-content\/uploads\/2025\/02\/despertador-accesible-visualfy-home.jpg\";a:1:{s:9:\"timestamp\";i:1744269471;}s:69:\"\/\/visualfy.acceseo.dev\/wp-content\/uploads\/2025\/02\/lse-icon-button.svg\";a:1:{s:9:\"timestamp\";i:1744268189;}s:81:\"\/\/visualfy.acceseo.dev\/wp-content\/uploads\/2025\/02\/visualfy-places-placeholder.jpg\";a:1:{s:9:\"timestamp\";i:1744268189;}s:66:\"\/\/visualfy.acceseo.dev\/wp-content\/uploads\/2025\/01\/computer_404.svg\";a:1:{s:9:\"timestamp\";i:1744268189;}s:63:\"\/\/visualfy.acceseo.dev\/wp-content\/uploads\/2025\/01\/user-icon.svg\";a:1:{s:9:\"timestamp\";i:1744268189;}s:58:\"\/\/visualfy.acceseo.dev\/wp-content\/uploads\/2025\/01\/menu.svg\";a:1:{s:9:\"timestamp\";i:1744268189;}s:67:\"\/\/visualfy.acceseo.dev\/wp-content\/uploads\/2025\/01\/logo-visualfy.svg\";a:1:{s:9:\"timestamp\";i:1744268189;}s:65:\"\/\/visualfy.acceseo.dev\/wp-content\/uploads\/2025\/01\/logo-footer.svg\";a:1:{s:9:\"timestamp\";i:1744268189;}s:88:\"\/\/visualfy.acceseo.dev\/wp-content\/uploads\/2025\/01\/union-europea-ministerio-industria.png\";a:1:{s:9:\"timestamp\";i:1744268189;}s:78:\"\/\/visualfy.acceseo.dev\/wp-content\/uploads\/2025\/01\/fondo-europeo-innovacion.png\";a:1:{s:9:\"timestamp\";i:1744268189;}s:77:\"\/\/visualfy.acceseo.dev\/wp-content\/uploads\/2025\/01\/generalitat-ivace-feder.png\";a:1:{s:9:\"timestamp\";i:1744268189;}s:85:\"\/\/visualfy.acceseo.dev\/wp-content\/uploads\/2025\/01\/generalita-ivace-cofinanciacion.png\";a:1:{s:9:\"timestamp\";i:1744268189;}s:61:\"\/\/visualfy.acceseo.dev\/wp-content\/uploads\/2025\/02\/Sem-3-1.png\";a:1:{s:9:\"timestamp\";i:1744268189;}s:69:\"\/\/visualfy.acceseo.dev\/wp-content\/uploads\/2025\/02\/Sem-3-1-300x176.png\";a:1:{s:9:\"timestamp\";i:1744268189;}s:70:\"\/\/visualfy.acceseo.dev\/wp-content\/uploads\/2025\/02\/Sem-3-1-1024x600.png\";a:1:{s:9:\"timestamp\";i:1744268189;}s:69:\"\/\/visualfy.acceseo.dev\/wp-content\/uploads\/2025\/02\/Sem-3-1-768x450.png\";a:1:{s:9:\"timestamp\";i:1744268189;}s:70:\"\/\/visualfy.acceseo.dev\/wp-content\/uploads\/2025\/02\/Sem-3-1-1536x900.png\";a:1:{s:9:\"timestamp\";i:1744268189;}s:71:\"\/\/visualfy.acceseo.dev\/wp-content\/uploads\/2025\/02\/Sem-3-1-2048x1200.png\";a:1:{s:9:\"timestamp\";i:1744268189;}s:63:\"\/\/visualfy.acceseo.dev\/wp-content\/uploads\/2025\/02\/Sem-2-3-1.jpg\";a:1:{s:9:\"timestamp\";i:1744268189;}s:71:\"\/\/visualfy.acceseo.dev\/wp-content\/uploads\/2025\/02\/Sem-2-3-1-300x169.jpg\";a:1:{s:9:\"timestamp\";i:1744268189;}s:72:\"\/\/visualfy.acceseo.dev\/wp-content\/uploads\/2025\/02\/Sem-2-3-1-1024x576.jpg\";a:1:{s:9:\"timestamp\";i:1744268189;}s:71:\"\/\/visualfy.acceseo.dev\/wp-content\/uploads\/2025\/02\/Sem-2-3-1-768x432.jpg\";a:1:{s:9:\"timestamp\";i:1744268189;}s:72:\"\/\/visualfy.acceseo.dev\/wp-content\/uploads\/2025\/02\/Sem-2-3-1-1536x864.jpg\";a:1:{s:9:\"timestamp\";i:1744268189;}s:63:\"\/\/visualfy.acceseo.dev\/wp-content\/uploads\/2025\/02\/Sem-1-2-1.png\";a:1:{s:9:\"timestamp\";i:1744268189;}s:71:\"\/\/visualfy.acceseo.dev\/wp-content\/uploads\/2025\/02\/Sem-1-2-1-300x157.png\";a:1:{s:9:\"timestamp\";i:1744268189;}s:72:\"\/\/visualfy.acceseo.dev\/wp-content\/uploads\/2025\/02\/Sem-1-2-1-1024x535.png\";a:1:{s:9:\"timestamp\";i:1744268189;}s:71:\"\/\/visualfy.acceseo.dev\/wp-content\/uploads\/2025\/02\/Sem-1-2-1-768x401.png\";a:1:{s:9:\"timestamp\";i:1744268189;}s:67:\"\/\/visualfy.acceseo.dev\/wp-content\/uploads\/2025\/02\/caixa-popular.svg\";a:1:{s:9:\"timestamp\";i:1744268189;}s:58:\"\/\/visualfy.acceseo.dev\/wp-content\/uploads\/2025\/02\/cdti.svg\";a:1:{s:9:\"timestamp\";i:1744268189;}s:58:\"\/\/visualfy.acceseo.dev\/wp-content\/uploads\/2025\/02\/cnse.svg\";a:1:{s:9:\"timestamp\";i:1744268189;}s:60:\"\/\/visualfy.acceseo.dev\/wp-content\/uploads\/2025\/02\/esteve.svg\";a:1:{s:9:\"timestamp\";i:1744268189;}s:60:\"\/\/visualfy.acceseo.dev\/wp-content\/uploads\/2025\/02\/fesord.svg\";a:1:{s:9:\"timestamp\";i:1744268189;}s:76:\"\/\/visualfy.acceseo.dev\/wp-content\/uploads\/2025\/02\/generalitat-valenciana.svg\";a:1:{s:9:\"timestamp\";i:1744268189;}s:66:\"\/\/visualfy.acceseo.dev\/wp-content\/uploads\/2025\/02\/horizon-2020.svg\";a:1:{s:9:\"timestamp\";i:1744268189;}s:59:\"\/\/visualfy.acceseo.dev\/wp-content\/uploads\/2025\/02\/ivace.svg\";a:1:{s:9:\"timestamp\";i:1744268189;}s:62:\"\/\/visualfy.acceseo.dev\/wp-content\/uploads\/2025\/02\/montsant.svg\";a:1:{s:9:\"timestamp\";i:1744268189;}s:69:\"\/\/visualfy.acceseo.dev\/wp-content\/uploads\/2025\/02\/naciones-unidas.svg\";a:1:{s:9:\"timestamp\";i:1744268189;}s:62:\"\/\/visualfy.acceseo.dev\/wp-content\/uploads\/2025\/02\/randstad.svg\";a:1:{s:9:\"timestamp\";i:1744268189;}s:64:\"\/\/visualfy.acceseo.dev\/wp-content\/uploads\/2025\/02\/telefonica.svg\";a:1:{s:9:\"timestamp\";i:1744268189;}s:66:\"\/\/visualfy.acceseo.dev\/wp-content\/uploads\/2025\/02\/wingstoclaim.svg\";a:1:{s:9:\"timestamp\";i:1744268189;}s:61:\"\/\/visualfy.acceseo.dev\/wp-content\/uploads\/2025\/02\/Foto1-1.jpg\";a:1:{s:9:\"timestamp\";i:1742975375;}s:88:\"\/\/visualfy.acceseo.dev\/wp-content\/uploads\/2025\/02\/soluciones-tecnolgicas-para-sordos.jpg\";a:1:{s:9:\"timestamp\";i:1742975375;}s:87:\"\/\/visualfy.acceseo.dev\/wp-content\/uploads\/2025\/02\/visualfy-accesibilidad-acustica-1.jpg\";a:1:{s:9:\"timestamp\";i:1742975375;}s:79:\"\/\/visualfy.acceseo.dev\/wp-content\/uploads\/2025\/02\/cropped-visualfy-places-1.jpg\";a:1:{s:9:\"timestamp\";i:1742975375;}s:67:\"\/\/visualfy.acceseo.dev\/wp-content\/uploads\/2025\/02\/laura-portada.jpg\";a:1:{s:9:\"timestamp\";i:1742975375;}s:69:\"\/\/visualfy.acceseo.dev\/wp-content\/uploads\/2025\/02\/GS27P4F2_123227.jpg\";a:1:{s:9:\"timestamp\";i:1742975375;}s:98:\"\/\/visualfy.acceseo.dev\/wp-content\/uploads\/2025\/02\/espacios-espanoles-seguros-personas-sordas-1.jpg\";a:1:{s:9:\"timestamp\";i:1742975375;}}"],"_yoast_wpseo_opengraph-title":["Adapta tu despertador con Visualfy Home"],"_yoast_wpseo_opengraph-description":["\u00bfNo escuchas bien el despertador debido a la p\u00e9rdida auditiva? Te ense\u00f1amos a configurarlo para que te avise mediante alertas visuales accesibles."],"_yst_prominent_words_version":["1"],"_yoast_wpseo_video_meta":["a:15:{s:2:\"id\";s:11:\"QulkZWI6GTE\";s:4:\"type\";s:7:\"youtube\";s:3:\"url\";s:28:\"https:\/\/youtu.be\/QulkZWI6GTE\";s:7:\"post_id\";s:5:\"20584\";s:5:\"title\";s:63:\"Tu despertador, ahora accesible y gratis con la app de Visualfy\";s:16:\"publication_date\";s:25:\"2018-12-18T11:37:53+00:00\";s:11:\"description\";s:151:\"\u00bfNo escuchas bien el despertador debido a la p\u00e9rdida auditiva? Aprende c\u00f3mo configurar tu despertador con Visualfy Home para hacerlo m\u00e1s accesible.\";s:10:\"player_loc\";s:41:\"https:\/\/www.youtube.com\/embed\/QulkZWI6GTE\";s:13:\"thumbnail_loc\";s:44:\"https:\/\/cdn.visualfy.com\/img\/qulkzwi6gte.jpg\";s:8:\"duration\";s:3:\"337\";s:10:\"view_count\";s:1:\"5\";s:5:\"width\";s:3:\"480\";s:6:\"height\";s:3:\"270\";s:8:\"category\";s:27:\"Tecnolog\u00eda y Accesibilidad\";s:3:\"tag\";a:0:{}}"],"_yoast_wpseo_videositemap-duration":["337"],"_yoast_wpseo_videositemap-rating":["0"],"_yoast_wpseo_metadesc":["\u00bfNo escuchas bien el despertador debido a la p\u00e9rdida auditiva? Aprende c\u00f3mo configurar tu despertador con Visualfy Home para hacerlo m\u00e1s accesible."],"_yoast_wpseo_focuskw":[""],"_yoast_wpseo_content_score":[""],"cmplz_hide_cookiebanner":[""],"_wpml_location_migration_done":["1"],"_fgj2wp_old_id":[""],"_yoast_wpseo_metakeywords":[""],"_bsf_post_type":[""],"_yoast_wpseo_meta-robots-noindex":[""],"_fgj2wp_translation_association_key":[""],"_product_image_gallery":[""],"_wp_old_slug":[""],"_yoast_wpseo_title":["Tu despertador, ahora accesible y gratis con la app de Visualfy"],"slide_template":[""],"_yoast_wpseo_opengraph-image":[""],"_yoast_wpseo_opengraph-image-id":[""],"_wp_old_date":[""],"_bsf_article_image":[""],"_bsf_article_name":[""],"_bsf_article_desc":[""],"_bsf_article_author":[""],"_bsf_article_publisher":[""],"_bsf_article_publisher_logo":[""],"_yoast_wpseo_meta-robots-nofollow":[""],"amp_status":[""],"_cmplz_scanned_post":["1"],"_encloseme":[""],"_last_translation_edit_mode":[""],"_yoast_wpseo_twitter-title":[""],"_yoast_wpseo_twitter-description":[""],"_yoast_wpseo_twitter-image":[""],"_yoast_wpseo_twitter-image-id":[""],"_yoast_wpseo_linkdex":[""],"_thumbnail_id":["4694"],"_oembed_443de0a7d43637cd9644a8ef200cbcbb":["<iframe title=\"Convierte la alarma de tu despertador en alertas visuales con Visualfy -Visualfy\" width=\"500\" height=\"281\" src=\"https:\/\/www.youtube.com\/embed\/QulkZWI6GTE?feature=oembed\" frameborder=\"0\" allow=\"accelerometer; autoplay; clipboard-write; encrypted-media; gyroscope; picture-in-picture; web-share\" referrerpolicy=\"strict-origin-when-cross-origin\" allowfullscreen><\/iframe>"],"_oembed_time_443de0a7d43637cd9644a8ef200cbcbb":["1740563946"],"_oembed_4f353bae2316e975cede133d0d799693":["<iframe title=\"C\u00f3mo configurar la alerta visual del despertador con Visualfy  -Visualfy\" width=\"500\" height=\"281\" src=\"https:\/\/www.youtube.com\/embed\/LlJ1wLOAt4w?feature=oembed\" frameborder=\"0\" allow=\"accelerometer; autoplay; clipboard-write; encrypted-media; gyroscope; picture-in-picture; web-share\" referrerpolicy=\"strict-origin-when-cross-origin\" allowfullscreen><\/iframe>"],"_oembed_time_4f353bae2316e975cede133d0d799693":["1740564066"],"_edit_lock":["1740564072:1"],"rank_math_seo_score":["12"],"rank_math_primary_category":["39"],"_pingme":["1"],"_uag_custom_page_level_css":[""],"footnotes":[""],"_edit_last":["1"],"lse_enlace":["https:\/\/youtu.be\/QulkZWI6GTE"],"_lse_enlace":["field_67b5db1d9d4ca"],"_betterdocs_reusable_block_ids":["a:0:{}"],"copied_media_ids":["a:0:{}"],"referenced_media_ids":["a:1:{i:0;i:4694;}"]},"uagb_featured_image_src":{"full":["https:\/\/www.visualfy.com\/wp-content\/uploads\/2025\/02\/despertador-accesible-visualfy-home.jpg",900,506,false],"thumbnail":["https:\/\/www.visualfy.com\/wp-content\/uploads\/2025\/02\/despertador-accesible-visualfy-home-150x150.jpg",150,150,true],"medium":["https:\/\/www.visualfy.com\/wp-content\/uploads\/2025\/02\/despertador-accesible-visualfy-home-300x169.jpg",300,169,true],"medium_large":["https:\/\/www.visualfy.com\/wp-content\/uploads\/2025\/02\/despertador-accesible-visualfy-home-768x432.jpg",768,432,true],"large":["https:\/\/www.visualfy.com\/wp-content\/uploads\/2025\/02\/despertador-accesible-visualfy-home.jpg",900,506,false],"1536x1536":["https:\/\/www.visualfy.com\/wp-content\/uploads\/2025\/02\/despertador-accesible-visualfy-home.jpg",900,506,false],"2048x2048":["https:\/\/www.visualfy.com\/wp-content\/uploads\/2025\/02\/despertador-accesible-visualfy-home.jpg",900,506,false]},"uagb_author_info":{"display_name":"visualfy","author_link":"https:\/\/www.visualfy.com\/es\/author\/visualfy\/"},"uagb_comment_info":0,"uagb_excerpt":"\u00bfLlegas tarde por las ma\u00f1anas porque tu p\u00e9rdida auditiva te impide escuchar bien el despertador? \u00bfDesconectas tus ayudas auditivas para dormir y tienes miedo de llegar tarde? , \u00bfDuermes como un tronco? Descubre en este post c\u00f3mo funciona y c\u00f3mo configurar la alarma visual de tu despertador, tanto si es de sobremesa como si utilizas&hellip;","_links":{"self":[{"href":"https:\/\/www.visualfy.com\/es\/wp-json\/wp\/v2\/posts\/8128","targetHints":{"allow":["GET"]}}],"collection":[{"href":"https:\/\/www.visualfy.com\/es\/wp-json\/wp\/v2\/posts"}],"about":[{"href":"https:\/\/www.visualfy.com\/es\/wp-json\/wp\/v2\/types\/post"}],"author":[{"embeddable":true,"href":"https:\/\/www.visualfy.com\/es\/wp-json\/wp\/v2\/users\/2"}],"replies":[{"embeddable":true,"href":"https:\/\/www.visualfy.com\/es\/wp-json\/wp\/v2\/comments?post=8128"}],"version-history":[{"count":0,"href":"https:\/\/www.visualfy.com\/es\/wp-json\/wp\/v2\/posts\/8128\/revisions"}],"wp:featuredmedia":[{"embeddable":true,"href":"https:\/\/www.visualfy.com\/es\/wp-json\/wp\/v2\/media\/4694"}],"wp:attachment":[{"href":"https:\/\/www.visualfy.com\/es\/wp-json\/wp\/v2\/media?parent=8128"}],"wp:term":[{"taxonomy":"category","embeddable":true,"href":"https:\/\/www.visualfy.com\/es\/wp-json\/wp\/v2\/categories?post=8128"},{"taxonomy":"post_tag","embeddable":true,"href":"https:\/\/www.visualfy.com\/es\/wp-json\/wp\/v2\/tags?post=8128"}],"curies":[{"name":"wp","href":"https:\/\/api.w.org\/{rel}","templated":true}]}}