{"id":8043,"date":"2018-07-26T11:24:44","date_gmt":"2018-07-26T11:24:44","guid":{"rendered":"https:\/\/www.visualfy.com\/subvencion-alava-comprar-visualfy\/"},"modified":"2025-03-03T07:39:03","modified_gmt":"2025-03-03T07:39:03","slug":"subvencion-alava-comprar-visualfy","status":"publish","type":"post","link":"https:\/\/www.visualfy.com\/es\/subvencion-alava-comprar-visualfy\/","title":{"rendered":"Subvenci\u00f3n en \u00c1lava para comprar Visualfy Home"},"content":{"rendered":"\n<p>Recientemente ha salido una <strong>nueva ayuda para la compra de Visualfy Home en \u00c1lava<\/strong>. A continuaci\u00f3n, <strong>te explicamos todo lo que necesitas saber para poder solicitarla<\/strong>.<\/p>\n\n\n\n<h2 class=\"wp-block-heading\">Objetivo de la ayuda<\/h2>\n\n\n\n<p><strong>Favorecer la participaci\u00f3n plena y efectiva en la sociedad en igualdad de condiciones con los dem\u00e1s de las personas con discapacidad<\/strong>, as\u00ed como la autonom\u00eda personal en la realizaci\u00f3n de actividades b\u00e1sicas e instrumentales de la vida diaria y el desenvolvimiento aut\u00f3nomo.\n<\/p>\n\n\n\n<h2 class=\"wp-block-heading\">Para qui\u00e9n<\/h2>\n\n\n\n<p><strong>Personas con discapacidad auditiva de grado igual o superior al 33%<\/strong>&nbsp;.\n\nLa determinaci\u00f3n de los beneficios de las ayudas para favorecer la autonom\u00eda personal se efect\u00faa de acuerdo a un baremo en el que se tienen en cuenta, adem\u00e1s de la edad y del grado de la minusval\u00eda de la persona solicitante, las circunstancias personales, familiares, sociales y econ\u00f3micas.\n\n<strong>Todas las ayudas pasan un previo dictamen t\u00e9cnico favorable<\/strong>.\n<\/p>\n\n\n\n<h2 class=\"wp-block-heading\">Plazo para presentar la solicitud<\/h2>\n\n\n\n<p>\nEl <strong>plazo para presentar la solicitud es hasta el 31 de septiembre<\/strong>.\n\n<\/p>\n\n\n\n<figure class=\"wp-block-image\"><a href=\"https:\/\/www.visualfy.com\/es\/tienda\/visualfyhome\/\" target=\"_blank\" rel=\"noopener\"><img decoding=\"async\" src=\"https:\/\/www.visualfy.com\/wp-content\/uploads\/2025\/02\/suvencion-compra-visualfy-home-alava.jpg\" alt=\"Subvenci\u00f3n para la compra de Visualfy Home en \u00c1lava\" class=\"wp-image-14954\" title=\"Subvenci\u00f3n para la compra de Visualfy Home en \u00c1lava\"\/><\/a><\/figure>\n\n\n\n<h2 class=\"wp-block-heading\">D\u00f3nde solicitardlo<\/h2>\n\n\n\n<p>\nAparece en el bolet\u00edn como <strong>productos de apoyo para alarma, indicaci\u00f3n y se\u00f1alizaci\u00f3n<\/strong>. En el apartado 4.e.1 Sistema de aviso de llamada y alarma.\n<\/p>\n\n\n\n<h2 class=\"wp-block-heading\">C\u00f3mo solicitarlo<\/h2>\n\n\n\n<p>\nRellenando el modelo normalizado Anexo 029 a trav\u00e9s del Servicio Social de Base Municipal correspondiente a tu domicilio.\nY si vives en Vitoria-Gasteiz en la Oficina de Informaci\u00f3n y Atenci\u00f3n Social del Instituto Foral de Bienestar Social, en C\/ Diputaci\u00f3n 13 \u2013 VITORIA-GASTEIZ.\n\n<strong>Si necesitas presupuesto VISUALFY manda un correo a admon@visualfy.com con el asunto \u201cpresupuesto subvenci\u00f3n \u00c1lava\u201d, e ind\u00edcanos tu Nombre y apellidos completo, tu DNI, tu direcci\u00f3n completa con el c\u00f3digo postal, y un tel\u00e9fono de contacto.<\/strong><\/p>\n\n\n\n<h3 class=\"wp-block-heading\">Posibilidad de servicio de int\u00e9rprete<\/h3>\n\n\n\n<p>\nSi necesitas int\u00e9rprete en \u00c1lava, desde el servicio local de interpretaci\u00f3n, podr\u00e1s solicitarlo desde la <a href=\"http:\/\/euskal-gorrak.org\/interpretes\/\" rel=\"nofollow noopener\" target=\"_blank\">web<\/a>.\n<a href=\"https:\/\/www.araba.eus\/botha\/Boletines\/2017\/066\/2017_066_02231_C.pdf\" rel=\"nofollow noopener\" target=\"_blank\">M\u00e1s informaci\u00f3n.&nbsp;<\/a><strong>\u00a1Mucha suerte! Nos vemos pronto.&nbsp;<\/strong>\n\nRecuerda que estamos<a href=\"https:\/\/www.visualfy.com\/es\/ca\/ayudas-diversidad-funcional\/\"> recopilando la mayor informaci\u00f3n posible de ayudas<\/a> en todas las comunidades, \u00e9chanos una mano para ayudar a la mayor gente posible. \u00a1Gracias!<\/p>\n","protected":false},"excerpt":{"rendered":"<p>Recientemente ha salido una nueva ayuda para la compra de Visualfy Home en \u00c1lava. A continuaci\u00f3n, te explicamos todo lo que necesitas saber para poder solicitarla. Objetivo de la ayuda Favorecer la participaci\u00f3n plena y efectiva en la sociedad en igualdad de condiciones con los dem\u00e1s de las personas con discapacidad, as\u00ed como la autonom\u00eda [&hellip;]<\/p>\n","protected":false},"author":2,"featured_media":4283,"comment_status":"open","ping_status":"open","sticky":false,"template":"","format":"standard","meta":{"_acf_changed":false,"content-type":"","_uag_custom_page_level_css":"","footnotes":""},"categories":[40],"tags":[],"class_list":["post-8043","post","type-post","status-publish","format-standard","has-post-thumbnail","hentry","category-ayudas-diversidad-funcional"],"acf":[],"spectra_custom_meta":{"_wp_page_template":["default"],"rank_math_internal_links_processed":["1"],"_wpml_word_count":["{\"total\":369,\"to_translate\":{\"en\":369}}"],"_yoast_wpseo_primary_category":[""],"_yoast_wpseo_keywordsynonyms":["[\"\"]"],"_wpml_media_duplicate":["0"],"_wpml_media_featured":["0"],"_yoast_wpseo_focuskeywords":["[]"],"_et_monarch_override":[""],"amazonS3_cache":["a:48:{s:86:\"\/\/dev.visualfy.com\/wp-content\/uploads\/2018\/07\/suvencion-compra-visualfy-home-alava.jpg\";i:14954;s:63:\"\/\/cdn.visualfy.com\/img\/suvencion-compra-visualfy-home-alava.jpg\";i:14954;s:61:\"\/\/dev.visualfy.com\/wp-content\/uploads\/2018\/07\/8qcbcgn5muy.jpg\";i:15023;s:38:\"\/\/cdn.visualfy.com\/img\/8qcbcgn5muy.jpg\";i:15023;s:86:\"\/\/www.visualfy.com\/wp-content\/uploads\/2018\/07\/suvencion-compra-visualfy-home-alava.jpg\";i:14954;s:61:\"\/\/www.visualfy.com\/wp-content\/uploads\/2018\/07\/8qcbcgn5muy.jpg\";i:15023;s:61:\"\/\/www.araba.eus\/botha\/Boletines\/2017\/066\/2017_066_02231_C.pdf\";a:1:{s:9:\"timestamp\";i:1547723379;}s:90:\"\/\/visualfy.acceseo.dev\/wp-content\/uploads\/2025\/02\/suvencion-compra-visualfy-home-alava.jpg\";a:1:{s:9:\"timestamp\";i:1744269477;}s:92:\"\/\/visualfy.acceseo.dev\/wp-content\/uploads\/2025\/02\/suvencion-compra-visualfy-home-alava-1.jpg\";a:1:{s:9:\"timestamp\";i:1744269477;}s:69:\"\/\/visualfy.acceseo.dev\/wp-content\/uploads\/2025\/02\/lse-icon-button.svg\";a:1:{s:9:\"timestamp\";i:1744268016;}s:81:\"\/\/visualfy.acceseo.dev\/wp-content\/uploads\/2025\/02\/visualfy-places-placeholder.jpg\";a:1:{s:9:\"timestamp\";i:1744268016;}s:66:\"\/\/visualfy.acceseo.dev\/wp-content\/uploads\/2025\/01\/computer_404.svg\";a:1:{s:9:\"timestamp\";i:1744268016;}s:63:\"\/\/visualfy.acceseo.dev\/wp-content\/uploads\/2025\/01\/user-icon.svg\";a:1:{s:9:\"timestamp\";i:1744268016;}s:58:\"\/\/visualfy.acceseo.dev\/wp-content\/uploads\/2025\/01\/menu.svg\";a:1:{s:9:\"timestamp\";i:1744268016;}s:67:\"\/\/visualfy.acceseo.dev\/wp-content\/uploads\/2025\/01\/logo-visualfy.svg\";a:1:{s:9:\"timestamp\";i:1744268016;}s:65:\"\/\/visualfy.acceseo.dev\/wp-content\/uploads\/2025\/01\/logo-footer.svg\";a:1:{s:9:\"timestamp\";i:1744268016;}s:88:\"\/\/visualfy.acceseo.dev\/wp-content\/uploads\/2025\/01\/union-europea-ministerio-industria.png\";a:1:{s:9:\"timestamp\";i:1744268016;}s:78:\"\/\/visualfy.acceseo.dev\/wp-content\/uploads\/2025\/01\/fondo-europeo-innovacion.png\";a:1:{s:9:\"timestamp\";i:1744268016;}s:77:\"\/\/visualfy.acceseo.dev\/wp-content\/uploads\/2025\/01\/generalitat-ivace-feder.png\";a:1:{s:9:\"timestamp\";i:1744268016;}s:85:\"\/\/visualfy.acceseo.dev\/wp-content\/uploads\/2025\/01\/generalita-ivace-cofinanciacion.png\";a:1:{s:9:\"timestamp\";i:1744268016;}s:61:\"\/\/visualfy.acceseo.dev\/wp-content\/uploads\/2025\/02\/Sem-3-1.png\";a:1:{s:9:\"timestamp\";i:1744268016;}s:69:\"\/\/visualfy.acceseo.dev\/wp-content\/uploads\/2025\/02\/Sem-3-1-300x176.png\";a:1:{s:9:\"timestamp\";i:1744268016;}s:70:\"\/\/visualfy.acceseo.dev\/wp-content\/uploads\/2025\/02\/Sem-3-1-1024x600.png\";a:1:{s:9:\"timestamp\";i:1744268016;}s:69:\"\/\/visualfy.acceseo.dev\/wp-content\/uploads\/2025\/02\/Sem-3-1-768x450.png\";a:1:{s:9:\"timestamp\";i:1744268016;}s:70:\"\/\/visualfy.acceseo.dev\/wp-content\/uploads\/2025\/02\/Sem-3-1-1536x900.png\";a:1:{s:9:\"timestamp\";i:1744268016;}s:71:\"\/\/visualfy.acceseo.dev\/wp-content\/uploads\/2025\/02\/Sem-3-1-2048x1200.png\";a:1:{s:9:\"timestamp\";i:1744268016;}s:63:\"\/\/visualfy.acceseo.dev\/wp-content\/uploads\/2025\/02\/Sem-2-3-1.jpg\";a:1:{s:9:\"timestamp\";i:1744268016;}s:71:\"\/\/visualfy.acceseo.dev\/wp-content\/uploads\/2025\/02\/Sem-2-3-1-300x169.jpg\";a:1:{s:9:\"timestamp\";i:1744268016;}s:72:\"\/\/visualfy.acceseo.dev\/wp-content\/uploads\/2025\/02\/Sem-2-3-1-1024x576.jpg\";a:1:{s:9:\"timestamp\";i:1744268016;}s:71:\"\/\/visualfy.acceseo.dev\/wp-content\/uploads\/2025\/02\/Sem-2-3-1-768x432.jpg\";a:1:{s:9:\"timestamp\";i:1744268016;}s:72:\"\/\/visualfy.acceseo.dev\/wp-content\/uploads\/2025\/02\/Sem-2-3-1-1536x864.jpg\";a:1:{s:9:\"timestamp\";i:1744268016;}s:63:\"\/\/visualfy.acceseo.dev\/wp-content\/uploads\/2025\/02\/Sem-1-2-1.png\";a:1:{s:9:\"timestamp\";i:1744268016;}s:71:\"\/\/visualfy.acceseo.dev\/wp-content\/uploads\/2025\/02\/Sem-1-2-1-300x157.png\";a:1:{s:9:\"timestamp\";i:1744268016;}s:72:\"\/\/visualfy.acceseo.dev\/wp-content\/uploads\/2025\/02\/Sem-1-2-1-1024x535.png\";a:1:{s:9:\"timestamp\";i:1744268016;}s:71:\"\/\/visualfy.acceseo.dev\/wp-content\/uploads\/2025\/02\/Sem-1-2-1-768x401.png\";a:1:{s:9:\"timestamp\";i:1744268016;}s:67:\"\/\/visualfy.acceseo.dev\/wp-content\/uploads\/2025\/02\/caixa-popular.svg\";a:1:{s:9:\"timestamp\";i:1744268016;}s:58:\"\/\/visualfy.acceseo.dev\/wp-content\/uploads\/2025\/02\/cdti.svg\";a:1:{s:9:\"timestamp\";i:1744268016;}s:58:\"\/\/visualfy.acceseo.dev\/wp-content\/uploads\/2025\/02\/cnse.svg\";a:1:{s:9:\"timestamp\";i:1744268016;}s:60:\"\/\/visualfy.acceseo.dev\/wp-content\/uploads\/2025\/02\/esteve.svg\";a:1:{s:9:\"timestamp\";i:1744268016;}s:60:\"\/\/visualfy.acceseo.dev\/wp-content\/uploads\/2025\/02\/fesord.svg\";a:1:{s:9:\"timestamp\";i:1744268016;}s:76:\"\/\/visualfy.acceseo.dev\/wp-content\/uploads\/2025\/02\/generalitat-valenciana.svg\";a:1:{s:9:\"timestamp\";i:1744268016;}s:66:\"\/\/visualfy.acceseo.dev\/wp-content\/uploads\/2025\/02\/horizon-2020.svg\";a:1:{s:9:\"timestamp\";i:1744268016;}s:59:\"\/\/visualfy.acceseo.dev\/wp-content\/uploads\/2025\/02\/ivace.svg\";a:1:{s:9:\"timestamp\";i:1744268016;}s:62:\"\/\/visualfy.acceseo.dev\/wp-content\/uploads\/2025\/02\/montsant.svg\";a:1:{s:9:\"timestamp\";i:1744268016;}s:69:\"\/\/visualfy.acceseo.dev\/wp-content\/uploads\/2025\/02\/naciones-unidas.svg\";a:1:{s:9:\"timestamp\";i:1744268016;}s:62:\"\/\/visualfy.acceseo.dev\/wp-content\/uploads\/2025\/02\/randstad.svg\";a:1:{s:9:\"timestamp\";i:1744268016;}s:64:\"\/\/visualfy.acceseo.dev\/wp-content\/uploads\/2025\/02\/telefonica.svg\";a:1:{s:9:\"timestamp\";i:1744268016;}s:66:\"\/\/visualfy.acceseo.dev\/wp-content\/uploads\/2025\/02\/wingstoclaim.svg\";a:1:{s:9:\"timestamp\";i:1744268016;}}"],"_yoast_wpseo_opengraph-title":[""],"_yoast_wpseo_opengraph-description":[""],"_yst_prominent_words_version":["1"],"_yoast_wpseo_video_meta":["a:15:{s:2:\"id\";s:11:\"8qcbcGn5muY\";s:4:\"type\";s:7:\"youtube\";s:3:\"url\";s:43:\"https:\/\/www.youtube.com\/watch?v=8qcbcGn5muY\";s:7:\"post_id\";i:14945;s:5:\"title\";s:69:\"Subvenci\u00f3n en \u00c1lava para comprar Visualfy Home &amp;#8902; Visualfy\";s:16:\"publication_date\";s:25:\"2018-07-26T11:24:44+00:00\";s:11:\"description\";s:148:\"Recientemente ha salido una nueva ayuda para la compra de Visualfy Home en \u00c1lava. Te explicamos todo lo que necesitas saber para poder solicitarla.\";s:10:\"player_loc\";s:41:\"https:\/\/www.youtube.com\/embed\/8qcbcGn5muY\";s:13:\"thumbnail_loc\";s:44:\"https:\/\/cdn.visualfy.com\/img\/8qcbcgn5muy.jpg\";s:8:\"duration\";i:150;s:10:\"view_count\";i:50;s:5:\"width\";i:480;s:6:\"height\";i:270;s:8:\"category\";s:29:\"Subvenciones ayudas t\u00e9cnicas\";s:3:\"tag\";a:0:{}}"],"_yoast_wpseo_videositemap-duration":["150"],"_yoast_wpseo_videositemap-rating":["0"],"_yoast_wpseo_metadesc":["Recientemente ha salido una nueva ayuda para la compra de Visualfy Home en \u00c1lava. Te explicamos todo lo que necesitas saber para poder solicitarla."],"_yoast_wpseo_focuskw":[""],"_yoast_wpseo_content_score":["60"],"cmplz_hide_cookiebanner":[""],"_wpml_location_migration_done":["1"],"_fgj2wp_old_id":[""],"_yoast_wpseo_metakeywords":[""],"_bsf_post_type":[""],"_yoast_wpseo_meta-robots-noindex":[""],"_fgj2wp_translation_association_key":[""],"_product_image_gallery":[""],"_wp_old_slug":["subvencion-en-alava-para-comprar-visualfy-home"],"_yoast_wpseo_title":[""],"slide_template":[""],"_yoast_wpseo_opengraph-image":[""],"_yoast_wpseo_opengraph-image-id":[""],"_wp_old_date":[""],"_bsf_article_image":[""],"_bsf_article_name":[""],"_bsf_article_desc":[""],"_bsf_article_author":[""],"_bsf_article_publisher":[""],"_bsf_article_publisher_logo":[""],"_yoast_wpseo_meta-robots-nofollow":[""],"amp_status":[""],"_cmplz_scanned_post":["1"],"_encloseme":[""],"_last_translation_edit_mode":[""],"_yoast_wpseo_twitter-title":[""],"_yoast_wpseo_twitter-description":[""],"_yoast_wpseo_twitter-image":[""],"_yoast_wpseo_twitter-image-id":[""],"_yoast_wpseo_linkdex":[""],"_thumbnail_id":["4283"],"_oembed_9499817c5fa270aa5c5d65b611c7a14d":["<iframe title=\"Subvenci\u00f3n para comprar Visualfy Home en \u00c1lava\" width=\"500\" height=\"281\" src=\"https:\/\/www.youtube.com\/embed\/8qcbcGn5muY?feature=oembed\" frameborder=\"0\" allow=\"accelerometer; autoplay; clipboard-write; encrypted-media; gyroscope; picture-in-picture; web-share\" referrerpolicy=\"strict-origin-when-cross-origin\" allowfullscreen><\/iframe>"],"_oembed_time_9499817c5fa270aa5c5d65b611c7a14d":["1740987359"],"_edit_lock":["1740987544:1"],"rank_math_seo_score":["17"],"rank_math_primary_category":["40"],"_pingme":["1"],"_uag_custom_page_level_css":[""],"footnotes":[""],"_edit_last":["1"],"lse_enlace":["https:\/\/www.youtube.com\/watch?v=8qcbcGn5muY"],"_lse_enlace":["field_67b5db1d9d4ca"],"_betterdocs_reusable_block_ids":["a:0:{}"],"copied_media_ids":["a:1:{i:0;i:4281;}"],"referenced_media_ids":["a:1:{i:0;i:4283;}"]},"uagb_featured_image_src":{"full":["https:\/\/www.visualfy.com\/wp-content\/uploads\/2025\/02\/suvencion-compra-visualfy-home-alava-1.jpg",900,450,false],"thumbnail":["https:\/\/www.visualfy.com\/wp-content\/uploads\/2025\/02\/suvencion-compra-visualfy-home-alava-1-150x150.jpg",150,150,true],"medium":["https:\/\/www.visualfy.com\/wp-content\/uploads\/2025\/02\/suvencion-compra-visualfy-home-alava-1-300x150.jpg",300,150,true],"medium_large":["https:\/\/www.visualfy.com\/wp-content\/uploads\/2025\/02\/suvencion-compra-visualfy-home-alava-1-768x384.jpg",768,384,true],"large":["https:\/\/www.visualfy.com\/wp-content\/uploads\/2025\/02\/suvencion-compra-visualfy-home-alava-1.jpg",900,450,false],"1536x1536":["https:\/\/www.visualfy.com\/wp-content\/uploads\/2025\/02\/suvencion-compra-visualfy-home-alava-1.jpg",900,450,false],"2048x2048":["https:\/\/www.visualfy.com\/wp-content\/uploads\/2025\/02\/suvencion-compra-visualfy-home-alava-1.jpg",900,450,false]},"uagb_author_info":{"display_name":"visualfy","author_link":"https:\/\/www.visualfy.com\/es\/author\/visualfy\/"},"uagb_comment_info":0,"uagb_excerpt":"Recientemente ha salido una nueva ayuda para la compra de Visualfy Home en \u00c1lava. A continuaci\u00f3n, te explicamos todo lo que necesitas saber para poder solicitarla. Objetivo de la ayuda Favorecer la participaci\u00f3n plena y efectiva en la sociedad en igualdad de condiciones con los dem\u00e1s de las personas con discapacidad, as\u00ed como la autonom\u00eda&hellip;","_links":{"self":[{"href":"https:\/\/www.visualfy.com\/es\/wp-json\/wp\/v2\/posts\/8043","targetHints":{"allow":["GET"]}}],"collection":[{"href":"https:\/\/www.visualfy.com\/es\/wp-json\/wp\/v2\/posts"}],"about":[{"href":"https:\/\/www.visualfy.com\/es\/wp-json\/wp\/v2\/types\/post"}],"author":[{"embeddable":true,"href":"https:\/\/www.visualfy.com\/es\/wp-json\/wp\/v2\/users\/2"}],"replies":[{"embeddable":true,"href":"https:\/\/www.visualfy.com\/es\/wp-json\/wp\/v2\/comments?post=8043"}],"version-history":[{"count":0,"href":"https:\/\/www.visualfy.com\/es\/wp-json\/wp\/v2\/posts\/8043\/revisions"}],"wp:featuredmedia":[{"embeddable":true,"href":"https:\/\/www.visualfy.com\/es\/wp-json\/wp\/v2\/media\/4283"}],"wp:attachment":[{"href":"https:\/\/www.visualfy.com\/es\/wp-json\/wp\/v2\/media?parent=8043"}],"wp:term":[{"taxonomy":"category","embeddable":true,"href":"https:\/\/www.visualfy.com\/es\/wp-json\/wp\/v2\/categories?post=8043"},{"taxonomy":"post_tag","embeddable":true,"href":"https:\/\/www.visualfy.com\/es\/wp-json\/wp\/v2\/tags?post=8043"}],"curies":[{"name":"wp","href":"https:\/\/api.w.org\/{rel}","templated":true}]}}