{"id":8017,"date":"2018-06-19T16:05:31","date_gmt":"2018-06-19T16:05:31","guid":{"rendered":"https:\/\/www.visualfy.com\/subvencion-para-comprar-visualfy-home-en-cataluna\/"},"modified":"2025-03-03T08:30:05","modified_gmt":"2025-03-03T08:30:05","slug":"subvencion-para-comprar-visualfy-home-en-cataluna","status":"publish","type":"post","link":"https:\/\/www.visualfy.com\/es\/subvencion-para-comprar-visualfy-home-en-cataluna\/","title":{"rendered":"Subvenci\u00f3n para comprar Visualfy Home en Catalu\u00f1a"},"content":{"rendered":"\n<p>Hoy os explicamos la subvenci\u00f3n para comprar <a href=\"https:\/\/www.visualfy.com\/es\/tienda\/visualfyhome\/\" target=\"_blank\" rel=\"noopener\">Visualfy Home<\/a> que ha salido dirigida a las personas sordas de Catalu\u00f1a.<\/p>\n\n\n\n<p>La subvenci\u00f3n se llama \u201cprestaci\u00f3n social de car\u00e1cter econ\u00f3mico de derecho de concurrencia de atenci\u00f3n social a las personas con discapacidad\u201d en el Departamento de trabajo, asuntos Sociales y Familias.<\/p>\n\n\n\n<p>El objeto de esta subvenci\u00f3n es <strong>contribuir al gasto en la adquisici\u00f3n de productos que permitan la autonom\u00eda personal de las personas con discapacidad f\u00edsica, ps\u00edquica o sensorial para mejorar su calidad de vida y fomentar la integraci\u00f3n social.<\/strong><\/p>\n\n\n\n<h2 class=\"wp-block-heading\">Los requisitos<\/h2>\n\n\n\n<p>-Empadronamiento y residencia legal en un municipio de Catalu\u00f1a durante un periodo de 5 a\u00f1os (hay unos casos especiales para mujeres maltratadas, ni\u00f1os menores de 4 a\u00f1os y personas mayores de 65 a\u00f1os)<\/p>\n\n\n\n<p>&#8211; Personas que tengan reconocido un grado de discapacidad de al menos un 33%<\/p>\n\n\n\n<p>&#8211; Encontrarse en situaci\u00f3n de necesidad que se calcula con la renta, depende de los ingresos familiares. Este c\u00e1lculo se encuentra en la tabla IRSC. (l&#8217;indicador de renda de sufici\u00e8ncia de Catalunya (IRSC)<\/p>\n\n\n\n<h2 class=\"wp-block-heading\">La solicitud<\/h2>\n\n\n\n<p>Para solicitar la ayuda hay que<strong> rellenar un formulario de solicitud que se puede descargar en estas tres p\u00e1ginas web<\/strong>:<\/p>\n\n\n\n<ul class=\"wp-block-list\">\n<li><a href=\"http:\/\/treballiaferssocials.gencat.cat\/registres\" target=\"_blank\" rel=\"nofollow noopener\">treballiaferssocials.gencat.cat\/registres<\/a><\/li>\n\n\n\n<li><a href=\"http:\/\/treballiaferssocials.gencat.cat\/ca\/formularis\" target=\"_blank\" rel=\"nofollow noopener\">treballiaferssocials.gencat.cat\/ca\/formularis<\/a><\/li>\n\n\n\n<li><a href=\"http:\/\/tramits.gencat.cat\" target=\"_blank\" rel=\"nofollow noopener\">tramits.gencat.cat<\/a><\/li>\n<\/ul>\n\n\n\n<p>&#8211; Si interesa <strong>comprar Visualfy Home<\/strong> buscar &#8216;d\u00f3nde&#8217; en lista productos en la del Anexo 1:<\/p>\n\n\n\n<p>2. Prestaciones para la autonom\u00eda personal y la comunicaci\u00f3n:<\/p>\n\n\n\n<p>2.2 Productes de suport per a persones amb discapacitat auditiva.<\/p>\n\n\n\n<p>Receptor de senyals ac\u00fastics (codi 415)<\/p>\n\n\n\n<h2 class=\"wp-block-heading\">Los documentos<\/h2>\n\n\n\n<figure class=\"wp-block-image\"><img decoding=\"async\" src=\"https:\/\/www.visualfy.com\/wp-content\/uploads\/2025\/02\/solicitud-suvencion-ayuda-tecnica-catalunya-1.jpg\" alt=\"Solicitud subvenci\u00f3n ayuda t\u00e9cnica para personas sordas en Catalu\u00f1a\" class=\"wp-image-13824\" title=\"Solicitud subvenci\u00f3n ayuda t\u00e9cnica para personas sordas en Catalu\u00f1a\"\/><\/figure>\n\n\n\n<p>&#8211; Formulario de solicitud rellenado y sellado por el departamento de Trabajo, asuntos sociales y familias, o por la oficina de correos<\/p>\n\n\n\n<p>&#8211; Documento de identidad DNI o el equivalente si eres residente extranjero.<\/p>\n\n\n\n<p>&#8211; Certificado de discapacidad del 33% o m\u00e1s.<\/p>\n\n\n\n<p>&#8211; Documentos bancarios y n\u00famero de cuenta.<\/p>\n\n\n\n<p>&#8211; Presupuesto original o factura de la prestaci\u00f3n solicitada en a\u00f1o 2018, firmado y sellado por Visualfy. <strong>Si necesitas presupuesto VISUALFY manda un correo a admon@visualfy.com con el asunto \u201cpresupuesto subvenci\u00f3n Catalu\u00f1a\u201d, y ind\u00edcanos tu Nombre y apellidos completo, tu DNI, tu direcci\u00f3n completa con el c\u00f3digo postal, y un tel\u00e9fono de contacto.<\/strong><\/p>\n\n\n\n<h2 class=\"wp-block-heading\">D\u00f3nde se presentan<\/h2>\n\n\n\n<p>&#8211; F\u00edsicamente en las dependencias del Departamento de Trabajo, Asuntos Sociales y Familias<\/p>\n\n\n\n<p>&#8211; Por correo postal. Recuerda: si vas a correos no cierres el sobre, en la oficina de correos deben sellar el formulario de solicitud<\/p>\n\n\n\n<h2 class=\"wp-block-heading\">Plazo<\/h2>\n\n\n\n<p>&#8211; Las solicitudes las puedes presentar hasta el 16 agosto 2018<\/p>\n\n\n\n<h2 class=\"wp-block-heading\">Resoluci\u00f3n (respuesta)<\/h2>\n\n\n\n<p>&#8211; La resoluci\u00f3n de las solicitudes saldr\u00e1n el 18 noviembre m\u00e1ximo. Si no obtienes respuesta significa que no te la han dado.<\/p>\n\n\n\n<p>Si tienes alguna duda o necesitas m\u00e1s informaci\u00f3n puedes acudir a tu asociaci\u00f3n o al departamento de Asuntos sociales de tu ayuntamiento.<\/p>\n\n\n\n<p><strong>\u00a1Mucha suerte! Nos vemos pronto.&nbsp;<\/strong><\/p>\n","protected":false},"excerpt":{"rendered":"<p>Hoy os explicamos la subvenci\u00f3n para comprar Visualfy Home que ha salido dirigida a las personas sordas de Catalu\u00f1a. La subvenci\u00f3n se llama \u201cprestaci\u00f3n social de car\u00e1cter econ\u00f3mico de derecho de concurrencia de atenci\u00f3n social a las personas con discapacidad\u201d en el Departamento de trabajo, asuntos Sociales y Familias. El objeto de esta subvenci\u00f3n es [&hellip;]<\/p>\n","protected":false},"author":2,"featured_media":4118,"comment_status":"open","ping_status":"open","sticky":false,"template":"","format":"standard","meta":{"_acf_changed":false,"content-type":"","_uag_custom_page_level_css":"","footnotes":""},"categories":[40],"tags":[],"class_list":["post-8017","post","type-post","status-publish","format-standard","has-post-thumbnail","hentry","category-ayudas-diversidad-funcional"],"acf":[],"spectra_custom_meta":{"_wp_page_template":["default"],"rank_math_internal_links_processed":["1"],"_wpml_word_count":["{\"total\":497,\"to_translate\":{\"en\":497}}"],"_yoast_wpseo_primary_category":["296"],"_yoast_wpseo_keywordsynonyms":[""],"_wpml_media_duplicate":["0"],"_wpml_media_featured":["0"],"_yoast_wpseo_focuskeywords":["[]"],"_et_monarch_override":[""],"amazonS3_cache":["a:47:{s:95:\"\/\/dev.visualfy.com\/wp-content\/uploads\/2018\/06\/solicitud-suvencion-ayuda-tecnica-catalunya-1.jpg\";i:13824;s:72:\"\/\/cdn.visualfy.com\/img\/solicitud-suvencion-ayuda-tecnica-catalunya-1.jpg\";i:13824;s:61:\"\/\/dev.visualfy.com\/wp-content\/uploads\/2018\/06\/ug98eoawgks.jpg\";i:14147;s:38:\"\/\/cdn.visualfy.com\/img\/ug98eoawgks.jpg\";i:14147;s:95:\"\/\/www.visualfy.com\/wp-content\/uploads\/2018\/06\/solicitud-suvencion-ayuda-tecnica-catalunya-1.jpg\";i:13824;s:61:\"\/\/www.visualfy.com\/wp-content\/uploads\/2018\/06\/ug98eoawgks.jpg\";i:14147;s:99:\"\/\/visualfy.acceseo.dev\/wp-content\/uploads\/2025\/02\/solicitud-suvencion-ayuda-tecnica-catalunya-1.jpg\";a:1:{s:9:\"timestamp\";i:1744269477;}s:101:\"\/\/visualfy.acceseo.dev\/wp-content\/uploads\/2025\/02\/solicitud-suvencion-ayuda-tecnica-catalunya-1-1.jpg\";a:1:{s:9:\"timestamp\";i:1744269477;}s:69:\"\/\/visualfy.acceseo.dev\/wp-content\/uploads\/2025\/02\/lse-icon-button.svg\";a:1:{s:9:\"timestamp\";i:1744268018;}s:81:\"\/\/visualfy.acceseo.dev\/wp-content\/uploads\/2025\/02\/visualfy-places-placeholder.jpg\";a:1:{s:9:\"timestamp\";i:1744268018;}s:66:\"\/\/visualfy.acceseo.dev\/wp-content\/uploads\/2025\/01\/computer_404.svg\";a:1:{s:9:\"timestamp\";i:1744268018;}s:63:\"\/\/visualfy.acceseo.dev\/wp-content\/uploads\/2025\/01\/user-icon.svg\";a:1:{s:9:\"timestamp\";i:1744268018;}s:58:\"\/\/visualfy.acceseo.dev\/wp-content\/uploads\/2025\/01\/menu.svg\";a:1:{s:9:\"timestamp\";i:1744268018;}s:67:\"\/\/visualfy.acceseo.dev\/wp-content\/uploads\/2025\/01\/logo-visualfy.svg\";a:1:{s:9:\"timestamp\";i:1744268018;}s:65:\"\/\/visualfy.acceseo.dev\/wp-content\/uploads\/2025\/01\/logo-footer.svg\";a:1:{s:9:\"timestamp\";i:1744268018;}s:88:\"\/\/visualfy.acceseo.dev\/wp-content\/uploads\/2025\/01\/union-europea-ministerio-industria.png\";a:1:{s:9:\"timestamp\";i:1744268018;}s:78:\"\/\/visualfy.acceseo.dev\/wp-content\/uploads\/2025\/01\/fondo-europeo-innovacion.png\";a:1:{s:9:\"timestamp\";i:1744268018;}s:77:\"\/\/visualfy.acceseo.dev\/wp-content\/uploads\/2025\/01\/generalitat-ivace-feder.png\";a:1:{s:9:\"timestamp\";i:1744268018;}s:85:\"\/\/visualfy.acceseo.dev\/wp-content\/uploads\/2025\/01\/generalita-ivace-cofinanciacion.png\";a:1:{s:9:\"timestamp\";i:1744268018;}s:61:\"\/\/visualfy.acceseo.dev\/wp-content\/uploads\/2025\/02\/Sem-3-1.png\";a:1:{s:9:\"timestamp\";i:1744268018;}s:69:\"\/\/visualfy.acceseo.dev\/wp-content\/uploads\/2025\/02\/Sem-3-1-300x176.png\";a:1:{s:9:\"timestamp\";i:1744268018;}s:70:\"\/\/visualfy.acceseo.dev\/wp-content\/uploads\/2025\/02\/Sem-3-1-1024x600.png\";a:1:{s:9:\"timestamp\";i:1744268018;}s:69:\"\/\/visualfy.acceseo.dev\/wp-content\/uploads\/2025\/02\/Sem-3-1-768x450.png\";a:1:{s:9:\"timestamp\";i:1744268018;}s:70:\"\/\/visualfy.acceseo.dev\/wp-content\/uploads\/2025\/02\/Sem-3-1-1536x900.png\";a:1:{s:9:\"timestamp\";i:1744268018;}s:71:\"\/\/visualfy.acceseo.dev\/wp-content\/uploads\/2025\/02\/Sem-3-1-2048x1200.png\";a:1:{s:9:\"timestamp\";i:1744268018;}s:63:\"\/\/visualfy.acceseo.dev\/wp-content\/uploads\/2025\/02\/Sem-2-3-1.jpg\";a:1:{s:9:\"timestamp\";i:1744268018;}s:71:\"\/\/visualfy.acceseo.dev\/wp-content\/uploads\/2025\/02\/Sem-2-3-1-300x169.jpg\";a:1:{s:9:\"timestamp\";i:1744268018;}s:72:\"\/\/visualfy.acceseo.dev\/wp-content\/uploads\/2025\/02\/Sem-2-3-1-1024x576.jpg\";a:1:{s:9:\"timestamp\";i:1744268018;}s:71:\"\/\/visualfy.acceseo.dev\/wp-content\/uploads\/2025\/02\/Sem-2-3-1-768x432.jpg\";a:1:{s:9:\"timestamp\";i:1744268018;}s:72:\"\/\/visualfy.acceseo.dev\/wp-content\/uploads\/2025\/02\/Sem-2-3-1-1536x864.jpg\";a:1:{s:9:\"timestamp\";i:1744268018;}s:63:\"\/\/visualfy.acceseo.dev\/wp-content\/uploads\/2025\/02\/Sem-1-2-1.png\";a:1:{s:9:\"timestamp\";i:1744268018;}s:71:\"\/\/visualfy.acceseo.dev\/wp-content\/uploads\/2025\/02\/Sem-1-2-1-300x157.png\";a:1:{s:9:\"timestamp\";i:1744268018;}s:72:\"\/\/visualfy.acceseo.dev\/wp-content\/uploads\/2025\/02\/Sem-1-2-1-1024x535.png\";a:1:{s:9:\"timestamp\";i:1744268018;}s:71:\"\/\/visualfy.acceseo.dev\/wp-content\/uploads\/2025\/02\/Sem-1-2-1-768x401.png\";a:1:{s:9:\"timestamp\";i:1744268018;}s:67:\"\/\/visualfy.acceseo.dev\/wp-content\/uploads\/2025\/02\/caixa-popular.svg\";a:1:{s:9:\"timestamp\";i:1744268018;}s:58:\"\/\/visualfy.acceseo.dev\/wp-content\/uploads\/2025\/02\/cdti.svg\";a:1:{s:9:\"timestamp\";i:1744268018;}s:58:\"\/\/visualfy.acceseo.dev\/wp-content\/uploads\/2025\/02\/cnse.svg\";a:1:{s:9:\"timestamp\";i:1744268018;}s:60:\"\/\/visualfy.acceseo.dev\/wp-content\/uploads\/2025\/02\/esteve.svg\";a:1:{s:9:\"timestamp\";i:1744268018;}s:60:\"\/\/visualfy.acceseo.dev\/wp-content\/uploads\/2025\/02\/fesord.svg\";a:1:{s:9:\"timestamp\";i:1744268018;}s:76:\"\/\/visualfy.acceseo.dev\/wp-content\/uploads\/2025\/02\/generalitat-valenciana.svg\";a:1:{s:9:\"timestamp\";i:1744268018;}s:66:\"\/\/visualfy.acceseo.dev\/wp-content\/uploads\/2025\/02\/horizon-2020.svg\";a:1:{s:9:\"timestamp\";i:1744268018;}s:59:\"\/\/visualfy.acceseo.dev\/wp-content\/uploads\/2025\/02\/ivace.svg\";a:1:{s:9:\"timestamp\";i:1744268018;}s:62:\"\/\/visualfy.acceseo.dev\/wp-content\/uploads\/2025\/02\/montsant.svg\";a:1:{s:9:\"timestamp\";i:1744268018;}s:69:\"\/\/visualfy.acceseo.dev\/wp-content\/uploads\/2025\/02\/naciones-unidas.svg\";a:1:{s:9:\"timestamp\";i:1744268018;}s:62:\"\/\/visualfy.acceseo.dev\/wp-content\/uploads\/2025\/02\/randstad.svg\";a:1:{s:9:\"timestamp\";i:1744268018;}s:64:\"\/\/visualfy.acceseo.dev\/wp-content\/uploads\/2025\/02\/telefonica.svg\";a:1:{s:9:\"timestamp\";i:1744268018;}s:66:\"\/\/visualfy.acceseo.dev\/wp-content\/uploads\/2025\/02\/wingstoclaim.svg\";a:1:{s:9:\"timestamp\";i:1744268018;}}"],"_yoast_wpseo_opengraph-title":[""],"_yoast_wpseo_opengraph-description":[""],"_yst_prominent_words_version":["1"],"_yoast_wpseo_video_meta":["a:15:{s:2:\"id\";s:11:\"ug98EOAWGks\";s:4:\"type\";s:7:\"youtube\";s:3:\"url\";s:48:\"https:\/\/www.youtube.com\/watch?v=ug98EOAWGks&t=9s\";s:7:\"post_id\";i:13812;s:5:\"title\";s:72:\"Subvenci\u00f3n para comprar Visualfy Home en Catalu\u00f1a &amp;#8902; Visualfy\";s:16:\"publication_date\";s:25:\"2018-06-19T16:05:31+00:00\";s:11:\"description\";s:211:\"La subvenci\u00f3n se llama \u201cprestaci\u00f3n social de car\u00e1cter econ\u00f3mico de derecho de concurrencia de atenci\u00f3n social a las personas con discapacidad\u201d en el Departamento de trabajo, asuntos Sociales y Familias.\";s:10:\"player_loc\";s:41:\"https:\/\/www.youtube.com\/embed\/ug98EOAWGks\";s:13:\"thumbnail_loc\";s:45:\"https:\/\/cdn.visualfy.com\/img\/ug98eoawgks1.jpg\";s:8:\"duration\";i:228;s:10:\"view_count\";i:128;s:5:\"width\";i:480;s:6:\"height\";i:270;s:8:\"category\";s:29:\"Subvenciones ayudas t\u00e9cnicas\";s:3:\"tag\";a:0:{}}"],"_yoast_wpseo_videositemap-duration":["228"],"_yoast_wpseo_videositemap-rating":["0"],"_yoast_wpseo_metadesc":["La subvenci\u00f3n se llama \u201cprestaci\u00f3n social de car\u00e1cter econ\u00f3mico de derecho de concurrencia de atenci\u00f3n social a las personas con discapacidad\u201d en el Departamento de trabajo, asuntos Sociales y Familias."],"_yoast_wpseo_focuskw":[""],"_yoast_wpseo_content_score":["60"],"cmplz_hide_cookiebanner":[""],"_wpml_location_migration_done":["1"],"_fgj2wp_old_id":[""],"_yoast_wpseo_metakeywords":[""],"_bsf_post_type":["0"],"_yoast_wpseo_meta-robots-noindex":[""],"_fgj2wp_translation_association_key":[""],"_product_image_gallery":[""],"_wp_old_slug":[""],"_yoast_wpseo_title":[""],"slide_template":[""],"_yoast_wpseo_opengraph-image":[""],"_yoast_wpseo_opengraph-image-id":[""],"_wp_old_date":[""],"_bsf_article_image":[""],"_bsf_article_name":[""],"_bsf_article_desc":[""],"_bsf_article_author":[""],"_bsf_article_publisher":[""],"_bsf_article_publisher_logo":[""],"_yoast_wpseo_meta-robots-nofollow":[""],"amp_status":[""],"_cmplz_scanned_post":["1"],"_encloseme":[""],"_last_translation_edit_mode":[""],"_yoast_wpseo_twitter-title":[""],"_yoast_wpseo_twitter-description":[""],"_yoast_wpseo_twitter-image":[""],"_yoast_wpseo_twitter-image-id":[""],"_yoast_wpseo_linkdex":[""],"_thumbnail_id":["4118"],"_oembed_bdf923c1d03e537e6fcb6618b94a6503":["<iframe title=\"Subvenciones para adquirir Visualfy Home en Catalu\u00f1a -Visualfy\" width=\"500\" height=\"281\" src=\"https:\/\/www.youtube.com\/embed\/ug98EOAWGks?start=9&feature=oembed\" frameborder=\"0\" allow=\"accelerometer; autoplay; clipboard-write; encrypted-media; gyroscope; picture-in-picture; web-share\" referrerpolicy=\"strict-origin-when-cross-origin\" allowfullscreen><\/iframe>"],"_oembed_time_bdf923c1d03e537e6fcb6618b94a6503":["1740990327"],"_edit_lock":["1740990611:1"],"_oembed_8e3c904f458c82d1811db28fefc22bf7":["<iframe title=\"Subvenciones para adquirir Visualfy Home en Catalu\u00f1a -Visualfy\" width=\"992\" height=\"558\" src=\"https:\/\/www.youtube.com\/embed\/ug98EOAWGks?start=9&feature=oembed\" frameborder=\"0\" allow=\"accelerometer; autoplay; clipboard-write; encrypted-media; gyroscope; picture-in-picture; web-share\" referrerpolicy=\"strict-origin-when-cross-origin\" allowfullscreen><\/iframe>"],"_oembed_time_8e3c904f458c82d1811db28fefc22bf7":["1740990337"],"rank_math_seo_score":["14"],"rank_math_primary_category":["40"],"_pingme":["1"],"_uag_custom_page_level_css":[""],"footnotes":[""],"_edit_last":["1"],"lse_enlace":["https:\/\/www.youtube.com\/watch?v=ug98EOAWGks&amp;t=9s"],"_lse_enlace":["field_67b5db1d9d4ca"],"_betterdocs_reusable_block_ids":["a:0:{}"],"copied_media_ids":["a:1:{i:0;i:4116;}"],"referenced_media_ids":["a:1:{i:0;i:4118;}"]},"uagb_featured_image_src":{"full":["https:\/\/www.visualfy.com\/wp-content\/uploads\/2025\/02\/solicitud-suvencion-ayuda-tecnica-catalunya-1-1.jpg",732,374,false],"thumbnail":["https:\/\/www.visualfy.com\/wp-content\/uploads\/2025\/02\/solicitud-suvencion-ayuda-tecnica-catalunya-1-1-150x150.jpg",150,150,true],"medium":["https:\/\/www.visualfy.com\/wp-content\/uploads\/2025\/02\/solicitud-suvencion-ayuda-tecnica-catalunya-1-1-300x153.jpg",300,153,true],"medium_large":["https:\/\/www.visualfy.com\/wp-content\/uploads\/2025\/02\/solicitud-suvencion-ayuda-tecnica-catalunya-1-1.jpg",732,374,false],"large":["https:\/\/www.visualfy.com\/wp-content\/uploads\/2025\/02\/solicitud-suvencion-ayuda-tecnica-catalunya-1-1.jpg",732,374,false],"1536x1536":["https:\/\/www.visualfy.com\/wp-content\/uploads\/2025\/02\/solicitud-suvencion-ayuda-tecnica-catalunya-1-1.jpg",732,374,false],"2048x2048":["https:\/\/www.visualfy.com\/wp-content\/uploads\/2025\/02\/solicitud-suvencion-ayuda-tecnica-catalunya-1-1.jpg",732,374,false]},"uagb_author_info":{"display_name":"visualfy","author_link":"https:\/\/www.visualfy.com\/es\/author\/visualfy\/"},"uagb_comment_info":0,"uagb_excerpt":"Hoy os explicamos la subvenci\u00f3n para comprar Visualfy Home que ha salido dirigida a las personas sordas de Catalu\u00f1a. La subvenci\u00f3n se llama \u201cprestaci\u00f3n social de car\u00e1cter econ\u00f3mico de derecho de concurrencia de atenci\u00f3n social a las personas con discapacidad\u201d en el Departamento de trabajo, asuntos Sociales y Familias. El objeto de esta subvenci\u00f3n es&hellip;","_links":{"self":[{"href":"https:\/\/www.visualfy.com\/es\/wp-json\/wp\/v2\/posts\/8017","targetHints":{"allow":["GET"]}}],"collection":[{"href":"https:\/\/www.visualfy.com\/es\/wp-json\/wp\/v2\/posts"}],"about":[{"href":"https:\/\/www.visualfy.com\/es\/wp-json\/wp\/v2\/types\/post"}],"author":[{"embeddable":true,"href":"https:\/\/www.visualfy.com\/es\/wp-json\/wp\/v2\/users\/2"}],"replies":[{"embeddable":true,"href":"https:\/\/www.visualfy.com\/es\/wp-json\/wp\/v2\/comments?post=8017"}],"version-history":[{"count":0,"href":"https:\/\/www.visualfy.com\/es\/wp-json\/wp\/v2\/posts\/8017\/revisions"}],"wp:featuredmedia":[{"embeddable":true,"href":"https:\/\/www.visualfy.com\/es\/wp-json\/wp\/v2\/media\/4118"}],"wp:attachment":[{"href":"https:\/\/www.visualfy.com\/es\/wp-json\/wp\/v2\/media?parent=8017"}],"wp:term":[{"taxonomy":"category","embeddable":true,"href":"https:\/\/www.visualfy.com\/es\/wp-json\/wp\/v2\/categories?post=8017"},{"taxonomy":"post_tag","embeddable":true,"href":"https:\/\/www.visualfy.com\/es\/wp-json\/wp\/v2\/tags?post=8017"}],"curies":[{"name":"wp","href":"https:\/\/api.w.org\/{rel}","templated":true}]}}