{"id":8002,"date":"2018-05-03T15:37:29","date_gmt":"2018-05-03T15:37:29","guid":{"rendered":"https:\/\/www.visualfy.com\/solicitud-de-ayuda-a-las-personas-con-diversidad-funcional-en-la-rioja\/"},"modified":"2025-03-03T09:40:43","modified_gmt":"2025-03-03T09:40:43","slug":"solicitud-de-ayuda-a-las-personas-con-diversidad-funcional-en-la-rioja","status":"publish","type":"post","link":"https:\/\/www.visualfy.com\/es\/solicitud-de-ayuda-a-las-personas-con-diversidad-funcional-en-la-rioja\/","title":{"rendered":"Solicitud de ayuda a las personas con diversidad funcional en La Rioja"},"content":{"rendered":"\n<p>Recientemente se ha publicado la <strong>subvenci\u00f3n de la Rioja para comprar <a href=\"https:\/\/www.visualfy.com\/es\/tienda\/visualfyhome\/\">Visualfy Home<\/a>, <\/strong>que estar\u00e1 abierta<strong> hasta finales de 2018.<\/strong><\/p>\n\n\n\n<h2 class=\"wp-block-heading\">\u00bfC\u00f3mo solicitarla?<\/h2>\n\n\n\n<p>\nDentro de las ayudas disponibles hay tres enfocadas a personas afectadas de una discapacidad, para hacer frente a los <strong>gastos extraordinarios derivados de su discapacidad<\/strong>. La que te interesa para comprar <strong>Visualfy Home<\/strong> es la de<strong> movilidad y comunicaci\u00f3n<\/strong> (exclusivamente para menores de 65 a\u00f1os). Estas ayudas tienen como finalidad la potenciaci\u00f3n de las relaciones con el entorno y comprenden la adquisici\u00f3n de \u00fatiles o servicios que mejoran la capacidad de desplazamiento y comunicaci\u00f3n para la vida diaria.Las ayudas t\u00e9cnicas que incluye son: aud\u00edfonos, camas articuladas, elevadores, equipos inform\u00e1ticos etc.\n\n*La concesi\u00f3n de equipos inform\u00e1ticos se reserva a aquellos casos en los que la minusval\u00eda de los solicitantes les dificulte de forma especial su relaci\u00f3n con el entorno (hipoac\u00fasicos profundos y sordos, as\u00ed como discapacitados con afecci\u00f3n f\u00edsica grave que les exige, con car\u00e1cter general, la permanencia en su domicilio).\n\n<strong>La convocatoria est\u00e1 abierta todo el a\u00f1o.<\/strong><\/p>\n\n\n\n<h2 class=\"wp-block-heading\">Para poder solicitar la ayuda hay que cumplir lo siguientes requisitos:<\/h2>\n\n\n\n<p>\n1.Residir en la <strong>Comunidad Aut\u00f3noma de La Rioja<\/strong> al menos con seis meses de antelaci\u00f3n a la solicitud de la ayuda.\n\n2.<strong>Tener reconocido un grado de discapacidad igual o superior al 33% del porcentaje total de discapacidad<\/strong>, o tener un porcentaje inferior en el caso de los beneficiarios menores de seis a\u00f1os. No obstante, se admitir\u00e1n a tr\u00e1mite las solicitudes en las que se acredite haber solicitado el reconocimiento de grado con m\u00e1s de tres meses de antelaci\u00f3n a la solicitud de la ayuda.\n\n3.En el caso de las ayudas para movilidad y comunicaci\u00f3n, <strong>no haber sido beneficiario de una ayuda igual o an\u00e1loga, destinada a la misma finalidad en los dos a\u00f1os anteriores a la solicitud de la ayuda<\/strong>, o de cinco, si se trata de equipos inform\u00e1ticos.\n\n4.<strong>No disponer el solicitante o la unidad familiar de convivencia de rentas<\/strong>, en los t\u00e9rminos establecidos en el art\u00edculo 6 de la Orden.\n<\/p>\n\n\n\n<h2 class=\"wp-block-heading\">La solicitud deber\u00e1 ir acompa\u00f1ada de la siguiente documentaci\u00f3n:<\/h2>\n\n\n\n<p>\n1.<strong>Fotocopia del NIF\/CIF<\/strong> del perceptor (en su caso).\n\n2<strong>.Certificado o volante de empadronamiento que acredite la residencia en La Rioja durante los \u00faltimos seis meses<\/strong>, en el que incluya a todas las personas inscritas en la misma hoja patronal (no es necesario en el caso de ayudas de Alojamiento concedidas en a\u00f1os anteriores).\n\n3<strong>.Certificado del grado de discapacidad del Centro de Valoraci\u00f3n correspondiente<\/strong> (exclusivamente para certificados no emitidos por el Centro de Valoraci\u00f3n de la Discapacidad y Dependencia de La Rioja).\n\n4.<strong>Presupuesto o factura del servicio o ayuda solicitada<\/strong>, correspondiente al a\u00f1o de la solicitud.\n\n5.<strong>Ficha de datos bancarios del perceptor<\/strong>.\n<\/p>\n\n\n\n<h2 class=\"wp-block-heading\">\u00bfC\u00f3mo conseguir el presupuesto de Visualfy Home?<\/h2>\n\n\n\n<p>\nRecuerda que <strong>puedes pedirnos presupuesto<\/strong> mandando un correo con tus datos personales bajo el asunto<strong> &#8216;Presupuesto Subvenci\u00f3n&#8217; <\/strong>a<strong> <a href=\"mailto:admon@visualfy.com\">admon@visualfy.com<\/a>.&nbsp;<\/strong><strong> Para hacer la solicitud y obtener m\u00e1s informaci\u00f3n haz click en el siguiente enlace:<a href=\"https:\/\/goo.gl\/HfZHz5\" target=\"_blank\" rel=\"noopener\">&nbsp;https:\/\/goo.gl\/HfZHz5<\/a><\/strong>\n\nEstamos<a href=\"https:\/\/www.visualfy.com\/es\/ca\/ayudas-diversidad-funcional\/\"> recopilando todas las ayudas por comunidades aut\u00f3nomas<\/a>.. \u00bfNos echas una mano para completarla?<\/p>\n","protected":false},"excerpt":{"rendered":"<p>Recientemente se ha publicado la subvenci\u00f3n de la Rioja para comprar Visualfy Home, que estar\u00e1 abierta hasta finales de 2018. \u00bfC\u00f3mo solicitarla? Dentro de las ayudas disponibles hay tres enfocadas a personas afectadas de una discapacidad, para hacer frente a los gastos extraordinarios derivados de su discapacidad. La que te interesa para comprar Visualfy Home [&hellip;]<\/p>\n","protected":false},"author":2,"featured_media":3997,"comment_status":"open","ping_status":"open","sticky":false,"template":"","format":"standard","meta":{"_acf_changed":false,"content-type":"","_uag_custom_page_level_css":"","footnotes":""},"categories":[40],"tags":[],"class_list":["post-8002","post","type-post","status-publish","format-standard","has-post-thumbnail","hentry","category-ayudas-diversidad-funcional"],"acf":[],"spectra_custom_meta":{"_wp_page_template":["default"],"rank_math_internal_links_processed":["1"],"_wpml_word_count":["{\"total\":570,\"to_translate\":{\"en\":570}}"],"_yoast_wpseo_primary_category":[""],"_yoast_wpseo_keywordsynonyms":["[\"\"]"],"_wpml_media_duplicate":["0"],"_wpml_media_featured":["0"],"_yoast_wpseo_focuskeywords":["[]"],"_et_monarch_override":[""],"amazonS3_cache":["a:52:{s:61:\"\/\/dev.visualfy.com\/wp-content\/uploads\/2018\/05\/1nvi-6kvdn0.jpg\";i:12442;s:38:\"\/\/cdn.visualfy.com\/img\/1nvi-6kvdn0.jpg\";i:12442;s:61:\"\/\/www.visualfy.com\/wp-content\/uploads\/2018\/05\/1nvi-6kvdn0.jpg\";i:12442;s:98:\"\/\/visualfy.acceseo.dev\/wp-content\/uploads\/2025\/02\/ayuda-personas-diversidad-funcional-la-rioja.jpg\";a:1:{s:9:\"timestamp\";i:1744269475;}s:69:\"\/\/visualfy.acceseo.dev\/wp-content\/uploads\/2025\/02\/lse-icon-button.svg\";a:1:{s:9:\"timestamp\";i:1744268020;}s:81:\"\/\/visualfy.acceseo.dev\/wp-content\/uploads\/2025\/02\/visualfy-places-placeholder.jpg\";a:1:{s:9:\"timestamp\";i:1744268020;}s:66:\"\/\/visualfy.acceseo.dev\/wp-content\/uploads\/2025\/01\/computer_404.svg\";a:1:{s:9:\"timestamp\";i:1744268020;}s:63:\"\/\/visualfy.acceseo.dev\/wp-content\/uploads\/2025\/01\/user-icon.svg\";a:1:{s:9:\"timestamp\";i:1744268020;}s:58:\"\/\/visualfy.acceseo.dev\/wp-content\/uploads\/2025\/01\/menu.svg\";a:1:{s:9:\"timestamp\";i:1744268020;}s:67:\"\/\/visualfy.acceseo.dev\/wp-content\/uploads\/2025\/01\/logo-visualfy.svg\";a:1:{s:9:\"timestamp\";i:1744268020;}s:65:\"\/\/visualfy.acceseo.dev\/wp-content\/uploads\/2025\/01\/logo-footer.svg\";a:1:{s:9:\"timestamp\";i:1744268020;}s:88:\"\/\/visualfy.acceseo.dev\/wp-content\/uploads\/2025\/01\/union-europea-ministerio-industria.png\";a:1:{s:9:\"timestamp\";i:1744268020;}s:78:\"\/\/visualfy.acceseo.dev\/wp-content\/uploads\/2025\/01\/fondo-europeo-innovacion.png\";a:1:{s:9:\"timestamp\";i:1744268020;}s:77:\"\/\/visualfy.acceseo.dev\/wp-content\/uploads\/2025\/01\/generalitat-ivace-feder.png\";a:1:{s:9:\"timestamp\";i:1744268020;}s:85:\"\/\/visualfy.acceseo.dev\/wp-content\/uploads\/2025\/01\/generalita-ivace-cofinanciacion.png\";a:1:{s:9:\"timestamp\";i:1744268020;}s:61:\"\/\/visualfy.acceseo.dev\/wp-content\/uploads\/2025\/02\/Sem-3-1.png\";a:1:{s:9:\"timestamp\";i:1744268020;}s:69:\"\/\/visualfy.acceseo.dev\/wp-content\/uploads\/2025\/02\/Sem-3-1-300x176.png\";a:1:{s:9:\"timestamp\";i:1744268020;}s:70:\"\/\/visualfy.acceseo.dev\/wp-content\/uploads\/2025\/02\/Sem-3-1-1024x600.png\";a:1:{s:9:\"timestamp\";i:1744268020;}s:69:\"\/\/visualfy.acceseo.dev\/wp-content\/uploads\/2025\/02\/Sem-3-1-768x450.png\";a:1:{s:9:\"timestamp\";i:1744268020;}s:70:\"\/\/visualfy.acceseo.dev\/wp-content\/uploads\/2025\/02\/Sem-3-1-1536x900.png\";a:1:{s:9:\"timestamp\";i:1744268020;}s:71:\"\/\/visualfy.acceseo.dev\/wp-content\/uploads\/2025\/02\/Sem-3-1-2048x1200.png\";a:1:{s:9:\"timestamp\";i:1744268020;}s:63:\"\/\/visualfy.acceseo.dev\/wp-content\/uploads\/2025\/02\/Sem-2-3-1.jpg\";a:1:{s:9:\"timestamp\";i:1744268020;}s:71:\"\/\/visualfy.acceseo.dev\/wp-content\/uploads\/2025\/02\/Sem-2-3-1-300x169.jpg\";a:1:{s:9:\"timestamp\";i:1744268020;}s:72:\"\/\/visualfy.acceseo.dev\/wp-content\/uploads\/2025\/02\/Sem-2-3-1-1024x576.jpg\";a:1:{s:9:\"timestamp\";i:1744268020;}s:71:\"\/\/visualfy.acceseo.dev\/wp-content\/uploads\/2025\/02\/Sem-2-3-1-768x432.jpg\";a:1:{s:9:\"timestamp\";i:1744268020;}s:72:\"\/\/visualfy.acceseo.dev\/wp-content\/uploads\/2025\/02\/Sem-2-3-1-1536x864.jpg\";a:1:{s:9:\"timestamp\";i:1744268020;}s:63:\"\/\/visualfy.acceseo.dev\/wp-content\/uploads\/2025\/02\/Sem-1-2-1.png\";a:1:{s:9:\"timestamp\";i:1744268020;}s:71:\"\/\/visualfy.acceseo.dev\/wp-content\/uploads\/2025\/02\/Sem-1-2-1-300x157.png\";a:1:{s:9:\"timestamp\";i:1744268020;}s:72:\"\/\/visualfy.acceseo.dev\/wp-content\/uploads\/2025\/02\/Sem-1-2-1-1024x535.png\";a:1:{s:9:\"timestamp\";i:1744268020;}s:71:\"\/\/visualfy.acceseo.dev\/wp-content\/uploads\/2025\/02\/Sem-1-2-1-768x401.png\";a:1:{s:9:\"timestamp\";i:1744268020;}s:67:\"\/\/visualfy.acceseo.dev\/wp-content\/uploads\/2025\/02\/caixa-popular.svg\";a:1:{s:9:\"timestamp\";i:1744268020;}s:58:\"\/\/visualfy.acceseo.dev\/wp-content\/uploads\/2025\/02\/cdti.svg\";a:1:{s:9:\"timestamp\";i:1744268020;}s:58:\"\/\/visualfy.acceseo.dev\/wp-content\/uploads\/2025\/02\/cnse.svg\";a:1:{s:9:\"timestamp\";i:1744268020;}s:60:\"\/\/visualfy.acceseo.dev\/wp-content\/uploads\/2025\/02\/esteve.svg\";a:1:{s:9:\"timestamp\";i:1744268020;}s:60:\"\/\/visualfy.acceseo.dev\/wp-content\/uploads\/2025\/02\/fesord.svg\";a:1:{s:9:\"timestamp\";i:1744268020;}s:76:\"\/\/visualfy.acceseo.dev\/wp-content\/uploads\/2025\/02\/generalitat-valenciana.svg\";a:1:{s:9:\"timestamp\";i:1744268020;}s:66:\"\/\/visualfy.acceseo.dev\/wp-content\/uploads\/2025\/02\/horizon-2020.svg\";a:1:{s:9:\"timestamp\";i:1744268020;}s:59:\"\/\/visualfy.acceseo.dev\/wp-content\/uploads\/2025\/02\/ivace.svg\";a:1:{s:9:\"timestamp\";i:1744268020;}s:62:\"\/\/visualfy.acceseo.dev\/wp-content\/uploads\/2025\/02\/montsant.svg\";a:1:{s:9:\"timestamp\";i:1744268020;}s:69:\"\/\/visualfy.acceseo.dev\/wp-content\/uploads\/2025\/02\/naciones-unidas.svg\";a:1:{s:9:\"timestamp\";i:1744268020;}s:62:\"\/\/visualfy.acceseo.dev\/wp-content\/uploads\/2025\/02\/randstad.svg\";a:1:{s:9:\"timestamp\";i:1744268020;}s:64:\"\/\/visualfy.acceseo.dev\/wp-content\/uploads\/2025\/02\/telefonica.svg\";a:1:{s:9:\"timestamp\";i:1744268020;}s:66:\"\/\/visualfy.acceseo.dev\/wp-content\/uploads\/2025\/02\/wingstoclaim.svg\";a:1:{s:9:\"timestamp\";i:1744268020;}s:95:\"\/\/visualfy.acceseo.dev\/wp-content\/uploads\/2025\/02\/solicitud-ayuda-personas-sordas-cantabria.jpg\";a:1:{s:9:\"timestamp\";i:1742977236;}s:79:\"\/\/visualfy.acceseo.dev\/wp-content\/uploads\/2025\/02\/subvencion-ayuda-visualfy.jpg\";a:1:{s:9:\"timestamp\";i:1742977236;}s:64:\"\/\/visualfy.acceseo.dev\/wp-content\/uploads\/2025\/02\/diversidad.jpg\";a:1:{s:9:\"timestamp\";i:1742977236;}s:96:\"\/\/visualfy.acceseo.dev\/wp-content\/uploads\/2025\/02\/cropped-regalos-diversos-familias-diversas.jpg\";a:1:{s:9:\"timestamp\";i:1742977236;}s:93:\"\/\/visualfy.acceseo.dev\/wp-content\/uploads\/2025\/02\/servicios-estenotipia-personas-sordas-1.jpg\";a:1:{s:9:\"timestamp\";i:1742977236;}s:92:\"\/\/visualfy.acceseo.dev\/wp-content\/uploads\/2025\/02\/suvencion-compra-visualfy-home-alava-1.jpg\";a:1:{s:9:\"timestamp\";i:1742977236;}s:100:\"\/\/visualfy.acceseo.dev\/wp-content\/uploads\/2025\/02\/subvencion-compra-visualfy-home-aragon-portada.jpg\";a:1:{s:9:\"timestamp\";i:1742977236;}s:96:\"\/\/visualfy.acceseo.dev\/wp-content\/uploads\/2025\/02\/subvencion-ayuda-personas-sordas-andalucia.jpg\";a:1:{s:9:\"timestamp\";i:1742977236;}s:79:\"\/\/visualfy.acceseo.dev\/wp-content\/uploads\/2025\/02\/cropped-visualfy-places-1.jpg\";a:1:{s:9:\"timestamp\";i:1742977236;}}"],"_yoast_wpseo_opengraph-title":[""],"_yoast_wpseo_opengraph-description":[""],"_yst_prominent_words_version":["1"],"_yoast_wpseo_video_meta":["a:15:{s:2:\"id\";s:11:\"1NvI-6KVDn0\";s:4:\"type\";s:7:\"youtube\";s:3:\"url\";s:60:\"https:\/\/www.youtube.com\/watch?v=1NvI-6KVDn0&feature=youtu.be\";s:7:\"post_id\";i:12432;s:5:\"title\";s:91:\"Solicitud de ayuda a las personas con diversidad funcional en La Rioja &amp;#8902; Visualfy\";s:16:\"publication_date\";s:25:\"2018-05-03T15:37:29+00:00\";s:11:\"description\";s:237:\"Ayudas disponibles hay tres enfocadas a personas afectadas de una discapacidad, para hacer frente a los gastos extraordinarios derivados de su discapacidad. La que te interesa para comprar Visualfy Home es la de movilidad y comunicaci\u00f3n\";s:10:\"player_loc\";s:41:\"https:\/\/www.youtube.com\/embed\/1NvI-6KVDn0\";s:13:\"thumbnail_loc\";s:44:\"https:\/\/cdn.visualfy.com\/img\/1nvi-6kvdn0.jpg\";s:8:\"duration\";i:107;s:10:\"view_count\";i:161;s:5:\"width\";i:480;s:6:\"height\";i:270;s:8:\"category\";s:29:\"Subvenciones ayudas t\u00e9cnicas\";s:3:\"tag\";a:0:{}}"],"_yoast_wpseo_videositemap-duration":["107"],"_yoast_wpseo_videositemap-rating":["0"],"_yoast_wpseo_metadesc":["Ayudas disponibles hay tres enfocadas a personas afectadas de una discapacidad, para hacer frente a los gastos extraordinarios derivados de su discapacidad. La que te interesa para comprar Visualfy Home es la de movilidad y comunicaci\u00f3n"],"_yoast_wpseo_focuskw":[""],"_yoast_wpseo_content_score":["30"],"cmplz_hide_cookiebanner":[""],"_wpml_location_migration_done":["1"],"_fgj2wp_old_id":[""],"_yoast_wpseo_metakeywords":[""],"_bsf_post_type":["0"],"_yoast_wpseo_meta-robots-noindex":[""],"_fgj2wp_translation_association_key":[""],"_product_image_gallery":[""],"_wp_old_slug":[""],"_yoast_wpseo_title":[""],"slide_template":[""],"_yoast_wpseo_opengraph-image":[""],"_yoast_wpseo_opengraph-image-id":[""],"_wp_old_date":[""],"_bsf_article_image":[""],"_bsf_article_name":[""],"_bsf_article_desc":[""],"_bsf_article_author":[""],"_bsf_article_publisher":[""],"_bsf_article_publisher_logo":[""],"_yoast_wpseo_meta-robots-nofollow":[""],"amp_status":[""],"_cmplz_scanned_post":["1"],"_encloseme":[""],"_last_translation_edit_mode":[""],"_yoast_wpseo_twitter-title":[""],"_yoast_wpseo_twitter-description":[""],"_yoast_wpseo_twitter-image":[""],"_yoast_wpseo_twitter-image-id":[""],"_yoast_wpseo_linkdex":[""],"_thumbnail_id":["3997"],"_oembed_de5330a699bfea2a4128af47673bfddc":["<iframe title=\"Solicitud de ayuda a las personas con diversidad funcional en La Rioja\" width=\"500\" height=\"281\" src=\"https:\/\/www.youtube.com\/embed\/1NvI-6KVDn0?feature=oembed\" frameborder=\"0\" allow=\"accelerometer; autoplay; clipboard-write; encrypted-media; gyroscope; picture-in-picture; web-share\" referrerpolicy=\"strict-origin-when-cross-origin\" allowfullscreen><\/iframe>"],"_oembed_time_de5330a699bfea2a4128af47673bfddc":["1740994766"],"_edit_lock":["1740994844:1"],"rank_math_seo_score":["9"],"rank_math_primary_category":["40"],"_pingme":["1"],"_uag_custom_page_level_css":[""],"footnotes":[""],"_edit_last":["1"],"lse_enlace":["https:\/\/www.youtube.com\/watch?v=1NvI-6KVDn0&feature=youtu.be"],"_lse_enlace":["field_67b5db1d9d4ca"],"_betterdocs_reusable_block_ids":["a:0:{}"],"copied_media_ids":["a:0:{}"],"referenced_media_ids":["a:1:{i:0;i:3997;}"]},"uagb_featured_image_src":{"full":["https:\/\/www.visualfy.com\/wp-content\/uploads\/2025\/02\/ayuda-personas-diversidad-funcional-la-rioja.jpg",800,444,false],"thumbnail":["https:\/\/www.visualfy.com\/wp-content\/uploads\/2025\/02\/ayuda-personas-diversidad-funcional-la-rioja-150x150.jpg",150,150,true],"medium":["https:\/\/www.visualfy.com\/wp-content\/uploads\/2025\/02\/ayuda-personas-diversidad-funcional-la-rioja-300x167.jpg",300,167,true],"medium_large":["https:\/\/www.visualfy.com\/wp-content\/uploads\/2025\/02\/ayuda-personas-diversidad-funcional-la-rioja-768x426.jpg",768,426,true],"large":["https:\/\/www.visualfy.com\/wp-content\/uploads\/2025\/02\/ayuda-personas-diversidad-funcional-la-rioja.jpg",800,444,false],"1536x1536":["https:\/\/www.visualfy.com\/wp-content\/uploads\/2025\/02\/ayuda-personas-diversidad-funcional-la-rioja.jpg",800,444,false],"2048x2048":["https:\/\/www.visualfy.com\/wp-content\/uploads\/2025\/02\/ayuda-personas-diversidad-funcional-la-rioja.jpg",800,444,false]},"uagb_author_info":{"display_name":"visualfy","author_link":"https:\/\/www.visualfy.com\/es\/author\/visualfy\/"},"uagb_comment_info":0,"uagb_excerpt":"Recientemente se ha publicado la subvenci\u00f3n de la Rioja para comprar Visualfy Home, que estar\u00e1 abierta hasta finales de 2018. \u00bfC\u00f3mo solicitarla? Dentro de las ayudas disponibles hay tres enfocadas a personas afectadas de una discapacidad, para hacer frente a los gastos extraordinarios derivados de su discapacidad. La que te interesa para comprar Visualfy Home&hellip;","_links":{"self":[{"href":"https:\/\/www.visualfy.com\/es\/wp-json\/wp\/v2\/posts\/8002","targetHints":{"allow":["GET"]}}],"collection":[{"href":"https:\/\/www.visualfy.com\/es\/wp-json\/wp\/v2\/posts"}],"about":[{"href":"https:\/\/www.visualfy.com\/es\/wp-json\/wp\/v2\/types\/post"}],"author":[{"embeddable":true,"href":"https:\/\/www.visualfy.com\/es\/wp-json\/wp\/v2\/users\/2"}],"replies":[{"embeddable":true,"href":"https:\/\/www.visualfy.com\/es\/wp-json\/wp\/v2\/comments?post=8002"}],"version-history":[{"count":0,"href":"https:\/\/www.visualfy.com\/es\/wp-json\/wp\/v2\/posts\/8002\/revisions"}],"wp:featuredmedia":[{"embeddable":true,"href":"https:\/\/www.visualfy.com\/es\/wp-json\/wp\/v2\/media\/3997"}],"wp:attachment":[{"href":"https:\/\/www.visualfy.com\/es\/wp-json\/wp\/v2\/media?parent=8002"}],"wp:term":[{"taxonomy":"category","embeddable":true,"href":"https:\/\/www.visualfy.com\/es\/wp-json\/wp\/v2\/categories?post=8002"},{"taxonomy":"post_tag","embeddable":true,"href":"https:\/\/www.visualfy.com\/es\/wp-json\/wp\/v2\/tags?post=8002"}],"curies":[{"name":"wp","href":"https:\/\/api.w.org\/{rel}","templated":true}]}}