{"id":7999,"date":"2018-04-27T11:09:22","date_gmt":"2018-04-27T11:09:22","guid":{"rendered":"https:\/\/www.visualfy.com\/solicitud-de-ayuda-a-las-personas-con-diversidad-funcional-en-cantabria\/"},"modified":"2025-03-03T10:02:23","modified_gmt":"2025-03-03T10:02:23","slug":"solicitud-de-ayuda-a-las-personas-con-diversidad-funcional-en-cantabria","status":"publish","type":"post","link":"https:\/\/www.visualfy.com\/es\/solicitud-de-ayuda-a-las-personas-con-diversidad-funcional-en-cantabria\/","title":{"rendered":"Solicitud de ayuda a las personas con diversidad funcional en Cantabria"},"content":{"rendered":"\n<p>Recientemente ha salido una nueva subvenci\u00f3n <strong>dirigida a las personas sordas que viven en Cantabria<\/strong> con la que podr\u00e1s<strong> comprar Visualfy Home<\/strong>.<strong> El plazo para pedir la subvenci\u00f3n es hasta el 14 de mayo<\/strong>, pero podr\u00eda ampliarse. <strong><a href=\"https:\/\/www.visualfy.com\/es\/tienda\/visualfyhome\/\" target=\"_blank\" rel=\"noopener\">Visualfy Home<\/a><\/strong> es un dispositivo DSS que detecta sonidos c\u00f3mo el llanto del beb\u00e9, el timbre de la puerta o la alarma de incendios y avisa a los usuarios a trav\u00e9s de se\u00f1ales luminosas, el m\u00f3vil o el Smartwatch. El nombre de la subvenci\u00f3n es <strong>Autonom\u00eda Personal y Atenci\u00f3n a la Dependencia<\/strong>, y consiste en una prestaci\u00f3n econ\u00f3mica individual dirigida a la promoci\u00f3n de la vida aut\u00f3noma. Esta prestaci\u00f3n econ\u00f3mica tiene como objetivo la realizaci\u00f3n de actividades, la adquisici\u00f3n de bienes materiales para la promoci\u00f3n de la vida aut\u00f3noma, servicios o tratamientos que favorezcan la autonom\u00eda personal, la ejecuci\u00f3n de obras de adaptaci\u00f3n funcional de la vivienda habitual y permanente. Lo que quiere decir que si est\u00e1s interesado en comprar <strong>Visualfy Home,<\/strong> puedes solicitar esta subvenci\u00f3n que en principio termina el pr\u00f3ximo 14 de mayo, pero probablemente se prorrogue.<\/p>\n\n\n\n<h3 class=\"wp-block-heading\">Para comprar Visualfy Home, hay que pedir la subvenci\u00f3n n\u00ba3. A continuaci\u00f3n, te explicamos los pasos que tienes que seguir:<\/h3>\n\n\n\n<p>\n1. Entra en el cat\u00e1logo CEAPAT y ve al apartado 22, que es donde est\u00e1n los productos de apoyo para la comunicaci\u00f3n y la informaci\u00f3n\n\n2. Una vez all\u00ed busca el apartado 2227 de productos de apoyo para emitir alarmas\n\n3. Cuando est\u00e9s dentro, encontrar\u00e1s el n\u00famero 222703 que es el que est\u00e1 directamente relacionado con el producto <strong>Visualfy Home<\/strong>.\n\n4. Para hacer la solicitud entra en el enlace de la web y all\u00ed encontraras el Anexo n\u00ba 1 que debes imprimir y cumplimentar.\n<\/p>\n\n\n\n<h3 class=\"wp-block-heading\">Los requisitos para pedir la ayuda se especifican en el Anexo A y son:<\/h3>\n\n\n\n<ul class=\"wp-block-list\">\n<li>Ser menor de 65 a\u00f1os con discapacidad, o mayor de 65 sin trabajo.<\/li>\n\n\n\n<li>Que hayan pasado un m\u00ednimo de 5 a\u00f1os sin pedir esta misma subvenci\u00f3n con el mismo concepto.<\/li>\n\n\n\n<li>Tener el padr\u00f3n en Cantabria.<\/li>\n<\/ul>\n\n\n\n<p><strong>Para conseguir el presupuesto de compra de Visualfy Home solo tienes que enviarnos un e-mail a <a href=\"mailto:admon@visualfy.com\">admon@visualfy.com<\/a> con tus datos personales. En el asunto debe poner: Presupuesto Subvenci\u00f3n. Poco despu\u00e9s de envi\u00e1rnoslo tendr\u00e1s tu presupuesto listo para poder hacer la solicitud.<\/strong>\n\nSi tienes alguna duda de c\u00f3mo realizar la solicitud, que documentos necesitas o c\u00f3mo rellenarla puedes acudir a tu asociaci\u00f3n o a servicios sociales de tu zona para que te ayuden con todas las dudas.\n\nPara m\u00e1s informaci\u00f3n, entra en el <a href=\"http:\/\/www.serviciossocialescantabria.org\/index.php?page=prestacion-economica-individual-para-la-promocion-de-la-vida-autonoma\" target=\"_blank\" rel=\"noopener\">Instituto C\u00e1ntabro de Servicios Sociales<\/a>.\n\n<strong>Esperamos que tengas suerte y puedas comprar el dispositivo Visualfy Home.<\/strong><\/p>\n\n\n<span class='bctt-click-to-tweet'><span class='bctt-ctt-text'><a href=\"https:\/\/x.com\/intent\/tweet?url=https%3A%2F%2Fwww.visualfy.com%2Fes%2Fsolicitud-de-ayuda-a-las-personas-con-diversidad-funcional-en-cantabria%2F&#038;text=Solicitud%20de%20ayuda%20a%20las%20personas%20con%20diversidad%20funcional%20en%20Cantabria&#038;via=visualfy&#038;related=visualfy\" target=\"_blank\" rel=\"noopener noreferrer\">Solicitud de ayuda a las personas con diversidad funcional en Cantabria <\/a><\/span><a href=\"https:\/\/x.com\/intent\/tweet?url=https%3A%2F%2Fwww.visualfy.com%2Fes%2Fsolicitud-de-ayuda-a-las-personas-con-diversidad-funcional-en-cantabria%2F&#038;text=Solicitud%20de%20ayuda%20a%20las%20personas%20con%20diversidad%20funcional%20en%20Cantabria&#038;via=visualfy&#038;related=visualfy\" target=\"_blank\" class=\"bctt-ctt-btn\" rel=\"noopener noreferrer\">Compartir en X<\/a><\/span>\n\n\n\n<p>Estamos<a href=\"https:\/\/www.visualfy.com\/es\/ca\/ayudas-diversidad-funcional\/\"> recopilando todas las ayudas por comunidades aut\u00f3nomas<\/a>.. \u00bfNos echas una mano para completarla?<\/p>\n","protected":false},"excerpt":{"rendered":"<p>Recientemente ha salido una nueva subvenci\u00f3n dirigida a las personas sordas que viven en Cantabria con la que podr\u00e1s comprar Visualfy Home. El plazo para pedir la subvenci\u00f3n es hasta el 14 de mayo, pero podr\u00eda ampliarse. Visualfy Home es un dispositivo DSS que detecta sonidos c\u00f3mo el llanto del beb\u00e9, el timbre de la [&hellip;]<\/p>\n","protected":false},"author":2,"featured_media":3987,"comment_status":"open","ping_status":"open","sticky":false,"template":"","format":"standard","meta":{"_acf_changed":false,"content-type":"","_uag_custom_page_level_css":"","footnotes":""},"categories":[40],"tags":[],"class_list":["post-7999","post","type-post","status-publish","format-standard","has-post-thumbnail","hentry","category-ayudas-diversidad-funcional"],"acf":[],"spectra_custom_meta":{"_wp_page_template":["default"],"rank_math_internal_links_processed":["1"],"_wpml_word_count":["{\"total\":512,\"to_translate\":{\"en\":512}}"],"_yoast_wpseo_primary_category":[""],"_yoast_wpseo_keywordsynonyms":["[\"\"]"],"_wpml_media_duplicate":["0"],"_wpml_media_featured":["0"],"_yoast_wpseo_focuskeywords":["[]"],"_et_monarch_override":[""],"amazonS3_cache":["a:44:{s:61:\"\/\/dev.visualfy.com\/wp-content\/uploads\/2018\/04\/4mngk1xlw0q.jpg\";i:12326;s:38:\"\/\/cdn.visualfy.com\/img\/4mngk1xlw0q.jpg\";i:12326;s:61:\"\/\/www.visualfy.com\/wp-content\/uploads\/2018\/04\/4mngk1xlw0q.jpg\";i:12326;s:46:\"\/\/www.serviciossocialescantabria.org\/index.php\";a:1:{s:9:\"timestamp\";i:1547722881;}s:95:\"\/\/visualfy.acceseo.dev\/wp-content\/uploads\/2025\/02\/solicitud-ayuda-personas-sordas-cantabria.jpg\";a:1:{s:9:\"timestamp\";i:1744269475;}s:69:\"\/\/visualfy.acceseo.dev\/wp-content\/uploads\/2025\/02\/lse-icon-button.svg\";a:1:{s:9:\"timestamp\";i:1744268017;}s:81:\"\/\/visualfy.acceseo.dev\/wp-content\/uploads\/2025\/02\/visualfy-places-placeholder.jpg\";a:1:{s:9:\"timestamp\";i:1744268017;}s:66:\"\/\/visualfy.acceseo.dev\/wp-content\/uploads\/2025\/01\/computer_404.svg\";a:1:{s:9:\"timestamp\";i:1744268017;}s:63:\"\/\/visualfy.acceseo.dev\/wp-content\/uploads\/2025\/01\/user-icon.svg\";a:1:{s:9:\"timestamp\";i:1744268017;}s:58:\"\/\/visualfy.acceseo.dev\/wp-content\/uploads\/2025\/01\/menu.svg\";a:1:{s:9:\"timestamp\";i:1744268017;}s:67:\"\/\/visualfy.acceseo.dev\/wp-content\/uploads\/2025\/01\/logo-visualfy.svg\";a:1:{s:9:\"timestamp\";i:1744268017;}s:65:\"\/\/visualfy.acceseo.dev\/wp-content\/uploads\/2025\/01\/logo-footer.svg\";a:1:{s:9:\"timestamp\";i:1744268017;}s:88:\"\/\/visualfy.acceseo.dev\/wp-content\/uploads\/2025\/01\/union-europea-ministerio-industria.png\";a:1:{s:9:\"timestamp\";i:1744268017;}s:78:\"\/\/visualfy.acceseo.dev\/wp-content\/uploads\/2025\/01\/fondo-europeo-innovacion.png\";a:1:{s:9:\"timestamp\";i:1744268017;}s:77:\"\/\/visualfy.acceseo.dev\/wp-content\/uploads\/2025\/01\/generalitat-ivace-feder.png\";a:1:{s:9:\"timestamp\";i:1744268017;}s:85:\"\/\/visualfy.acceseo.dev\/wp-content\/uploads\/2025\/01\/generalita-ivace-cofinanciacion.png\";a:1:{s:9:\"timestamp\";i:1744268017;}s:61:\"\/\/visualfy.acceseo.dev\/wp-content\/uploads\/2025\/02\/Sem-3-1.png\";a:1:{s:9:\"timestamp\";i:1744268017;}s:69:\"\/\/visualfy.acceseo.dev\/wp-content\/uploads\/2025\/02\/Sem-3-1-300x176.png\";a:1:{s:9:\"timestamp\";i:1744268017;}s:70:\"\/\/visualfy.acceseo.dev\/wp-content\/uploads\/2025\/02\/Sem-3-1-1024x600.png\";a:1:{s:9:\"timestamp\";i:1744268017;}s:69:\"\/\/visualfy.acceseo.dev\/wp-content\/uploads\/2025\/02\/Sem-3-1-768x450.png\";a:1:{s:9:\"timestamp\";i:1744268017;}s:70:\"\/\/visualfy.acceseo.dev\/wp-content\/uploads\/2025\/02\/Sem-3-1-1536x900.png\";a:1:{s:9:\"timestamp\";i:1744268017;}s:71:\"\/\/visualfy.acceseo.dev\/wp-content\/uploads\/2025\/02\/Sem-3-1-2048x1200.png\";a:1:{s:9:\"timestamp\";i:1744268017;}s:63:\"\/\/visualfy.acceseo.dev\/wp-content\/uploads\/2025\/02\/Sem-2-3-1.jpg\";a:1:{s:9:\"timestamp\";i:1744268017;}s:71:\"\/\/visualfy.acceseo.dev\/wp-content\/uploads\/2025\/02\/Sem-2-3-1-300x169.jpg\";a:1:{s:9:\"timestamp\";i:1744268017;}s:72:\"\/\/visualfy.acceseo.dev\/wp-content\/uploads\/2025\/02\/Sem-2-3-1-1024x576.jpg\";a:1:{s:9:\"timestamp\";i:1744268017;}s:71:\"\/\/visualfy.acceseo.dev\/wp-content\/uploads\/2025\/02\/Sem-2-3-1-768x432.jpg\";a:1:{s:9:\"timestamp\";i:1744268017;}s:72:\"\/\/visualfy.acceseo.dev\/wp-content\/uploads\/2025\/02\/Sem-2-3-1-1536x864.jpg\";a:1:{s:9:\"timestamp\";i:1744268017;}s:63:\"\/\/visualfy.acceseo.dev\/wp-content\/uploads\/2025\/02\/Sem-1-2-1.png\";a:1:{s:9:\"timestamp\";i:1744268017;}s:71:\"\/\/visualfy.acceseo.dev\/wp-content\/uploads\/2025\/02\/Sem-1-2-1-300x157.png\";a:1:{s:9:\"timestamp\";i:1744268017;}s:72:\"\/\/visualfy.acceseo.dev\/wp-content\/uploads\/2025\/02\/Sem-1-2-1-1024x535.png\";a:1:{s:9:\"timestamp\";i:1744268017;}s:71:\"\/\/visualfy.acceseo.dev\/wp-content\/uploads\/2025\/02\/Sem-1-2-1-768x401.png\";a:1:{s:9:\"timestamp\";i:1744268017;}s:67:\"\/\/visualfy.acceseo.dev\/wp-content\/uploads\/2025\/02\/caixa-popular.svg\";a:1:{s:9:\"timestamp\";i:1744268017;}s:58:\"\/\/visualfy.acceseo.dev\/wp-content\/uploads\/2025\/02\/cdti.svg\";a:1:{s:9:\"timestamp\";i:1744268017;}s:58:\"\/\/visualfy.acceseo.dev\/wp-content\/uploads\/2025\/02\/cnse.svg\";a:1:{s:9:\"timestamp\";i:1744268017;}s:60:\"\/\/visualfy.acceseo.dev\/wp-content\/uploads\/2025\/02\/esteve.svg\";a:1:{s:9:\"timestamp\";i:1744268017;}s:60:\"\/\/visualfy.acceseo.dev\/wp-content\/uploads\/2025\/02\/fesord.svg\";a:1:{s:9:\"timestamp\";i:1744268017;}s:76:\"\/\/visualfy.acceseo.dev\/wp-content\/uploads\/2025\/02\/generalitat-valenciana.svg\";a:1:{s:9:\"timestamp\";i:1744268017;}s:66:\"\/\/visualfy.acceseo.dev\/wp-content\/uploads\/2025\/02\/horizon-2020.svg\";a:1:{s:9:\"timestamp\";i:1744268017;}s:59:\"\/\/visualfy.acceseo.dev\/wp-content\/uploads\/2025\/02\/ivace.svg\";a:1:{s:9:\"timestamp\";i:1744268017;}s:62:\"\/\/visualfy.acceseo.dev\/wp-content\/uploads\/2025\/02\/montsant.svg\";a:1:{s:9:\"timestamp\";i:1744268017;}s:69:\"\/\/visualfy.acceseo.dev\/wp-content\/uploads\/2025\/02\/naciones-unidas.svg\";a:1:{s:9:\"timestamp\";i:1744268017;}s:62:\"\/\/visualfy.acceseo.dev\/wp-content\/uploads\/2025\/02\/randstad.svg\";a:1:{s:9:\"timestamp\";i:1744268017;}s:64:\"\/\/visualfy.acceseo.dev\/wp-content\/uploads\/2025\/02\/telefonica.svg\";a:1:{s:9:\"timestamp\";i:1744268017;}s:66:\"\/\/visualfy.acceseo.dev\/wp-content\/uploads\/2025\/02\/wingstoclaim.svg\";a:1:{s:9:\"timestamp\";i:1744268017;}}"],"_yoast_wpseo_opengraph-title":[""],"_yoast_wpseo_opengraph-description":[""],"_yst_prominent_words_version":["1"],"_yoast_wpseo_video_meta":["a:15:{s:2:\"id\";s:11:\"4MnGk1XLw0Q\";s:4:\"type\";s:7:\"youtube\";s:3:\"url\";s:28:\"https:\/\/youtu.be\/4MnGk1XLw0Q\";s:7:\"post_id\";i:12314;s:5:\"title\";s:39:\"%%title%% %%page%% %%sep%% %%sitename%%\";s:16:\"publication_date\";s:25:\"2018-04-27T11:09:22+00:00\";s:11:\"description\";s:307:\"Esta prestaci\u00f3n econ\u00f3mica tiene como objetivo la realizaci\u00f3n de actividades, la adquisici\u00f3n de bienes materiales para la promoci\u00f3n de la vida aut\u00f3noma, servicios o tratamientos que favorezcan la autonom\u00eda personal, la ejecuci\u00f3n de obras de adaptaci\u00f3n funcional de la vivienda habitual y permanente.\";s:10:\"player_loc\";s:41:\"https:\/\/www.youtube.com\/embed\/4MnGk1XLw0Q\";s:13:\"thumbnail_loc\";s:44:\"https:\/\/cdn.visualfy.com\/img\/4mngk1xlw0q.jpg\";s:8:\"duration\";i:281;s:10:\"view_count\";i:111;s:5:\"width\";i:480;s:6:\"height\";i:270;s:8:\"category\";s:29:\"Subvenciones ayudas t\u00e9cnicas\";s:3:\"tag\";a:0:{}}"],"_yoast_wpseo_videositemap-duration":["281"],"_yoast_wpseo_videositemap-rating":["0"],"_yoast_wpseo_metadesc":["Esta prestaci\u00f3n econ\u00f3mica tiene como objetivo la realizaci\u00f3n de actividades, la adquisici\u00f3n de bienes materiales para la promoci\u00f3n de la vida aut\u00f3noma, servicios o tratamientos que favorezcan la autonom\u00eda personal, la ejecuci\u00f3n de obras de adaptaci\u00f3n funcional de la vivienda habitual y permanente."],"_yoast_wpseo_focuskw":[""],"_yoast_wpseo_content_score":["30"],"cmplz_hide_cookiebanner":[""],"_wpml_location_migration_done":["1"],"_fgj2wp_old_id":[""],"_yoast_wpseo_metakeywords":[""],"_bsf_post_type":["0"],"_yoast_wpseo_meta-robots-noindex":[""],"_fgj2wp_translation_association_key":[""],"_product_image_gallery":[""],"_wp_old_slug":[""],"_yoast_wpseo_title":["%%title%% %%page%% %%sep%% %%sitename%%"],"slide_template":[""],"_yoast_wpseo_opengraph-image":[""],"_yoast_wpseo_opengraph-image-id":[""],"_wp_old_date":[""],"_bsf_article_image":[""],"_bsf_article_name":[""],"_bsf_article_desc":[""],"_bsf_article_author":[""],"_bsf_article_publisher":[""],"_bsf_article_publisher_logo":[""],"_yoast_wpseo_meta-robots-nofollow":[""],"amp_status":[""],"_cmplz_scanned_post":[""],"_encloseme":[""],"_last_translation_edit_mode":[""],"_yoast_wpseo_twitter-title":[""],"_yoast_wpseo_twitter-description":[""],"_yoast_wpseo_twitter-image":[""],"_yoast_wpseo_twitter-image-id":[""],"_yoast_wpseo_linkdex":[""],"_thumbnail_id":["3987"],"_oembed_3bd4411e18d25fe80dd6703456483403":["<iframe title=\"Subvenciones para adquirir Visualfy Home en Cantabria\" width=\"500\" height=\"281\" src=\"https:\/\/www.youtube.com\/embed\/4MnGk1XLw0Q?feature=oembed\" frameborder=\"0\" allow=\"accelerometer; autoplay; clipboard-write; encrypted-media; gyroscope; picture-in-picture; web-share\" referrerpolicy=\"strict-origin-when-cross-origin\" allowfullscreen><\/iframe>"],"_oembed_time_3bd4411e18d25fe80dd6703456483403":["1740996074"],"_edit_lock":["1740996144:1"],"rank_math_seo_score":["9"],"rank_math_primary_category":["40"],"_pingme":["1"],"_uag_custom_page_level_css":[""],"footnotes":[""],"_edit_last":["1"],"lse_enlace":["https:\/\/youtu.be\/4MnGk1XLw0Q"],"_lse_enlace":["field_67b5db1d9d4ca"],"_betterdocs_reusable_block_ids":["a:0:{}"],"copied_media_ids":["a:0:{}"],"referenced_media_ids":["a:1:{i:0;i:3987;}"]},"uagb_featured_image_src":{"full":["https:\/\/www.visualfy.com\/wp-content\/uploads\/2025\/02\/solicitud-ayuda-personas-sordas-cantabria.jpg",800,324,false],"thumbnail":["https:\/\/www.visualfy.com\/wp-content\/uploads\/2025\/02\/solicitud-ayuda-personas-sordas-cantabria-150x150.jpg",150,150,true],"medium":["https:\/\/www.visualfy.com\/wp-content\/uploads\/2025\/02\/solicitud-ayuda-personas-sordas-cantabria-300x122.jpg",300,122,true],"medium_large":["https:\/\/www.visualfy.com\/wp-content\/uploads\/2025\/02\/solicitud-ayuda-personas-sordas-cantabria-768x311.jpg",768,311,true],"large":["https:\/\/www.visualfy.com\/wp-content\/uploads\/2025\/02\/solicitud-ayuda-personas-sordas-cantabria.jpg",800,324,false],"1536x1536":["https:\/\/www.visualfy.com\/wp-content\/uploads\/2025\/02\/solicitud-ayuda-personas-sordas-cantabria.jpg",800,324,false],"2048x2048":["https:\/\/www.visualfy.com\/wp-content\/uploads\/2025\/02\/solicitud-ayuda-personas-sordas-cantabria.jpg",800,324,false]},"uagb_author_info":{"display_name":"visualfy","author_link":"https:\/\/www.visualfy.com\/es\/author\/visualfy\/"},"uagb_comment_info":0,"uagb_excerpt":"Recientemente ha salido una nueva subvenci\u00f3n dirigida a las personas sordas que viven en Cantabria con la que podr\u00e1s comprar Visualfy Home. El plazo para pedir la subvenci\u00f3n es hasta el 14 de mayo, pero podr\u00eda ampliarse. Visualfy Home es un dispositivo DSS que detecta sonidos c\u00f3mo el llanto del beb\u00e9, el timbre de la&hellip;","_links":{"self":[{"href":"https:\/\/www.visualfy.com\/es\/wp-json\/wp\/v2\/posts\/7999","targetHints":{"allow":["GET"]}}],"collection":[{"href":"https:\/\/www.visualfy.com\/es\/wp-json\/wp\/v2\/posts"}],"about":[{"href":"https:\/\/www.visualfy.com\/es\/wp-json\/wp\/v2\/types\/post"}],"author":[{"embeddable":true,"href":"https:\/\/www.visualfy.com\/es\/wp-json\/wp\/v2\/users\/2"}],"replies":[{"embeddable":true,"href":"https:\/\/www.visualfy.com\/es\/wp-json\/wp\/v2\/comments?post=7999"}],"version-history":[{"count":0,"href":"https:\/\/www.visualfy.com\/es\/wp-json\/wp\/v2\/posts\/7999\/revisions"}],"wp:featuredmedia":[{"embeddable":true,"href":"https:\/\/www.visualfy.com\/es\/wp-json\/wp\/v2\/media\/3987"}],"wp:attachment":[{"href":"https:\/\/www.visualfy.com\/es\/wp-json\/wp\/v2\/media?parent=7999"}],"wp:term":[{"taxonomy":"category","embeddable":true,"href":"https:\/\/www.visualfy.com\/es\/wp-json\/wp\/v2\/categories?post=7999"},{"taxonomy":"post_tag","embeddable":true,"href":"https:\/\/www.visualfy.com\/es\/wp-json\/wp\/v2\/tags?post=7999"}],"curies":[{"name":"wp","href":"https:\/\/api.w.org\/{rel}","templated":true}]}}