{"id":7974,"date":"2017-10-27T17:00:00","date_gmt":"2017-10-27T17:00:00","guid":{"rendered":"https:\/\/www.visualfy.com\/noticias-destacadas-visualfy-27-10-2017-2\/"},"modified":"2025-03-03T10:41:09","modified_gmt":"2025-03-03T10:41:09","slug":"noticias-destacadas-visualfy-27-10-2017-2","status":"publish","type":"post","link":"https:\/\/www.visualfy.com\/es\/noticias-destacadas-visualfy-27-10-2017-2\/","title":{"rendered":"Tasa contra la contaminaci\u00f3n"},"content":{"rendered":"\n<p><span style=\"vertical-align: inherit;\"><span style=\"vertical-align: inherit;\">El pasado lunes 23 de octubre la ciudad de Londres impuso una nueva medida para evitar la contaminaci\u00f3n atmosf\u00e9rica.<\/span><\/span><\/p>\n\n\n\n<p><span style=\"vertical-align: inherit;\"><span style=\"vertical-align: inherit;\">Esta nueva medida consiste en la activaci\u00f3n de un peaje de tr\u00e1fico de 11,20\u20ac diarios, solamente para los veh\u00edculos m\u00e1s contaminantes, es decir los fueron matriculados antes del a\u00f1o 2006, que querr\u00e1n circular por el centro de la ciudad. El objetivo de esta medida es mejorar la calidad del aire, ya que cada a\u00f1o, m\u00e1s de 9.000 londinenses mueren a causa de la contaminaci\u00f3n ambiental. Por otro lado, parte de la sociedad brit\u00e1nica han considerado que pagar por circular por el centro de Londres afecta a las familias m\u00e1s desfavorecidas, ya que no solamente son 11,20\u20ac, sino que, desde el a\u00f1o 2003 para poder ir con tu coche por el centro tambi\u00e9n est\u00e1 obligado a pagar 11,50\u20ac para evitar atascos. Es decir, un total de 22,70\u20ac.<\/span><\/span><\/p>\n\n\n\n<p><span style=\"vertical-align: inherit;\"><span style=\"vertical-align: inherit;\">El alcalde de Londres, Sadiq Khan, pretende, en un futuro, prohibir el paso a grandes camiones por esa misma zona, para proteger a los ciclistas, que son los m\u00e1s afectados por atropellos mortales.<\/span><\/span><\/p>\n\n\n\n<hr class=\"wp-block-separator has-alpha-channel-opacity\"\/>\n\n\n\n<h2 class=\"wp-block-heading\"><span style=\"vertical-align: inherit;\"><span style=\"vertical-align: inherit;\">App que te avisa de tu medicaci\u00f3n<\/span><\/span><\/h2>\n\n\n\n<p><span style=\"vertical-align: inherit;\"><span style=\"vertical-align: inherit;\">Hay estudios que apuntan a que el <\/span><\/span><strong><span style=\"vertical-align: inherit;\"><span style=\"vertical-align: inherit;\">50% de la poblaci\u00f3n no toma bien su medicaci\u00f3n<\/span><\/span><\/strong><span style=\"vertical-align: inherit;\"><span style=\"vertical-align: inherit;\"> . Por ello, el Centro Singular de Investigaci\u00f3n en Tecnolog\u00edas de la Informaci\u00f3n de Galicia (CiTIUS) ha creado una App para el m\u00f3vil, llamada Cal\u00e9ndula, que te avisa cu\u00e1ndo tienes que tomarte la medicaci\u00f3n.<\/span><\/span><\/p>\n\n\n\n<p><span style=\"vertical-align: inherit;\"><span style=\"vertical-align: inherit;\">Esta App est\u00e1 incluida dentro del Servicio de Salud Gallego y as\u00ed cualquier persona podr\u00e1 ver sus tratamientos, la medicaci\u00f3n que se debe tomar y tambi\u00e9n la misma App avisa del calendario de recogida e incluye los prospectos de los medicamentos. En la misma <\/span><\/span><a href=\"https:\/\/www.visualfy.com\/es\/app\/\"><span style=\"vertical-align: inherit;\"><span style=\"vertical-align: inherit;\">App se pueden incluir tambi\u00e9n varios perfiles<\/span><\/span><\/a><span style=\"vertical-align: inherit;\"><span style=\"vertical-align: inherit;\"> , es decir, todos los miembros de una familia, por si los padres tienen que controlar la medicaci\u00f3n de los hijos o de personas mayores.<\/span><\/span><\/p>\n\n\n\n<hr class=\"wp-block-separator has-alpha-channel-opacity\"\/>\n\n\n\n<h2 class=\"wp-block-heading\"><span style=\"vertical-align: inherit;\"><span style=\"vertical-align: inherit;\">Talleres gratis en Pamplona<\/span><\/span><\/h2>\n\n\n\n<p><span style=\"vertical-align: inherit;\"><span style=\"vertical-align: inherit;\">El Ayuntamiento de Pamplona ha creado diferentes <\/span><\/span><strong><span style=\"vertical-align: inherit;\"><span style=\"vertical-align: inherit;\">talleres gratuitos sobre educaci\u00f3n energ\u00e9tica<\/span><\/span><\/strong><span style=\"vertical-align: inherit;\"><span style=\"vertical-align: inherit;\"> dirigidos a personas adultas, con el objetivo de sensibilizar a la sociedad sobre el buen uso y consumo de la energ\u00eda y tambi\u00e9n para hablar sobre las energ\u00edas renovables.<\/span><\/span><\/p>\n\n\n\n<p><span style=\"vertical-align: inherit;\"><span style=\"vertical-align: inherit;\">Adem\u00e1s, se pretende que los ciudadanos conozcan todos los puntos de las facturas de la luz y el gas e intentar conseguir formas de ahorro y reducir el impacto ambiental. Se realizar\u00e1n los martes de los meses de octubre y noviembre de 19h a 21h en diferentes centros p\u00fablicos de Pamplona.<\/span><\/span><\/p>\n\n\n\n<p><span style=\"vertical-align: inherit;\"><span style=\"vertical-align: inherit;\">Ya hemos terminado con las noticias, aprovechad para disfrutard el fin de semana y preparar la fiesta de Halloween.<\/span><\/span><\/p>\n","protected":false},"excerpt":{"rendered":"<p>El pasado lunes 23 de octubre la ciudad de Londres impuso una nueva medida para evitar la contaminaci\u00f3n atmosf\u00e9rica. Esta nueva medida consiste en la activaci\u00f3n de un peaje de tr\u00e1fico de 11,20\u20ac diarios, solamente para los veh\u00edculos m\u00e1s contaminantes, es decir los fueron matriculados antes del a\u00f1o 2006, que querr\u00e1n circular por el centro [&hellip;]<\/p>\n","protected":false},"author":2,"featured_media":3853,"comment_status":"open","ping_status":"open","sticky":false,"template":"","format":"standard","meta":{"_acf_changed":false,"content-type":"","_uag_custom_page_level_css":"","footnotes":""},"categories":[39],"tags":[],"class_list":["post-7974","post","type-post","status-publish","format-standard","has-post-thumbnail","hentry","category-tecnologia-accesibilidad"],"acf":[],"spectra_custom_meta":{"_wp_page_template":["default"],"rank_math_internal_links_processed":["1"],"_wpml_word_count":["{\"total\":461,\"to_translate\":{\"en\":461}}"],"_yoast_wpseo_primary_category":["295"],"_yoast_wpseo_keywordsynonyms":["[\"\"]"],"_wpml_media_duplicate":["0"],"_wpml_media_featured":["0"],"_yoast_wpseo_focuskeywords":["[]"],"_et_monarch_override":[""],"amazonS3_cache":["a:43:{s:61:\"\/\/dev.visualfy.com\/wp-content\/uploads\/2017\/10\/432xxn2vkz0.jpg\";i:10409;s:38:\"\/\/cdn.visualfy.com\/img\/432xxn2vkz0.jpg\";i:10409;s:61:\"\/\/www.visualfy.com\/wp-content\/uploads\/2017\/10\/432xxn2vkz0.jpg\";i:10409;s:67:\"\/\/visualfy.acceseo.dev\/wp-content\/uploads\/2025\/02\/contaminacion.jpg\";a:1:{s:9:\"timestamp\";i:1744269424;}s:69:\"\/\/visualfy.acceseo.dev\/wp-content\/uploads\/2025\/02\/lse-icon-button.svg\";a:1:{s:9:\"timestamp\";i:1744269423;}s:81:\"\/\/visualfy.acceseo.dev\/wp-content\/uploads\/2025\/02\/visualfy-places-placeholder.jpg\";a:1:{s:9:\"timestamp\";i:1744269423;}s:66:\"\/\/visualfy.acceseo.dev\/wp-content\/uploads\/2025\/01\/computer_404.svg\";a:1:{s:9:\"timestamp\";i:1744269423;}s:63:\"\/\/visualfy.acceseo.dev\/wp-content\/uploads\/2025\/01\/user-icon.svg\";a:1:{s:9:\"timestamp\";i:1744269423;}s:58:\"\/\/visualfy.acceseo.dev\/wp-content\/uploads\/2025\/01\/menu.svg\";a:1:{s:9:\"timestamp\";i:1744269423;}s:67:\"\/\/visualfy.acceseo.dev\/wp-content\/uploads\/2025\/01\/logo-visualfy.svg\";a:1:{s:9:\"timestamp\";i:1744269423;}s:65:\"\/\/visualfy.acceseo.dev\/wp-content\/uploads\/2025\/01\/logo-footer.svg\";a:1:{s:9:\"timestamp\";i:1744269424;}s:88:\"\/\/visualfy.acceseo.dev\/wp-content\/uploads\/2025\/01\/union-europea-ministerio-industria.png\";a:1:{s:9:\"timestamp\";i:1744269424;}s:78:\"\/\/visualfy.acceseo.dev\/wp-content\/uploads\/2025\/01\/fondo-europeo-innovacion.png\";a:1:{s:9:\"timestamp\";i:1744269424;}s:77:\"\/\/visualfy.acceseo.dev\/wp-content\/uploads\/2025\/01\/generalitat-ivace-feder.png\";a:1:{s:9:\"timestamp\";i:1744269424;}s:85:\"\/\/visualfy.acceseo.dev\/wp-content\/uploads\/2025\/01\/generalita-ivace-cofinanciacion.png\";a:1:{s:9:\"timestamp\";i:1744269424;}s:61:\"\/\/visualfy.acceseo.dev\/wp-content\/uploads\/2025\/02\/Sem-3-1.png\";a:1:{s:9:\"timestamp\";i:1744269424;}s:69:\"\/\/visualfy.acceseo.dev\/wp-content\/uploads\/2025\/02\/Sem-3-1-300x176.png\";a:1:{s:9:\"timestamp\";i:1744269424;}s:70:\"\/\/visualfy.acceseo.dev\/wp-content\/uploads\/2025\/02\/Sem-3-1-1024x600.png\";a:1:{s:9:\"timestamp\";i:1744269424;}s:69:\"\/\/visualfy.acceseo.dev\/wp-content\/uploads\/2025\/02\/Sem-3-1-768x450.png\";a:1:{s:9:\"timestamp\";i:1744269424;}s:70:\"\/\/visualfy.acceseo.dev\/wp-content\/uploads\/2025\/02\/Sem-3-1-1536x900.png\";a:1:{s:9:\"timestamp\";i:1744269424;}s:71:\"\/\/visualfy.acceseo.dev\/wp-content\/uploads\/2025\/02\/Sem-3-1-2048x1200.png\";a:1:{s:9:\"timestamp\";i:1744269424;}s:63:\"\/\/visualfy.acceseo.dev\/wp-content\/uploads\/2025\/02\/Sem-2-3-1.jpg\";a:1:{s:9:\"timestamp\";i:1744269424;}s:71:\"\/\/visualfy.acceseo.dev\/wp-content\/uploads\/2025\/02\/Sem-2-3-1-300x169.jpg\";a:1:{s:9:\"timestamp\";i:1744269424;}s:72:\"\/\/visualfy.acceseo.dev\/wp-content\/uploads\/2025\/02\/Sem-2-3-1-1024x576.jpg\";a:1:{s:9:\"timestamp\";i:1744269424;}s:71:\"\/\/visualfy.acceseo.dev\/wp-content\/uploads\/2025\/02\/Sem-2-3-1-768x432.jpg\";a:1:{s:9:\"timestamp\";i:1744269424;}s:72:\"\/\/visualfy.acceseo.dev\/wp-content\/uploads\/2025\/02\/Sem-2-3-1-1536x864.jpg\";a:1:{s:9:\"timestamp\";i:1744269424;}s:63:\"\/\/visualfy.acceseo.dev\/wp-content\/uploads\/2025\/02\/Sem-1-2-1.png\";a:1:{s:9:\"timestamp\";i:1744269424;}s:71:\"\/\/visualfy.acceseo.dev\/wp-content\/uploads\/2025\/02\/Sem-1-2-1-300x157.png\";a:1:{s:9:\"timestamp\";i:1744269424;}s:72:\"\/\/visualfy.acceseo.dev\/wp-content\/uploads\/2025\/02\/Sem-1-2-1-1024x535.png\";a:1:{s:9:\"timestamp\";i:1744269424;}s:71:\"\/\/visualfy.acceseo.dev\/wp-content\/uploads\/2025\/02\/Sem-1-2-1-768x401.png\";a:1:{s:9:\"timestamp\";i:1744269424;}s:67:\"\/\/visualfy.acceseo.dev\/wp-content\/uploads\/2025\/02\/caixa-popular.svg\";a:1:{s:9:\"timestamp\";i:1744269424;}s:58:\"\/\/visualfy.acceseo.dev\/wp-content\/uploads\/2025\/02\/cdti.svg\";a:1:{s:9:\"timestamp\";i:1744269424;}s:58:\"\/\/visualfy.acceseo.dev\/wp-content\/uploads\/2025\/02\/cnse.svg\";a:1:{s:9:\"timestamp\";i:1744269424;}s:60:\"\/\/visualfy.acceseo.dev\/wp-content\/uploads\/2025\/02\/esteve.svg\";a:1:{s:9:\"timestamp\";i:1744269424;}s:60:\"\/\/visualfy.acceseo.dev\/wp-content\/uploads\/2025\/02\/fesord.svg\";a:1:{s:9:\"timestamp\";i:1744269424;}s:76:\"\/\/visualfy.acceseo.dev\/wp-content\/uploads\/2025\/02\/generalitat-valenciana.svg\";a:1:{s:9:\"timestamp\";i:1744269424;}s:66:\"\/\/visualfy.acceseo.dev\/wp-content\/uploads\/2025\/02\/horizon-2020.svg\";a:1:{s:9:\"timestamp\";i:1744269424;}s:59:\"\/\/visualfy.acceseo.dev\/wp-content\/uploads\/2025\/02\/ivace.svg\";a:1:{s:9:\"timestamp\";i:1744269424;}s:62:\"\/\/visualfy.acceseo.dev\/wp-content\/uploads\/2025\/02\/montsant.svg\";a:1:{s:9:\"timestamp\";i:1744269424;}s:69:\"\/\/visualfy.acceseo.dev\/wp-content\/uploads\/2025\/02\/naciones-unidas.svg\";a:1:{s:9:\"timestamp\";i:1744269424;}s:62:\"\/\/visualfy.acceseo.dev\/wp-content\/uploads\/2025\/02\/randstad.svg\";a:1:{s:9:\"timestamp\";i:1744269424;}s:64:\"\/\/visualfy.acceseo.dev\/wp-content\/uploads\/2025\/02\/telefonica.svg\";a:1:{s:9:\"timestamp\";i:1744269424;}s:66:\"\/\/visualfy.acceseo.dev\/wp-content\/uploads\/2025\/02\/wingstoclaim.svg\";a:1:{s:9:\"timestamp\";i:1744269424;}}"],"_yoast_wpseo_opengraph-title":[""],"_yoast_wpseo_opengraph-description":[""],"_yst_prominent_words_version":["1"],"_yoast_wpseo_video_meta":["a:15:{s:2:\"id\";s:11:\"432xXN2vkz0\";s:4:\"type\";s:7:\"youtube\";s:3:\"url\";s:43:\"https:\/\/www.youtube.com\/watch?v=432xXN2vkz0\";s:7:\"post_id\";i:4515;s:5:\"title\";s:50:\"Tasa contra la contaminaci\u00f3n &amp;#8902; Visualfy\";s:16:\"publication_date\";s:25:\"2017-10-27T17:00:00+00:00\";s:11:\"description\";s:118:\"El pasado lunes 23 de octubre la ciudad de Londres impuso una nueva medida para evitar la contaminaci\u00f3n atmosf\u00e9rica.\";s:10:\"player_loc\";s:41:\"https:\/\/www.youtube.com\/embed\/432xXN2vkz0\";s:13:\"thumbnail_loc\";s:44:\"https:\/\/cdn.visualfy.com\/img\/432xxn2vkz0.jpg\";s:8:\"duration\";i:255;s:10:\"view_count\";i:81;s:5:\"width\";i:480;s:6:\"height\";i:270;s:8:\"category\";s:27:\"Tecnolog\u00eda y Accesibilidad\";s:3:\"tag\";a:0:{}}"],"_yoast_wpseo_videositemap-duration":["255"],"_yoast_wpseo_videositemap-rating":["0"],"_yoast_wpseo_metadesc":["El pasado lunes 23 de octubre la ciudad de Londres impuso una nueva medida para evitar la contaminaci\u00f3n atmosf\u00e9rica."],"_yoast_wpseo_focuskw":[""],"_yoast_wpseo_content_score":["30"],"cmplz_hide_cookiebanner":[""],"_wpml_location_migration_done":["1"],"_fgj2wp_old_id":["788"],"_yoast_wpseo_metakeywords":["comunidad sorda"],"_bsf_post_type":["0"],"_yoast_wpseo_meta-robots-noindex":["1"],"_fgj2wp_translation_association_key":[""],"_product_image_gallery":[""],"_wp_old_slug":[""],"_yoast_wpseo_title":[""],"slide_template":[""],"_yoast_wpseo_opengraph-image":[""],"_yoast_wpseo_opengraph-image-id":[""],"_wp_old_date":[""],"_bsf_article_image":[""],"_bsf_article_name":[""],"_bsf_article_desc":[""],"_bsf_article_author":[""],"_bsf_article_publisher":[""],"_bsf_article_publisher_logo":[""],"_yoast_wpseo_meta-robots-nofollow":[""],"amp_status":[""],"_cmplz_scanned_post":[""],"_encloseme":[""],"_last_translation_edit_mode":[""],"_yoast_wpseo_twitter-title":[""],"_yoast_wpseo_twitter-description":[""],"_yoast_wpseo_twitter-image":[""],"_yoast_wpseo_twitter-image-id":[""],"_yoast_wpseo_linkdex":[""],"_thumbnail_id":["3853"],"_oembed_8daff6d08e4114faa2534067e35470b1":["<iframe title=\"Noticias accesibles 27\/10\/2017 - Visualfy.es\" width=\"500\" height=\"281\" src=\"https:\/\/www.youtube.com\/embed\/432xXN2vkz0?feature=oembed\" frameborder=\"0\" allow=\"accelerometer; autoplay; clipboard-write; encrypted-media; gyroscope; picture-in-picture; web-share\" referrerpolicy=\"strict-origin-when-cross-origin\" allowfullscreen><\/iframe>"],"_oembed_time_8daff6d08e4114faa2534067e35470b1":["1740998414"],"_edit_lock":["1740998470:1"],"_oembed_3c01f97d9dbc7724ab54e0e23a4cc6ed":["<iframe title=\"Noticias accesibles 27\/10\/2017 - Visualfy.es\" width=\"992\" height=\"558\" src=\"https:\/\/www.youtube.com\/embed\/432xXN2vkz0?feature=oembed\" frameborder=\"0\" allow=\"accelerometer; autoplay; clipboard-write; encrypted-media; gyroscope; picture-in-picture; web-share\" referrerpolicy=\"strict-origin-when-cross-origin\" allowfullscreen><\/iframe>"],"_oembed_time_3c01f97d9dbc7724ab54e0e23a4cc6ed":["1740998423"],"rank_math_seo_score":["14"],"rank_math_primary_category":["39"],"_pingme":["1"],"_uag_custom_page_level_css":[""],"footnotes":[""],"_edit_last":["1"],"lse_enlace":["https:\/\/www.youtube.com\/watch?v=432xXN2vkz0"],"_lse_enlace":["field_67b5db1d9d4ca"],"_betterdocs_reusable_block_ids":["a:0:{}"],"copied_media_ids":["a:0:{}"],"referenced_media_ids":["a:1:{i:0;i:3853;}"]},"uagb_featured_image_src":{"full":["https:\/\/www.visualfy.com\/wp-content\/uploads\/2025\/02\/contaminacion.jpg",800,431,false],"thumbnail":["https:\/\/www.visualfy.com\/wp-content\/uploads\/2025\/02\/contaminacion-150x150.jpg",150,150,true],"medium":["https:\/\/www.visualfy.com\/wp-content\/uploads\/2025\/02\/contaminacion-300x162.jpg",300,162,true],"medium_large":["https:\/\/www.visualfy.com\/wp-content\/uploads\/2025\/02\/contaminacion-768x414.jpg",768,414,true],"large":["https:\/\/www.visualfy.com\/wp-content\/uploads\/2025\/02\/contaminacion.jpg",800,431,false],"1536x1536":["https:\/\/www.visualfy.com\/wp-content\/uploads\/2025\/02\/contaminacion.jpg",800,431,false],"2048x2048":["https:\/\/www.visualfy.com\/wp-content\/uploads\/2025\/02\/contaminacion.jpg",800,431,false]},"uagb_author_info":{"display_name":"visualfy","author_link":"https:\/\/www.visualfy.com\/es\/author\/visualfy\/"},"uagb_comment_info":0,"uagb_excerpt":"El pasado lunes 23 de octubre la ciudad de Londres impuso una nueva medida para evitar la contaminaci\u00f3n atmosf\u00e9rica. Esta nueva medida consiste en la activaci\u00f3n de un peaje de tr\u00e1fico de 11,20\u20ac diarios, solamente para los veh\u00edculos m\u00e1s contaminantes, es decir los fueron matriculados antes del a\u00f1o 2006, que querr\u00e1n circular por el centro&hellip;","_links":{"self":[{"href":"https:\/\/www.visualfy.com\/es\/wp-json\/wp\/v2\/posts\/7974","targetHints":{"allow":["GET"]}}],"collection":[{"href":"https:\/\/www.visualfy.com\/es\/wp-json\/wp\/v2\/posts"}],"about":[{"href":"https:\/\/www.visualfy.com\/es\/wp-json\/wp\/v2\/types\/post"}],"author":[{"embeddable":true,"href":"https:\/\/www.visualfy.com\/es\/wp-json\/wp\/v2\/users\/2"}],"replies":[{"embeddable":true,"href":"https:\/\/www.visualfy.com\/es\/wp-json\/wp\/v2\/comments?post=7974"}],"version-history":[{"count":0,"href":"https:\/\/www.visualfy.com\/es\/wp-json\/wp\/v2\/posts\/7974\/revisions"}],"wp:featuredmedia":[{"embeddable":true,"href":"https:\/\/www.visualfy.com\/es\/wp-json\/wp\/v2\/media\/3853"}],"wp:attachment":[{"href":"https:\/\/www.visualfy.com\/es\/wp-json\/wp\/v2\/media?parent=7974"}],"wp:term":[{"taxonomy":"category","embeddable":true,"href":"https:\/\/www.visualfy.com\/es\/wp-json\/wp\/v2\/categories?post=7974"},{"taxonomy":"post_tag","embeddable":true,"href":"https:\/\/www.visualfy.com\/es\/wp-json\/wp\/v2\/tags?post=7974"}],"curies":[{"name":"wp","href":"https:\/\/api.w.org\/{rel}","templated":true}]}}