{"id":7968,"date":"2017-10-04T15:00:00","date_gmt":"2017-10-04T15:00:00","guid":{"rendered":"https:\/\/www.visualfy.com\/falta-de-accesibilidad-en-hospitales-2\/"},"modified":"2025-03-03T11:00:02","modified_gmt":"2025-03-03T11:00:02","slug":"falta-de-accesibilidad-en-hospitales-2","status":"publish","type":"post","link":"https:\/\/www.visualfy.com\/es\/falta-de-accesibilidad-en-hospitales-2\/","title":{"rendered":"Falta de accesibilidad en Hospitales"},"content":{"rendered":"\n<p>Hoy otra vez queremos contaros una situaci\u00f3n que vivi\u00f3 una Persona Sorda en el mes de agosto en un hospital, esta vez en Zaragoza, en el hospital Miguel Servet.<\/p>\n\n\n\n<p>Javier Estada, un hombre sordo de 70 a\u00f1os, acudi\u00f3 a urgencias por una infecci\u00f3n de orina. Le tomaron los datos y se sent\u00f3 en la sala de espera. Como siempre, no advirti\u00f3 de que es una Persona Sorda porque nunca le ha hecho falta, pero aquel d\u00eda fue diferente.<\/p>\n\n\n\n<p>No llevaba ni un minuto esperando cuando, gracias a sus restos auditivos, le pareci\u00f3 o\u00edr su nombre, pero pens\u00f3 que era imposible que le llamaran tan pronto. Por eso, Javier <strong>piensa que pudo haber alg\u00fan problema con la megafon\u00eda<\/strong> porque a veces sal\u00eda el celador a llamar, pero en voz muy baja. Despu\u00e9s de<strong> 4h esperando<\/strong>, fue a preguntar y le dijeron que ten\u00eda que seguir esperando y as\u00ed pasaron 8h y media, hasta que un trabajador le pidi\u00f3 la SIP. Le dijeron que el <strong>ordenador hab\u00eda borrado la cita porque no hab\u00eda acudido a las llamadas<\/strong>, as\u00ed que tuvo que volver a dar sus datos de nuevo. El enfermero que le atendi\u00f3 se port\u00f3 muy bien con \u00e9l y le dijo que es la persona que le toma los quien se encarga de avisar de que es una Persona Sorda para que vayan a llamarlo directamente. Javier exige que en todos los <strong>hospitales haya carteles informativos para que la informaci\u00f3n sea accesible a todos.<\/strong><\/p>\n\n\n\n<p>Desde Visualfy estamos<strong> trabajando para que situaciones as\u00ed no se vuelvan a repetir<\/strong>. Nuestra Misi\u00f3n trata de mejorar la calidad de vida y la autonom\u00eda de las personas con p\u00e9rdida auditiva a trav\u00e9s de la tecnolog\u00eda, ofreci\u00e9ndoles un entorno m\u00e1s seguro y adaptado a sus necesidades, <strong>facilitando as\u00ed su inclusi\u00f3n en la sociedad<\/strong>.<\/p>\n\n\n\n<p>Por ello estamos creando un nuevo sistema llamado <a href=\"https:\/\/www.visualfy.com\/es\/visualfy-places\/\"><strong>Visualfy Places<\/strong><\/a>, con el objetivo de destruir las barreras de comunicaci\u00f3n, proporcionar un trabajo digno que aumente su autoestima y sensibilizar al resto de la sociedad hacia la <strong>diversidad de los ciudadanos y sus necesidades<\/strong>.<\/p>\n\n\n\n<p>Este<strong> sistema<\/strong> es capaz de<strong> alertar a una persona con p\u00e9rdida auditiva de que es su turno de visita en el m\u00e9dico<\/strong> o de cualquier situaci\u00f3n de emergencia que se produzca en un Hospital, enviando al Smartphone del usuario una alerta visual y\/o sensorial adaptada a cualquier v\u00eda comunicativa, bien <strong>sea subt\u00edtulos, audio a Lengua de Signos.<\/strong><\/p>\n\n\n\n<p>De este modo <strong>podemos iluminar la pantalla del tel\u00e9fono<\/strong> de color azul con una vibraci\u00f3n larga cuando es el turno de visita del usuario o en color rojo y acompa\u00f1ado de un v\u00eddeo informativo para explicar el protocolo a seguir en caso de ser necesario abandonar el edificio debido a una situaci\u00f3n de emergencia.<\/p>\n\n\n\n<p>Este sistema estar\u00e1 disponible para todo tipo de edificios p\u00fablicos a partir de 2018 y en un par de meses saldr\u00e1 a la venta a trav\u00e9s de nuestra web el <a href=\"https:\/\/www.visualfy.com\/es\/visualfy-home\/\" target=\"_blank\" rel=\"noopener\"><strong>Visualfy Home<\/strong><\/a> para domicilios particulares. El Visualfy Home es capaz de avisar al usuario de que est\u00e1 sonando el timbre, el despertador, el llanto de un beb\u00e9 o la alarma de incendios entre muchos otros sonidos.<\/p>\n\n\n\n<p>Si quieres saber m\u00e1s sobre el <strong>Visualfy Home o Places<\/strong>, puedes acceder a nuestra web www.visualfy.es donde iremos informando de novedades.<\/p>\n","protected":false},"excerpt":{"rendered":"<p>Hoy otra vez queremos contaros una situaci\u00f3n que vivi\u00f3 una Persona Sorda en el mes de agosto en un hospital, esta vez en Zaragoza, en el hospital Miguel Servet. Javier Estada, un hombre sordo de 70 a\u00f1os, acudi\u00f3 a urgencias por una infecci\u00f3n de orina. Le tomaron los datos y se sent\u00f3 en la sala [&hellip;]<\/p>\n","protected":false},"author":2,"featured_media":3801,"comment_status":"open","ping_status":"open","sticky":false,"template":"","format":"standard","meta":{"_acf_changed":false,"content-type":"","_uag_custom_page_level_css":"","footnotes":""},"categories":[39,29],"tags":[],"class_list":["post-7968","post","type-post","status-publish","format-standard","has-post-thumbnail","hentry","category-tecnologia-accesibilidad","category-accesibilidad-espacios-publicos"],"acf":[],"spectra_custom_meta":{"_wp_page_template":["default"],"rank_math_internal_links_processed":["1"],"_wpml_word_count":["{\"total\":582,\"to_translate\":{\"en\":582}}"],"_yoast_wpseo_primary_category":["5348"],"_yoast_wpseo_keywordsynonyms":["[\"\"]"],"_wpml_media_duplicate":["0"],"_wpml_media_featured":["0"],"_yoast_wpseo_focuskeywords":["[]"],"_et_monarch_override":[""],"amazonS3_cache":["a:43:{s:61:\"\/\/dev.visualfy.com\/wp-content\/uploads\/2017\/10\/bvetw9-bvk0.jpg\";i:10425;s:38:\"\/\/cdn.visualfy.com\/img\/bvetw9-bvk0.jpg\";i:10425;s:61:\"\/\/www.visualfy.com\/wp-content\/uploads\/2017\/10\/bvetw9-bvk0.jpg\";i:10425;s:78:\"\/\/visualfy.acceseo.dev\/wp-content\/uploads\/2025\/02\/hospitales-accesibilidad.jpg\";a:1:{s:9:\"timestamp\";i:1744269422;}s:69:\"\/\/visualfy.acceseo.dev\/wp-content\/uploads\/2025\/02\/lse-icon-button.svg\";a:1:{s:9:\"timestamp\";i:1744269421;}s:81:\"\/\/visualfy.acceseo.dev\/wp-content\/uploads\/2025\/02\/visualfy-places-placeholder.jpg\";a:1:{s:9:\"timestamp\";i:1744269421;}s:66:\"\/\/visualfy.acceseo.dev\/wp-content\/uploads\/2025\/01\/computer_404.svg\";a:1:{s:9:\"timestamp\";i:1744269421;}s:63:\"\/\/visualfy.acceseo.dev\/wp-content\/uploads\/2025\/01\/user-icon.svg\";a:1:{s:9:\"timestamp\";i:1744269421;}s:58:\"\/\/visualfy.acceseo.dev\/wp-content\/uploads\/2025\/01\/menu.svg\";a:1:{s:9:\"timestamp\";i:1744269421;}s:67:\"\/\/visualfy.acceseo.dev\/wp-content\/uploads\/2025\/01\/logo-visualfy.svg\";a:1:{s:9:\"timestamp\";i:1744269421;}s:65:\"\/\/visualfy.acceseo.dev\/wp-content\/uploads\/2025\/01\/logo-footer.svg\";a:1:{s:9:\"timestamp\";i:1744269422;}s:88:\"\/\/visualfy.acceseo.dev\/wp-content\/uploads\/2025\/01\/union-europea-ministerio-industria.png\";a:1:{s:9:\"timestamp\";i:1744269422;}s:78:\"\/\/visualfy.acceseo.dev\/wp-content\/uploads\/2025\/01\/fondo-europeo-innovacion.png\";a:1:{s:9:\"timestamp\";i:1744269422;}s:77:\"\/\/visualfy.acceseo.dev\/wp-content\/uploads\/2025\/01\/generalitat-ivace-feder.png\";a:1:{s:9:\"timestamp\";i:1744269422;}s:85:\"\/\/visualfy.acceseo.dev\/wp-content\/uploads\/2025\/01\/generalita-ivace-cofinanciacion.png\";a:1:{s:9:\"timestamp\";i:1744269422;}s:61:\"\/\/visualfy.acceseo.dev\/wp-content\/uploads\/2025\/02\/Sem-3-1.png\";a:1:{s:9:\"timestamp\";i:1744269422;}s:69:\"\/\/visualfy.acceseo.dev\/wp-content\/uploads\/2025\/02\/Sem-3-1-300x176.png\";a:1:{s:9:\"timestamp\";i:1744269422;}s:70:\"\/\/visualfy.acceseo.dev\/wp-content\/uploads\/2025\/02\/Sem-3-1-1024x600.png\";a:1:{s:9:\"timestamp\";i:1744269422;}s:69:\"\/\/visualfy.acceseo.dev\/wp-content\/uploads\/2025\/02\/Sem-3-1-768x450.png\";a:1:{s:9:\"timestamp\";i:1744269422;}s:70:\"\/\/visualfy.acceseo.dev\/wp-content\/uploads\/2025\/02\/Sem-3-1-1536x900.png\";a:1:{s:9:\"timestamp\";i:1744269422;}s:71:\"\/\/visualfy.acceseo.dev\/wp-content\/uploads\/2025\/02\/Sem-3-1-2048x1200.png\";a:1:{s:9:\"timestamp\";i:1744269422;}s:63:\"\/\/visualfy.acceseo.dev\/wp-content\/uploads\/2025\/02\/Sem-2-3-1.jpg\";a:1:{s:9:\"timestamp\";i:1744269422;}s:71:\"\/\/visualfy.acceseo.dev\/wp-content\/uploads\/2025\/02\/Sem-2-3-1-300x169.jpg\";a:1:{s:9:\"timestamp\";i:1744269422;}s:72:\"\/\/visualfy.acceseo.dev\/wp-content\/uploads\/2025\/02\/Sem-2-3-1-1024x576.jpg\";a:1:{s:9:\"timestamp\";i:1744269422;}s:71:\"\/\/visualfy.acceseo.dev\/wp-content\/uploads\/2025\/02\/Sem-2-3-1-768x432.jpg\";a:1:{s:9:\"timestamp\";i:1744269422;}s:72:\"\/\/visualfy.acceseo.dev\/wp-content\/uploads\/2025\/02\/Sem-2-3-1-1536x864.jpg\";a:1:{s:9:\"timestamp\";i:1744269422;}s:63:\"\/\/visualfy.acceseo.dev\/wp-content\/uploads\/2025\/02\/Sem-1-2-1.png\";a:1:{s:9:\"timestamp\";i:1744269422;}s:71:\"\/\/visualfy.acceseo.dev\/wp-content\/uploads\/2025\/02\/Sem-1-2-1-300x157.png\";a:1:{s:9:\"timestamp\";i:1744269422;}s:72:\"\/\/visualfy.acceseo.dev\/wp-content\/uploads\/2025\/02\/Sem-1-2-1-1024x535.png\";a:1:{s:9:\"timestamp\";i:1744269422;}s:71:\"\/\/visualfy.acceseo.dev\/wp-content\/uploads\/2025\/02\/Sem-1-2-1-768x401.png\";a:1:{s:9:\"timestamp\";i:1744269422;}s:67:\"\/\/visualfy.acceseo.dev\/wp-content\/uploads\/2025\/02\/caixa-popular.svg\";a:1:{s:9:\"timestamp\";i:1744269422;}s:58:\"\/\/visualfy.acceseo.dev\/wp-content\/uploads\/2025\/02\/cdti.svg\";a:1:{s:9:\"timestamp\";i:1744269422;}s:58:\"\/\/visualfy.acceseo.dev\/wp-content\/uploads\/2025\/02\/cnse.svg\";a:1:{s:9:\"timestamp\";i:1744269422;}s:60:\"\/\/visualfy.acceseo.dev\/wp-content\/uploads\/2025\/02\/esteve.svg\";a:1:{s:9:\"timestamp\";i:1744269422;}s:60:\"\/\/visualfy.acceseo.dev\/wp-content\/uploads\/2025\/02\/fesord.svg\";a:1:{s:9:\"timestamp\";i:1744269422;}s:76:\"\/\/visualfy.acceseo.dev\/wp-content\/uploads\/2025\/02\/generalitat-valenciana.svg\";a:1:{s:9:\"timestamp\";i:1744269422;}s:66:\"\/\/visualfy.acceseo.dev\/wp-content\/uploads\/2025\/02\/horizon-2020.svg\";a:1:{s:9:\"timestamp\";i:1744269422;}s:59:\"\/\/visualfy.acceseo.dev\/wp-content\/uploads\/2025\/02\/ivace.svg\";a:1:{s:9:\"timestamp\";i:1744269422;}s:62:\"\/\/visualfy.acceseo.dev\/wp-content\/uploads\/2025\/02\/montsant.svg\";a:1:{s:9:\"timestamp\";i:1744269422;}s:69:\"\/\/visualfy.acceseo.dev\/wp-content\/uploads\/2025\/02\/naciones-unidas.svg\";a:1:{s:9:\"timestamp\";i:1744269422;}s:62:\"\/\/visualfy.acceseo.dev\/wp-content\/uploads\/2025\/02\/randstad.svg\";a:1:{s:9:\"timestamp\";i:1744269422;}s:64:\"\/\/visualfy.acceseo.dev\/wp-content\/uploads\/2025\/02\/telefonica.svg\";a:1:{s:9:\"timestamp\";i:1744269422;}s:66:\"\/\/visualfy.acceseo.dev\/wp-content\/uploads\/2025\/02\/wingstoclaim.svg\";a:1:{s:9:\"timestamp\";i:1744269422;}}"],"_yoast_wpseo_opengraph-title":[""],"_yoast_wpseo_opengraph-description":[""],"_yst_prominent_words_version":["1"],"_yoast_wpseo_video_meta":["a:15:{s:2:\"id\";s:11:\"BvEtw9-BVK0\";s:4:\"type\";s:7:\"youtube\";s:3:\"url\";s:43:\"https:\/\/www.youtube.com\/watch?v=BvEtw9-BVK0\";s:7:\"post_id\";i:4499;s:5:\"title\";s:57:\"Falta de accesibilidad en Hospitales &amp;#8902; Visualfy\";s:16:\"publication_date\";s:25:\"2017-10-04T15:00:00+00:00\";s:11:\"description\";s:162:\"Hoy otra vez queremos contaros una situaci\u00f3n que vivi\u00f3 una Persona Sorda en el mes de agosto en un hospital, esta vez en Zaragoza, en el hospital Miguel Servet.\";s:10:\"player_loc\";s:41:\"https:\/\/www.youtube.com\/embed\/BvEtw9-BVK0\";s:13:\"thumbnail_loc\";s:44:\"https:\/\/cdn.visualfy.com\/img\/bvetw9-bvk0.jpg\";s:8:\"duration\";i:275;s:10:\"view_count\";i:189;s:5:\"width\";i:480;s:6:\"height\";i:270;s:8:\"category\";s:32:\"Accesibilidad espacios p\u00fablicos\";s:3:\"tag\";a:0:{}}"],"_yoast_wpseo_videositemap-duration":["275"],"_yoast_wpseo_videositemap-rating":["0"],"_yoast_wpseo_metadesc":["Hoy otra vez queremos contaros una situaci\u00f3n que vivi\u00f3 una Persona Sorda en el mes de agosto en un hospital, esta vez en Zaragoza, en el hospital Miguel Servet."],"_yoast_wpseo_focuskw":[""],"_yoast_wpseo_content_score":["30"],"cmplz_hide_cookiebanner":[""],"_wpml_location_migration_done":["1"],"_fgj2wp_old_id":["769"],"_yoast_wpseo_metakeywords":["comunidad sorda"],"_bsf_post_type":[""],"_yoast_wpseo_meta-robots-noindex":[""],"_fgj2wp_translation_association_key":[""],"_product_image_gallery":[""],"_wp_old_slug":[""],"_yoast_wpseo_title":[""],"slide_template":[""],"_yoast_wpseo_opengraph-image":[""],"_yoast_wpseo_opengraph-image-id":[""],"_wp_old_date":[""],"_bsf_article_image":[""],"_bsf_article_name":[""],"_bsf_article_desc":[""],"_bsf_article_author":[""],"_bsf_article_publisher":[""],"_bsf_article_publisher_logo":[""],"_yoast_wpseo_meta-robots-nofollow":[""],"amp_status":[""],"_cmplz_scanned_post":[""],"_encloseme":[""],"_last_translation_edit_mode":[""],"_yoast_wpseo_twitter-title":[""],"_yoast_wpseo_twitter-description":[""],"_yoast_wpseo_twitter-image":[""],"_yoast_wpseo_twitter-image-id":[""],"_yoast_wpseo_linkdex":[""],"_thumbnail_id":["3801"],"_oembed_76b6b4e9d4bff4c02fd6f3ec97022a3b":["<iframe title=\"Falta de accesibilidad en Hospitales - Visualfy.es\" width=\"500\" height=\"281\" src=\"https:\/\/www.youtube.com\/embed\/BvEtw9-BVK0?feature=oembed\" frameborder=\"0\" allow=\"accelerometer; autoplay; clipboard-write; encrypted-media; gyroscope; picture-in-picture; web-share\" referrerpolicy=\"strict-origin-when-cross-origin\" allowfullscreen><\/iframe>"],"_oembed_time_76b6b4e9d4bff4c02fd6f3ec97022a3b":["1740999552"],"_edit_lock":["1740999607:1"],"_oembed_9117eecae4381e4de2c36b1045cbe31f":["<iframe title=\"Falta de accesibilidad en Hospitales - Visualfy.es\" width=\"992\" height=\"558\" src=\"https:\/\/www.youtube.com\/embed\/BvEtw9-BVK0?feature=oembed\" frameborder=\"0\" allow=\"accelerometer; autoplay; clipboard-write; encrypted-media; gyroscope; picture-in-picture; web-share\" referrerpolicy=\"strict-origin-when-cross-origin\" allowfullscreen><\/iframe>"],"_oembed_time_9117eecae4381e4de2c36b1045cbe31f":["1740999560"],"rank_math_primary_category":["39"],"rank_math_seo_score":["13"],"_pingme":["1"],"_uag_custom_page_level_css":[""],"footnotes":[""],"_edit_last":["1"],"lse_enlace":["https:\/\/www.youtube.com\/watch?v=BvEtw9-BVK0"],"_lse_enlace":["field_67b5db1d9d4ca"],"_betterdocs_reusable_block_ids":["a:0:{}"],"copied_media_ids":["a:0:{}"],"referenced_media_ids":["a:1:{i:0;i:3801;}"]},"uagb_featured_image_src":{"full":["https:\/\/www.visualfy.com\/wp-content\/uploads\/2025\/02\/hospitales-accesibilidad.jpg",800,534,false],"thumbnail":["https:\/\/www.visualfy.com\/wp-content\/uploads\/2025\/02\/hospitales-accesibilidad-150x150.jpg",150,150,true],"medium":["https:\/\/www.visualfy.com\/wp-content\/uploads\/2025\/02\/hospitales-accesibilidad-300x200.jpg",300,200,true],"medium_large":["https:\/\/www.visualfy.com\/wp-content\/uploads\/2025\/02\/hospitales-accesibilidad-768x513.jpg",768,513,true],"large":["https:\/\/www.visualfy.com\/wp-content\/uploads\/2025\/02\/hospitales-accesibilidad.jpg",800,534,false],"1536x1536":["https:\/\/www.visualfy.com\/wp-content\/uploads\/2025\/02\/hospitales-accesibilidad.jpg",800,534,false],"2048x2048":["https:\/\/www.visualfy.com\/wp-content\/uploads\/2025\/02\/hospitales-accesibilidad.jpg",800,534,false]},"uagb_author_info":{"display_name":"visualfy","author_link":"https:\/\/www.visualfy.com\/es\/author\/visualfy\/"},"uagb_comment_info":0,"uagb_excerpt":"Hoy otra vez queremos contaros una situaci\u00f3n que vivi\u00f3 una Persona Sorda en el mes de agosto en un hospital, esta vez en Zaragoza, en el hospital Miguel Servet. Javier Estada, un hombre sordo de 70 a\u00f1os, acudi\u00f3 a urgencias por una infecci\u00f3n de orina. Le tomaron los datos y se sent\u00f3 en la sala&hellip;","_links":{"self":[{"href":"https:\/\/www.visualfy.com\/es\/wp-json\/wp\/v2\/posts\/7968","targetHints":{"allow":["GET"]}}],"collection":[{"href":"https:\/\/www.visualfy.com\/es\/wp-json\/wp\/v2\/posts"}],"about":[{"href":"https:\/\/www.visualfy.com\/es\/wp-json\/wp\/v2\/types\/post"}],"author":[{"embeddable":true,"href":"https:\/\/www.visualfy.com\/es\/wp-json\/wp\/v2\/users\/2"}],"replies":[{"embeddable":true,"href":"https:\/\/www.visualfy.com\/es\/wp-json\/wp\/v2\/comments?post=7968"}],"version-history":[{"count":0,"href":"https:\/\/www.visualfy.com\/es\/wp-json\/wp\/v2\/posts\/7968\/revisions"}],"wp:featuredmedia":[{"embeddable":true,"href":"https:\/\/www.visualfy.com\/es\/wp-json\/wp\/v2\/media\/3801"}],"wp:attachment":[{"href":"https:\/\/www.visualfy.com\/es\/wp-json\/wp\/v2\/media?parent=7968"}],"wp:term":[{"taxonomy":"category","embeddable":true,"href":"https:\/\/www.visualfy.com\/es\/wp-json\/wp\/v2\/categories?post=7968"},{"taxonomy":"post_tag","embeddable":true,"href":"https:\/\/www.visualfy.com\/es\/wp-json\/wp\/v2\/tags?post=7968"}],"curies":[{"name":"wp","href":"https:\/\/api.w.org\/{rel}","templated":true}]}}