{"id":7837,"date":"2019-07-11T08:16:53","date_gmt":"2019-07-11T08:16:53","guid":{"rendered":"https:\/\/www.visualfy.com\/entrevista-isidre-esteve-corredor-rally-dakar\/"},"modified":"2025-02-27T08:53:10","modified_gmt":"2025-02-27T08:53:10","slug":"entrevista-isidre-esteve-corredor-rally-dakar","status":"publish","type":"post","link":"https:\/\/www.visualfy.com\/es\/entrevista-isidre-esteve-corredor-rally-dakar\/","title":{"rendered":"\u201cEl mundo del motor es la gran excepci\u00f3n y el gran ejemplo de la inclusi\u00f3n\u201d"},"content":{"rendered":"\n<h2 class=\"wp-block-heading\">Entrevistamos a Isidre Esteve, un campe\u00f3n en el mundo del motor y creador de la Fundaci\u00f3n Isidre Esteve que trabaja para fomentar el deporte en las personas con discapacidad f\u00edsica.<\/h2>\n\n\n\n<p>Isidre Esteve ya era un campe\u00f3n mucho antes del accidente que le impidi\u00f3 volver a caminar. En 2007 tuvo una ca\u00edda en el Bajo Almazora y se fractur\u00f3 dos v\u00e9rtebras, perdiendo la movilidad en la parte inferior del cuerpo. Ello no le impidi\u00f3 seguir disfrutando de lo que m\u00e1s le gusta: el mundo del motor. <strong>Isidre puede presumir de haber participado hasta en 13 ocasiones en el famoso Rally Dakar<\/strong>, 3 de ellas tras la lesi\u00f3n y en un coche adaptado. En 2011 cre\u00f3 <strong>la <a href=\"https:\/\/fundacioisidreesteve.org\/\" target=\"_blank\" rel=\"noopener\">Fundaci\u00f3n Esteve<\/a>, que impulsa proyectos para mejorar la calidad de vida de las personas con discapacidad f\u00edsica a trav\u00e9s del deporte.  <\/strong><\/p>\n\n\n\n<p><strong>\u00bfQu\u00e9 te motiv\u00f3 a volver al mundo del motor tras el accidente y en concreto el mundo de los rallies?<\/strong><\/p>\n\n\n\n<p>Desde un principio trabajamos duro para normalizar al m\u00e1ximo mi vida, no romp\u00ed nunca el v\u00ednculo con las carreras, soy piloto est\u00e9 en el estado que est\u00e9, as\u00ed que una vez recuperado f\u00edsicamente, no tard\u00f3 en salir la oportunidad de volver a correr y \u00a1no lo pens\u00e9 dos veces!  <\/p>\n\n\n\n<figure class=\"wp-block-image size-full is-resized\"><img decoding=\"async\" width=\"900\" height=\"506\" src=\"https:\/\/www.visualfy.com\/wp-content\/uploads\/2025\/02\/entrevista-isidre-esteve-1.jpg\" alt=\"entrevista-isidre-esteve\" class=\"wp-image-5122\" style=\"width:992px;height:auto\" srcset=\"https:\/\/www.visualfy.com\/wp-content\/uploads\/2025\/02\/entrevista-isidre-esteve-1.jpg 900w, https:\/\/www.visualfy.com\/wp-content\/uploads\/2025\/02\/entrevista-isidre-esteve-1-300x169.jpg 300w, https:\/\/www.visualfy.com\/wp-content\/uploads\/2025\/02\/entrevista-isidre-esteve-1-768x432.jpg 768w\" sizes=\"(max-width: 900px) 100vw, 900px\" \/><figcaption class=\"wp-element-caption\"><em>Isidre Esteve. Fuente: El Espa\u00f1ol.<\/em><\/figcaption><\/figure>\n\n\n\n<p><strong>Este a\u00f1o has vuelto a correr en el Dakar, una de las pruebas m\u00e1s duras de rally. \u00bfC\u00f3mo te preparas para una prueba as\u00ed?<\/strong><\/p>\n\n\n\n<p>A diferencia de las motos entrenar con los coches es muy dif\u00edcil y costoso, as\u00ed que intento hacer un par de carreras para entrenar y poner a punto el coche y el resto del a\u00f1o me centro en la preparaci\u00f3n f\u00edsica.  <\/p>\n\n\n\n<p>\nEl\nentrenamiento f\u00edsico es trabajo global, resistencia, fuerza,\nequilibrio, concentraci\u00f3n y prevenci\u00f3n. Aunque el rally en coche\nes mucho menos exigente f\u00edsicamente que en moto, si que requiere\nuna buena preparaci\u00f3n f\u00edsica para aguantar en las mejores\ncondiciones posibles las largas etapas de carrera. \n<\/p>\n\n\n\n<p><strong>\u00bfQu\u00e9 opinas de la accesibilidad y la inclusi\u00f3n en el deporte? \u00bfY en el mundo del motor?<\/strong><\/p>\n\n\n\n<p>En general se est\u00e1n haciendo muchos esfuerzos, aunque hay mucho terreno aun por recorrer, la sociedad est\u00e1 cambiando.  <\/p>\n\n\n\n<p>\nEn\nla alta competici\u00f3n la inclusi\u00f3n es muy dif\u00edcil, as\u00ed que\nsiempre habr\u00e1 deportes exclusivos para personas con discapacidad.\nLa inclusi\u00f3n se debe trabajar en las bases. \n<\/p>\n\n\n\n<p>\nEl\nmundo del motor es la gran excepci\u00f3n y el gran ejemplo de\ninclusi\u00f3n. En el Dakar competimos personas con y sin discapacidad\nsin diferencias, mismas condiciones, mismo recorrido, misma\nclasificaci\u00f3n, y eso es lo que me motiva, competir con los dem\u00e1s,\ncon los que ya fueron mis rivales en moto y estar con ellos en la\nclasificaci\u00f3n. \n<\/p>\n\n\n\n<p>\nEntiendo\nque en otros deportes no es tan f\u00e1cil o a veces imposible, pero\npienso que en el deporte amateur, y siempre que sea factible, se\ndeber\u00eda facilitar la inclusi\u00f3n y que personas con y sin\ndiscapacidad compitiesen juntas. \n<\/p>\n\n\n<span class='bctt-click-to-tweet'><span class='bctt-ctt-text'><a href=\"https:\/\/x.com\/intent\/tweet?url=https%3A%2F%2Fwww.visualfy.com%2Fes%2Fentrevista-isidre-esteve-corredor-rally-dakar%2F&#038;text=En%20el%20deporte%20amateur%2C%20y%20siempre%20que%20sea%20factible%2C%20se%20deber%C3%ADa%20facilitar%20la%20inclusi%C3%B3n%20y%20que%20personas%20con%20y%20sin%20discapacidad%20compitiesen%20juntas.%20%20&#038;via=visualfy&#038;related=visualfy\" target=\"_blank\" rel=\"noopener noreferrer\">En el deporte amateur, y siempre que sea factible, se deber\u00eda facilitar la inclusi\u00f3n y que personas con y sin discapacidad compitiesen juntas.   <\/a><\/span><a href=\"https:\/\/x.com\/intent\/tweet?url=https%3A%2F%2Fwww.visualfy.com%2Fes%2Fentrevista-isidre-esteve-corredor-rally-dakar%2F&#038;text=En%20el%20deporte%20amateur%2C%20y%20siempre%20que%20sea%20factible%2C%20se%20deber%C3%ADa%20facilitar%20la%20inclusi%C3%B3n%20y%20que%20personas%20con%20y%20sin%20discapacidad%20compitiesen%20juntas.%20%20&#038;via=visualfy&#038;related=visualfy\" target=\"_blank\" class=\"bctt-ctt-btn\" rel=\"noopener noreferrer\">Compartir en X<\/a><\/span>\n\n\n<p><strong>\u00bfCu\u00e1ndo y por qu\u00e9 decidiste crear la Fundaci\u00f3n Isidre Esteve?<\/strong><\/p>\n\n\n\n<p>  Nos dimos cuenta de que pod\u00edamos ayudar a los dem\u00e1s a trav\u00e9s de la actividad f\u00edsica a mejorar su calidad de vida y su integraci\u00f3n, del mismo modo que me ayud\u00f3 a mi el hecho de practicar deporte.  <\/p>\n\n\n\n<p>\nLa\nactividad f\u00edsica es una herramienta que no s\u00f3lo act\u00faa mejorando\nla condici\u00f3n f\u00edsica de las personas, tambi\u00e9n mejora su\nautoestima, autonom\u00eda, actitud, etc&#8230;y facilita la relaci\u00f3n con\notras personas. \n<\/p>\n\n\n\n<p><strong>\u00bfCu\u00e1l es el denominador com\u00fan de los proyectos en los que ayud\u00e1is e impuls\u00e1is desde la Fundaci\u00f3n?<\/strong><\/p>\n\n\n\n<p>El objetivo: Mejorar la calidad de vida de las personas con discapacidad f\u00edsica o problemas de movilidad, y en casi todos los proyectos, a trav\u00e9s de la actividad f\u00edsica y el deporte.  <\/p>\n\n\n\n<p><strong>\u00bfQu\u00e9 proyectos ten\u00e9is previsto poner en marcha en los pr\u00f3ximos meses?<\/strong><\/p>\n\n\n\n<p> Ahora estamos centrados en los dos grandes eventos de la Fundaci\u00f3, uno es la Coruxo M\u00f3vese en Galicia los d\u00edas 7 y 9 de junio. Donde esperamos llegar a los 1000 participantes.  <\/p>\n\n\n<span class='bctt-click-to-tweet'><span class='bctt-ctt-text'><a href=\"https:\/\/x.com\/intent\/tweet?url=https%3A%2F%2Fwww.visualfy.com%2Fes%2Fentrevista-isidre-esteve-corredor-rally-dakar%2F&#038;text=El%20objetivo%20de%20la%20Fundaci%C3%B3n%20Isidre%20Esteve%3A%20mejorar%20la%20calidad%20de%20vida%20de%20las%20personas%20con%20discapacidad%20f%C3%ADsica%20o%20problemas%20de%20movilidad%2C%20y%20en%20casi%20todos%20los%20proyectos%2C%20a%20trav%C3%A9s%20de%20la%20actividad%20f%C3%ADsica%20y%20el%20deporte.%20%20&#038;via=visualfy&#038;related=visualfy\" target=\"_blank\" rel=\"noopener noreferrer\">El objetivo de la Fundaci\u00f3n Isidre Esteve: mejorar la calidad de vida de las personas con discapacidad f\u00edsica o problemas de movilidad, y en casi todos los proyectos, a trav\u00e9s de la actividad f\u00edsica y el deporte.   <\/a><\/span><a href=\"https:\/\/x.com\/intent\/tweet?url=https%3A%2F%2Fwww.visualfy.com%2Fes%2Fentrevista-isidre-esteve-corredor-rally-dakar%2F&#038;text=El%20objetivo%20de%20la%20Fundaci%C3%B3n%20Isidre%20Esteve%3A%20mejorar%20la%20calidad%20de%20vida%20de%20las%20personas%20con%20discapacidad%20f%C3%ADsica%20o%20problemas%20de%20movilidad%2C%20y%20en%20casi%20todos%20los%20proyectos%2C%20a%20trav%C3%A9s%20de%20la%20actividad%20f%C3%ADsica%20y%20el%20deporte.%20%20&#038;via=visualfy&#038;related=visualfy\" target=\"_blank\" class=\"bctt-ctt-btn\" rel=\"noopener noreferrer\">Compartir en X<\/a><\/span>\n\n\n<p>\nY\nel otro el Gran Premi FIE el 26 de Julio en el Circuito de Barcelona\nCatalunya. \n<\/p>\n\n\n\n<p>\nSon\ndos eventos deportivo-l\u00fadicos que acaban, el primero con una comida\npopular y el segundo con una cena de gala en la misma recta de\ntribuna del Circuit. \n<\/p>\n\n\n\n<p><strong>Isidre Esteve es, sin duda, una fundaci\u00f3n de referencia que favorece la accesibilidad a la pr\u00e1ctica deportiva de las personas con discapacidad, \u00bfcu\u00e1les  son los hitos m\u00e1s significativos que hab\u00e9is conseguido desde la       creaci\u00f3n de la fundaci\u00f3n?<\/strong><\/p>\n\n\n\n<p> Tenemos varios usuarios de los Centros Puente compitiendo a nivel alto y ya federados en sus deportes. Pero lo m\u00e1s importante es que la gran mayor\u00eda de nuestros usuarios han mejorado su vida y muchos contin\u00faan su actividad f\u00edsica en Centros Convencionales, gimnasios, clubs, centros de fitness, etc&#8230;  <\/p>\n\n\n\n<p>\nOtro\ngran hito es la creaci\u00f3n del Coj\u00edn Inteligene (N\u00fabolo) que tras\n7 a\u00f1os de trabajo, ya est\u00e1 a la venta! \n<\/p>\n\n\n\n<p><strong>\u00bfQu\u00e9 le dir\u00edas a nuestros seguidores amantes de los rallies que aun teniendo discapacidad quieren disfrutar practicando e incluso intentar labrarse una carrera?<\/strong><\/p>\n\n\n\n<p> Que el camino no es f\u00e1cil, \u00a1pero no deben nunca renunciar a sus sue\u00f1os!  <\/p>\n\n\n\n<p>\n<strong>Gracias\npor tu tiempo Isidre, nos quedamos con esa \u00faltima frase tan\ninspiradora. <\/strong>\n<\/p>\n\n\n\n<p> \u00bfTe ha gustado la entrevista de Isidre? Suscr\u00edbete a nuestra newsletter y recibe en tu correo cada mes entrevistas interesantes como esta.  <\/p>\n","protected":false},"excerpt":{"rendered":"<p>Entrevistamos a Isidre Esteve, un campe\u00f3n en el mundo del motor y creador de la Fundaci\u00f3n Isidre Esteve que trabaja para fomentar el deporte en las personas con discapacidad f\u00edsica. Isidre Esteve ya era un campe\u00f3n mucho antes del accidente que le impidi\u00f3 volver a caminar. En 2007 tuvo una ca\u00edda en el Bajo Almazora [&hellip;]<\/p>\n","protected":false},"author":2,"featured_media":5121,"comment_status":"open","ping_status":"open","sticky":false,"template":"","format":"standard","meta":{"_acf_changed":false,"content-type":"","_uag_custom_page_level_css":"","footnotes":""},"categories":[36],"tags":[],"class_list":["post-7837","post","type-post","status-publish","format-standard","has-post-thumbnail","hentry","category-sordos-magnificos"],"acf":[],"spectra_custom_meta":{"_wp_page_template":["default"],"rank_math_internal_links_processed":["1"],"_wpml_word_count":["877"],"_yoast_wpseo_primary_category":["4185"],"_yoast_wpseo_keywordsynonyms":["[\"\"]"],"_wpml_media_duplicate":["0"],"_wpml_media_featured":["0"],"_yoast_wpseo_focuskeywords":["[]"],"_et_monarch_override":[""],"amazonS3_cache":["a:45:{s:74:\"\/\/www.visualfy.com\/wp-content\/uploads\/2019\/07\/entrevista-isidre-esteve.jpg\";i:25968;s:51:\"\/\/cdn.visualfy.com\/img\/entrevista-isidre-esteve.jpg\";i:25968;s:80:\"\/\/visualfy.acceseo.dev\/wp-content\/uploads\/2025\/02\/entrevista-isidre-esteve-1.jpg\";a:1:{s:9:\"timestamp\";i:1744269466;}s:86:\"\/\/visualfy.acceseo.dev\/wp-content\/uploads\/2025\/02\/cropped-entrevista-isidre-esteve.jpg\";a:1:{s:9:\"timestamp\";i:1744269466;}s:69:\"\/\/visualfy.acceseo.dev\/wp-content\/uploads\/2025\/02\/lse-icon-button.svg\";a:1:{s:9:\"timestamp\";i:1744268039;}s:81:\"\/\/visualfy.acceseo.dev\/wp-content\/uploads\/2025\/02\/visualfy-places-placeholder.jpg\";a:1:{s:9:\"timestamp\";i:1744268039;}s:66:\"\/\/visualfy.acceseo.dev\/wp-content\/uploads\/2025\/01\/computer_404.svg\";a:1:{s:9:\"timestamp\";i:1744268039;}s:63:\"\/\/visualfy.acceseo.dev\/wp-content\/uploads\/2025\/01\/user-icon.svg\";a:1:{s:9:\"timestamp\";i:1744268039;}s:58:\"\/\/visualfy.acceseo.dev\/wp-content\/uploads\/2025\/01\/menu.svg\";a:1:{s:9:\"timestamp\";i:1744268039;}s:67:\"\/\/visualfy.acceseo.dev\/wp-content\/uploads\/2025\/01\/logo-visualfy.svg\";a:1:{s:9:\"timestamp\";i:1744268039;}s:65:\"\/\/visualfy.acceseo.dev\/wp-content\/uploads\/2025\/01\/logo-footer.svg\";a:1:{s:9:\"timestamp\";i:1744268039;}s:88:\"\/\/visualfy.acceseo.dev\/wp-content\/uploads\/2025\/01\/union-europea-ministerio-industria.png\";a:1:{s:9:\"timestamp\";i:1744268039;}s:78:\"\/\/visualfy.acceseo.dev\/wp-content\/uploads\/2025\/01\/fondo-europeo-innovacion.png\";a:1:{s:9:\"timestamp\";i:1744268039;}s:77:\"\/\/visualfy.acceseo.dev\/wp-content\/uploads\/2025\/01\/generalitat-ivace-feder.png\";a:1:{s:9:\"timestamp\";i:1744268039;}s:85:\"\/\/visualfy.acceseo.dev\/wp-content\/uploads\/2025\/01\/generalita-ivace-cofinanciacion.png\";a:1:{s:9:\"timestamp\";i:1744268039;}s:88:\"\/\/visualfy.acceseo.dev\/wp-content\/uploads\/2025\/02\/entrevista-isidre-esteve-1-300x169.jpg\";a:1:{s:9:\"timestamp\";i:1744268039;}s:88:\"\/\/visualfy.acceseo.dev\/wp-content\/uploads\/2025\/02\/entrevista-isidre-esteve-1-768x432.jpg\";a:1:{s:9:\"timestamp\";i:1744268039;}s:61:\"\/\/visualfy.acceseo.dev\/wp-content\/uploads\/2025\/02\/Sem-3-1.png\";a:1:{s:9:\"timestamp\";i:1744268039;}s:69:\"\/\/visualfy.acceseo.dev\/wp-content\/uploads\/2025\/02\/Sem-3-1-300x176.png\";a:1:{s:9:\"timestamp\";i:1744268039;}s:70:\"\/\/visualfy.acceseo.dev\/wp-content\/uploads\/2025\/02\/Sem-3-1-1024x600.png\";a:1:{s:9:\"timestamp\";i:1744268039;}s:69:\"\/\/visualfy.acceseo.dev\/wp-content\/uploads\/2025\/02\/Sem-3-1-768x450.png\";a:1:{s:9:\"timestamp\";i:1744268039;}s:70:\"\/\/visualfy.acceseo.dev\/wp-content\/uploads\/2025\/02\/Sem-3-1-1536x900.png\";a:1:{s:9:\"timestamp\";i:1744268039;}s:71:\"\/\/visualfy.acceseo.dev\/wp-content\/uploads\/2025\/02\/Sem-3-1-2048x1200.png\";a:1:{s:9:\"timestamp\";i:1744268039;}s:63:\"\/\/visualfy.acceseo.dev\/wp-content\/uploads\/2025\/02\/Sem-2-3-1.jpg\";a:1:{s:9:\"timestamp\";i:1744268039;}s:71:\"\/\/visualfy.acceseo.dev\/wp-content\/uploads\/2025\/02\/Sem-2-3-1-300x169.jpg\";a:1:{s:9:\"timestamp\";i:1744268039;}s:72:\"\/\/visualfy.acceseo.dev\/wp-content\/uploads\/2025\/02\/Sem-2-3-1-1024x576.jpg\";a:1:{s:9:\"timestamp\";i:1744268039;}s:71:\"\/\/visualfy.acceseo.dev\/wp-content\/uploads\/2025\/02\/Sem-2-3-1-768x432.jpg\";a:1:{s:9:\"timestamp\";i:1744268039;}s:72:\"\/\/visualfy.acceseo.dev\/wp-content\/uploads\/2025\/02\/Sem-2-3-1-1536x864.jpg\";a:1:{s:9:\"timestamp\";i:1744268039;}s:63:\"\/\/visualfy.acceseo.dev\/wp-content\/uploads\/2025\/02\/Sem-1-2-1.png\";a:1:{s:9:\"timestamp\";i:1744268039;}s:71:\"\/\/visualfy.acceseo.dev\/wp-content\/uploads\/2025\/02\/Sem-1-2-1-300x157.png\";a:1:{s:9:\"timestamp\";i:1744268039;}s:72:\"\/\/visualfy.acceseo.dev\/wp-content\/uploads\/2025\/02\/Sem-1-2-1-1024x535.png\";a:1:{s:9:\"timestamp\";i:1744268039;}s:71:\"\/\/visualfy.acceseo.dev\/wp-content\/uploads\/2025\/02\/Sem-1-2-1-768x401.png\";a:1:{s:9:\"timestamp\";i:1744268039;}s:67:\"\/\/visualfy.acceseo.dev\/wp-content\/uploads\/2025\/02\/caixa-popular.svg\";a:1:{s:9:\"timestamp\";i:1744268039;}s:58:\"\/\/visualfy.acceseo.dev\/wp-content\/uploads\/2025\/02\/cdti.svg\";a:1:{s:9:\"timestamp\";i:1744268039;}s:58:\"\/\/visualfy.acceseo.dev\/wp-content\/uploads\/2025\/02\/cnse.svg\";a:1:{s:9:\"timestamp\";i:1744268039;}s:60:\"\/\/visualfy.acceseo.dev\/wp-content\/uploads\/2025\/02\/esteve.svg\";a:1:{s:9:\"timestamp\";i:1744268039;}s:60:\"\/\/visualfy.acceseo.dev\/wp-content\/uploads\/2025\/02\/fesord.svg\";a:1:{s:9:\"timestamp\";i:1744268039;}s:76:\"\/\/visualfy.acceseo.dev\/wp-content\/uploads\/2025\/02\/generalitat-valenciana.svg\";a:1:{s:9:\"timestamp\";i:1744268039;}s:66:\"\/\/visualfy.acceseo.dev\/wp-content\/uploads\/2025\/02\/horizon-2020.svg\";a:1:{s:9:\"timestamp\";i:1744268039;}s:59:\"\/\/visualfy.acceseo.dev\/wp-content\/uploads\/2025\/02\/ivace.svg\";a:1:{s:9:\"timestamp\";i:1744268039;}s:62:\"\/\/visualfy.acceseo.dev\/wp-content\/uploads\/2025\/02\/montsant.svg\";a:1:{s:9:\"timestamp\";i:1744268039;}s:69:\"\/\/visualfy.acceseo.dev\/wp-content\/uploads\/2025\/02\/naciones-unidas.svg\";a:1:{s:9:\"timestamp\";i:1744268039;}s:62:\"\/\/visualfy.acceseo.dev\/wp-content\/uploads\/2025\/02\/randstad.svg\";a:1:{s:9:\"timestamp\";i:1744268039;}s:64:\"\/\/visualfy.acceseo.dev\/wp-content\/uploads\/2025\/02\/telefonica.svg\";a:1:{s:9:\"timestamp\";i:1744268039;}s:66:\"\/\/visualfy.acceseo.dev\/wp-content\/uploads\/2025\/02\/wingstoclaim.svg\";a:1:{s:9:\"timestamp\";i:1744268039;}}"],"_yoast_wpseo_opengraph-title":["\"El mundo del motor es el gran ejemplo de la inclusi\u00f3n\""],"_yoast_wpseo_opengraph-description":["Isidre Esteve ya era un campe\u00f3n mucho antes del accidente que le impidi\u00f3 volver a caminar. Isidre puede presumir de haber participado hasta en 13 ocasiones en el famoso Rally Dakar, 3 de ellas tras la lesi\u00f3n y en un coche adaptado."],"_yst_prominent_words_version":["1"],"_yoast_wpseo_video_meta":["a:14:{s:2:\"id\";s:11:\"WaKowFxLFKQ\";s:4:\"type\";s:7:\"youtube\";s:3:\"url\";s:28:\"https:\/\/youtu.be\/WaKowFxLFKQ\";s:7:\"post_id\";s:5:\"25965\";s:5:\"title\";s:66:\"&quot;El mundo del motor es el gran ejemplo de la inclusi\u00f3n&quot;\";s:16:\"publication_date\";s:25:\"2019-07-11T08:16:53+00:00\";s:11:\"description\";s:141:\"Isidre puede presumir de haber participado hasta en 13 ocasiones en el famoso Rally Dakar, 3 de ellas tras la lesi\u00f3n y en un coche adaptado.\";s:10:\"player_loc\";s:41:\"https:\/\/www.youtube.com\/embed\/WaKowFxLFKQ\";s:13:\"thumbnail_loc\";s:44:\"https:\/\/cdn.visualfy.com\/img\/wakowfxlfkq.jpg\";s:8:\"duration\";s:3:\"553\";s:5:\"width\";s:3:\"480\";s:6:\"height\";s:3:\"270\";s:8:\"category\";s:24:\"Personas extraordinarias\";s:3:\"tag\";a:0:{}}"],"_yoast_wpseo_videositemap-duration":["553"],"_yoast_wpseo_videositemap-rating":["0"],"_yoast_wpseo_metadesc":["Isidre puede presumir de haber participado hasta en 13 ocasiones en el famoso Rally Dakar, 3 de ellas tras la lesi\u00f3n y en un coche adaptado."],"_yoast_wpseo_focuskw":[""],"_yoast_wpseo_content_score":[""],"cmplz_hide_cookiebanner":[""],"_wpml_location_migration_done":["1"],"_fgj2wp_old_id":[""],"_yoast_wpseo_metakeywords":[""],"_bsf_post_type":[""],"_yoast_wpseo_meta-robots-noindex":[""],"_fgj2wp_translation_association_key":[""],"_product_image_gallery":[""],"_wp_old_slug":[""],"_yoast_wpseo_title":["\"El mundo del motor es el gran ejemplo de la inclusi\u00f3n\""],"slide_template":[""],"_yoast_wpseo_opengraph-image":["https:\/\/cdn.visualfy.com\/img\/entrevista-isidre-esteve.jpg"],"_yoast_wpseo_opengraph-image-id":["25968"],"_wp_old_date":[""],"_bsf_article_image":[""],"_bsf_article_name":[""],"_bsf_article_desc":[""],"_bsf_article_author":[""],"_bsf_article_publisher":[""],"_bsf_article_publisher_logo":[""],"_yoast_wpseo_meta-robots-nofollow":[""],"amp_status":[""],"_cmplz_scanned_post":["1"],"_encloseme":[""],"_last_translation_edit_mode":[""],"_yoast_wpseo_twitter-title":[""],"_yoast_wpseo_twitter-description":[""],"_yoast_wpseo_twitter-image":[""],"_yoast_wpseo_twitter-image-id":[""],"_yoast_wpseo_linkdex":[""],"_thumbnail_id":["5121"],"_pingme":["1"],"_edit_last":["1"],"_oembed_e62e8849fccbca7f7d5c8729771cf6ee":["<iframe title=\"Entrevista a Isidre Esteve -Visualfy\" width=\"500\" height=\"281\" src=\"https:\/\/www.youtube.com\/embed\/WaKowFxLFKQ?feature=oembed\" frameborder=\"0\" allow=\"accelerometer; autoplay; clipboard-write; encrypted-media; gyroscope; picture-in-picture; web-share\" referrerpolicy=\"strict-origin-when-cross-origin\" allowfullscreen><\/iframe>"],"_oembed_time_e62e8849fccbca7f7d5c8729771cf6ee":["1740646074"],"_edit_lock":["1740646399:1"],"rank_math_seo_score":["15"],"rank_math_primary_category":["36"],"_uag_custom_page_level_css":[""],"footnotes":[""],"lse_enlace":["https:\/\/youtu.be\/WaKowFxLFKQ"],"_lse_enlace":["field_67b5db1d9d4ca"],"_betterdocs_reusable_block_ids":["a:0:{}"],"copied_media_ids":["a:1:{i:0;i:7840;}"],"referenced_media_ids":["a:1:{i:0;i:5121;}"]},"uagb_featured_image_src":{"full":["https:\/\/www.visualfy.com\/wp-content\/uploads\/2025\/02\/cropped-entrevista-isidre-esteve.jpg",899,506,false],"thumbnail":["https:\/\/www.visualfy.com\/wp-content\/uploads\/2025\/02\/cropped-entrevista-isidre-esteve-150x150.jpg",150,150,true],"medium":["https:\/\/www.visualfy.com\/wp-content\/uploads\/2025\/02\/cropped-entrevista-isidre-esteve-300x169.jpg",300,169,true],"medium_large":["https:\/\/www.visualfy.com\/wp-content\/uploads\/2025\/02\/cropped-entrevista-isidre-esteve-768x432.jpg",768,432,true],"large":["https:\/\/www.visualfy.com\/wp-content\/uploads\/2025\/02\/cropped-entrevista-isidre-esteve.jpg",899,506,false],"1536x1536":["https:\/\/www.visualfy.com\/wp-content\/uploads\/2025\/02\/cropped-entrevista-isidre-esteve.jpg",899,506,false],"2048x2048":["https:\/\/www.visualfy.com\/wp-content\/uploads\/2025\/02\/cropped-entrevista-isidre-esteve.jpg",899,506,false]},"uagb_author_info":{"display_name":"visualfy","author_link":"https:\/\/www.visualfy.com\/es\/author\/visualfy\/"},"uagb_comment_info":0,"uagb_excerpt":"Entrevistamos a Isidre Esteve, un campe\u00f3n en el mundo del motor y creador de la Fundaci\u00f3n Isidre Esteve que trabaja para fomentar el deporte en las personas con discapacidad f\u00edsica. Isidre Esteve ya era un campe\u00f3n mucho antes del accidente que le impidi\u00f3 volver a caminar. En 2007 tuvo una ca\u00edda en el Bajo Almazora&hellip;","_links":{"self":[{"href":"https:\/\/www.visualfy.com\/es\/wp-json\/wp\/v2\/posts\/7837","targetHints":{"allow":["GET"]}}],"collection":[{"href":"https:\/\/www.visualfy.com\/es\/wp-json\/wp\/v2\/posts"}],"about":[{"href":"https:\/\/www.visualfy.com\/es\/wp-json\/wp\/v2\/types\/post"}],"author":[{"embeddable":true,"href":"https:\/\/www.visualfy.com\/es\/wp-json\/wp\/v2\/users\/2"}],"replies":[{"embeddable":true,"href":"https:\/\/www.visualfy.com\/es\/wp-json\/wp\/v2\/comments?post=7837"}],"version-history":[{"count":0,"href":"https:\/\/www.visualfy.com\/es\/wp-json\/wp\/v2\/posts\/7837\/revisions"}],"wp:featuredmedia":[{"embeddable":true,"href":"https:\/\/www.visualfy.com\/es\/wp-json\/wp\/v2\/media\/5121"}],"wp:attachment":[{"href":"https:\/\/www.visualfy.com\/es\/wp-json\/wp\/v2\/media?parent=7837"}],"wp:term":[{"taxonomy":"category","embeddable":true,"href":"https:\/\/www.visualfy.com\/es\/wp-json\/wp\/v2\/categories?post=7837"},{"taxonomy":"post_tag","embeddable":true,"href":"https:\/\/www.visualfy.com\/es\/wp-json\/wp\/v2\/tags?post=7837"}],"curies":[{"name":"wp","href":"https:\/\/api.w.org\/{rel}","templated":true}]}}