{"id":7780,"date":"2019-02-26T10:05:53","date_gmt":"2019-02-26T10:05:53","guid":{"rendered":"https:\/\/www.visualfy.com\/oscar-nunez-motociclista\/"},"modified":"2025-02-26T09:16:52","modified_gmt":"2025-02-26T09:16:52","slug":"oscar-nunez-motociclista","status":"publish","type":"post","link":"https:\/\/www.visualfy.com\/es\/oscar-nunez-motociclista\/","title":{"rendered":"\u00d3scar N\u00fa\u00f1ez, un futuro campe\u00f3n de la velocidad"},"content":{"rendered":"\n<p>Con tan solo 12 a\u00f1os, <strong>Oscar N\u00fa\u00f1ez <\/strong>nos da una lecci\u00f3n de superaci\u00f3n al conocer su historia. <strong>Sordo de nacimiento, con implante bilateral<\/strong> y <strong>corredor de motociclismo con dos t\u00edtulos ya de Campe\u00f3n de Catalu\u00f1a<\/strong>, Oscar impacta por su fuerza y por su implacable sue\u00f1o de llegar a la \u00e9lite. <\/p>\n\n\n\n<p>Su familia es, como podr\u00e9is imaginar, la principal v\u00e1lvula de inyecci\u00f3n del car\u00e1cter luchador de Oscar. <strong>Le hemos pedido a su madre, Iolanda, que nos cuente c\u00f3mo ha llegado hasta aqu\u00ed y cu\u00e1les son los pr\u00f3ximos objetivos en mente. <\/strong><\/p>\n\n\n\n<p><strong>\u00bfDe d\u00f3nde y desde cu\u00e1ndo le viene la afici\u00f3n de pilotar motos a Oscar? <\/strong><\/p>\n\n\n\n<p>La afici\u00f3n se la hemos inculcado nosotros. Cuando estaba embarazada de Oscar, ya barajamos la posibilidad de apuntarlo a una escuela de motos. Las motos nos han gustado desde siempre, pero al descubrir que Oscar era sordo, intentamos sacarnos esa idea de la cabeza y plantearlo todo de otra manera. <\/p>\n\n\n\n<figure class=\"wp-block-image size-full\"><img decoding=\"async\" width=\"900\" height=\"900\" src=\"https:\/\/www.visualfy.com\/wp-content\/uploads\/2025\/02\/oscar-nunez-nino-sordo1-1.jpg\" alt=\"\u00d3scar N\u00fa\u00f1ez ni\u00f1o sordo\" class=\"wp-image-4839\" srcset=\"https:\/\/www.visualfy.com\/wp-content\/uploads\/2025\/02\/oscar-nunez-nino-sordo1-1.jpg 900w, https:\/\/www.visualfy.com\/wp-content\/uploads\/2025\/02\/oscar-nunez-nino-sordo1-1-300x300.jpg 300w, https:\/\/www.visualfy.com\/wp-content\/uploads\/2025\/02\/oscar-nunez-nino-sordo1-1-150x150.jpg 150w, https:\/\/www.visualfy.com\/wp-content\/uploads\/2025\/02\/oscar-nunez-nino-sordo1-1-768x768.jpg 768w\" sizes=\"(max-width: 900px) 100vw, 900px\" \/><figcaption class=\"wp-element-caption\">\u00d3scar N\u00fa\u00f1ez ni\u00f1o sordo<\/figcaption><\/figure>\n\n\n\n<p>Cuando Oscar ya\nten\u00eda 6 a\u00f1os, y todav\u00eda con el gusanillo dentro, un amigo le regal\u00f3 una Pocket\n(mini moto) a Oscar. Fue a partir de ah\u00ed cuando todo cambi\u00f3. Por aquel entonces\nOscar hac\u00eda atletismo, empezaba a competir y se le daba bastante bien, pero al\nprobar la moto dijo que lo que \u00e9l quer\u00eda ser es piloto. <\/p>\n\n\n\n<p>Y desde\nentonces y hasta hoy no ha querido bajarse de la moto. El camino hasta llegar\naqu\u00ed ha sido duro y lo sigue siendo, es un deporte de riesgo y siempre da mucho\nrespeto ver a tu hijo pilotar. Pero la ilusi\u00f3n es nuestro principal motor. <\/p>\n\n\n\n<p><strong>\u00bfQu\u00e9 premios ha conseguido Oscar y en qu\u00e9 categor\u00edas? \u00bfCu\u00e1les son sus objetivos para los pr\u00f3ximos a\u00f1os?<\/strong><\/p>\n\n\n\n<p>Oscar ha sido\ncampe\u00f3n de Catalu\u00f1a de mini motos en 2015 y campe\u00f3n de Catalu\u00f1a en la categor\u00eda\n140 cc en 2017. Ahora toca formarse, entrenar mucho y participar en\ncompeticiones. Nuestro objetivo este 2019 es el Campeonato de Espa\u00f1a (CEV) en\nla categor\u00eda de Moto4. Este a\u00f1o hemos decidido ir a por todas con los medios\nque dispongamos y pasar a correr en Pre Moto4. <\/p>\n\n\n\n<p><strong>Sabemos que a Oscar se le ca\u00edan los implantes al ponerse el casco de la moto y esto era muy molesto para \u00e9l. \u00bfC\u00f3mo hab\u00e9is solventado esta situaci\u00f3n? <\/strong><\/p>\n\n\n\n<p>S\u00ed, al inicio\nera una tortura. Ning\u00fan casco le serv\u00eda, independientemente del precio y gamas.\nEra ponerle el casco y se le ca\u00edan los implantes todo el tiempo. Era muy\nmolesto ya que a veces ten\u00eda que, incluso, pilotar con un solo implante y esto\nle imped\u00eda escuchar a las otras motos y a la suya. Hasta que, a trav\u00e9s de un\ncompa\u00f1ero de competici\u00f3n, conocimos la marca Scorpion y desde entonces solo\nlleva este Casco, Scorpion EXO. Ha sido un cambio muy positivo, ya que su\nsistema de inflado le mantiene los implantes fijos, sin peligro de que se\ncaigan y le permite tambi\u00e9n una audici\u00f3n clara. <\/p>\n\n\n\n<p><strong>Pilotar motos te somete a un elevado nivel sonoro, es una actividad muy ruidosa. \u00bfC\u00f3mo lleva Oscar esta situaci\u00f3n?<\/strong> <\/p>\n\n\n\n<p>Oscar est\u00e1\nacostumbrado a este \u201cruido\u201d. No es molesto para \u00e9l, todo lo contrario, incluso\nle gusta. Adem\u00e1s, la programaci\u00f3n que lleva en los implantes le permite\nseleccionar y escuchar las voces con m\u00e1s claridad, por ejemplo, y anular o\naplacar ruidos m\u00e1s sonoros o molestos. En conclusi\u00f3n, su audici\u00f3n en una\ncarrera o entreno y con el casco puesto, se va modulando seg\u00fan su necesidad.<\/p>\n\n\n\n<p><strong>Oscar hace visible una discapacidad y demuestra que un ni\u00f1o sordo puede hacer lo que desee. \u00bfEsto ha ayudado a encontrar patrocinadores?<\/strong> <\/p>\n\n\n\n<p>Sinceramente, no.\nOscar deber\u00eda entrenar un par de veces por semana como m\u00ednimo, ya sea motocross\no rodar en circuito de velocidad para ir ganando en pilotaje. Dependiendo de si\nse hace en karting o en circuito grande, y en funci\u00f3n de desplazamientos,\nrecambios, gasolina, etc., puede tener un coste aproximado al mes de entre 300\u20ac\no 500\u20ac.<\/p>\n\n\n\n<p>Actualmente, su principal patrocinador es el due\u00f1o de Cafeter\u00edas Caldas, y contamos tambi\u00e9n con el apoyo del RACC, pero necesitamos m\u00e1s patrocinios y poder as\u00ed entrenar un poco m\u00e1s. Cualquier piloto necesita estar entrenando casi a diario. Oscar tiene muchas aptitudes, talento no le falta, pero necesita entrenar m\u00e1s.<\/p>\n\n\n<span class='bctt-click-to-tweet'><span class='bctt-ctt-text'><a href='https:\/\/x.com\/intent\/tweet?url=https%3A%2F%2Fwww.visualfy.com%2Fes%2Foscar-nunez-motociclista%2F&#038;text=Oscar%20N%C3%BA%C3%B1ezu003cstrongu003e%20u003c%2Fstrongu003enos%20da%20una%20lecci%C3%B3n%20de%20superaci%C3%B3n%20al%20conocer%20su%20historia.Sordo%20de%20nacimiento%2C%20con%20implante%20bilateral%20y%20corredor%20de%20motociclismo%20con%20dos%20t%C3%ADtulos%20ya%20de%20Campe%C3%B3n%20de%20Catalu%C3%B1a.&#038;via=visualfy&#038;related=visualfy' target='_blank'rel=\"noopener noreferrer\">Oscar N\u00fa\u00f1ezu003cstrongu003e u003c\/strongu003enos da una lecci\u00f3n de superaci\u00f3n al conocer su historia.Sordo de nacimiento, con implante bilateral y corredor de motociclismo con dos t\u00edtulos ya de Campe\u00f3n de Catalu\u00f1a. <\/a><\/span><a href='https:\/\/x.com\/intent\/tweet?url=https%3A%2F%2Fwww.visualfy.com%2Fes%2Foscar-nunez-motociclista%2F&#038;text=Oscar%20N%C3%BA%C3%B1ezu003cstrongu003e%20u003c%2Fstrongu003enos%20da%20una%20lecci%C3%B3n%20de%20superaci%C3%B3n%20al%20conocer%20su%20historia.Sordo%20de%20nacimiento%2C%20con%20implante%20bilateral%20y%20corredor%20de%20motociclismo%20con%20dos%20t%C3%ADtulos%20ya%20de%20Campe%C3%B3n%20de%20Catalu%C3%B1a.&#038;via=visualfy&#038;related=visualfy' target='_blank' class='bctt-ctt-btn'rel=\"noopener noreferrer\">Compartir en X<\/a><\/span>\n\n\n<p><strong>\u00bfCrees que Oscar tiene m\u00e1s capacidad de aprendizaje y resiliencia porque es sordo y ha tenido que superar m\u00e1s barreras? <\/strong><\/p>\n\n\n\n<p>Oscar est\u00e1 acostumbrado a luchar cada d\u00eda y a superar las barreras que se le plantean por el hecho de ser sordo. \u00c9l sabe que, si trabaja duro, consigue sus prop\u00f3sitos y tiene recompensas. Esta actitud se ha convertido en algo innato en su personalidad. <\/p>\n\n\n\n<p>Oscar tiene, tambi\u00e9n,\nun car\u00e1cter muy competitivo y, adem\u00e1s, se crece cuando sube a la moto. Con 12\na\u00f1os, sabe testear sus propios l\u00edmites y arriesga cuando hay que hacerlo. Tiene\ntanta confianza en s\u00ed mismo que, como madre, me ha dado una tranquilidad\ninfinita.<\/p>\n\n\n\n<p>Desde Visualfy\nle agradecemos much\u00edsimo a Iolanda su tiempo e implicaci\u00f3n en esta entrevista.\nDesde el primer momento accedi\u00f3 a contarnos su experiencia, como madre de hijo\nsordo, para que pueda servir de inspiraci\u00f3n a otros padres de ni\u00f1os sordos. <\/p>\n\n\n\n<p>Los ni\u00f1os\npueden ser unos grandes maestros y con Oscar hemos aprendido que, con las gafas\nde la ilusi\u00f3n, donde algunos ven muros, otros ven oportunidades. Desde Visualfy\nte deseamos toda la suerte del mundo, que encuentres m\u00e1s patrocinadores que te\nayuden en tu camino y que consigas tu sue\u00f1o de competir en la \u00e9lite. <\/p>\n\n\n\n<p>Para nosotros, ya eres un campe\u00f3n. <\/p>\n\n\n\n<p><\/p>\n","protected":false},"excerpt":{"rendered":"<p>Con tan solo 12 a\u00f1os, Oscar N\u00fa\u00f1ez nos da una lecci\u00f3n de superaci\u00f3n al conocer su historia. Sordo de nacimiento, con implante bilateral y corredor de motociclismo con dos t\u00edtulos ya de Campe\u00f3n de Catalu\u00f1a, Oscar impacta por su fuerza y por su implacable sue\u00f1o de llegar a la \u00e9lite. Su familia es, como podr\u00e9is [&hellip;]<\/p>\n","protected":false},"author":2,"featured_media":4837,"comment_status":"open","ping_status":"open","sticky":false,"template":"","format":"standard","meta":{"_acf_changed":false,"content-type":"","_uag_custom_page_level_css":"","footnotes":""},"categories":[36],"tags":[],"class_list":["post-7780","post","type-post","status-publish","format-standard","has-post-thumbnail","hentry","category-sordos-magnificos"],"acf":[],"spectra_custom_meta":{"_wp_page_template":["default"],"rank_math_internal_links_processed":["1"],"_wpml_word_count":["{\"total\":974,\"to_translate\":{\"en\":974}}"],"_yoast_wpseo_primary_category":["4185"],"_yoast_wpseo_keywordsynonyms":["[\"\"]"],"_wpml_media_duplicate":["0"],"_wpml_media_featured":["0"],"_yoast_wpseo_focuskeywords":["[]"],"_et_monarch_override":[""],"amazonS3_cache":["a:48:{s:76:\"\/\/www.visualfy.com\/wp-content\/uploads\/2019\/02\/oscar-nun\u0303ez-piloto-motos.jpg\";i:22220;s:53:\"\/\/cdn.visualfy.com\/img\/oscar-nun\u0303ez-piloto-motos.jpg\";i:22220;s:77:\"\/\/www.visualfy.com\/wp-content\/uploads\/2019\/02\/oscar-nun\u0303ez-nin\u0303o-sordo1.jpg\";i:22225;s:54:\"\/\/cdn.visualfy.com\/img\/oscar-nun\u0303ez-nin\u0303o-sordo1.jpg\";i:22225;s:79:\"\/\/visualfy.acceseo.dev\/wp-content\/uploads\/2025\/02\/oscar-nunez-nino-sordo1-1.jpg\";a:1:{s:9:\"timestamp\";i:1744269470;}s:78:\"\/\/visualfy.acceseo.dev\/wp-content\/uploads\/2025\/02\/oscar-nunez-piloto-motos.jpg\";a:1:{s:9:\"timestamp\";i:1744269470;}s:69:\"\/\/visualfy.acceseo.dev\/wp-content\/uploads\/2025\/02\/lse-icon-button.svg\";a:1:{s:9:\"timestamp\";i:1744268044;}s:81:\"\/\/visualfy.acceseo.dev\/wp-content\/uploads\/2025\/02\/visualfy-places-placeholder.jpg\";a:1:{s:9:\"timestamp\";i:1744268044;}s:66:\"\/\/visualfy.acceseo.dev\/wp-content\/uploads\/2025\/01\/computer_404.svg\";a:1:{s:9:\"timestamp\";i:1744268044;}s:63:\"\/\/visualfy.acceseo.dev\/wp-content\/uploads\/2025\/01\/user-icon.svg\";a:1:{s:9:\"timestamp\";i:1744268044;}s:58:\"\/\/visualfy.acceseo.dev\/wp-content\/uploads\/2025\/01\/menu.svg\";a:1:{s:9:\"timestamp\";i:1744268044;}s:67:\"\/\/visualfy.acceseo.dev\/wp-content\/uploads\/2025\/01\/logo-visualfy.svg\";a:1:{s:9:\"timestamp\";i:1744268044;}s:65:\"\/\/visualfy.acceseo.dev\/wp-content\/uploads\/2025\/01\/logo-footer.svg\";a:1:{s:9:\"timestamp\";i:1744268044;}s:88:\"\/\/visualfy.acceseo.dev\/wp-content\/uploads\/2025\/01\/union-europea-ministerio-industria.png\";a:1:{s:9:\"timestamp\";i:1744268044;}s:78:\"\/\/visualfy.acceseo.dev\/wp-content\/uploads\/2025\/01\/fondo-europeo-innovacion.png\";a:1:{s:9:\"timestamp\";i:1744268044;}s:77:\"\/\/visualfy.acceseo.dev\/wp-content\/uploads\/2025\/01\/generalitat-ivace-feder.png\";a:1:{s:9:\"timestamp\";i:1744268044;}s:85:\"\/\/visualfy.acceseo.dev\/wp-content\/uploads\/2025\/01\/generalita-ivace-cofinanciacion.png\";a:1:{s:9:\"timestamp\";i:1744268044;}s:87:\"\/\/visualfy.acceseo.dev\/wp-content\/uploads\/2025\/02\/oscar-nunez-nino-sordo1-1-300x300.jpg\";a:1:{s:9:\"timestamp\";i:1744268044;}s:87:\"\/\/visualfy.acceseo.dev\/wp-content\/uploads\/2025\/02\/oscar-nunez-nino-sordo1-1-150x150.jpg\";a:1:{s:9:\"timestamp\";i:1744268044;}s:87:\"\/\/visualfy.acceseo.dev\/wp-content\/uploads\/2025\/02\/oscar-nunez-nino-sordo1-1-768x768.jpg\";a:1:{s:9:\"timestamp\";i:1744268044;}s:61:\"\/\/visualfy.acceseo.dev\/wp-content\/uploads\/2025\/02\/Sem-3-1.png\";a:1:{s:9:\"timestamp\";i:1744268044;}s:69:\"\/\/visualfy.acceseo.dev\/wp-content\/uploads\/2025\/02\/Sem-3-1-300x176.png\";a:1:{s:9:\"timestamp\";i:1744268044;}s:70:\"\/\/visualfy.acceseo.dev\/wp-content\/uploads\/2025\/02\/Sem-3-1-1024x600.png\";a:1:{s:9:\"timestamp\";i:1744268044;}s:69:\"\/\/visualfy.acceseo.dev\/wp-content\/uploads\/2025\/02\/Sem-3-1-768x450.png\";a:1:{s:9:\"timestamp\";i:1744268044;}s:70:\"\/\/visualfy.acceseo.dev\/wp-content\/uploads\/2025\/02\/Sem-3-1-1536x900.png\";a:1:{s:9:\"timestamp\";i:1744268044;}s:71:\"\/\/visualfy.acceseo.dev\/wp-content\/uploads\/2025\/02\/Sem-3-1-2048x1200.png\";a:1:{s:9:\"timestamp\";i:1744268044;}s:63:\"\/\/visualfy.acceseo.dev\/wp-content\/uploads\/2025\/02\/Sem-2-3-1.jpg\";a:1:{s:9:\"timestamp\";i:1744268044;}s:71:\"\/\/visualfy.acceseo.dev\/wp-content\/uploads\/2025\/02\/Sem-2-3-1-300x169.jpg\";a:1:{s:9:\"timestamp\";i:1744268044;}s:72:\"\/\/visualfy.acceseo.dev\/wp-content\/uploads\/2025\/02\/Sem-2-3-1-1024x576.jpg\";a:1:{s:9:\"timestamp\";i:1744268044;}s:71:\"\/\/visualfy.acceseo.dev\/wp-content\/uploads\/2025\/02\/Sem-2-3-1-768x432.jpg\";a:1:{s:9:\"timestamp\";i:1744268044;}s:72:\"\/\/visualfy.acceseo.dev\/wp-content\/uploads\/2025\/02\/Sem-2-3-1-1536x864.jpg\";a:1:{s:9:\"timestamp\";i:1744268044;}s:63:\"\/\/visualfy.acceseo.dev\/wp-content\/uploads\/2025\/02\/Sem-1-2-1.png\";a:1:{s:9:\"timestamp\";i:1744268044;}s:71:\"\/\/visualfy.acceseo.dev\/wp-content\/uploads\/2025\/02\/Sem-1-2-1-300x157.png\";a:1:{s:9:\"timestamp\";i:1744268044;}s:72:\"\/\/visualfy.acceseo.dev\/wp-content\/uploads\/2025\/02\/Sem-1-2-1-1024x535.png\";a:1:{s:9:\"timestamp\";i:1744268044;}s:71:\"\/\/visualfy.acceseo.dev\/wp-content\/uploads\/2025\/02\/Sem-1-2-1-768x401.png\";a:1:{s:9:\"timestamp\";i:1744268044;}s:67:\"\/\/visualfy.acceseo.dev\/wp-content\/uploads\/2025\/02\/caixa-popular.svg\";a:1:{s:9:\"timestamp\";i:1744268044;}s:58:\"\/\/visualfy.acceseo.dev\/wp-content\/uploads\/2025\/02\/cdti.svg\";a:1:{s:9:\"timestamp\";i:1744268044;}s:58:\"\/\/visualfy.acceseo.dev\/wp-content\/uploads\/2025\/02\/cnse.svg\";a:1:{s:9:\"timestamp\";i:1744268044;}s:60:\"\/\/visualfy.acceseo.dev\/wp-content\/uploads\/2025\/02\/esteve.svg\";a:1:{s:9:\"timestamp\";i:1744268044;}s:60:\"\/\/visualfy.acceseo.dev\/wp-content\/uploads\/2025\/02\/fesord.svg\";a:1:{s:9:\"timestamp\";i:1744268044;}s:76:\"\/\/visualfy.acceseo.dev\/wp-content\/uploads\/2025\/02\/generalitat-valenciana.svg\";a:1:{s:9:\"timestamp\";i:1744268044;}s:66:\"\/\/visualfy.acceseo.dev\/wp-content\/uploads\/2025\/02\/horizon-2020.svg\";a:1:{s:9:\"timestamp\";i:1744268044;}s:59:\"\/\/visualfy.acceseo.dev\/wp-content\/uploads\/2025\/02\/ivace.svg\";a:1:{s:9:\"timestamp\";i:1744268044;}s:62:\"\/\/visualfy.acceseo.dev\/wp-content\/uploads\/2025\/02\/montsant.svg\";a:1:{s:9:\"timestamp\";i:1744268044;}s:69:\"\/\/visualfy.acceseo.dev\/wp-content\/uploads\/2025\/02\/naciones-unidas.svg\";a:1:{s:9:\"timestamp\";i:1744268044;}s:62:\"\/\/visualfy.acceseo.dev\/wp-content\/uploads\/2025\/02\/randstad.svg\";a:1:{s:9:\"timestamp\";i:1744268044;}s:64:\"\/\/visualfy.acceseo.dev\/wp-content\/uploads\/2025\/02\/telefonica.svg\";a:1:{s:9:\"timestamp\";i:1744268044;}s:66:\"\/\/visualfy.acceseo.dev\/wp-content\/uploads\/2025\/02\/wingstoclaim.svg\";a:1:{s:9:\"timestamp\";i:1744268044;}}"],"_yoast_wpseo_opengraph-title":[""],"_yoast_wpseo_opengraph-description":["Con tan solo 12 a\u00f1os, Oscar N\u00fa\u00f1ez nos da una lecci\u00f3n de superaci\u00f3n al conocer su historia."],"_yst_prominent_words_version":["1"],"_yoast_wpseo_video_meta":["a:15:{s:2:\"id\";s:11:\"BpNtnmukVXU\";s:4:\"type\";s:7:\"youtube\";s:3:\"url\";s:28:\"https:\/\/youtu.be\/BpNtnmukVXU\";s:7:\"post_id\";s:5:\"22217\";s:5:\"title\";s:71:\"\u00d3scar N\u00fa\u00f1ez, un futuro campe\u00f3n de la velocidad &amp;#8902; Visualfy\";s:16:\"publication_date\";s:25:\"2019-02-26T10:05:53+00:00\";s:11:\"description\";s:145:\"Oscar N\u00fa\u00f1ez, nos da una lecci\u00f3n de superaci\u00f3n al conocer su historia. Sordo de nacimiento, con implante bilateral y corredor de motociclismo.\";s:10:\"player_loc\";s:41:\"https:\/\/www.youtube.com\/embed\/BpNtnmukVXU\";s:13:\"thumbnail_loc\";s:44:\"https:\/\/cdn.visualfy.com\/img\/bpntnmukvxu.jpg\";s:8:\"duration\";s:3:\"481\";s:10:\"view_count\";s:1:\"5\";s:5:\"width\";s:3:\"480\";s:6:\"height\";s:3:\"270\";s:8:\"category\";s:24:\"Personas extraordinarias\";s:3:\"tag\";a:0:{}}"],"_yoast_wpseo_videositemap-duration":["481"],"_yoast_wpseo_videositemap-rating":["0"],"_yoast_wpseo_metadesc":["Oscar N\u00fa\u00f1ez, nos da una lecci\u00f3n de superaci\u00f3n al conocer su historia. Sordo de nacimiento, con implante bilateral y corredor de motociclismo."],"_yoast_wpseo_focuskw":[""],"_yoast_wpseo_content_score":[""],"cmplz_hide_cookiebanner":[""],"_wpml_location_migration_done":["1"],"_fgj2wp_old_id":[""],"_yoast_wpseo_metakeywords":[""],"_bsf_post_type":[""],"_yoast_wpseo_meta-robots-noindex":["1"],"_fgj2wp_translation_association_key":[""],"_product_image_gallery":[""],"_wp_old_slug":[""],"_yoast_wpseo_title":[""],"slide_template":[""],"_yoast_wpseo_opengraph-image":["https:\/\/cdn.visualfy.com\/img\/oscar-nunez-nino-sordo.jpg"],"_yoast_wpseo_opengraph-image-id":["22222"],"_wp_old_date":[""],"_bsf_article_image":[""],"_bsf_article_name":[""],"_bsf_article_desc":[""],"_bsf_article_author":[""],"_bsf_article_publisher":[""],"_bsf_article_publisher_logo":[""],"_yoast_wpseo_meta-robots-nofollow":["1"],"amp_status":[""],"_cmplz_scanned_post":["1"],"_encloseme":[""],"_last_translation_edit_mode":[""],"_yoast_wpseo_twitter-title":[""],"_yoast_wpseo_twitter-description":["Con tan solo 12 a\u00f1os, Oscar N\u00fa\u00f1ez nos da una lecci\u00f3n de superaci\u00f3n al conocer su historia."],"_yoast_wpseo_twitter-image":["https:\/\/cdn.visualfy.com\/img\/oscar-nunez-piloto-motos.jpg"],"_yoast_wpseo_twitter-image-id":["22220"],"_yoast_wpseo_linkdex":[""],"_thumbnail_id":["4837"],"_oembed_9f60d6933ba8eced39cbfa54d66e4e95":["<iframe title=\"\u00d3scar N\u00fa\u00f1ez, un futuro campe\u00f3n de la velocidad -Visualfy\" width=\"500\" height=\"281\" src=\"https:\/\/www.youtube.com\/embed\/BpNtnmukVXU?feature=oembed\" frameborder=\"0\" allow=\"accelerometer; autoplay; clipboard-write; encrypted-media; gyroscope; picture-in-picture; web-share\" referrerpolicy=\"strict-origin-when-cross-origin\" allowfullscreen><\/iframe>"],"_oembed_time_9f60d6933ba8eced39cbfa54d66e4e95":["1740560164"],"_edit_lock":["1740561420:1"],"rank_math_seo_score":["14"],"rank_math_primary_category":["36"],"_pingme":["1"],"_uag_custom_page_level_css":[""],"footnotes":[""],"_edit_last":["1"],"lse_enlace":["https:\/\/youtu.be\/BpNtnmukVXU"],"_lse_enlace":["field_67b5db1d9d4ca"],"_betterdocs_reusable_block_ids":["a:0:{}"],"copied_media_ids":["a:1:{i:0;i:7784;}"],"referenced_media_ids":["a:1:{i:0;i:4837;}"]},"uagb_featured_image_src":{"full":["https:\/\/www.visualfy.com\/wp-content\/uploads\/2025\/02\/oscar-nunez-piloto-motos.jpg",960,960,false],"thumbnail":["https:\/\/www.visualfy.com\/wp-content\/uploads\/2025\/02\/oscar-nunez-piloto-motos-150x150.jpg",150,150,true],"medium":["https:\/\/www.visualfy.com\/wp-content\/uploads\/2025\/02\/oscar-nunez-piloto-motos-300x300.jpg",300,300,true],"medium_large":["https:\/\/www.visualfy.com\/wp-content\/uploads\/2025\/02\/oscar-nunez-piloto-motos-768x768.jpg",768,768,true],"large":["https:\/\/www.visualfy.com\/wp-content\/uploads\/2025\/02\/oscar-nunez-piloto-motos.jpg",960,960,false],"1536x1536":["https:\/\/www.visualfy.com\/wp-content\/uploads\/2025\/02\/oscar-nunez-piloto-motos.jpg",960,960,false],"2048x2048":["https:\/\/www.visualfy.com\/wp-content\/uploads\/2025\/02\/oscar-nunez-piloto-motos.jpg",960,960,false]},"uagb_author_info":{"display_name":"visualfy","author_link":"https:\/\/www.visualfy.com\/es\/author\/visualfy\/"},"uagb_comment_info":0,"uagb_excerpt":"Con tan solo 12 a\u00f1os, Oscar N\u00fa\u00f1ez nos da una lecci\u00f3n de superaci\u00f3n al conocer su historia. Sordo de nacimiento, con implante bilateral y corredor de motociclismo con dos t\u00edtulos ya de Campe\u00f3n de Catalu\u00f1a, Oscar impacta por su fuerza y por su implacable sue\u00f1o de llegar a la \u00e9lite. Su familia es, como podr\u00e9is&hellip;","_links":{"self":[{"href":"https:\/\/www.visualfy.com\/es\/wp-json\/wp\/v2\/posts\/7780","targetHints":{"allow":["GET"]}}],"collection":[{"href":"https:\/\/www.visualfy.com\/es\/wp-json\/wp\/v2\/posts"}],"about":[{"href":"https:\/\/www.visualfy.com\/es\/wp-json\/wp\/v2\/types\/post"}],"author":[{"embeddable":true,"href":"https:\/\/www.visualfy.com\/es\/wp-json\/wp\/v2\/users\/2"}],"replies":[{"embeddable":true,"href":"https:\/\/www.visualfy.com\/es\/wp-json\/wp\/v2\/comments?post=7780"}],"version-history":[{"count":0,"href":"https:\/\/www.visualfy.com\/es\/wp-json\/wp\/v2\/posts\/7780\/revisions"}],"wp:featuredmedia":[{"embeddable":true,"href":"https:\/\/www.visualfy.com\/es\/wp-json\/wp\/v2\/media\/4837"}],"wp:attachment":[{"href":"https:\/\/www.visualfy.com\/es\/wp-json\/wp\/v2\/media?parent=7780"}],"wp:term":[{"taxonomy":"category","embeddable":true,"href":"https:\/\/www.visualfy.com\/es\/wp-json\/wp\/v2\/categories?post=7780"},{"taxonomy":"post_tag","embeddable":true,"href":"https:\/\/www.visualfy.com\/es\/wp-json\/wp\/v2\/tags?post=7780"}],"curies":[{"name":"wp","href":"https:\/\/api.w.org\/{rel}","templated":true}]}}