{"id":7759,"date":"2018-11-20T08:46:18","date_gmt":"2018-11-20T08:46:18","guid":{"rendered":"https:\/\/www.visualfy.com\/vicky-bendito-congreso-diputados\/"},"modified":"2025-02-26T10:21:26","modified_gmt":"2025-02-26T10:21:26","slug":"vicky-bendito-congreso-diputados","status":"publish","type":"post","link":"https:\/\/www.visualfy.com\/es\/vicky-bendito-congreso-diputados\/","title":{"rendered":"Vicky Bendito: la voz de una persona sorda en el Congreso de los Diputados"},"content":{"rendered":"\n<blockquote class=\"wp-block-quote is-layout-flow wp-block-quote-is-layout-flow\">\n<p>Vicky Bendito ha lanzado una campa\u00f1a en Change.org para eliminar la palabra \u00abDisminu\u00eddo\u00bb de la Constituci\u00f3n para referirse a las personas con discapacidad. Su historia es \u00fanica; ha logrado llevar su voz al Congreso de los Diputados.<\/p>\n<\/blockquote>\n\n\n\n<p>\nDesde Visualfy hemos apoyado y seguido con mucha atenci\u00f3n la campa\u00f1a que Vicky Bendito lanz\u00f3 en Change.org. Ahora quer\u00edamos conocer a la persona que hay detr\u00e1s de esta petici\u00f3n, y su historia, llena de retos y esp\u00edritu de superaci\u00f3n, os va a encantar. S\u00f3lo ten\u00e9is que seguir leyendo.\n\n<strong>P: Hola, Vicky \u00bfPodr\u00edas presentarte a nuestros lectores tal y como t\u00fa te defines a ti misma?<\/strong>\n\nR: Hola, soy Vicky Bendito, soy periodista desde hace 25 a\u00f1os. Adem\u00e1s, soy una persona sorda, debido al <a href=\"https:\/\/es.wikipedia.org\/wiki\/S%C3%ADndrome_de_Treacher_Collins\" target=\"_blank\" rel=\"noopener\">s\u00edndrome de Treacher Collins<\/a>, la enfermedad rara con la que nac\u00ed y que afecta a dos de cada 100.000 nacimientos. He lanzado una petici\u00f3n en Change.org para que se borre de la Constituci\u00f3n la palabra <strong>\u201cdisminu\u00eddo\u201d,<\/strong> lo que ha abierto un debate para la reforma del art\u00edculo 49 de la Constituci\u00f3n, una vieja reivindicaci\u00f3n del <a href=\"https:\/\/www.cermi.es\/\" target=\"_blank\" rel=\"noopener\">Cermi<\/a>. El objetivo es que se reformule de acuerdo con la Convenci\u00f3n de la ONU sobre Derechos de Personas con Discapacidad, firmada y ratificada por Espa\u00f1a.\n\nHe podido defender mi petici\u00f3n en el Congreso de los Diputados. Aqu\u00ed ten\u00e9is la <a href=\"https:\/\/youtu.be\/DM3CQkYV3RE\" target=\"_blank\" rel=\"noopener\">primera<\/a> y la <a href=\"https:\/\/youtu.be\/IHSwFhYqShk\" target=\"_blank\" rel=\"noopener\">segunda parte<\/a> de dicha intervenci\u00f3n.\n\n<strong>P: \u00bfQu\u00e9 tipo de pr\u00f3tesis auditivas utilizas? <\/strong>\n\nR: Utilizo dos implantes osteointegrados Baha.\n\n<\/p>\n\n\n\n<figure class=\"wp-block-image aligncenter\"><img decoding=\"async\" src=\"https:\/\/www.visualfy.com\/wp-content\/uploads\/2025\/02\/Vicky-Bendito-sorda-y-sindrome-Treacher-Collins-1.jpg\" alt=\"Vicky Bendito sonriente a la c\u00e1mara\" class=\"wp-image-17575\"\/><\/figure>\n\n\n\n<p><strong>P: Tribunales, Congreso de los diputados, sector cooperaci\u00f3n. Tu vida gira en torno a la comunicaci\u00f3n. \u00bfHas encontrado dificultades en tu vida profesional derivadas de ser sorda?<\/strong>\n\nR: Lo que he encontrado es un <strong>entorno hostil<\/strong>, ya que no era accesible para m\u00ed. Siempre he superado las barreras con normalidad, por instinto: en el colegio, en la universidad y en el trabajo. En el colegio y en la universidad (en este punto os recomendamos nuestro art\u00edculo <a href=\"https:\/\/www.visualfy.com\/es\/estudiantes-sordos-universidad\/\">Estudiantes sordos en la universidad<\/a>) me colocaba en primera fila, por ejemplo. En el trabajo, cuando iba a una rueda de prensa, lo primero que hac\u00eda era buscar los altavoces, si hab\u00eda declaraciones en la calle, me pon\u00eda frente a la persona en cuesti\u00f3n para leerle los labios mientras grababa sus manifestaciones. <strong>La discapacidad me lo ha puesto m\u00e1s dif\u00edcil<\/strong>, pero no me ha impedido realizarme profesionalmente y ser una persona independiente.\n\nSin embargo, fue al incorporarme al mundo laboral cuando fui consciente del h\u00e1ndicap que supon\u00eda mi sordera. En mi blog cuento que m\u00e1s de una vez he llorado de impotencia por la soledad a la que me destierra la incomprensi\u00f3n, la falta de empat\u00eda de quienes me rodean.\n\nRecuerdo una ocasi\u00f3n de muchas en la que los periodistas de tribunales est\u00e1bamos hablando <em>off the record<\/em> con un fiscal y, en un momento, dado el hombre empez\u00f3 a hablar para el cuello de su camisa y, claro, no consegu\u00eda entender lo que dec\u00eda, ni siquiera ley\u00e9ndole los labios, pues no vocalizaba.\n\n\u2014\u00bfLe importa repetirme lo que acaba de decir? Es que no he podido escucharle bien, lo siento, soy sorda.\n\n\u2014Que te lo cuenten tus compa\u00f1eros \u2014me contest\u00f3 con muy poca amabilidad.\n\n\u00bfEl problema es la discapacidad, o es un <strong>entorno que no est\u00e1 preparado<\/strong> para incluirla? No podemos olvidar que la accesibilidad universal es un derecho fundamental para las personas con discapacidad, seg\u00fan la ONU. Sin accesibilidad no hay inclusi\u00f3n, sin inclusi\u00f3n no podemos ser ciudadanos de pleno derecho.\n\n<strong>P: Viendo tu trayectoria profesional y los logros que has alcanzando y sigues peleando, \u00bfqu\u00e9 le dir\u00edas a esos padres de ni\u00f1os reci\u00e9n diagnosticados con sordera y que lo ven todo como una monta\u00f1a? <\/strong>\n\nR: Que la discapacidad es una condici\u00f3n que acompa\u00f1ar\u00e1 a su hijo siempre, pero que <strong>no es lo \u00fanico que le definir\u00e1<\/strong>. La discapacidad no supone una limitaci\u00f3n que no se pueda resolver, no le incapacita para trabajar y no le impedir\u00e1 desarrollarse ni como persona ni como profesional. Lo tendr\u00e1 m\u00e1s dif\u00edcil, seguro, pero no es una limitaci\u00f3n insalvable. &nbsp;Los padres son los primeros que tienen que aceptar la discapacidad de su hijo, s\u00f3lo as\u00ed podr\u00e1n normalizarla y darle todas las herramientas a su hijo para que sea un adulto independiente y aut\u00f3nomo, en la medida de lo posible.\n\n<strong>P: Nos encantar\u00eda saber de d\u00f3nde surgi\u00f3 el movimiento de eliminar la palabra \u00abdisminu\u00eddo\u00bb de la Constituci\u00f3n. <\/strong>\n\nR: Como te he dicho antes, no siempre he sido consciente de mi discapacidad y, desde luego, no nac\u00ed activista. Como expliqu\u00e9 el pasado 31 de octubre en la Comisi\u00f3n del Congreso de los Diputados para las Pol\u00edticas Integrales de Discapacidad, el activismo comenz\u00f3 a gestarse precisamente al incorporarme al mundo laboral, con determinadas situaciones y comentarios, hasta que un d\u00eda le\u00ed el art\u00edculo 49 de la Constituci\u00f3n. No pod\u00eda entender que Espa\u00f1a, habiendo firmado y ratificado la Convenci\u00f3n de Derechos de Personas con Discapacidad de la ONU, a\u00fan mantuviera la palabra <strong>\u201cdisminu\u00eddo\u201d<\/strong> en su ley de leyes. \u00bfC\u00f3mo vamos a defender nuestros derechos cuando nuestra Constituci\u00f3n nos cataloga as\u00ed y el art\u00edculo 49 est\u00e1 redactado desde un punto de vista m\u00e9dico asistencial? Es un prisma que ya debe estar superado.<\/p>\n\n\n<span class='bctt-click-to-tweet'><span class='bctt-ctt-text'><a href=\"https:\/\/x.com\/intent\/tweet?url=https%3A%2F%2Fwww.visualfy.com%2Fes%2Fvicky-bendito-congreso-diputados%2F&#038;text=El%20problema%20no%20est%C3%A1%20en%20la%20discapacidad%2C%20sino%20en%20que%20el%20entorno%20no%20est%C3%A1%20preparado%20para%20incluirla%20-%20Vicky%20Bendito%20%40Vicky_Bendito&#038;via=visualfy&#038;related=visualfy\" target=\"_blank\" rel=\"noopener noreferrer\">El problema no est\u00e1 en la discapacidad, sino en que el entorno no est\u00e1 preparado para incluirla - Vicky Bendito @Vicky_Bendito <\/a><\/span><a href=\"https:\/\/x.com\/intent\/tweet?url=https%3A%2F%2Fwww.visualfy.com%2Fes%2Fvicky-bendito-congreso-diputados%2F&#038;text=El%20problema%20no%20est%C3%A1%20en%20la%20discapacidad%2C%20sino%20en%20que%20el%20entorno%20no%20est%C3%A1%20preparado%20para%20incluirla%20-%20Vicky%20Bendito%20%40Vicky_Bendito&#038;via=visualfy&#038;related=visualfy\" target=\"_blank\" class=\"bctt-ctt-btn\" rel=\"noopener noreferrer\">Compartir en X<\/a><\/span>\n\n\n\n<p><strong>P: \u00bfHas encontrado apoyos en esa lucha?, \u00bfcu\u00e1les destacar\u00edas?&nbsp; <\/strong>\n\nR: S\u00ed, los de las m\u00e1s de 81.200 personas que han firmado mi petici\u00f3n, de distintas organizaciones, amigos y compa\u00f1eros. Tambi\u00e9n ha sido muy importante el espacio que varios medios de comunicaci\u00f3n han dado a esta petici\u00f3n, desde eldiario.es, Telemadrid, La Sexta y Rtve hasta Diario 16 o P\u00fablico.\n\nNo obstante, el hecho de que el presidente de la Comisi\u00f3n para las Pol\u00edticas Integrales de la Discapacidad, Jordi Xucl\u00e1, hiciera referencia a mi petici\u00f3n y a la reivindicaci\u00f3n del CERMI ante la vicepresidenta del Gobierno, Carmen Calvo, durante una sesi\u00f3n de la Comisi\u00f3n Constitucional celebrada en julio, fue un espaldarazo impagable y clave para abrir el debate en la C\u00e1mara Baja.\n\n<\/p>\n\n\n\n<figure class=\"wp-block-image aligncenter\"><img decoding=\"async\" src=\"https:\/\/www.visualfy.com\/wp-content\/uploads\/2025\/02\/Vicky-Bendito-recibe-el-premio-Justicia-y-Discapacidad-1.jpg\" alt=\"Vicky Bendito recibiendo un premio\" class=\"wp-image-17577\"\/><\/figure>\n\n\n\n<p><strong>P:\u00bfCrees que debemos encontrar un equilibrio en empat\u00eda social entre las personas que vivimos de cerca la discapacidad y las que no? <\/strong> R: Lo que hay que lograr es que las personas con discapacidad tengamos garantizados de <strong>forma real<\/strong> nuestros derechos, y eso empieza por la propia Constituci\u00f3n. En cuanto a la sociedad, creo que falta pedagog\u00eda de la discapacidad, y que esta se normaliza mediante inclusi\u00f3n. Y para la inclusi\u00f3n es fundamental la accesibilidad de los entornos. Asimismo, creo que cuando convivimos desde la infancia con la discapacidad, es mucho m\u00e1s f\u00e1cil normalizar la discapacidad, verla y tratarla con naturalidad, como una parte m\u00e1s de la diversidad social, por eso soy partidaria de la educaci\u00f3n inclusiva. Y tambi\u00e9n es importante que las propias personas con discapacidad pongamos en evidencia las barreras con las que nos encontramos, la falta de accesibilidad que sufrimos, porque eso fomenta la reflexi\u00f3n. Si no decimos nada, parece que todo est\u00e1 bien. <strong>P: Adem\u00e1s de tus pr\u00f3tesis auditivas, utilizas alguna otra tecnolog\u00eda en tu d\u00eda a d\u00eda en relaci\u00f3n a tu sordera? <\/strong> R: El bucle magn\u00e9tico. Soy muy fan del <strong>bucle magn\u00e9tico<\/strong> y, en general, de la <strong>accesibilidad universal<\/strong>. He podido conocer vuestro dispositivo Visualfy Home y ser consciente de los problemas que resuelve en el hogar de las personas que somos sordas.<\/p>\n","protected":false},"excerpt":{"rendered":"<p>Vicky Bendito ha lanzado una campa\u00f1a en Change.org para eliminar la palabra \u00abDisminu\u00eddo\u00bb de la Constituci\u00f3n para referirse a las personas con discapacidad. Su historia es \u00fanica; ha logrado llevar su voz al Congreso de los Diputados. Desde Visualfy hemos apoyado y seguido con mucha atenci\u00f3n la campa\u00f1a que Vicky Bendito lanz\u00f3 en Change.org. Ahora [&hellip;]<\/p>\n","protected":false},"author":2,"featured_media":4634,"comment_status":"open","ping_status":"open","sticky":false,"template":"","format":"standard","meta":{"_acf_changed":false,"content-type":"","_uag_custom_page_level_css":"","footnotes":""},"categories":[36],"tags":[],"class_list":["post-7759","post","type-post","status-publish","format-standard","has-post-thumbnail","hentry","category-sordos-magnificos"],"acf":[],"spectra_custom_meta":{"_wp_page_template":["default"],"rank_math_internal_links_processed":["1"],"_wpml_word_count":["{\"total\":1255,\"to_translate\":{\"en\":1255}}"],"_yoast_wpseo_primary_category":["4185"],"_yoast_wpseo_keywordsynonyms":["[\"\"]"],"_wpml_media_duplicate":["1"],"_wpml_media_featured":["1"],"_yoast_wpseo_focuskeywords":["[]"],"_et_monarch_override":[""],"amazonS3_cache":["a:48:{s:79:\"\/\/cdn.visualfy.com\/img\/Vicky-Bendito-sorda-y-s%C3%ADndrome-Treacher-Collins.jpg\";s:5:\"19017\";s:102:\"\/\/dev.visualfy.com\/wp-content\/uploads\/2018\/11\/Vicky-Bendito-sorda-y-s%C3%ADndrome-Treacher-Collins.jpg\";s:5:\"19017\";s:81:\"\/\/cdn.visualfy.com\/img\/Vicky-Bendito-recibe-el-premio-Justicia-y-Discapacidad.jpg\";i:19016;s:104:\"\/\/dev.visualfy.com\/wp-content\/uploads\/2018\/11\/Vicky-Bendito-recibe-el-premio-Justicia-y-Discapacidad.jpg\";s:5:\"19014\";s:104:\"\/\/www.visualfy.com\/wp-content\/uploads\/2018\/11\/Vicky-Bendito-recibe-el-premio-Justicia-y-Discapacidad.jpg\";i:19016;s:102:\"\/\/www.visualfy.com\/wp-content\/uploads\/2018\/11\/Vicky-Bendito-sorda-y-s%C3%ADndrome-Treacher-Collins.jpg\";s:5:\"19017\";s:103:\"\/\/visualfy.acceseo.dev\/wp-content\/uploads\/2025\/02\/Vicky-Bendito-sorda-y-sindrome-Treacher-Collins-1.jpg\";a:1:{s:9:\"timestamp\";i:1744269473;}s:110:\"\/\/visualfy.acceseo.dev\/wp-content\/uploads\/2025\/02\/Vicky-Bendito-recibe-el-premio-Justicia-y-Discapacidad-1.jpg\";a:1:{s:9:\"timestamp\";i:1744269473;}s:69:\"\/\/visualfy.acceseo.dev\/wp-content\/uploads\/2025\/02\/Vicky-Bendito-1.png\";a:1:{s:9:\"timestamp\";i:1744269474;}s:69:\"\/\/visualfy.acceseo.dev\/wp-content\/uploads\/2025\/02\/lse-icon-button.svg\";a:1:{s:9:\"timestamp\";i:1744268221;}s:81:\"\/\/visualfy.acceseo.dev\/wp-content\/uploads\/2025\/02\/visualfy-places-placeholder.jpg\";a:1:{s:9:\"timestamp\";i:1744268221;}s:66:\"\/\/visualfy.acceseo.dev\/wp-content\/uploads\/2025\/01\/computer_404.svg\";a:1:{s:9:\"timestamp\";i:1744268221;}s:63:\"\/\/visualfy.acceseo.dev\/wp-content\/uploads\/2025\/01\/user-icon.svg\";a:1:{s:9:\"timestamp\";i:1744268221;}s:58:\"\/\/visualfy.acceseo.dev\/wp-content\/uploads\/2025\/01\/menu.svg\";a:1:{s:9:\"timestamp\";i:1744268221;}s:67:\"\/\/visualfy.acceseo.dev\/wp-content\/uploads\/2025\/01\/logo-visualfy.svg\";a:1:{s:9:\"timestamp\";i:1744268221;}s:65:\"\/\/visualfy.acceseo.dev\/wp-content\/uploads\/2025\/01\/logo-footer.svg\";a:1:{s:9:\"timestamp\";i:1744268221;}s:88:\"\/\/visualfy.acceseo.dev\/wp-content\/uploads\/2025\/01\/union-europea-ministerio-industria.png\";a:1:{s:9:\"timestamp\";i:1744268221;}s:78:\"\/\/visualfy.acceseo.dev\/wp-content\/uploads\/2025\/01\/fondo-europeo-innovacion.png\";a:1:{s:9:\"timestamp\";i:1744268221;}s:77:\"\/\/visualfy.acceseo.dev\/wp-content\/uploads\/2025\/01\/generalitat-ivace-feder.png\";a:1:{s:9:\"timestamp\";i:1744268221;}s:85:\"\/\/visualfy.acceseo.dev\/wp-content\/uploads\/2025\/01\/generalita-ivace-cofinanciacion.png\";a:1:{s:9:\"timestamp\";i:1744268221;}s:61:\"\/\/visualfy.acceseo.dev\/wp-content\/uploads\/2025\/02\/Sem-3-1.png\";a:1:{s:9:\"timestamp\";i:1744268221;}s:69:\"\/\/visualfy.acceseo.dev\/wp-content\/uploads\/2025\/02\/Sem-3-1-300x176.png\";a:1:{s:9:\"timestamp\";i:1744268221;}s:70:\"\/\/visualfy.acceseo.dev\/wp-content\/uploads\/2025\/02\/Sem-3-1-1024x600.png\";a:1:{s:9:\"timestamp\";i:1744268221;}s:69:\"\/\/visualfy.acceseo.dev\/wp-content\/uploads\/2025\/02\/Sem-3-1-768x450.png\";a:1:{s:9:\"timestamp\";i:1744268221;}s:70:\"\/\/visualfy.acceseo.dev\/wp-content\/uploads\/2025\/02\/Sem-3-1-1536x900.png\";a:1:{s:9:\"timestamp\";i:1744268221;}s:71:\"\/\/visualfy.acceseo.dev\/wp-content\/uploads\/2025\/02\/Sem-3-1-2048x1200.png\";a:1:{s:9:\"timestamp\";i:1744268221;}s:63:\"\/\/visualfy.acceseo.dev\/wp-content\/uploads\/2025\/02\/Sem-2-3-1.jpg\";a:1:{s:9:\"timestamp\";i:1744268221;}s:71:\"\/\/visualfy.acceseo.dev\/wp-content\/uploads\/2025\/02\/Sem-2-3-1-300x169.jpg\";a:1:{s:9:\"timestamp\";i:1744268221;}s:72:\"\/\/visualfy.acceseo.dev\/wp-content\/uploads\/2025\/02\/Sem-2-3-1-1024x576.jpg\";a:1:{s:9:\"timestamp\";i:1744268221;}s:71:\"\/\/visualfy.acceseo.dev\/wp-content\/uploads\/2025\/02\/Sem-2-3-1-768x432.jpg\";a:1:{s:9:\"timestamp\";i:1744268221;}s:72:\"\/\/visualfy.acceseo.dev\/wp-content\/uploads\/2025\/02\/Sem-2-3-1-1536x864.jpg\";a:1:{s:9:\"timestamp\";i:1744268221;}s:63:\"\/\/visualfy.acceseo.dev\/wp-content\/uploads\/2025\/02\/Sem-1-2-1.png\";a:1:{s:9:\"timestamp\";i:1744268221;}s:71:\"\/\/visualfy.acceseo.dev\/wp-content\/uploads\/2025\/02\/Sem-1-2-1-300x157.png\";a:1:{s:9:\"timestamp\";i:1744268221;}s:72:\"\/\/visualfy.acceseo.dev\/wp-content\/uploads\/2025\/02\/Sem-1-2-1-1024x535.png\";a:1:{s:9:\"timestamp\";i:1744268221;}s:71:\"\/\/visualfy.acceseo.dev\/wp-content\/uploads\/2025\/02\/Sem-1-2-1-768x401.png\";a:1:{s:9:\"timestamp\";i:1744268221;}s:67:\"\/\/visualfy.acceseo.dev\/wp-content\/uploads\/2025\/02\/caixa-popular.svg\";a:1:{s:9:\"timestamp\";i:1744268221;}s:58:\"\/\/visualfy.acceseo.dev\/wp-content\/uploads\/2025\/02\/cdti.svg\";a:1:{s:9:\"timestamp\";i:1744268221;}s:58:\"\/\/visualfy.acceseo.dev\/wp-content\/uploads\/2025\/02\/cnse.svg\";a:1:{s:9:\"timestamp\";i:1744268221;}s:60:\"\/\/visualfy.acceseo.dev\/wp-content\/uploads\/2025\/02\/esteve.svg\";a:1:{s:9:\"timestamp\";i:1744268221;}s:60:\"\/\/visualfy.acceseo.dev\/wp-content\/uploads\/2025\/02\/fesord.svg\";a:1:{s:9:\"timestamp\";i:1744268221;}s:76:\"\/\/visualfy.acceseo.dev\/wp-content\/uploads\/2025\/02\/generalitat-valenciana.svg\";a:1:{s:9:\"timestamp\";i:1744268221;}s:66:\"\/\/visualfy.acceseo.dev\/wp-content\/uploads\/2025\/02\/horizon-2020.svg\";a:1:{s:9:\"timestamp\";i:1744268221;}s:59:\"\/\/visualfy.acceseo.dev\/wp-content\/uploads\/2025\/02\/ivace.svg\";a:1:{s:9:\"timestamp\";i:1744268221;}s:62:\"\/\/visualfy.acceseo.dev\/wp-content\/uploads\/2025\/02\/montsant.svg\";a:1:{s:9:\"timestamp\";i:1744268221;}s:69:\"\/\/visualfy.acceseo.dev\/wp-content\/uploads\/2025\/02\/naciones-unidas.svg\";a:1:{s:9:\"timestamp\";i:1744268221;}s:62:\"\/\/visualfy.acceseo.dev\/wp-content\/uploads\/2025\/02\/randstad.svg\";a:1:{s:9:\"timestamp\";i:1744268221;}s:64:\"\/\/visualfy.acceseo.dev\/wp-content\/uploads\/2025\/02\/telefonica.svg\";a:1:{s:9:\"timestamp\";i:1744268221;}s:66:\"\/\/visualfy.acceseo.dev\/wp-content\/uploads\/2025\/02\/wingstoclaim.svg\";a:1:{s:9:\"timestamp\";i:1744268221;}}"],"_yoast_wpseo_opengraph-title":[""],"_yoast_wpseo_opengraph-description":[""],"_yst_prominent_words_version":["1"],"_yoast_wpseo_video_meta":["a:15:{s:2:\"id\";s:11:\"qCourMIjwvE\";s:4:\"type\";s:7:\"youtube\";s:3:\"url\";s:28:\"https:\/\/youtu.be\/qCourMIjwvE\";s:7:\"post_id\";s:5:\"19007\";s:5:\"title\";s:62:\"Vicky Bendito y su petici\u00f3n para el congreso de los diputados\";s:16:\"publication_date\";s:25:\"2018-11-20T08:46:18+00:00\";s:11:\"description\";s:158:\"Vicky Bendito ha lanzado una campa\u00f1a en Change.org para eliminar la palabra \"Disminu\u00eddo\" de la Constituci\u00f3n para referirse a las personas con discapacidad.\";s:10:\"player_loc\";s:41:\"https:\/\/www.youtube.com\/embed\/qCourMIjwvE\";s:13:\"thumbnail_loc\";s:44:\"https:\/\/cdn.visualfy.com\/img\/qcourmijwve.jpg\";s:8:\"duration\";s:3:\"544\";s:10:\"view_count\";s:2:\"31\";s:5:\"width\";s:3:\"480\";s:6:\"height\";s:3:\"270\";s:8:\"category\";s:24:\"Personas extraordinarias\";s:3:\"tag\";a:0:{}}"],"_yoast_wpseo_videositemap-duration":["544"],"_yoast_wpseo_videositemap-rating":["0"],"_yoast_wpseo_metadesc":["Vicky Bendito ha lanzado una campa\u00f1a en Change.org para eliminar la palabra \"Disminu\u00eddo\" de la Constituci\u00f3n para referirse a las personas con discapacidad."],"_yoast_wpseo_focuskw":[""],"_yoast_wpseo_content_score":[""],"cmplz_hide_cookiebanner":[""],"_wpml_location_migration_done":["1"],"_fgj2wp_old_id":[""],"_yoast_wpseo_metakeywords":[""],"_bsf_post_type":[""],"_yoast_wpseo_meta-robots-noindex":[""],"_fgj2wp_translation_association_key":[""],"_product_image_gallery":[""],"_wp_old_slug":[""],"_yoast_wpseo_title":["Vicky Bendito y su petici\u00f3n para el congreso de los diputados"],"slide_template":[""],"_yoast_wpseo_opengraph-image":[""],"_yoast_wpseo_opengraph-image-id":[""],"_wp_old_date":[""],"_bsf_article_image":[""],"_bsf_article_name":[""],"_bsf_article_desc":[""],"_bsf_article_author":[""],"_bsf_article_publisher":[""],"_bsf_article_publisher_logo":[""],"_yoast_wpseo_meta-robots-nofollow":[""],"amp_status":[""],"_cmplz_scanned_post":["1"],"_encloseme":[""],"_last_translation_edit_mode":[""],"_yoast_wpseo_twitter-title":[""],"_yoast_wpseo_twitter-description":[""],"_yoast_wpseo_twitter-image":[""],"_yoast_wpseo_twitter-image-id":[""],"_yoast_wpseo_linkdex":[""],"_thumbnail_id":["4634"],"_oembed_6ff913847b71d4e31936704af25b1dd1":["<iframe title=\"Entrevista a Vicky Bendito -Visualfy\" width=\"500\" height=\"281\" src=\"https:\/\/www.youtube.com\/embed\/qCourMIjwvE?feature=oembed\" frameborder=\"0\" allow=\"accelerometer; autoplay; clipboard-write; encrypted-media; gyroscope; picture-in-picture; web-share\" referrerpolicy=\"strict-origin-when-cross-origin\" allowfullscreen><\/iframe>"],"_oembed_time_6ff913847b71d4e31936704af25b1dd1":["1740565166"],"_edit_lock":["1740565291:1"],"_pingme":["1"],"rank_math_seo_score":["20"],"rank_math_primary_category":["36"],"_uag_custom_page_level_css":[""],"footnotes":[""],"_edit_last":["1"],"lse_enlace":["https:\/\/youtu.be\/qCourMIjwvE"],"_lse_enlace":["field_67b5db1d9d4ca"],"_betterdocs_reusable_block_ids":["a:0:{}"],"copied_media_ids":["a:2:{i:0;i:4631;i:1;i:4632;}"],"referenced_media_ids":["a:1:{i:0;i:4634;}"]},"uagb_featured_image_src":{"full":["https:\/\/www.visualfy.com\/wp-content\/uploads\/2025\/02\/Vicky-Bendito-1.png",1024,462,false],"thumbnail":["https:\/\/www.visualfy.com\/wp-content\/uploads\/2025\/02\/Vicky-Bendito-1-150x150.png",150,150,true],"medium":["https:\/\/www.visualfy.com\/wp-content\/uploads\/2025\/02\/Vicky-Bendito-1-300x135.png",300,135,true],"medium_large":["https:\/\/www.visualfy.com\/wp-content\/uploads\/2025\/02\/Vicky-Bendito-1-768x347.png",768,347,true],"large":["https:\/\/www.visualfy.com\/wp-content\/uploads\/2025\/02\/Vicky-Bendito-1.png",1024,462,false],"1536x1536":["https:\/\/www.visualfy.com\/wp-content\/uploads\/2025\/02\/Vicky-Bendito-1.png",1024,462,false],"2048x2048":["https:\/\/www.visualfy.com\/wp-content\/uploads\/2025\/02\/Vicky-Bendito-1.png",1024,462,false]},"uagb_author_info":{"display_name":"visualfy","author_link":"https:\/\/www.visualfy.com\/es\/author\/visualfy\/"},"uagb_comment_info":0,"uagb_excerpt":"Vicky Bendito ha lanzado una campa\u00f1a en Change.org para eliminar la palabra \u00abDisminu\u00eddo\u00bb de la Constituci\u00f3n para referirse a las personas con discapacidad. Su historia es \u00fanica; ha logrado llevar su voz al Congreso de los Diputados. Desde Visualfy hemos apoyado y seguido con mucha atenci\u00f3n la campa\u00f1a que Vicky Bendito lanz\u00f3 en Change.org. Ahora&hellip;","_links":{"self":[{"href":"https:\/\/www.visualfy.com\/es\/wp-json\/wp\/v2\/posts\/7759","targetHints":{"allow":["GET"]}}],"collection":[{"href":"https:\/\/www.visualfy.com\/es\/wp-json\/wp\/v2\/posts"}],"about":[{"href":"https:\/\/www.visualfy.com\/es\/wp-json\/wp\/v2\/types\/post"}],"author":[{"embeddable":true,"href":"https:\/\/www.visualfy.com\/es\/wp-json\/wp\/v2\/users\/2"}],"replies":[{"embeddable":true,"href":"https:\/\/www.visualfy.com\/es\/wp-json\/wp\/v2\/comments?post=7759"}],"version-history":[{"count":0,"href":"https:\/\/www.visualfy.com\/es\/wp-json\/wp\/v2\/posts\/7759\/revisions"}],"wp:featuredmedia":[{"embeddable":true,"href":"https:\/\/www.visualfy.com\/es\/wp-json\/wp\/v2\/media\/4634"}],"wp:attachment":[{"href":"https:\/\/www.visualfy.com\/es\/wp-json\/wp\/v2\/media?parent=7759"}],"wp:term":[{"taxonomy":"category","embeddable":true,"href":"https:\/\/www.visualfy.com\/es\/wp-json\/wp\/v2\/categories?post=7759"},{"taxonomy":"post_tag","embeddable":true,"href":"https:\/\/www.visualfy.com\/es\/wp-json\/wp\/v2\/tags?post=7759"}],"curies":[{"name":"wp","href":"https:\/\/api.w.org\/{rel}","templated":true}]}}