{"id":7745,"date":"2018-10-25T07:40:16","date_gmt":"2018-10-25T07:40:16","guid":{"rendered":"https:\/\/www.visualfy.com\/sordera-repentina-aparece-plenitud-profesional-2\/"},"modified":"2025-03-03T11:17:42","modified_gmt":"2025-03-03T11:17:42","slug":"sordera-repentina-aparece-plenitud-profesional-2","status":"publish","type":"post","link":"https:\/\/www.visualfy.com\/es\/sordera-repentina-aparece-plenitud-profesional-2\/","title":{"rendered":"Sordera repentina: cuando el silencio aparece en tu plenitud profesional"},"content":{"rendered":"\n<blockquote class=\"wp-block-quote is-layout-flow wp-block-quote-is-layout-flow\">\n<p>La sordera sobrevenida, o repentina, es un problema que afecta a miles de adultos en edad laboral. Aparece el silencio y hay que lidiar con \u00e9l para poder seguir haciendo frente a las obligaciones profesionales y familiares.<\/p>\n<\/blockquote>\n\n\n\n<p>\nHoy, en el blog de Visualfy, entrevistamos a la abogada Anabel Herrero. La sordera se present\u00f3 en su vida en pleno desarrollo profesional, trabajando adem\u00e1s en un sector donde la comunicaci\u00f3n oral es la base para ejercerlo. Descubre como cambi\u00f3 su vida personal y profesional, y como lo vive hoy en su d\u00eda a d\u00eda.\n\n<strong>Pregunta: Hola Anabel, \u00bfTe puedes presentar y hablarnos un poco de ti? <\/strong>\n\nRespuesta: Me llamo Ana Isabel Herrero, tengo 41 a\u00f1os y soy abogada en el <a href=\"https:\/\/www.abogadoamigo.com\/\" target=\"_blank\" rel=\"noopener noreferrer\">bufete Abogado Amigo<\/a> en Valencia. Dirijo el departamento de Derecho de familia y el de Comercio exterior.\n\n<strong>P: \u00bfC\u00f3mo entr\u00f3 la sordera en tu vida?<\/strong>\n\nR: Empece a ser consciente de tener ac\u00fafenos a los 11 o 12 a\u00f1os, y mi entorno no le dio importancia. M\u00e1s adelante, estando ya en la universidad, comenc\u00e9 a notar peque\u00f1as cosas, como que no o\u00eda el segundero del despertador, cuando antes lo hac\u00eda muy n\u00edtidamente. Acud\u00ed al otorrino, el cual no le dio mucha importancia. Me hizo una audiometr\u00eda y me recet\u00f3 unas gotas para mejorar la circulaci\u00f3n de la zona.\n\n<strong>P: \u00bfQu\u00e9 proceso de consultas m\u00e9dicas y gabinetes seguiste?<\/strong>\n\nR: Me hac\u00eda audiometr\u00edas peri\u00f3dicamente, hasta que una de ellas sali\u00f3 bastante mal y me decepcion\u00f3 tanto que tard\u00e9 en volver. Tiempo despu\u00e9s, en un parque acu\u00e1tico se me meti\u00f3 agua en un o\u00eddo y tuve sensaci\u00f3n de taponamiento durante bastante tiempo sin que me dieran una soluci\u00f3n m\u00e9dica. Quiz\u00e1 fuera una casualidad, pero fue otra se\u00f1al de alarma, ya que sent\u00eda que perd\u00eda audici\u00f3n a gran velocidad. En una consulta m\u00e9dica especializada recib\u00ed el pron\u00f3stico de que era una p\u00e9rdida auditiva progresiva, inoperable.\n\nEn esos momentos me sent\u00ed como que fuera m\u00e1s importante venderme un aud\u00edfono car\u00edsimo que apurar las posibilidades m\u00e9dicas. Fueron momentos muy duros. Gracias a un amigo de Fesord Valencia, usuario de aud\u00edfonos, di con un audioprotesista con el que me sent\u00ed muy c\u00f3moda, y pude percibir que alguien se preocupaba de mis necesidades, adaptando realmente la ayuda t\u00e9cnica que necesitaba.\n\n<strong>P: \u00bfSigues haciendo revisiones para evaluar la evoluci\u00f3n de la sordera?<\/strong>\n\nR: S\u00ed, claro. Cada 6 meses una revisi\u00f3n con audiometr\u00eda, vigilando la evoluci\u00f3n de la sordera. Ha ocurrido lo que me dijo mi audioprotesista, que tras empezar a usar el aud\u00edfono se estancar\u00eda la p\u00e9rdida auditiva. S\u00e9 que siempre tengo la posibilidad del implante coclear, pero quiero apurar todas las posibilidades antes de ello. Acudo a cada revisi\u00f3n con una espada de Damocles sobre mi cabeza.\n\n<\/p>\n\n\n\n<figure class=\"wp-block-image aligncenter\"><img decoding=\"async\" src=\"https:\/\/www.visualfy.com\/wp-content\/uploads\/2025\/02\/Anabel-abogada-con-sordera-repentina-1.jpeg\" alt=\"Anabel, abogada con sordera repentina, sonriendo en una fiesta\" class=\"wp-image-16950\" title=\"Anabel, abogada con sordera repentina, sonriendo en una fiesta\"\/><\/figure>\n\n\n\n<p><strong>P: \u00bfEn qu\u00e9 aspectos de tu vida profesional ha influido la sordera?<\/strong>\n\nR: En el aspecto profesional, much\u00edsimo. Por mi trabajo de abogado tengo continuas reuniones y entrevistas con clientes. Tengo que pedir que suban el volumen de voz, y continuar pidi\u00e9ndolo cada vez que alguien se olvida. Las reuniones de grupo tambi\u00e9n me resultan complicadas, teniendo que pedir orden en las intervenciones o que me repitan alguna cosa.\n\nTambi\u00e9n dej\u00e9 de hacer juicios. Yo atend\u00eda al cliente, le redactaba la demanda, pero el acto de juicio se me hac\u00eda muy dif\u00edcil. Desde que uso&nbsp; aud\u00edfonos hago los juicios con tranquilidad, y s\u00ed es cierto que en algunas ocasiones sigo teniendo problemas para entender a algunas personas, pero gracias a la tecnolog\u00eda y a la aceptaci\u00f3n de mi circunstancia, puedo lidiarlas mucho mejor.\n\n<em>(En este punto, te recomendamos nuestro post <a href=\"https:\/\/www.visualfy.com\/es\/por-que-reconocer-perdida-auditiva-te-hara-feliz\/\">Porqu\u00e9 reconocer que tienes p\u00e9rdida auditiva te har\u00e1 feliz<\/a>)<\/em><strong>P: \u00bfY en la vida personal?<\/strong>\n\nR: En el \u00e1mbito personal me influy\u00f3 mucho el hecho de no poder ir al cine. Se mezclaba la m\u00fasica con los di\u00e1logos y me costaba seguir la pel\u00edcula, as\u00ed que dej\u00e9 de ir. En la televisi\u00f3n empec\u00e9 a poner subt\u00edtulos y auriculares. Desde que llevo aud\u00edfonos la situaci\u00f3n ha revertido por completo: oigo bien el cine y en casa puedo o\u00edr la televisi\u00f3n gracias al bluetooth de los propios aud\u00edfonos.<\/p>\n\n\n<span class='bctt-click-to-tweet'><span class='bctt-ctt-text'><a href=\"https:\/\/x.com\/intent\/tweet?url=https%3A%2F%2Fwww.visualfy.com%2Fes%2Fsordera-repentina-aparece-plenitud-profesional-2%2F&#038;text=Visualfy%20Home%20soluciona%20los%20problemas%20que%20me%20encuentro%20con%20los%20sonidos%20cotidianos%20de%20casa%20-%20Anabel%20Herrero%2C%20abogada%20con%20sordera%20sobrevenida%20en%20edad%20laboral.&#038;via=visualfy&#038;related=visualfy\" target=\"_blank\" rel=\"noopener noreferrer\">Visualfy Home soluciona los problemas que me encuentro con los sonidos cotidianos de casa - Anabel Herrero, abogada con sordera sobrevenida en edad laboral. <\/a><\/span><a href=\"https:\/\/x.com\/intent\/tweet?url=https%3A%2F%2Fwww.visualfy.com%2Fes%2Fsordera-repentina-aparece-plenitud-profesional-2%2F&#038;text=Visualfy%20Home%20soluciona%20los%20problemas%20que%20me%20encuentro%20con%20los%20sonidos%20cotidianos%20de%20casa%20-%20Anabel%20Herrero%2C%20abogada%20con%20sordera%20sobrevenida%20en%20edad%20laboral.&#038;via=visualfy&#038;related=visualfy\" target=\"_blank\" class=\"bctt-ctt-btn\" rel=\"noopener noreferrer\">Compartir en X<\/a><\/span>\n\n\n\n<p><strong>P: \u00bfHay alguna situaci\u00f3n en concreto en casa donde la sordera influye en tu vida diaria? <\/strong> R: Nunca imaginas c\u00f3mo la audici\u00f3n influye en la vida diaria. El timbre de la puerta no lo o\u00eda sin aud\u00edfonos, y cuando empec\u00e9 a usarlos lo o\u00eda, pero no pod\u00eda identificar qu\u00e9 sonido era. Con el timbre del tel\u00e9fono y, sobre todo, con la alarma del despertador todav\u00eda tengo problemas, ya que me quito los aud\u00edfonos para dormir. <strong>P: \u00bf Consideras que una tecnolog\u00eda como Visualfy podr\u00eda serte \u00fatil en tu vida diaria?<\/strong> R: Estoy totalmente a favor de esa y cualquier otra tecnolog\u00eda que pueda ser \u00fatil para sobrellevar una limitaci\u00f3n tan grande como no o\u00edr bien. Pero, adem\u00e1s, es que <a href=\"https:\/\/www.visualfy.com\/es\/visualfy-home\/\">Visualfy Home<\/a> soluciona los problemas que me encuentro con los sonidos cotidianos de casa. <strong>P: Por \u00faltimo, Anabel, \u00bfpodr\u00edas lanzar alg\u00fan mensaje positivo a las personas que desarrollan una sordera en la edad adulta?<\/strong> R: \u00a1Claro que s\u00ed! Hay que trabajar en aceptar el problema y ponerse en manos de profesionales para poner soluciones. Otorrino, audiometrista y audioprotesista. Invertir en los aud\u00edfonos adecuados para sentir c\u00f3mo la calidad de vida incrementa much\u00edsimo. Yo he recuperado mi vida gracias a ellos.<\/p>\n","protected":false},"excerpt":{"rendered":"<p>La sordera sobrevenida, o repentina, es un problema que afecta a miles de adultos en edad laboral. Aparece el silencio y hay que lidiar con \u00e9l para poder seguir haciendo frente a las obligaciones profesionales y familiares. Hoy, en el blog de Visualfy, entrevistamos a la abogada Anabel Herrero. La sordera se present\u00f3 en su [&hellip;]<\/p>\n","protected":false},"author":2,"featured_media":4580,"comment_status":"open","ping_status":"open","sticky":false,"template":"","format":"standard","meta":{"_acf_changed":false,"content-type":"","_uag_custom_page_level_css":"","footnotes":""},"categories":[33,36],"tags":[],"class_list":["post-7745","post","type-post","status-publish","format-standard","has-post-thumbnail","hentry","category-estilo-de-vida","category-sordos-magnificos"],"acf":[],"spectra_custom_meta":{"_wp_page_template":["default"],"rank_math_internal_links_processed":["1"],"_wpml_word_count":["{\"total\":926,\"to_translate\":{\"en\":926}}"],"_yoast_wpseo_primary_category":["6450"],"_yoast_wpseo_keywordsynonyms":["[\"\"]"],"_wpml_media_duplicate":["1"],"_wpml_media_featured":["1"],"_yoast_wpseo_focuskeywords":["[]"],"_et_monarch_override":[""],"amazonS3_cache":["a:49:{s:64:\"\/\/cdn.visualfy.com\/img\/Anabel-abogada-con-sordera-repentina.jpeg\";i:18846;s:87:\"\/\/dev.visualfy.com\/wp-content\/uploads\/2018\/11\/Anabel-abogada-con-sordera-repentina.jpeg\";s:5:\"18844\";s:87:\"\/\/www.visualfy.com\/wp-content\/uploads\/2018\/11\/Anabel-abogada-con-sordera-repentina.jpeg\";i:18846;s:93:\"\/\/visualfy.acceseo.dev\/wp-content\/uploads\/2025\/02\/Anabel-abogada-con-sordera-repentina-1.jpeg\";a:1:{s:9:\"timestamp\";i:1744269473;}s:89:\"\/\/visualfy.acceseo.dev\/wp-content\/uploads\/2025\/02\/La-sordera-sobrevenida-en-adultos-1.jpg\";a:1:{s:9:\"timestamp\";i:1744269473;}s:69:\"\/\/visualfy.acceseo.dev\/wp-content\/uploads\/2025\/02\/lse-icon-button.svg\";a:1:{s:9:\"timestamp\";i:1744268225;}s:81:\"\/\/visualfy.acceseo.dev\/wp-content\/uploads\/2025\/02\/visualfy-places-placeholder.jpg\";a:1:{s:9:\"timestamp\";i:1744268225;}s:66:\"\/\/visualfy.acceseo.dev\/wp-content\/uploads\/2025\/01\/computer_404.svg\";a:1:{s:9:\"timestamp\";i:1744268225;}s:63:\"\/\/visualfy.acceseo.dev\/wp-content\/uploads\/2025\/01\/user-icon.svg\";a:1:{s:9:\"timestamp\";i:1744268225;}s:58:\"\/\/visualfy.acceseo.dev\/wp-content\/uploads\/2025\/01\/menu.svg\";a:1:{s:9:\"timestamp\";i:1744268225;}s:67:\"\/\/visualfy.acceseo.dev\/wp-content\/uploads\/2025\/01\/logo-visualfy.svg\";a:1:{s:9:\"timestamp\";i:1744268225;}s:65:\"\/\/visualfy.acceseo.dev\/wp-content\/uploads\/2025\/01\/logo-footer.svg\";a:1:{s:9:\"timestamp\";i:1744268225;}s:88:\"\/\/visualfy.acceseo.dev\/wp-content\/uploads\/2025\/01\/union-europea-ministerio-industria.png\";a:1:{s:9:\"timestamp\";i:1744268225;}s:78:\"\/\/visualfy.acceseo.dev\/wp-content\/uploads\/2025\/01\/fondo-europeo-innovacion.png\";a:1:{s:9:\"timestamp\";i:1744268225;}s:77:\"\/\/visualfy.acceseo.dev\/wp-content\/uploads\/2025\/01\/generalitat-ivace-feder.png\";a:1:{s:9:\"timestamp\";i:1744268225;}s:85:\"\/\/visualfy.acceseo.dev\/wp-content\/uploads\/2025\/01\/generalita-ivace-cofinanciacion.png\";a:1:{s:9:\"timestamp\";i:1744268225;}s:61:\"\/\/visualfy.acceseo.dev\/wp-content\/uploads\/2025\/02\/Sem-3-1.png\";a:1:{s:9:\"timestamp\";i:1744268225;}s:69:\"\/\/visualfy.acceseo.dev\/wp-content\/uploads\/2025\/02\/Sem-3-1-300x176.png\";a:1:{s:9:\"timestamp\";i:1744268225;}s:70:\"\/\/visualfy.acceseo.dev\/wp-content\/uploads\/2025\/02\/Sem-3-1-1024x600.png\";a:1:{s:9:\"timestamp\";i:1744268225;}s:69:\"\/\/visualfy.acceseo.dev\/wp-content\/uploads\/2025\/02\/Sem-3-1-768x450.png\";a:1:{s:9:\"timestamp\";i:1744268225;}s:70:\"\/\/visualfy.acceseo.dev\/wp-content\/uploads\/2025\/02\/Sem-3-1-1536x900.png\";a:1:{s:9:\"timestamp\";i:1744268225;}s:71:\"\/\/visualfy.acceseo.dev\/wp-content\/uploads\/2025\/02\/Sem-3-1-2048x1200.png\";a:1:{s:9:\"timestamp\";i:1744268225;}s:63:\"\/\/visualfy.acceseo.dev\/wp-content\/uploads\/2025\/02\/Sem-2-3-1.jpg\";a:1:{s:9:\"timestamp\";i:1744268225;}s:71:\"\/\/visualfy.acceseo.dev\/wp-content\/uploads\/2025\/02\/Sem-2-3-1-300x169.jpg\";a:1:{s:9:\"timestamp\";i:1744268225;}s:72:\"\/\/visualfy.acceseo.dev\/wp-content\/uploads\/2025\/02\/Sem-2-3-1-1024x576.jpg\";a:1:{s:9:\"timestamp\";i:1744268225;}s:71:\"\/\/visualfy.acceseo.dev\/wp-content\/uploads\/2025\/02\/Sem-2-3-1-768x432.jpg\";a:1:{s:9:\"timestamp\";i:1744268225;}s:72:\"\/\/visualfy.acceseo.dev\/wp-content\/uploads\/2025\/02\/Sem-2-3-1-1536x864.jpg\";a:1:{s:9:\"timestamp\";i:1744268225;}s:63:\"\/\/visualfy.acceseo.dev\/wp-content\/uploads\/2025\/02\/Sem-1-2-1.png\";a:1:{s:9:\"timestamp\";i:1744268225;}s:71:\"\/\/visualfy.acceseo.dev\/wp-content\/uploads\/2025\/02\/Sem-1-2-1-300x157.png\";a:1:{s:9:\"timestamp\";i:1744268225;}s:72:\"\/\/visualfy.acceseo.dev\/wp-content\/uploads\/2025\/02\/Sem-1-2-1-1024x535.png\";a:1:{s:9:\"timestamp\";i:1744268225;}s:71:\"\/\/visualfy.acceseo.dev\/wp-content\/uploads\/2025\/02\/Sem-1-2-1-768x401.png\";a:1:{s:9:\"timestamp\";i:1744268225;}s:67:\"\/\/visualfy.acceseo.dev\/wp-content\/uploads\/2025\/02\/caixa-popular.svg\";a:1:{s:9:\"timestamp\";i:1744268225;}s:58:\"\/\/visualfy.acceseo.dev\/wp-content\/uploads\/2025\/02\/cdti.svg\";a:1:{s:9:\"timestamp\";i:1744268225;}s:58:\"\/\/visualfy.acceseo.dev\/wp-content\/uploads\/2025\/02\/cnse.svg\";a:1:{s:9:\"timestamp\";i:1744268225;}s:60:\"\/\/visualfy.acceseo.dev\/wp-content\/uploads\/2025\/02\/esteve.svg\";a:1:{s:9:\"timestamp\";i:1744268225;}s:60:\"\/\/visualfy.acceseo.dev\/wp-content\/uploads\/2025\/02\/fesord.svg\";a:1:{s:9:\"timestamp\";i:1744268225;}s:76:\"\/\/visualfy.acceseo.dev\/wp-content\/uploads\/2025\/02\/generalitat-valenciana.svg\";a:1:{s:9:\"timestamp\";i:1744268225;}s:66:\"\/\/visualfy.acceseo.dev\/wp-content\/uploads\/2025\/02\/horizon-2020.svg\";a:1:{s:9:\"timestamp\";i:1744268225;}s:59:\"\/\/visualfy.acceseo.dev\/wp-content\/uploads\/2025\/02\/ivace.svg\";a:1:{s:9:\"timestamp\";i:1744268225;}s:62:\"\/\/visualfy.acceseo.dev\/wp-content\/uploads\/2025\/02\/montsant.svg\";a:1:{s:9:\"timestamp\";i:1744268225;}s:69:\"\/\/visualfy.acceseo.dev\/wp-content\/uploads\/2025\/02\/naciones-unidas.svg\";a:1:{s:9:\"timestamp\";i:1744268225;}s:62:\"\/\/visualfy.acceseo.dev\/wp-content\/uploads\/2025\/02\/randstad.svg\";a:1:{s:9:\"timestamp\";i:1744268225;}s:64:\"\/\/visualfy.acceseo.dev\/wp-content\/uploads\/2025\/02\/telefonica.svg\";a:1:{s:9:\"timestamp\";i:1744268225;}s:66:\"\/\/visualfy.acceseo.dev\/wp-content\/uploads\/2025\/02\/wingstoclaim.svg\";a:1:{s:9:\"timestamp\";i:1744268225;}s:67:\"\/\/visualfy.acceseo.dev\/wp-content\/uploads\/2025\/02\/otoesclerosis.jpg\";a:1:{s:9:\"timestamp\";i:1742980312;}s:77:\"\/\/visualfy.acceseo.dev\/wp-content\/uploads\/2025\/02\/que-es-implante-coclear.jpg\";a:1:{s:9:\"timestamp\";i:1742980312;}s:78:\"\/\/visualfy.acceseo.dev\/wp-content\/uploads\/2025\/02\/hipoacusia-profesional-1.jpg\";a:1:{s:9:\"timestamp\";i:1742980312;}s:98:\"\/\/visualfy.acceseo.dev\/wp-content\/uploads\/2025\/02\/nino-sordo-durmiendo-en-brazos-de-su-madre-1.jpg\";a:1:{s:9:\"timestamp\";i:1742980312;}s:88:\"\/\/visualfy.acceseo.dev\/wp-content\/uploads\/2025\/02\/ejercer-derechos-empresas-aereas-2.jpg\";a:1:{s:9:\"timestamp\";i:1742980312;}}"],"_yoast_wpseo_opengraph-title":[""],"_yoast_wpseo_opengraph-description":[""],"_yst_prominent_words_version":["1"],"_yoast_wpseo_video_meta":["a:15:{s:2:\"id\";s:11:\"t6HBg8x_Vyc\";s:4:\"type\";s:7:\"youtube\";s:3:\"url\";s:28:\"https:\/\/youtu.be\/t6HBg8x_Vyc\";s:7:\"post_id\";s:5:\"18841\";s:5:\"title\";s:53:\"Cuando el silencio aparece en la plenitud profesional\";s:16:\"publication_date\";s:25:\"2018-10-25T07:40:16+00:00\";s:11:\"description\";s:128:\"La sordera sobrevenida, o repentina, es un problema que afecta a miles de adultos en edad laboral. Anabel cuenta su experiencia.\";s:10:\"player_loc\";s:41:\"https:\/\/www.youtube.com\/embed\/t6HBg8x_Vyc\";s:13:\"thumbnail_loc\";s:44:\"https:\/\/cdn.visualfy.com\/img\/t6hbg8x_vyc.jpg\";s:8:\"duration\";s:3:\"363\";s:10:\"view_count\";s:2:\"37\";s:5:\"width\";s:3:\"480\";s:6:\"height\";s:3:\"270\";s:8:\"category\";s:34:\"Estilo de vida y p\u00e9rdida auditiva\";s:3:\"tag\";a:0:{}}"],"_yoast_wpseo_videositemap-duration":["363"],"_yoast_wpseo_videositemap-rating":["0"],"_yoast_wpseo_metadesc":["La sordera sobrevenida, o repentina, es un problema que afecta a miles de adultos en edad laboral. Anabel cuenta su experiencia."],"_yoast_wpseo_focuskw":[""],"_yoast_wpseo_content_score":[""],"cmplz_hide_cookiebanner":[""],"_wpml_location_migration_done":["1"],"_fgj2wp_old_id":[""],"_yoast_wpseo_metakeywords":[""],"_bsf_post_type":[""],"_yoast_wpseo_meta-robots-noindex":[""],"_fgj2wp_translation_association_key":[""],"_product_image_gallery":[""],"_wp_old_slug":[""],"_yoast_wpseo_title":["Cuando el silencio aparece en la plenitud profesional"],"slide_template":[""],"_yoast_wpseo_opengraph-image":[""],"_yoast_wpseo_opengraph-image-id":[""],"_wp_old_date":["2018-11-20"],"_bsf_article_image":[""],"_bsf_article_name":[""],"_bsf_article_desc":[""],"_bsf_article_author":[""],"_bsf_article_publisher":[""],"_bsf_article_publisher_logo":[""],"_yoast_wpseo_meta-robots-nofollow":[""],"amp_status":[""],"_cmplz_scanned_post":["1"],"_encloseme":[""],"_last_translation_edit_mode":[""],"_yoast_wpseo_twitter-title":[""],"_yoast_wpseo_twitter-description":[""],"_yoast_wpseo_twitter-image":[""],"_yoast_wpseo_twitter-image-id":[""],"_yoast_wpseo_linkdex":[""],"_thumbnail_id":["4580"],"_oembed_6eaadca4d7b938c7fe19f586b5b63d4d":["<iframe title=\"Sordera repentina: cuando el silencio aparece en tu plenitud profesional -Visualfy\" width=\"500\" height=\"281\" src=\"https:\/\/www.youtube.com\/embed\/t6HBg8x_Vyc?feature=oembed\" frameborder=\"0\" allow=\"accelerometer; autoplay; clipboard-write; encrypted-media; gyroscope; picture-in-picture; web-share\" referrerpolicy=\"strict-origin-when-cross-origin\" allowfullscreen><\/iframe>"],"_oembed_time_6eaadca4d7b938c7fe19f586b5b63d4d":["1740566729"],"_edit_lock":["1741000662:1"],"rank_math_seo_score":["13"],"rank_math_primary_category":["33"],"_pingme":["1"],"_uag_custom_page_level_css":[""],"footnotes":[""],"_edit_last":["1"],"lse_enlace":["https:\/\/youtu.be\/t6HBg8x_Vyc"],"_lse_enlace":["field_67b5db1d9d4ca"],"_betterdocs_reusable_block_ids":["a:0:{}"],"copied_media_ids":["a:1:{i:0;i:4578;}"],"referenced_media_ids":["a:1:{i:0;i:4580;}"]},"uagb_featured_image_src":{"full":["https:\/\/www.visualfy.com\/wp-content\/uploads\/2025\/02\/La-sordera-sobrevenida-en-adultos-1.jpg",962,501,false],"thumbnail":["https:\/\/www.visualfy.com\/wp-content\/uploads\/2025\/02\/La-sordera-sobrevenida-en-adultos-1-150x150.jpg",150,150,true],"medium":["https:\/\/www.visualfy.com\/wp-content\/uploads\/2025\/02\/La-sordera-sobrevenida-en-adultos-1-300x156.jpg",300,156,true],"medium_large":["https:\/\/www.visualfy.com\/wp-content\/uploads\/2025\/02\/La-sordera-sobrevenida-en-adultos-1-768x400.jpg",768,400,true],"large":["https:\/\/www.visualfy.com\/wp-content\/uploads\/2025\/02\/La-sordera-sobrevenida-en-adultos-1.jpg",962,501,false],"1536x1536":["https:\/\/www.visualfy.com\/wp-content\/uploads\/2025\/02\/La-sordera-sobrevenida-en-adultos-1.jpg",962,501,false],"2048x2048":["https:\/\/www.visualfy.com\/wp-content\/uploads\/2025\/02\/La-sordera-sobrevenida-en-adultos-1.jpg",962,501,false]},"uagb_author_info":{"display_name":"visualfy","author_link":"https:\/\/www.visualfy.com\/es\/author\/visualfy\/"},"uagb_comment_info":0,"uagb_excerpt":"La sordera sobrevenida, o repentina, es un problema que afecta a miles de adultos en edad laboral. Aparece el silencio y hay que lidiar con \u00e9l para poder seguir haciendo frente a las obligaciones profesionales y familiares. Hoy, en el blog de Visualfy, entrevistamos a la abogada Anabel Herrero. La sordera se present\u00f3 en su&hellip;","_links":{"self":[{"href":"https:\/\/www.visualfy.com\/es\/wp-json\/wp\/v2\/posts\/7745","targetHints":{"allow":["GET"]}}],"collection":[{"href":"https:\/\/www.visualfy.com\/es\/wp-json\/wp\/v2\/posts"}],"about":[{"href":"https:\/\/www.visualfy.com\/es\/wp-json\/wp\/v2\/types\/post"}],"author":[{"embeddable":true,"href":"https:\/\/www.visualfy.com\/es\/wp-json\/wp\/v2\/users\/2"}],"replies":[{"embeddable":true,"href":"https:\/\/www.visualfy.com\/es\/wp-json\/wp\/v2\/comments?post=7745"}],"version-history":[{"count":0,"href":"https:\/\/www.visualfy.com\/es\/wp-json\/wp\/v2\/posts\/7745\/revisions"}],"wp:featuredmedia":[{"embeddable":true,"href":"https:\/\/www.visualfy.com\/es\/wp-json\/wp\/v2\/media\/4580"}],"wp:attachment":[{"href":"https:\/\/www.visualfy.com\/es\/wp-json\/wp\/v2\/media?parent=7745"}],"wp:term":[{"taxonomy":"category","embeddable":true,"href":"https:\/\/www.visualfy.com\/es\/wp-json\/wp\/v2\/categories?post=7745"},{"taxonomy":"post_tag","embeddable":true,"href":"https:\/\/www.visualfy.com\/es\/wp-json\/wp\/v2\/tags?post=7745"}],"curies":[{"name":"wp","href":"https:\/\/api.w.org\/{rel}","templated":true}]}}