{"id":7733,"date":"2018-10-04T14:39:48","date_gmt":"2018-10-04T14:39:48","guid":{"rendered":"https:\/\/www.visualfy.com\/pablo-hernandez-implantes-valencia-basket\/"},"modified":"2025-02-26T11:07:58","modified_gmt":"2025-02-26T11:07:58","slug":"pablo-hernandez-implantes-valencia-basket","status":"publish","type":"post","link":"https:\/\/www.visualfy.com\/es\/pablo-hernandez-implantes-valencia-basket\/","title":{"rendered":"Pablo Hern\u00e1ndez, el ni\u00f1o con implantes que juega en el Valencia Basket"},"content":{"rendered":"\n<blockquote class=\"wp-block-quote is-layout-flow wp-block-quote-is-layout-flow\">\n<p>Desde Visualfy siempre lanzamos el mensaje de que un ni\u00f1o sordo puede llegar donde quiera. Por eso nos gusta traer <a href=\"https:\/\/www.visualfy.com\/es\/ca\/sordos-magnificos\/\">esas historias de superaci\u00f3n que lo demuestran<\/a>. Y la de Pablo es muy especial.<\/p>\n<\/blockquote>\n\n\n\n<p>\nEl equipo de redacci\u00f3n de Visualfy ha desembarcado en<strong> L\u00b4Alquer\u00eda del Basket<\/strong>, las espectaculares instalaciones de <strong>Valencia Basket<\/strong> para la cantera m\u00e1s importante de la Comunidad Valenciana. Nos recibe Inma, la mam\u00e1 de <strong>Pablo Hern\u00e1ndez, jugador infantil de 12 a\u00f1os, implantado bilateralmente<\/strong>.\n\n<strong>Visualfy: \u00bfCu\u00e1nto tiempo lleva Pablo implantado?<\/strong><strong>Inma:<\/strong> La operaci\u00f3n de Pablo no fue simult\u00e1nea. El primero se lo implantaron a los diecis\u00e9is meses, y el segundo un a\u00f1o y medio despu\u00e9s. Ahora tiene doce a\u00f1os.\n\n<strong>V: \u00bfA Pablo le gust\u00f3 el basket desde siempre?<\/strong><strong>I:<\/strong> Pues sac\u00f3 la vena a los cuatro a\u00f1os. Ya le ve\u00edamos que le gustaba el deporte y ten\u00eda aptitudes para practicar alguno, pero jam\u00e1s nos imaginamos que le gustara el baloncesto. En casa nunca hab\u00edamos tenido ninguna relaci\u00f3n con ese deporte, ni ve\u00edamos partidos. Un d\u00eda fuimos a comprar unas zapatillas, y \u00e9l, todav\u00eda en proceso de adquisici\u00f3n del lenguaje, nos dec\u00eda: \u201cesto, esto\u201d. Al fin descubrimos que quer\u00eda decir \u201cbaloncesto\u201d y lo apuntamos.<\/p>\n\n\n\n<figure class=\"wp-block-image aligncenter wp-image-16558\"><img decoding=\"async\" src=\"https:\/\/www.visualfy.com\/wp-content\/uploads\/2025\/02\/El-mundo-Biel-alino-1-300x182.jpg\" alt=\"Pablo Hern\u00e1ndez, jugador de basket a punto de lanzar a canasta\" class=\"wp-image-16558\"\/><figcaption class=\"wp-element-caption\">Fuente: <a href=\"http:\/\/www.elmundo.es\/comunidad-valenciana\/2018\/06\/24\/5b2e7118e5fdea05378b4646.html\" target=\"_blank\" rel=\"noopener noreferrer\">El Mundo<\/a> &#8211; Biel Ali\u00f1o<\/figcaption><\/figure>\n\n\n\n<p><strong>V: \u00bfD\u00f3nde empez\u00f3 a jugar?<\/strong><strong>I:<\/strong> Pues acudimos al lugar que m\u00e1s a mano ten\u00edamos, que era la escuela municipal de B\u00e9tera (Valencia). \u00c9l ten\u00eda cinco a\u00f1os, y desde el primer momento vimos que ten\u00eda aptitudes para el juego. \u00a1No sab\u00edamos que era capaz de hacer esas cosas!\n\n<strong>V: \u00bfC\u00f3mo gestionasteis el hecho que jugara con implantes?<\/strong><strong>I:<\/strong> \u00a1Al principio ni lo pensamos! (Inma, con su manera tan positiva de ver la vida, no puede evitar re\u00edrse). Cuando vimos que se le ca\u00edan las bobinas en los saltos, le pusimos una cinta de tenista para sujetarlos. Hemos ido resolviendo esos peque\u00f1os problemas a medida que surg\u00edan.\n\n<strong>V: \u00bfY c\u00f3mo viv\u00eda \u00e9l las instrucciones del entrenador o la comunicaci\u00f3n con compa\u00f1eros?<\/strong><strong>I:<\/strong> Ha ido aprendiendo poco a poco. La ac\u00fastica del pabell\u00f3n de B\u00e9tera hac\u00eda que ni los oyentes escuch\u00e1ramos nada, con lo que a \u00e9l le costaba mucho. Los entrenadores le individualizaban un poco las instrucciones, y \u00e9l sac\u00f3 toda su capacidad de atenci\u00f3n. Los ni\u00f1os sordos que acuden a estimulaci\u00f3n temprana tienen una capacidad de atenci\u00f3n fuera de lo com\u00fan.\n\n<strong>V: \u00bfCu\u00e1ndo empieza Pablo a despuntar en el baloncesto?<\/strong><strong>I:<\/strong> Particip\u00f3 en un programa de tecnificaci\u00f3n, donde la federaci\u00f3n va por los clubes viendo a chicos y el nivel que tienen. Ese fue un punto de inflexi\u00f3n en su forma de ver el deporte, porque a partir de ah\u00ed empez\u00f3 a creerse de qu\u00e9 era capaz. Su grupo de tecnificaci\u00f3n gan\u00f3 la competici\u00f3n que se hac\u00eda entre los grupos de la Comunidad Valenciana, jugando \u00e9l muchos minutos y teniendo un papel importante.\n\n<strong>V: \u00bfY c\u00f3mo aparece Valencia Basket en la vida de Pablo?<\/strong><strong>I:<\/strong> En junio del a\u00f1o pasado vino a unas pruebas de puertas abiertas que hace el club, y le dijeron que se quedara. Comenz\u00f3 la temporada en septiembre de 2017 y este es su segundo a\u00f1o aqu\u00ed. Estar aqu\u00ed ya es otra historia; competitividad, esfuerzo, superaci\u00f3n. Y \u00e9l se siente muy a gusto con la filosof\u00eda del club y los valores que se promueven (os recordamos que el lema de Valencia Basket es \u201cCultura del esfuerzo\u201d).\n\n<strong>V: Ahora que es m\u00e1s mayor, y el juego es m\u00e1s intenso, \u00bfqu\u00e9 medidas tiene que tomar Pablo con sus implantes?<\/strong><strong>I:<\/strong> Juega con una chichonera de rugby, s\u00f3lo eso. Solemos llevar siempre bater\u00edas de recambio por si acaso, y no tiene ning\u00fan problema para jugar. Es m\u00e1s, los entrenadores nos dicen que alucinan con su capacidad de atenci\u00f3n y su visi\u00f3n de las jugadas. Todo es resultado de su trabajo y concentraci\u00f3n.<\/p>\n\n\n\n<figure class=\"wp-block-image aligncenter wp-image-16560\"><img decoding=\"async\" src=\"https:\/\/www.visualfy.com\/wp-content\/uploads\/2025\/02\/El-mundo-2-Biel-Alino-300x182.jpg\" alt=\"Pablo Hern\u00e1ndez posando con el bal\u00f3n bajo el brazo\" class=\"wp-image-16560\"\/><figcaption class=\"wp-element-caption\">Fuente: <a href=\"http:\/\/www.elmundo.es\/comunidad-valenciana\/2018\/06\/24\/5b2e7118e5fdea05378b4646.html\" target=\"_blank\" rel=\"noopener noreferrer\">El Mundo<\/a> &#8211; Biel Ali\u00f1o<\/figcaption><\/figure>\n\n\n\n<p>Lo malo es que los implantes sufren mucho, ya que Pablo suda con la chichonera. Los cables se deterioran enseguida, e incluso los implantes llegan a bloquearse por la humedad. Me uno a la petici\u00f3n de todas las asociaciones y padres de ni\u00f1os sordos para que se reduzca el precio de los accesorios para implantes. <strong>V: Perdona la pregunta, pero&#8230; \u00bfse puede jugar al baloncesto profesional con implantes cocleares?I:<\/strong> \u00a1Claro! La normativa lo permite, siempre y cuando las protecciones sean legales. No s\u00e9 si hay alg\u00fan jugador profesional que lleve implantes, pero Pablo dice que quiere serlo. Es uno de sus sue\u00f1os. <strong>V: \u00bfNos dir\u00edas unas \u00faltimas palabras para los padres de ni\u00f1os reci\u00e9n diagnosticados?I:<\/strong> Que les dejen ser ellos mismos, que les permitan sacar sus talentos aunque tengamos esa peque\u00f1a vena de sobreprotecci\u00f3n. No podemos cortarles las alas, y ellos pueden volar tan alto como deseen. Dejamos a Inma, que tiene que volver a las gradas de la cancha de entrenamiento, y nos vamos con la sensaci\u00f3n de haber vuelto a vivir un momento m\u00e1gico gracias a la historia de superaci\u00f3n de Pablo. Pero tambi\u00e9n tenemos que recordar que su historia no tiene porqu\u00e9 ser excepcional, sino que deber\u00eda ser la norma. <strong>Los ni\u00f1os sordos pueden conseguir todo lo que se propongan<\/strong>\u2026 como cualquier otro ni\u00f1o.<\/p>\n","protected":false},"excerpt":{"rendered":"<p>Desde Visualfy siempre lanzamos el mensaje de que un ni\u00f1o sordo puede llegar donde quiera. Por eso nos gusta traer esas historias de superaci\u00f3n que lo demuestran. Y la de Pablo es muy especial. El equipo de redacci\u00f3n de Visualfy ha desembarcado en L\u00b4Alquer\u00eda del Basket, las espectaculares instalaciones de Valencia Basket para la cantera [&hellip;]<\/p>\n","protected":false},"author":2,"featured_media":4511,"comment_status":"open","ping_status":"open","sticky":false,"template":"","format":"standard","meta":{"_acf_changed":false,"content-type":"","_uag_custom_page_level_css":"","footnotes":""},"categories":[36],"tags":[],"class_list":["post-7733","post","type-post","status-publish","format-standard","has-post-thumbnail","hentry","category-sordos-magnificos"],"acf":[],"spectra_custom_meta":{"_wp_page_template":["default"],"rank_math_internal_links_processed":["1"],"_wpml_word_count":["{\"total\":943,\"to_translate\":{\"en\":943}}"],"_yoast_wpseo_primary_category":["4185"],"_yoast_wpseo_keywordsynonyms":["[\"\",\"basket con implantes cocleares\",\"\"]"],"_wpml_media_duplicate":["0"],"_wpml_media_featured":["0"],"_yoast_wpseo_focuskeywords":["[{\"keyword\":\"jugador baloncesto implantado\",\"score\":\"\"},{\"keyword\":\"cultura del esfuerzo\",\"score\":\"\"}]"],"_et_monarch_override":[""],"amazonS3_cache":["a:59:{s:72:\"\/\/dev.visualfy.com\/wp-content\/uploads\/2018\/09\/El-mundo-Biel-ali\u00f1o-1.jpg\";i:16558;s:80:\"\/\/dev.visualfy.com\/wp-content\/uploads\/2018\/09\/El-mundo-Biel-ali\u00f1o-1-300x182.jpg\";i:16558;s:72:\"\/\/dev.visualfy.com\/wp-content\/uploads\/2018\/09\/El-mundo-2-Biel-Ali\u00f1o.jpg\";i:16560;s:80:\"\/\/dev.visualfy.com\/wp-content\/uploads\/2018\/09\/El-mundo-2-Biel-Ali\u00f1o-300x182.jpg\";i:16560;s:87:\"\/\/dev.visualfy.com\/wp-content\/uploads\/2018\/09\/El-mundo-Biel-ali\u00f1o-1-e1537735758474.jpg\";i:16558;s:64:\"\/\/cdn.visualfy.com\/img\/El-mundo-Biel-ali\u00f1o-1-e1537735758474.jpg\";i:16558;s:57:\"\/\/cdn.visualfy.com\/img\/El-mundo-Biel-ali\u00f1o-1-300x182.jpg\";i:16558;s:49:\"\/\/cdn.visualfy.com\/img\/El-mundo-2-Biel-Ali\u00f1o.jpg\";i:16560;s:57:\"\/\/cdn.visualfy.com\/img\/El-mundo-2-Biel-Ali\u00f1o-300x182.jpg\";i:16560;s:72:\"\/\/www.visualfy.com\/wp-content\/uploads\/2018\/09\/El-mundo-Biel-ali\u00f1o-1.jpg\";i:16558;s:80:\"\/\/www.visualfy.com\/wp-content\/uploads\/2018\/09\/El-mundo-Biel-ali\u00f1o-1-300x182.jpg\";i:16558;s:72:\"\/\/www.visualfy.com\/wp-content\/uploads\/2018\/09\/El-mundo-2-Biel-Ali\u00f1o.jpg\";i:16560;s:80:\"\/\/www.visualfy.com\/wp-content\/uploads\/2018\/09\/El-mundo-2-Biel-Ali\u00f1o-300x182.jpg\";i:16560;s:87:\"\/\/www.visualfy.com\/wp-content\/uploads\/2018\/09\/El-mundo-Biel-ali\u00f1o-1-e1537735758474.jpg\";i:16558;s:78:\"\/\/www.elmundo.es\/comunidad-valenciana\/2018\/06\/24\/5b2e7118e5fdea05378b4646.html\";a:1:{s:9:\"timestamp\";i:1557136729;}s:75:\"\/\/visualfy.acceseo.dev\/wp-content\/uploads\/2025\/02\/El-mundo-Biel-alino-1.jpg\";a:1:{s:9:\"timestamp\";i:1744269475;}s:83:\"\/\/visualfy.acceseo.dev\/wp-content\/uploads\/2025\/02\/El-mundo-Biel-alino-1-300x182.jpg\";a:1:{s:9:\"timestamp\";i:1744269475;}s:75:\"\/\/visualfy.acceseo.dev\/wp-content\/uploads\/2025\/02\/El-mundo-2-Biel-Alino.jpg\";a:1:{s:9:\"timestamp\";i:1744269475;}s:83:\"\/\/visualfy.acceseo.dev\/wp-content\/uploads\/2025\/02\/El-mundo-2-Biel-Alino-300x182.jpg\";a:1:{s:9:\"timestamp\";i:1744269475;}s:90:\"\/\/visualfy.acceseo.dev\/wp-content\/uploads\/2025\/02\/El-mundo-Biel-alino-1-e1537735758474.jpg\";a:1:{s:9:\"timestamp\";i:1744269475;}s:69:\"\/\/visualfy.acceseo.dev\/wp-content\/uploads\/2025\/02\/lse-icon-button.svg\";a:1:{s:9:\"timestamp\";i:1744268221;}s:81:\"\/\/visualfy.acceseo.dev\/wp-content\/uploads\/2025\/02\/visualfy-places-placeholder.jpg\";a:1:{s:9:\"timestamp\";i:1744268221;}s:66:\"\/\/visualfy.acceseo.dev\/wp-content\/uploads\/2025\/01\/computer_404.svg\";a:1:{s:9:\"timestamp\";i:1744268221;}s:63:\"\/\/visualfy.acceseo.dev\/wp-content\/uploads\/2025\/01\/user-icon.svg\";a:1:{s:9:\"timestamp\";i:1744268221;}s:58:\"\/\/visualfy.acceseo.dev\/wp-content\/uploads\/2025\/01\/menu.svg\";a:1:{s:9:\"timestamp\";i:1744268221;}s:67:\"\/\/visualfy.acceseo.dev\/wp-content\/uploads\/2025\/01\/logo-visualfy.svg\";a:1:{s:9:\"timestamp\";i:1744268221;}s:65:\"\/\/visualfy.acceseo.dev\/wp-content\/uploads\/2025\/01\/logo-footer.svg\";a:1:{s:9:\"timestamp\";i:1744268221;}s:88:\"\/\/visualfy.acceseo.dev\/wp-content\/uploads\/2025\/01\/union-europea-ministerio-industria.png\";a:1:{s:9:\"timestamp\";i:1744268221;}s:78:\"\/\/visualfy.acceseo.dev\/wp-content\/uploads\/2025\/01\/fondo-europeo-innovacion.png\";a:1:{s:9:\"timestamp\";i:1744268221;}s:77:\"\/\/visualfy.acceseo.dev\/wp-content\/uploads\/2025\/01\/generalitat-ivace-feder.png\";a:1:{s:9:\"timestamp\";i:1744268221;}s:85:\"\/\/visualfy.acceseo.dev\/wp-content\/uploads\/2025\/01\/generalita-ivace-cofinanciacion.png\";a:1:{s:9:\"timestamp\";i:1744268221;}s:61:\"\/\/visualfy.acceseo.dev\/wp-content\/uploads\/2025\/02\/Sem-3-1.png\";a:1:{s:9:\"timestamp\";i:1744268221;}s:69:\"\/\/visualfy.acceseo.dev\/wp-content\/uploads\/2025\/02\/Sem-3-1-300x176.png\";a:1:{s:9:\"timestamp\";i:1744268221;}s:70:\"\/\/visualfy.acceseo.dev\/wp-content\/uploads\/2025\/02\/Sem-3-1-1024x600.png\";a:1:{s:9:\"timestamp\";i:1744268221;}s:69:\"\/\/visualfy.acceseo.dev\/wp-content\/uploads\/2025\/02\/Sem-3-1-768x450.png\";a:1:{s:9:\"timestamp\";i:1744268221;}s:70:\"\/\/visualfy.acceseo.dev\/wp-content\/uploads\/2025\/02\/Sem-3-1-1536x900.png\";a:1:{s:9:\"timestamp\";i:1744268221;}s:71:\"\/\/visualfy.acceseo.dev\/wp-content\/uploads\/2025\/02\/Sem-3-1-2048x1200.png\";a:1:{s:9:\"timestamp\";i:1744268221;}s:63:\"\/\/visualfy.acceseo.dev\/wp-content\/uploads\/2025\/02\/Sem-2-3-1.jpg\";a:1:{s:9:\"timestamp\";i:1744268221;}s:71:\"\/\/visualfy.acceseo.dev\/wp-content\/uploads\/2025\/02\/Sem-2-3-1-300x169.jpg\";a:1:{s:9:\"timestamp\";i:1744268221;}s:72:\"\/\/visualfy.acceseo.dev\/wp-content\/uploads\/2025\/02\/Sem-2-3-1-1024x576.jpg\";a:1:{s:9:\"timestamp\";i:1744268221;}s:71:\"\/\/visualfy.acceseo.dev\/wp-content\/uploads\/2025\/02\/Sem-2-3-1-768x432.jpg\";a:1:{s:9:\"timestamp\";i:1744268221;}s:72:\"\/\/visualfy.acceseo.dev\/wp-content\/uploads\/2025\/02\/Sem-2-3-1-1536x864.jpg\";a:1:{s:9:\"timestamp\";i:1744268221;}s:63:\"\/\/visualfy.acceseo.dev\/wp-content\/uploads\/2025\/02\/Sem-1-2-1.png\";a:1:{s:9:\"timestamp\";i:1744268221;}s:71:\"\/\/visualfy.acceseo.dev\/wp-content\/uploads\/2025\/02\/Sem-1-2-1-300x157.png\";a:1:{s:9:\"timestamp\";i:1744268221;}s:72:\"\/\/visualfy.acceseo.dev\/wp-content\/uploads\/2025\/02\/Sem-1-2-1-1024x535.png\";a:1:{s:9:\"timestamp\";i:1744268221;}s:71:\"\/\/visualfy.acceseo.dev\/wp-content\/uploads\/2025\/02\/Sem-1-2-1-768x401.png\";a:1:{s:9:\"timestamp\";i:1744268221;}s:67:\"\/\/visualfy.acceseo.dev\/wp-content\/uploads\/2025\/02\/caixa-popular.svg\";a:1:{s:9:\"timestamp\";i:1744268221;}s:58:\"\/\/visualfy.acceseo.dev\/wp-content\/uploads\/2025\/02\/cdti.svg\";a:1:{s:9:\"timestamp\";i:1744268221;}s:58:\"\/\/visualfy.acceseo.dev\/wp-content\/uploads\/2025\/02\/cnse.svg\";a:1:{s:9:\"timestamp\";i:1744268221;}s:60:\"\/\/visualfy.acceseo.dev\/wp-content\/uploads\/2025\/02\/esteve.svg\";a:1:{s:9:\"timestamp\";i:1744268221;}s:60:\"\/\/visualfy.acceseo.dev\/wp-content\/uploads\/2025\/02\/fesord.svg\";a:1:{s:9:\"timestamp\";i:1744268221;}s:76:\"\/\/visualfy.acceseo.dev\/wp-content\/uploads\/2025\/02\/generalitat-valenciana.svg\";a:1:{s:9:\"timestamp\";i:1744268221;}s:66:\"\/\/visualfy.acceseo.dev\/wp-content\/uploads\/2025\/02\/horizon-2020.svg\";a:1:{s:9:\"timestamp\";i:1744268221;}s:59:\"\/\/visualfy.acceseo.dev\/wp-content\/uploads\/2025\/02\/ivace.svg\";a:1:{s:9:\"timestamp\";i:1744268221;}s:62:\"\/\/visualfy.acceseo.dev\/wp-content\/uploads\/2025\/02\/montsant.svg\";a:1:{s:9:\"timestamp\";i:1744268221;}s:69:\"\/\/visualfy.acceseo.dev\/wp-content\/uploads\/2025\/02\/naciones-unidas.svg\";a:1:{s:9:\"timestamp\";i:1744268221;}s:62:\"\/\/visualfy.acceseo.dev\/wp-content\/uploads\/2025\/02\/randstad.svg\";a:1:{s:9:\"timestamp\";i:1744268221;}s:64:\"\/\/visualfy.acceseo.dev\/wp-content\/uploads\/2025\/02\/telefonica.svg\";a:1:{s:9:\"timestamp\";i:1744268221;}s:66:\"\/\/visualfy.acceseo.dev\/wp-content\/uploads\/2025\/02\/wingstoclaim.svg\";a:1:{s:9:\"timestamp\";i:1744268221;}}"],"_yoast_wpseo_opengraph-title":[""],"_yoast_wpseo_opengraph-description":[""],"_yst_prominent_words_version":["1"],"_yoast_wpseo_video_meta":["a:15:{s:2:\"id\";s:11:\"wZJ3V0_dmNg\";s:4:\"type\";s:7:\"youtube\";s:3:\"url\";s:28:\"https:\/\/youtu.be\/wZJ3V0_dmNg\";s:7:\"post_id\";s:5:\"16554\";s:5:\"title\";s:55:\"El ni\u00f1o con implantes que juega en el Val\u00e8ncia Basket\";s:16:\"publication_date\";s:25:\"2018-10-04T14:39:48+00:00\";s:11:\"description\";s:143:\"La historia de superaci\u00f3n de Pablo Hern\u00e1ndez es especial. Te contamos c\u00f3mo su pasi\u00f3n por el baloncesto le llev\u00f3 a jugar en un gran equipo.\";s:10:\"player_loc\";s:41:\"https:\/\/www.youtube.com\/embed\/wZJ3V0_dmNg\";s:13:\"thumbnail_loc\";s:44:\"https:\/\/cdn.visualfy.com\/img\/wzj3v0_dmng.jpg\";s:8:\"duration\";s:3:\"380\";s:10:\"view_count\";s:2:\"44\";s:5:\"width\";s:3:\"480\";s:6:\"height\";s:3:\"270\";s:8:\"category\";s:24:\"Personas extraordinarias\";s:3:\"tag\";a:0:{}}"],"_yoast_wpseo_videositemap-duration":["370"],"_yoast_wpseo_videositemap-rating":["0"],"_yoast_wpseo_metadesc":["La historia de superaci\u00f3n de Pablo Hern\u00e1ndez es especial. Te contamos c\u00f3mo su pasi\u00f3n por el baloncesto le llev\u00f3 a jugar en un gran equipo."],"_yoast_wpseo_focuskw":[""],"_yoast_wpseo_content_score":[""],"cmplz_hide_cookiebanner":[""],"_wpml_location_migration_done":["1"],"_fgj2wp_old_id":[""],"_yoast_wpseo_metakeywords":[""],"_bsf_post_type":[""],"_yoast_wpseo_meta-robots-noindex":[""],"_fgj2wp_translation_association_key":[""],"_product_image_gallery":[""],"_wp_old_slug":[""],"_yoast_wpseo_title":["El ni\u00f1o con implantes que juega en el Val\u00e8ncia Basket"],"slide_template":[""],"_yoast_wpseo_opengraph-image":[""],"_yoast_wpseo_opengraph-image-id":[""],"_wp_old_date":[""],"_bsf_article_image":[""],"_bsf_article_name":[""],"_bsf_article_desc":[""],"_bsf_article_author":[""],"_bsf_article_publisher":[""],"_bsf_article_publisher_logo":[""],"_yoast_wpseo_meta-robots-nofollow":[""],"amp_status":[""],"_cmplz_scanned_post":["1"],"_encloseme":[""],"_last_translation_edit_mode":[""],"_yoast_wpseo_twitter-title":["El ni\u00f1o con implantes que juega en el Val\u00e8ncia Basket"],"_yoast_wpseo_twitter-description":["La pasi\u00f3n de Pablo Hern\u00e1ndez por el baloncesto le llev\u00f3 a jugar en un gran equipo, superando su discapacidad."],"_yoast_wpseo_twitter-image":[""],"_yoast_wpseo_twitter-image-id":[""],"_yoast_wpseo_linkdex":[""],"_thumbnail_id":["4511"],"_oembed_3814715550447d86523da6b56b15628e":["<iframe title=\"Pablo Hern\u00e1ndez, el ni\u00f1o con implantes que juega en el Valencia Basket\" width=\"500\" height=\"281\" src=\"https:\/\/www.youtube.com\/embed\/wZJ3V0_dmNg?feature=oembed\" frameborder=\"0\" allow=\"accelerometer; autoplay; clipboard-write; encrypted-media; gyroscope; picture-in-picture; web-share\" referrerpolicy=\"strict-origin-when-cross-origin\" allowfullscreen><\/iframe>"],"_oembed_time_3814715550447d86523da6b56b15628e":["1740568062"],"_edit_lock":["1740568083:1"],"rank_math_seo_score":["18"],"rank_math_primary_category":["36"],"_pingme":["1"],"_uag_custom_page_level_css":[""],"footnotes":[""],"_edit_last":["1"],"lse_enlace":["https:\/\/youtu.be\/wZJ3V0_dmNg"],"_lse_enlace":["field_67b5db1d9d4ca"],"_betterdocs_reusable_block_ids":["a:0:{}"],"copied_media_ids":["a:2:{i:0;i:4508;i:1;i:4509;}"],"referenced_media_ids":["a:1:{i:0;i:4511;}"]},"uagb_featured_image_src":{"full":["https:\/\/www.visualfy.com\/wp-content\/uploads\/2025\/02\/El-mundo-Biel-alino-1-e1537735758474.jpg",660,400,false],"thumbnail":["https:\/\/www.visualfy.com\/wp-content\/uploads\/2025\/02\/El-mundo-Biel-alino-1-e1537735758474-150x150.jpg",150,150,true],"medium":["https:\/\/www.visualfy.com\/wp-content\/uploads\/2025\/02\/El-mundo-Biel-alino-1-e1537735758474-300x182.jpg",300,182,true],"medium_large":["https:\/\/www.visualfy.com\/wp-content\/uploads\/2025\/02\/El-mundo-Biel-alino-1-e1537735758474.jpg",660,400,false],"large":["https:\/\/www.visualfy.com\/wp-content\/uploads\/2025\/02\/El-mundo-Biel-alino-1-e1537735758474.jpg",660,400,false],"1536x1536":["https:\/\/www.visualfy.com\/wp-content\/uploads\/2025\/02\/El-mundo-Biel-alino-1-e1537735758474.jpg",660,400,false],"2048x2048":["https:\/\/www.visualfy.com\/wp-content\/uploads\/2025\/02\/El-mundo-Biel-alino-1-e1537735758474.jpg",660,400,false]},"uagb_author_info":{"display_name":"visualfy","author_link":"https:\/\/www.visualfy.com\/es\/author\/visualfy\/"},"uagb_comment_info":0,"uagb_excerpt":"Desde Visualfy siempre lanzamos el mensaje de que un ni\u00f1o sordo puede llegar donde quiera. Por eso nos gusta traer esas historias de superaci\u00f3n que lo demuestran. Y la de Pablo es muy especial. El equipo de redacci\u00f3n de Visualfy ha desembarcado en L\u00b4Alquer\u00eda del Basket, las espectaculares instalaciones de Valencia Basket para la cantera&hellip;","_links":{"self":[{"href":"https:\/\/www.visualfy.com\/es\/wp-json\/wp\/v2\/posts\/7733","targetHints":{"allow":["GET"]}}],"collection":[{"href":"https:\/\/www.visualfy.com\/es\/wp-json\/wp\/v2\/posts"}],"about":[{"href":"https:\/\/www.visualfy.com\/es\/wp-json\/wp\/v2\/types\/post"}],"author":[{"embeddable":true,"href":"https:\/\/www.visualfy.com\/es\/wp-json\/wp\/v2\/users\/2"}],"replies":[{"embeddable":true,"href":"https:\/\/www.visualfy.com\/es\/wp-json\/wp\/v2\/comments?post=7733"}],"version-history":[{"count":0,"href":"https:\/\/www.visualfy.com\/es\/wp-json\/wp\/v2\/posts\/7733\/revisions"}],"wp:featuredmedia":[{"embeddable":true,"href":"https:\/\/www.visualfy.com\/es\/wp-json\/wp\/v2\/media\/4511"}],"wp:attachment":[{"href":"https:\/\/www.visualfy.com\/es\/wp-json\/wp\/v2\/media?parent=7733"}],"wp:term":[{"taxonomy":"category","embeddable":true,"href":"https:\/\/www.visualfy.com\/es\/wp-json\/wp\/v2\/categories?post=7733"},{"taxonomy":"post_tag","embeddable":true,"href":"https:\/\/www.visualfy.com\/es\/wp-json\/wp\/v2\/tags?post=7733"}],"curies":[{"name":"wp","href":"https:\/\/api.w.org\/{rel}","templated":true}]}}