{"id":7714,"date":"2018-04-25T14:21:05","date_gmt":"2018-04-25T14:21:05","guid":{"rendered":"https:\/\/www.visualfy.com\/entrevista-al-medallista-espanol-jaime-martinez-morga\/"},"modified":"2025-03-03T10:04:10","modified_gmt":"2025-03-03T10:04:10","slug":"entrevista-al-medallista-espanol-jaime-martinez-morga","status":"publish","type":"post","link":"https:\/\/www.visualfy.com\/es\/entrevista-al-medallista-espanol-jaime-martinez-morga\/","title":{"rendered":"Entrevista al medallista espa\u00f1ol Jaime Mart\u00ednez Morga"},"content":{"rendered":"\n<p><span style=\"vertical-align: inherit;\"><span style=\"vertical-align: inherit;\">Hoy en Visualfy entrevistamos a <\/span><\/span><strong><span style=\"vertical-align: inherit;\"><span style=\"vertical-align: inherit;\">Jaime Mart\u00ednez Morga<\/span><\/span><\/strong><span style=\"vertical-align: inherit;\"><span style=\"vertical-align: inherit;\"> , uno de los <\/span><\/span><strong><span style=\"vertical-align: inherit;\"><span style=\"vertical-align: inherit;\">deportistas sordos espa\u00f1oles con m\u00e1s \u00e9xito<\/span><\/span><\/strong><span style=\"vertical-align: inherit;\"><span style=\"vertical-align: inherit;\"> . El pasado mes de marzo particip\u00f3 en el <\/span><\/span><strong><span style=\"vertical-align: inherit;\"><span style=\"vertical-align: inherit;\">6\u00ba Campeonato de Europa Absoluto para Sordos en Pista Cubierta<\/span><\/span><\/strong><span style=\"vertical-align: inherit;\"><span style=\"vertical-align: inherit;\"> celebrado en Bielorrusia, donde gan\u00f3 dos medallas de oro. En 2017 se coron\u00f3 como el primer medallista espa\u00f1ol en las Sordo Olimpiadas consiguiendo el bronce en los 800m libres.<\/span><\/span><\/p>\n\n\n\n<p><span style=\"vertical-align: inherit;\"><span style=\"vertical-align: inherit;\"><span class='bctt-click-to-tweet'><span class='bctt-ctt-text'><a href='https:\/\/x.com\/intent\/tweet?url=https%3A%2F%2Fwww.visualfy.com%2Fes%2Fentrevista-al-medallista-espanol-jaime-martinez-morga%2F&#038;text=Su%20pr%C3%B3ximo%20reto%20ser%C3%A1%20estar%20en%20los%20Juegos%20Ol%C3%ADmpicos%20de%20Tokio%202020%20para%20demostrar%2C%20una%20vez%20m%C3%A1s%2C%20que%20puede%20conseguir%20todo%20lo%20que%20se%20proponga.&#038;via=visualfy&#038;related=visualfy' target='_blank'rel=\"noopener noreferrer\">Su pr\u00f3ximo reto ser\u00e1 estar en los Juegos Ol\u00edmpicos de Tokio 2020 para demostrar, una vez m\u00e1s, que puede conseguir todo lo que se proponga. <\/a><\/span><a href='https:\/\/x.com\/intent\/tweet?url=https%3A%2F%2Fwww.visualfy.com%2Fes%2Fentrevista-al-medallista-espanol-jaime-martinez-morga%2F&#038;text=Su%20pr%C3%B3ximo%20reto%20ser%C3%A1%20estar%20en%20los%20Juegos%20Ol%C3%ADmpicos%20de%20Tokio%202020%20para%20demostrar%2C%20una%20vez%20m%C3%A1s%2C%20que%20puede%20conseguir%20todo%20lo%20que%20se%20proponga.&#038;via=visualfy&#038;related=visualfy' target='_blank' class='bctt-ctt-btn'rel=\"noopener noreferrer\">Compartir en X<\/a><\/span><\/span><\/span><\/p>\n\n\n\n<h3 class=\"wp-block-heading\"><span style=\"vertical-align: inherit;\"><span style=\"vertical-align: inherit;\">Hola Jaime<\/span><\/span><\/h3>\n\n\n\n<p><span style=\"vertical-align: inherit;\"><span style=\"vertical-align: inherit;\">Hola, soy Jaime y mi signo es este.<\/span><\/span><\/p>\n\n\n\n<h3 class=\"wp-block-heading\"><span style=\"vertical-align: inherit;\"><span style=\"vertical-align: inherit;\">\u00bfQu\u00e9 te anim\u00f3 a practicar atletismo?<\/span><\/span><\/h3>\n\n\n\n<p><span style=\"vertical-align: inherit;\"><span style=\"vertical-align: inherit;\">Empec\u00e9 con el atletismo por un problema en mi situaci\u00f3n social, no ten\u00eda amigos y no sab\u00eda c\u00f3mo comunicarme. Adem\u00e1s, hac\u00eda mucho tiempo que no hac\u00eda deporte y mis padres vieron que era una oportunidad de hacer una prueba en atletismo para entrar en un grupo, mejorar la comunicaci\u00f3n y aprovechar la vida y disfrutar. Fue duro porque no ten\u00eda compa\u00f1eros sordos, pero con los a\u00f1os la comunicaci\u00f3n ha ido mejorando hasta sentirme en igualdad de condiciones con mi propia identidad. El atletismo ha dado continuidad a mi vida.<\/span><\/span><\/p>\n\n\n\n<h3 class=\"wp-block-heading\"><span style=\"vertical-align: inherit;\"><span style=\"vertical-align: inherit;\">\u00bfTienes alg\u00fan referente en el que inspirarte para superarte cada d\u00eda?<\/span><\/span><\/h3>\n\n\n\n<p><span style=\"vertical-align: inherit;\"><span style=\"vertical-align: inherit;\">S\u00ed, hay muchos. Pero principalmente mi referente ha sido Javier Soto. Al principio yo pensaba que no ten\u00eda un sordo deportista en quien fijarme, todos mis compa\u00f1eros eran oyentes y empezaba a pensar lo duro que iba a ser la comunicaci\u00f3n con ellos. Hasta que me di cuenta que estaba Javier, su historia me dio la motivaci\u00f3n suficiente para avanzar. Cuando me vine a Madrid, Javier me cuid\u00f3 como un padre y pude evolucionar a mejor. Aprend\u00ed mucho de \u00e9l, es muy bueno, por eso ha sido mi referente.<\/span><\/span><\/p>\n\n\n\n<h3 class=\"wp-block-heading\"><span style=\"vertical-align: inherit;\"><span style=\"vertical-align: inherit;\">\u00bfC\u00f3mo ha sido la evoluci\u00f3n por la que ha pasado hasta el d\u00eda de hoy? Cu\u00e9ntanos un poco tu experiencia.<\/span><\/span><\/h3>\n\n\n\n<p><span style=\"vertical-align: inherit;\"><span style=\"vertical-align: inherit;\">Ha sido un proceso largo.<\/span><\/span><\/p>\n\n\n\n<p><span style=\"vertical-align: inherit;\"><span style=\"vertical-align: inherit;\">Al principio en Murcia me di cuenta que con el tiempo iba consiguiendo buenas marcas, incluso mejores que algunos oyentes a nivel espa\u00f1ol, cosa que sorprender\u00eda much\u00edsimo al resto de gente. Esto me motiv\u00f3 al ver que yo con una discapacidad pod\u00eda superar las marcas de otros oyentes. Finalmente en las Sordo Olimpiadas de 2013 celebradas en Sof\u00eda, Bulgaria, fui mejorando.<\/span><\/span><\/p>\n\n\n\n<p>Entonces fue cuando Javier me aconsej\u00f3 que me viniese a Madrid. Fue duro el cambiar de grupo y de entrenador, pero fue para mejor. Ahora aqu\u00ed en Madrid veo que mi capacidad es totalmente equiparable a la de los oyentes. He notado mucho la mejor\u00eda teniendo la posibilidad de participar en campeonatos espa\u00f1oles en igualdad de condiciones frente a mis compa\u00f1eros oyentes, pero ha sido un proceso duro.<\/p>\n\n\n\n<h3 class=\"wp-block-heading\">Tu experiencia de correr junto a oyentes tuvo unos duros inicios, pero finalmente has llegado a un buen equilibrio.<\/h3>\n\n\n\n<p>Si, en realidad la mayor\u00eda de mi vida he estado en un entorno oyente. Mi contacto con personas sordas ha sido muy limitado. El nivel de carrera de los oyentes es muy alto y esto hizo que me exigiera m\u00e1s para llegar hasta \u00e9l. Gracias a este esfuerzo he conseguido participar en competiciones europeas y de sordos a nivel mundial con \u00e9xito, consiguiendo una mejor preparaci\u00f3n. Por otra parte, me gusta tambi\u00e9n participar con otros corredores sordos porque me motiva. La pena es que en Espa\u00f1a hay muy pocos. Pero las competiciones con oyentes son m\u00e1s importantes.<\/p>\n\n\n\n<p><a href=\"https:\/\/www.visualfy.com\/wp-content\/uploads\/2025\/02\/Entrevista-Jaime-Morga.jpg\"><img decoding=\"async\" title=\"Entrevista Jaime Morga - Visualfy\" width=\"800\" height=\"499\" class=\"alignnone wp-image-12295 size-full\" src=\"https:\/\/www.visualfy.com\/wp-content\/uploads\/2025\/02\/Entrevista-Jaime-Morga.jpg\" alt=\"Entrevista Jaime Morga\"><\/a><\/p>\n\n\n\n<h3 class=\"wp-block-heading\">\u00bfC\u00f3mo te comunicas con tus compa\u00f1eros oyentes? \u00bfConocen la Lengua de Signos o utilizas la lectura labial?<\/h3>\n\n\n\n<p>Es muy interesante. La adaptaci\u00f3n ha sido dura. En Murcia sab\u00edan algunos signos, pero la tecnolog\u00eda me ha ayudado mucho para controlar los tiempos o la distancia de los saltos. Una vez ya en Madrid, Javier ya hab\u00eda experimentado con su grupo, y ya estaban preparados para la integraci\u00f3n. Sab\u00edan algo de Lengua de Signos y todo fue mejor. Por ejemplo, cuando estamos en un entrenamiento y tienen que avisarme del tiempo me dicen los segundos. 45\u201d, son 3\u201945\u201d pero los minutos no hace falta que los digan. Si por ejemplo voy demasiado lento, con el pulgar hacia abajo ya s\u00e9 que quiere decir que voy mal y debo mejorar. Si ponen el pulgar hacia arriba s\u00e9 que llevo buen ritmo. Utilizamos muchas adaptaciones con signos que son visuales y no tenemos ning\u00fan problema.<\/p>\n\n\n\n<h3 class=\"wp-block-heading\">Son muy interesantes las adaptaciones que utilizas con los compa\u00f1eros. Ahora hablemos de las competiciones. \u00bfC\u00f3mo te sentiste cuando ganaste el pasado mes de marzo en Bielorrusia las dos medallas de oro?<\/h3>\n\n\n\n<p>Fue muy emocionante porque, aunque s\u00e9 que soy capaz ya que gan\u00e9 una medalla en los 800m hace dos a\u00f1os, era un campeonato en pista cubierta pero de otro pa\u00eds. Sab\u00eda que era capaz, pero fue una sorpresa ganar en el Campeonato Europeo. Dos semanas antes estaba enfermo con fiebre, no me sent\u00eda bien a nivel psicol\u00f3gico y me agobi\u00e9, si estaba mal y perd\u00eda era un golpe psicol\u00f3gico muy duro. Pero al final el entrenador me tranquiliz\u00f3, Javier tambi\u00e9n me dijo lo mismo, y al final fui.<\/p>\n\n\n\n<p>Mi objetivo eran los 800m, pero primero ten\u00eda que hacer los 1500m que no me gustan mucho porque es m\u00e1s distancia. Antes de empezar Javier me dio unos consejos para adaptar su t\u00e9cnica de c\u00f3mo defender y como adelantar. Finalmente, todo sali\u00f3 muy bien.<\/p>\n\n\n\n<p>Gracias a Javier, utilic\u00e9 una buena t\u00e9cnica y qued\u00e9 primero. Yo antes no hab\u00eda corrido nunca los 1500m, fue la primera vez y gan\u00e9. Me siento muy contento por ello. Javier ten\u00eda raz\u00f3n. Para los 800m ya me sent\u00eda preparado, durante la carrera parec\u00eda que iba a quedar segundo, pero al final llegu\u00e9 primero. Nunca hab\u00eda ganado dos medallas de oro y estoy muy contento de haberlo conseguido. Ha sido muy importante para m\u00ed.<\/p>\n\n\n\n<h3 class=\"wp-block-heading\">\u00bfCu\u00e1les son tus pr\u00f3ximos objetivos? \u00bfQuieres ir a Tokio?<\/h3>\n\n\n\n<p>Para Tokio faltan todav\u00eda dos a\u00f1os, debo aceptar mi nivel. Para ir a Tokio debo ganarme la plaza con mi tiempo. En la prueba de los 800m la federaci\u00f3n tiene unos tiempos establecidos que debo mejorar. Mis tiempos ahora mismo no est\u00e1n ni muy cerca ni muy lejos. Pienso que puedo conseguirlo, porque si otros pueden yo tambi\u00e9n puedo. No tengo problemas ni ninguna barrera. Si lo consiguiera seria como demostrarle al mundo que la discapacidad auditiva no supone limitaci\u00f3n ninguna para lograrlo.<\/p>\n\n\n\n<p>Mis objetivos m\u00e1s cercanos\u2026 en verano no tengo nada importante, no hay ning\u00fan Campeonato Europeo o de Sordos a la vista, son ya para el a\u00f1o que viene. No quiere decir esto que vaya a descansar, significa que me voy a centrar en la preparaci\u00f3n del pr\u00f3ximo Campeonato Nacional con oyentes para mejorar mis marcas para el pr\u00f3ximo a\u00f1o. Me voy a organizar para mejorar de cara al 2019 y dar el 100%.<\/p>\n\n\n\n<h3 class=\"wp-block-heading\">Quiere decir que las cosas se hacen paso a paso, poco a poco.<\/h3>\n\n\n\n<p>Si, hasta el final y nunca abandonar.<\/p>\n\n\n\n<h3 class=\"wp-block-heading\">Para acabar, si alguna persona joven con discapacidad quisiera acceder al mundo del deporte, \u00bfQu\u00e9 le aconsejar\u00edas o que le dir\u00edas para motivarlo?<\/h3>\n\n\n\n<p>Yo siempre digo que lo primero es disfrutar del deporte, y lo segundo es ser paciente, porque cuando eres el \u00fanico con discapacidad al principio es raro. En una vida dura hace falta ser paciente, luego con el tiempo seguro que se adaptan y mejora la situaci\u00f3n conforme se van dando cuenta y ya es m\u00e1s f\u00e1cil. Por eso hay que tener paciencia, pero lo primero es disfrutar del deporte, si disfrutas despu\u00e9s el camino es m\u00e1s f\u00e1cil. Debes tener tu objetivos claros, si no disfrutas tu objetivos no est\u00e1n claros.<\/p>\n\n\n\n<h3 class=\"wp-block-heading\">\u00bfQu\u00e9 cosas crees que se pueden hacer para que el deporte sea m\u00e1s accesible?<\/h3>\n\n\n\n<p>Deber\u00eda haber adaptaciones luminosas, el problema es que suelen ser muy caras y algunos no pueden permitirse ese gasto. Por ejemplo, ahora en Espa\u00f1a hay muchos atletas sordos que no disponen de estas adaptaciones porque se las tienen que pagar ellos. Ese tipo de adaptaciones t\u00e9cnicas son bastante caras. La federaci\u00f3n espa\u00f1ola da pr\u00e9stamos, pero no son suficientes. Deber\u00eda ser algo obligatorio y que no fuera tan caro.<\/p>\n\n\n\n<p><span style=\"vertical-align: inherit;\"><span style=\"vertical-align: inherit;\">A parte de las adaptaciones, tambi\u00e9n hay que visibilizar el deporte del colectivo sordo ya que no est\u00e1 incluido junto al resto de discapacidades y es mucho menos conocido. Cuesta mucho llegar a hacer subvenciones y nos encontramos con muchas barreras econ\u00f3micas. Para mejorar eso, deber\u00eda crearse un comit\u00e9 de sordos espa\u00f1oles, ya que existe el Comit\u00e9 Espa\u00f1ol o el Comit\u00e9 de Discapacidad Espa\u00f1ol, pero falta \u00e9ste tercer comit\u00e9 para que pueda recibir el mismo apoyo que el resto.<\/span><\/span><\/p>\n\n\n\n<h3 class=\"wp-block-heading\"><span style=\"vertical-align: inherit;\"><span style=\"vertical-align: inherit;\">Lo que nos ha explicado nos parece muy interesante y tu experiencia puede ser una gran motivaci\u00f3n para otros j\u00f3venes sordos que quieran dedicarse al deporte para que en el futuro haya m\u00e1s personas sordas en \u00e9ste \u00e1mbito y mejorar as\u00ed la visibilizaci\u00f3n.<\/span><\/span><\/h3>\n\n\n\n<p><span style=\"vertical-align: inherit;\"><span style=\"vertical-align: inherit;\">Muchas gracias.<\/span><\/span><\/p>\n\n\n\n<p><strong><span style=\"vertical-align: inherit;\"><span style=\"vertical-align: inherit;\">Desde el equipo de Visualfy fue un placer conocer a Jaime Mart\u00ednez Morga.<\/span><\/span><\/strong><span style=\"vertical-align: inherit;\"><span style=\"vertical-align: inherit;\"> Para nosotros es un ejemplo de superaci\u00f3n y con la entrevista nos damos cuenta de que con voluntad podemos derribar todas las barreras que se nos pongan por delante <\/span><\/span><strong><span style=\"vertical-align: inherit;\"><span style=\"vertical-align: inherit;\">. Porque como dice \u00e9l, hay que ir \u00abhasta el final y nunca abandonar\u00bb.&nbsp;<\/span><\/span><\/strong><\/p>\n","protected":false},"excerpt":{"rendered":"<p>Hoy en Visualfy entrevistamos a Jaime Mart\u00ednez Morga , uno de los deportistas sordos espa\u00f1oles con m\u00e1s \u00e9xito . El pasado mes de marzo particip\u00f3 en el 6\u00ba Campeonato de Europa Absoluto para Sordos en Pista Cubierta celebrado en Bielorrusia, donde gan\u00f3 dos medallas de oro. En 2017 se coron\u00f3 como el primer medallista espa\u00f1ol [&hellip;]<\/p>\n","protected":false},"author":2,"featured_media":3981,"comment_status":"open","ping_status":"open","sticky":false,"template":"","format":"standard","meta":{"_acf_changed":false,"content-type":"","_uag_custom_page_level_css":"","footnotes":""},"categories":[36],"tags":[],"class_list":["post-7714","post","type-post","status-publish","format-standard","has-post-thumbnail","hentry","category-sordos-magnificos"],"acf":[],"spectra_custom_meta":{"_wp_page_template":["default"],"rank_math_internal_links_processed":["1"],"_wpml_word_count":["{\"total\":1544,\"to_translate\":{\"en\":1544}}"],"_yoast_wpseo_primary_category":[""],"_yoast_wpseo_keywordsynonyms":["[\"\"]"],"_wpml_media_duplicate":["0"],"_wpml_media_featured":["0"],"_yoast_wpseo_focuskeywords":["[]"],"_et_monarch_override":[""],"amazonS3_cache":["a:47:{s:72:\"\/\/dev.visualfy.com\/wp-content\/uploads\/2018\/04\/Entrevista-Jaime-Morga.jpg\";i:12295;s:49:\"\/\/cdn.visualfy.com\/img\/Entrevista-Jaime-Morga.jpg\";i:12295;s:61:\"\/\/dev.visualfy.com\/wp-content\/uploads\/2018\/04\/21dlt0z0zhm.jpg\";i:12298;s:38:\"\/\/cdn.visualfy.com\/img\/21dlt0z0zhm.jpg\";i:12298;s:72:\"\/\/www.visualfy.com\/wp-content\/uploads\/2018\/04\/Entrevista-Jaime-Morga.jpg\";i:12295;s:61:\"\/\/www.visualfy.com\/wp-content\/uploads\/2018\/04\/21dlt0z0zhm.jpg\";i:12298;s:76:\"\/\/visualfy.acceseo.dev\/wp-content\/uploads\/2025\/02\/Entrevista-Jaime-Morga.jpg\";a:1:{s:9:\"timestamp\";i:1744269475;}s:84:\"\/\/visualfy.acceseo.dev\/wp-content\/uploads\/2025\/02\/entrevista-Jaime-Martnez-Morga.jpg\";a:1:{s:9:\"timestamp\";i:1744269475;}s:67:\"\/\/visualfy.acceseo.dev\/wp-content\/uploads\/2025\/01\/logo-visualfy.svg\";a:1:{s:9:\"timestamp\";i:1744268237;}s:63:\"\/\/visualfy.acceseo.dev\/wp-content\/uploads\/2025\/01\/user-icon.svg\";a:1:{s:9:\"timestamp\";i:1744268237;}s:58:\"\/\/visualfy.acceseo.dev\/wp-content\/uploads\/2025\/01\/menu.svg\";a:1:{s:9:\"timestamp\";i:1744268237;}s:67:\"\/\/visualfy.acceseo.dev\/wp-content\/uploads\/2025\/02\/caixa-popular.svg\";a:1:{s:9:\"timestamp\";i:1744268237;}s:58:\"\/\/visualfy.acceseo.dev\/wp-content\/uploads\/2025\/02\/cdti.svg\";a:1:{s:9:\"timestamp\";i:1744268237;}s:58:\"\/\/visualfy.acceseo.dev\/wp-content\/uploads\/2025\/02\/cnse.svg\";a:1:{s:9:\"timestamp\";i:1744268237;}s:60:\"\/\/visualfy.acceseo.dev\/wp-content\/uploads\/2025\/02\/esteve.svg\";a:1:{s:9:\"timestamp\";i:1744268237;}s:60:\"\/\/visualfy.acceseo.dev\/wp-content\/uploads\/2025\/02\/fesord.svg\";a:1:{s:9:\"timestamp\";i:1744268237;}s:76:\"\/\/visualfy.acceseo.dev\/wp-content\/uploads\/2025\/02\/generalitat-valenciana.svg\";a:1:{s:9:\"timestamp\";i:1744268237;}s:66:\"\/\/visualfy.acceseo.dev\/wp-content\/uploads\/2025\/02\/horizon-2020.svg\";a:1:{s:9:\"timestamp\";i:1744268237;}s:59:\"\/\/visualfy.acceseo.dev\/wp-content\/uploads\/2025\/02\/ivace.svg\";a:1:{s:9:\"timestamp\";i:1744268237;}s:62:\"\/\/visualfy.acceseo.dev\/wp-content\/uploads\/2025\/02\/montsant.svg\";a:1:{s:9:\"timestamp\";i:1744268237;}s:69:\"\/\/visualfy.acceseo.dev\/wp-content\/uploads\/2025\/02\/naciones-unidas.svg\";a:1:{s:9:\"timestamp\";i:1744268237;}s:62:\"\/\/visualfy.acceseo.dev\/wp-content\/uploads\/2025\/02\/randstad.svg\";a:1:{s:9:\"timestamp\";i:1744268237;}s:64:\"\/\/visualfy.acceseo.dev\/wp-content\/uploads\/2025\/02\/telefonica.svg\";a:1:{s:9:\"timestamp\";i:1744268237;}s:66:\"\/\/visualfy.acceseo.dev\/wp-content\/uploads\/2025\/02\/wingstoclaim.svg\";a:1:{s:9:\"timestamp\";i:1744268237;}s:65:\"\/\/visualfy.acceseo.dev\/wp-content\/uploads\/2025\/01\/logo-footer.svg\";a:1:{s:9:\"timestamp\";i:1744268237;}s:88:\"\/\/visualfy.acceseo.dev\/wp-content\/uploads\/2025\/01\/union-europea-ministerio-industria.png\";a:1:{s:9:\"timestamp\";i:1744268237;}s:78:\"\/\/visualfy.acceseo.dev\/wp-content\/uploads\/2025\/01\/fondo-europeo-innovacion.png\";a:1:{s:9:\"timestamp\";i:1744268237;}s:77:\"\/\/visualfy.acceseo.dev\/wp-content\/uploads\/2025\/01\/generalitat-ivace-feder.png\";a:1:{s:9:\"timestamp\";i:1744268237;}s:85:\"\/\/visualfy.acceseo.dev\/wp-content\/uploads\/2025\/01\/generalita-ivace-cofinanciacion.png\";a:1:{s:9:\"timestamp\";i:1744268237;}s:69:\"\/\/visualfy.acceseo.dev\/wp-content\/uploads\/2025\/02\/lse-icon-button.svg\";a:1:{s:9:\"timestamp\";i:1744268237;}s:81:\"\/\/visualfy.acceseo.dev\/wp-content\/uploads\/2025\/02\/visualfy-places-placeholder.jpg\";a:1:{s:9:\"timestamp\";i:1744268237;}s:66:\"\/\/visualfy.acceseo.dev\/wp-content\/uploads\/2025\/01\/computer_404.svg\";a:1:{s:9:\"timestamp\";i:1744268237;}s:61:\"\/\/visualfy.acceseo.dev\/wp-content\/uploads\/2025\/02\/Sem-3-1.png\";a:1:{s:9:\"timestamp\";i:1744268237;}s:69:\"\/\/visualfy.acceseo.dev\/wp-content\/uploads\/2025\/02\/Sem-3-1-300x176.png\";a:1:{s:9:\"timestamp\";i:1744268237;}s:70:\"\/\/visualfy.acceseo.dev\/wp-content\/uploads\/2025\/02\/Sem-3-1-1024x600.png\";a:1:{s:9:\"timestamp\";i:1744268237;}s:69:\"\/\/visualfy.acceseo.dev\/wp-content\/uploads\/2025\/02\/Sem-3-1-768x450.png\";a:1:{s:9:\"timestamp\";i:1744268237;}s:70:\"\/\/visualfy.acceseo.dev\/wp-content\/uploads\/2025\/02\/Sem-3-1-1536x900.png\";a:1:{s:9:\"timestamp\";i:1744268237;}s:71:\"\/\/visualfy.acceseo.dev\/wp-content\/uploads\/2025\/02\/Sem-3-1-2048x1200.png\";a:1:{s:9:\"timestamp\";i:1744268237;}s:63:\"\/\/visualfy.acceseo.dev\/wp-content\/uploads\/2025\/02\/Sem-2-3-1.jpg\";a:1:{s:9:\"timestamp\";i:1744268237;}s:71:\"\/\/visualfy.acceseo.dev\/wp-content\/uploads\/2025\/02\/Sem-2-3-1-300x169.jpg\";a:1:{s:9:\"timestamp\";i:1744268237;}s:72:\"\/\/visualfy.acceseo.dev\/wp-content\/uploads\/2025\/02\/Sem-2-3-1-1024x576.jpg\";a:1:{s:9:\"timestamp\";i:1744268237;}s:71:\"\/\/visualfy.acceseo.dev\/wp-content\/uploads\/2025\/02\/Sem-2-3-1-768x432.jpg\";a:1:{s:9:\"timestamp\";i:1744268237;}s:72:\"\/\/visualfy.acceseo.dev\/wp-content\/uploads\/2025\/02\/Sem-2-3-1-1536x864.jpg\";a:1:{s:9:\"timestamp\";i:1744268237;}s:63:\"\/\/visualfy.acceseo.dev\/wp-content\/uploads\/2025\/02\/Sem-1-2-1.png\";a:1:{s:9:\"timestamp\";i:1744268237;}s:71:\"\/\/visualfy.acceseo.dev\/wp-content\/uploads\/2025\/02\/Sem-1-2-1-300x157.png\";a:1:{s:9:\"timestamp\";i:1744268237;}s:72:\"\/\/visualfy.acceseo.dev\/wp-content\/uploads\/2025\/02\/Sem-1-2-1-1024x535.png\";a:1:{s:9:\"timestamp\";i:1744268237;}s:71:\"\/\/visualfy.acceseo.dev\/wp-content\/uploads\/2025\/02\/Sem-1-2-1-768x401.png\";a:1:{s:9:\"timestamp\";i:1744268237;}}"],"_yoast_wpseo_opengraph-title":[""],"_yoast_wpseo_opengraph-description":[""],"_yst_prominent_words_version":["1"],"_yoast_wpseo_video_meta":["a:15:{s:2:\"id\";s:11:\"21dLT0z0ZHM\";s:4:\"type\";s:7:\"youtube\";s:3:\"url\";s:28:\"https:\/\/youtu.be\/21dLT0z0ZHM\";s:7:\"post_id\";i:12283;s:5:\"title\";s:76:\"Entrevista al medallista espa\u00f1ol Jaime Mart\u00ednez Morga &amp;#8902; Visualfy\";s:16:\"publication_date\";s:25:\"2018-04-25T14:21:05+00:00\";s:11:\"description\";s:258:\"Entrevistamos a Jaime Mart\u00ednez Morga, uno de los deportistas sordos espa\u00f1oles con m\u00e1s \u00e9xito. El pasado mes de marzo particip\u00f3 en el 6\u00ba Campeonato de Europa Absoluto para Sordos en Pista Cubierta celebrado en Bielorrusia, donde gan\u00f3 dos medallas de oro\";s:10:\"player_loc\";s:41:\"https:\/\/www.youtube.com\/embed\/21dLT0z0ZHM\";s:13:\"thumbnail_loc\";s:44:\"https:\/\/cdn.visualfy.com\/img\/21dlt0z0zhm.jpg\";s:8:\"duration\";i:799;s:10:\"view_count\";i:261;s:5:\"width\";i:480;s:6:\"height\";i:270;s:8:\"category\";s:24:\"Personas extraordinarias\";s:3:\"tag\";a:0:{}}"],"_yoast_wpseo_videositemap-duration":["799"],"_yoast_wpseo_videositemap-rating":["0"],"_yoast_wpseo_metadesc":["Entrevistamos a Jaime Mart\u00ednez Morga, uno de los deportistas sordos espa\u00f1oles con m\u00e1s \u00e9xito. El pasado mes de marzo particip\u00f3 en el 6\u00ba Campeonato de Europa Absoluto para Sordos en Pista Cubierta celebrado en Bielorrusia, donde gan\u00f3 dos medallas de oro"],"_yoast_wpseo_focuskw":[""],"_yoast_wpseo_content_score":["30"],"cmplz_hide_cookiebanner":[""],"_wpml_location_migration_done":["1"],"_fgj2wp_old_id":[""],"_yoast_wpseo_metakeywords":[""],"_bsf_post_type":["0"],"_yoast_wpseo_meta-robots-noindex":[""],"_fgj2wp_translation_association_key":[""],"_product_image_gallery":[""],"_wp_old_slug":[""],"_yoast_wpseo_title":[""],"slide_template":[""],"_yoast_wpseo_opengraph-image":[""],"_yoast_wpseo_opengraph-image-id":[""],"_wp_old_date":[""],"_bsf_article_image":[""],"_bsf_article_name":[""],"_bsf_article_desc":[""],"_bsf_article_author":[""],"_bsf_article_publisher":[""],"_bsf_article_publisher_logo":[""],"_yoast_wpseo_meta-robots-nofollow":[""],"amp_status":[""],"_cmplz_scanned_post":[""],"_encloseme":[""],"_last_translation_edit_mode":[""],"_yoast_wpseo_twitter-title":[""],"_yoast_wpseo_twitter-description":[""],"_yoast_wpseo_twitter-image":[""],"_yoast_wpseo_twitter-image-id":[""],"_yoast_wpseo_linkdex":[""],"_thumbnail_id":["3981"],"_oembed_f85316493c3ac91e962cc1e741e362b6":["<iframe title=\"Entrevista a Jaime Mart\u00ednez Morga\" width=\"500\" height=\"281\" src=\"https:\/\/www.youtube.com\/embed\/21dLT0z0ZHM?feature=oembed\" frameborder=\"0\" allow=\"accelerometer; autoplay; clipboard-write; encrypted-media; gyroscope; picture-in-picture; web-share\" referrerpolicy=\"strict-origin-when-cross-origin\" allowfullscreen><\/iframe>"],"_oembed_time_f85316493c3ac91e962cc1e741e362b6":["1740996145"],"_edit_lock":["1740996250:1"],"_oembed_b0ea5079566469a11214ed9de048be82":["<iframe title=\"Entrevista a Jaime Mart\u00ednez Morga\" width=\"992\" height=\"558\" src=\"https:\/\/www.youtube.com\/embed\/21dLT0z0ZHM?feature=oembed\" frameborder=\"0\" allow=\"accelerometer; autoplay; clipboard-write; encrypted-media; gyroscope; picture-in-picture; web-share\" referrerpolicy=\"strict-origin-when-cross-origin\" allowfullscreen><\/iframe>"],"_oembed_time_b0ea5079566469a11214ed9de048be82":["1740996152"],"rank_math_seo_score":["14"],"rank_math_primary_category":["36"],"_pingme":["1"],"_uag_custom_page_level_css":[""],"footnotes":[""],"_edit_last":["1"],"lse_enlace":["https:\/\/youtu.be\/21dLT0z0ZHM"],"_lse_enlace":["field_67b5db1d9d4ca"],"_betterdocs_reusable_block_ids":["a:0:{}"],"copied_media_ids":["a:1:{i:0;i:3979;}"],"referenced_media_ids":["a:1:{i:0;i:3981;}"]},"uagb_featured_image_src":{"full":["https:\/\/www.visualfy.com\/wp-content\/uploads\/2025\/02\/entrevista-Jaime-Martnez-Morga.jpg",800,628,false],"thumbnail":["https:\/\/www.visualfy.com\/wp-content\/uploads\/2025\/02\/entrevista-Jaime-Martnez-Morga-150x150.jpg",150,150,true],"medium":["https:\/\/www.visualfy.com\/wp-content\/uploads\/2025\/02\/entrevista-Jaime-Martnez-Morga-300x236.jpg",300,236,true],"medium_large":["https:\/\/www.visualfy.com\/wp-content\/uploads\/2025\/02\/entrevista-Jaime-Martnez-Morga-768x603.jpg",768,603,true],"large":["https:\/\/www.visualfy.com\/wp-content\/uploads\/2025\/02\/entrevista-Jaime-Martnez-Morga.jpg",800,628,false],"1536x1536":["https:\/\/www.visualfy.com\/wp-content\/uploads\/2025\/02\/entrevista-Jaime-Martnez-Morga.jpg",800,628,false],"2048x2048":["https:\/\/www.visualfy.com\/wp-content\/uploads\/2025\/02\/entrevista-Jaime-Martnez-Morga.jpg",800,628,false]},"uagb_author_info":{"display_name":"visualfy","author_link":"https:\/\/www.visualfy.com\/es\/author\/visualfy\/"},"uagb_comment_info":0,"uagb_excerpt":"Hoy en Visualfy entrevistamos a Jaime Mart\u00ednez Morga , uno de los deportistas sordos espa\u00f1oles con m\u00e1s \u00e9xito . El pasado mes de marzo particip\u00f3 en el 6\u00ba Campeonato de Europa Absoluto para Sordos en Pista Cubierta celebrado en Bielorrusia, donde gan\u00f3 dos medallas de oro. En 2017 se coron\u00f3 como el primer medallista espa\u00f1ol&hellip;","_links":{"self":[{"href":"https:\/\/www.visualfy.com\/es\/wp-json\/wp\/v2\/posts\/7714","targetHints":{"allow":["GET"]}}],"collection":[{"href":"https:\/\/www.visualfy.com\/es\/wp-json\/wp\/v2\/posts"}],"about":[{"href":"https:\/\/www.visualfy.com\/es\/wp-json\/wp\/v2\/types\/post"}],"author":[{"embeddable":true,"href":"https:\/\/www.visualfy.com\/es\/wp-json\/wp\/v2\/users\/2"}],"replies":[{"embeddable":true,"href":"https:\/\/www.visualfy.com\/es\/wp-json\/wp\/v2\/comments?post=7714"}],"version-history":[{"count":0,"href":"https:\/\/www.visualfy.com\/es\/wp-json\/wp\/v2\/posts\/7714\/revisions"}],"wp:featuredmedia":[{"embeddable":true,"href":"https:\/\/www.visualfy.com\/es\/wp-json\/wp\/v2\/media\/3981"}],"wp:attachment":[{"href":"https:\/\/www.visualfy.com\/es\/wp-json\/wp\/v2\/media?parent=7714"}],"wp:term":[{"taxonomy":"category","embeddable":true,"href":"https:\/\/www.visualfy.com\/es\/wp-json\/wp\/v2\/categories?post=7714"},{"taxonomy":"post_tag","embeddable":true,"href":"https:\/\/www.visualfy.com\/es\/wp-json\/wp\/v2\/tags?post=7714"}],"curies":[{"name":"wp","href":"https:\/\/api.w.org\/{rel}","templated":true}]}}