{"id":7695,"date":"2017-10-25T15:00:00","date_gmt":"2017-10-25T15:00:00","guid":{"rendered":"https:\/\/www.visualfy.com\/estudio-del-sindrome-de-usher\/"},"modified":"2025-03-03T10:42:44","modified_gmt":"2025-03-03T10:42:44","slug":"estudio-del-sindrome-de-usher","status":"publish","type":"post","link":"https:\/\/www.visualfy.com\/es\/estudio-del-sindrome-de-usher\/","title":{"rendered":"Estudio del S\u00edndrome de Usher"},"content":{"rendered":"\n<p><span style=\"vertical-align: inherit;\"><span style=\"vertical-align: inherit;\">El Instituto de Investigaci\u00f3n Sanitaria del Hospital Fundaci\u00f3n Jim\u00e9nez D\u00edaz de Madrid junto al <\/span><\/span><strong><span style=\"vertical-align: inherit;\"><span style=\"vertical-align: inherit;\">Instituto de Investigaci\u00f3n Sanitaria del Hospital Universitari i Polit\u00e8cnic La Fe<\/span><\/span><\/strong><span style=\"vertical-align: inherit;\"><span style=\"vertical-align: inherit;\"> de Valencia participan en un proyecto de estudio del S\u00edndrome de Usher.<\/span><\/span><\/p>\n\n\n\n<p><span style=\"vertical-align: inherit;\"><span style=\"vertical-align: inherit;\">Se trata de un proyecto sobre el <\/span><\/span><strong><span style=\"vertical-align: inherit;\"><span style=\"vertical-align: inherit;\">S\u00edndrome de Usher<\/span><\/span><\/strong><span style=\"vertical-align: inherit;\"><span style=\"vertical-align: inherit;\"> tipo 1, es decir, de <\/span><\/span><strong><span style=\"vertical-align: inherit;\"><span style=\"vertical-align: inherit;\">personas<\/span><\/span><\/strong><span style=\"vertical-align: inherit;\"><span style=\"vertical-align: inherit;\"> que nacen <\/span><\/span><strong><span style=\"vertical-align: inherit;\"><span style=\"vertical-align: inherit;\">con sordera profunda y p\u00e9rdida de visi\u00f3n (RP)<\/span><\/span><\/strong><span style=\"vertical-align: inherit;\"><span style=\"vertical-align: inherit;\"> que aparece m\u00e1s tarde, sobre la adolescencia.<\/span><\/span><\/p>\n\n\n\n<p><span style=\"vertical-align: inherit;\"><span style=\"vertical-align: inherit;\">Este proyecto est\u00e1 financiado por la <\/span><\/span><strong><span style=\"vertical-align: inherit;\"><span style=\"vertical-align: inherit;\">Uni\u00f3n Europea (H2020)<\/span><\/span><\/strong><span style=\"vertical-align: inherit;\"><span style=\"vertical-align: inherit;\"> con casi 6 millones de euros.<\/span><\/span><\/p>\n\n\n\n<p><span style=\"vertical-align: inherit;\"><span style=\"vertical-align: inherit;\">El objetivo es investigar el uso de un medicamento hu\u00e9rfano, es decir un <\/span><\/span><a href=\"https:\/\/www.visualfy.com\/es\/colaboracion-para-traducir-los-prospectos-de-los-medicamentos\/\"><span style=\"vertical-align: inherit;\"><span style=\"vertical-align: inherit;\">medicamento que las empresas farmac\u00e9uticas<\/span><\/span><\/a><span style=\"vertical-align: inherit;\"><span style=\"vertical-align: inherit;\"> no venden por motivos financieros, ya que va dirigido a un grupo reducido de pacientes, como es el colectivo de personas con S\u00edndrome de Usher.<\/span><\/span><\/p>\n","protected":false},"excerpt":{"rendered":"<p>El Instituto de Investigaci\u00f3n Sanitaria del Hospital Fundaci\u00f3n Jim\u00e9nez D\u00edaz de Madrid junto al Instituto de Investigaci\u00f3n Sanitaria del Hospital Universitari i Polit\u00e8cnic La Fe de Valencia participan en un proyecto de estudio del S\u00edndrome de Usher. Se trata de un proyecto sobre el S\u00edndrome de Usher tipo 1, es decir, de personas que nacen [&hellip;]<\/p>\n","protected":false},"author":2,"featured_media":3845,"comment_status":"open","ping_status":"open","sticky":false,"template":"","format":"standard","meta":{"_acf_changed":false,"content-type":"","_uag_custom_page_level_css":"","footnotes":""},"categories":[37],"tags":[],"class_list":["post-7695","post","type-post","status-publish","format-standard","has-post-thumbnail","hentry","category-salud-auditiva"],"acf":[],"spectra_custom_meta":{"_wp_page_template":["default"],"rank_math_internal_links_processed":["1"],"_wpml_word_count":["{\"total\":175,\"to_translate\":{\"en\":175}}"],"_yoast_wpseo_primary_category":["296"],"_yoast_wpseo_keywordsynonyms":[""],"_wpml_media_duplicate":["0"],"_wpml_media_featured":["0"],"_yoast_wpseo_focuskeywords":["[]"],"_et_monarch_override":[""],"amazonS3_cache":["a:43:{s:61:\"\/\/dev.visualfy.com\/wp-content\/uploads\/2017\/10\/oirfftmn9ps.jpg\";i:10411;s:38:\"\/\/cdn.visualfy.com\/img\/oirfftmn9ps.jpg\";i:10411;s:61:\"\/\/www.visualfy.com\/wp-content\/uploads\/2017\/10\/oirfftmn9ps.jpg\";i:10411;s:68:\"\/\/visualfy.acceseo.dev\/wp-content\/uploads\/2025\/02\/sindrome-usher.jpg\";a:1:{s:9:\"timestamp\";i:1744269471;}s:69:\"\/\/visualfy.acceseo.dev\/wp-content\/uploads\/2025\/02\/lse-icon-button.svg\";a:1:{s:9:\"timestamp\";i:1744268278;}s:81:\"\/\/visualfy.acceseo.dev\/wp-content\/uploads\/2025\/02\/visualfy-places-placeholder.jpg\";a:1:{s:9:\"timestamp\";i:1744268278;}s:66:\"\/\/visualfy.acceseo.dev\/wp-content\/uploads\/2025\/01\/computer_404.svg\";a:1:{s:9:\"timestamp\";i:1744268278;}s:63:\"\/\/visualfy.acceseo.dev\/wp-content\/uploads\/2025\/01\/user-icon.svg\";a:1:{s:9:\"timestamp\";i:1744268278;}s:58:\"\/\/visualfy.acceseo.dev\/wp-content\/uploads\/2025\/01\/menu.svg\";a:1:{s:9:\"timestamp\";i:1744268278;}s:67:\"\/\/visualfy.acceseo.dev\/wp-content\/uploads\/2025\/01\/logo-visualfy.svg\";a:1:{s:9:\"timestamp\";i:1744268278;}s:65:\"\/\/visualfy.acceseo.dev\/wp-content\/uploads\/2025\/01\/logo-footer.svg\";a:1:{s:9:\"timestamp\";i:1744268278;}s:88:\"\/\/visualfy.acceseo.dev\/wp-content\/uploads\/2025\/01\/union-europea-ministerio-industria.png\";a:1:{s:9:\"timestamp\";i:1744268278;}s:78:\"\/\/visualfy.acceseo.dev\/wp-content\/uploads\/2025\/01\/fondo-europeo-innovacion.png\";a:1:{s:9:\"timestamp\";i:1744268278;}s:77:\"\/\/visualfy.acceseo.dev\/wp-content\/uploads\/2025\/01\/generalitat-ivace-feder.png\";a:1:{s:9:\"timestamp\";i:1744268278;}s:85:\"\/\/visualfy.acceseo.dev\/wp-content\/uploads\/2025\/01\/generalita-ivace-cofinanciacion.png\";a:1:{s:9:\"timestamp\";i:1744268278;}s:61:\"\/\/visualfy.acceseo.dev\/wp-content\/uploads\/2025\/02\/Sem-3-1.png\";a:1:{s:9:\"timestamp\";i:1744268279;}s:69:\"\/\/visualfy.acceseo.dev\/wp-content\/uploads\/2025\/02\/Sem-3-1-300x176.png\";a:1:{s:9:\"timestamp\";i:1744268279;}s:70:\"\/\/visualfy.acceseo.dev\/wp-content\/uploads\/2025\/02\/Sem-3-1-1024x600.png\";a:1:{s:9:\"timestamp\";i:1744268279;}s:69:\"\/\/visualfy.acceseo.dev\/wp-content\/uploads\/2025\/02\/Sem-3-1-768x450.png\";a:1:{s:9:\"timestamp\";i:1744268279;}s:70:\"\/\/visualfy.acceseo.dev\/wp-content\/uploads\/2025\/02\/Sem-3-1-1536x900.png\";a:1:{s:9:\"timestamp\";i:1744268279;}s:71:\"\/\/visualfy.acceseo.dev\/wp-content\/uploads\/2025\/02\/Sem-3-1-2048x1200.png\";a:1:{s:9:\"timestamp\";i:1744268279;}s:63:\"\/\/visualfy.acceseo.dev\/wp-content\/uploads\/2025\/02\/Sem-2-3-1.jpg\";a:1:{s:9:\"timestamp\";i:1744268279;}s:71:\"\/\/visualfy.acceseo.dev\/wp-content\/uploads\/2025\/02\/Sem-2-3-1-300x169.jpg\";a:1:{s:9:\"timestamp\";i:1744268279;}s:72:\"\/\/visualfy.acceseo.dev\/wp-content\/uploads\/2025\/02\/Sem-2-3-1-1024x576.jpg\";a:1:{s:9:\"timestamp\";i:1744268279;}s:71:\"\/\/visualfy.acceseo.dev\/wp-content\/uploads\/2025\/02\/Sem-2-3-1-768x432.jpg\";a:1:{s:9:\"timestamp\";i:1744268279;}s:72:\"\/\/visualfy.acceseo.dev\/wp-content\/uploads\/2025\/02\/Sem-2-3-1-1536x864.jpg\";a:1:{s:9:\"timestamp\";i:1744268279;}s:63:\"\/\/visualfy.acceseo.dev\/wp-content\/uploads\/2025\/02\/Sem-1-2-1.png\";a:1:{s:9:\"timestamp\";i:1744268279;}s:71:\"\/\/visualfy.acceseo.dev\/wp-content\/uploads\/2025\/02\/Sem-1-2-1-300x157.png\";a:1:{s:9:\"timestamp\";i:1744268279;}s:72:\"\/\/visualfy.acceseo.dev\/wp-content\/uploads\/2025\/02\/Sem-1-2-1-1024x535.png\";a:1:{s:9:\"timestamp\";i:1744268279;}s:71:\"\/\/visualfy.acceseo.dev\/wp-content\/uploads\/2025\/02\/Sem-1-2-1-768x401.png\";a:1:{s:9:\"timestamp\";i:1744268279;}s:67:\"\/\/visualfy.acceseo.dev\/wp-content\/uploads\/2025\/02\/caixa-popular.svg\";a:1:{s:9:\"timestamp\";i:1744268279;}s:58:\"\/\/visualfy.acceseo.dev\/wp-content\/uploads\/2025\/02\/cdti.svg\";a:1:{s:9:\"timestamp\";i:1744268279;}s:58:\"\/\/visualfy.acceseo.dev\/wp-content\/uploads\/2025\/02\/cnse.svg\";a:1:{s:9:\"timestamp\";i:1744268279;}s:60:\"\/\/visualfy.acceseo.dev\/wp-content\/uploads\/2025\/02\/esteve.svg\";a:1:{s:9:\"timestamp\";i:1744268279;}s:60:\"\/\/visualfy.acceseo.dev\/wp-content\/uploads\/2025\/02\/fesord.svg\";a:1:{s:9:\"timestamp\";i:1744268279;}s:76:\"\/\/visualfy.acceseo.dev\/wp-content\/uploads\/2025\/02\/generalitat-valenciana.svg\";a:1:{s:9:\"timestamp\";i:1744268279;}s:66:\"\/\/visualfy.acceseo.dev\/wp-content\/uploads\/2025\/02\/horizon-2020.svg\";a:1:{s:9:\"timestamp\";i:1744268279;}s:59:\"\/\/visualfy.acceseo.dev\/wp-content\/uploads\/2025\/02\/ivace.svg\";a:1:{s:9:\"timestamp\";i:1744268279;}s:62:\"\/\/visualfy.acceseo.dev\/wp-content\/uploads\/2025\/02\/montsant.svg\";a:1:{s:9:\"timestamp\";i:1744268279;}s:69:\"\/\/visualfy.acceseo.dev\/wp-content\/uploads\/2025\/02\/naciones-unidas.svg\";a:1:{s:9:\"timestamp\";i:1744268279;}s:62:\"\/\/visualfy.acceseo.dev\/wp-content\/uploads\/2025\/02\/randstad.svg\";a:1:{s:9:\"timestamp\";i:1744268279;}s:64:\"\/\/visualfy.acceseo.dev\/wp-content\/uploads\/2025\/02\/telefonica.svg\";a:1:{s:9:\"timestamp\";i:1744268279;}s:66:\"\/\/visualfy.acceseo.dev\/wp-content\/uploads\/2025\/02\/wingstoclaim.svg\";a:1:{s:9:\"timestamp\";i:1744268279;}}"],"_yoast_wpseo_opengraph-title":[""],"_yoast_wpseo_opengraph-description":[""],"_yst_prominent_words_version":["1"],"_yoast_wpseo_video_meta":["a:15:{s:2:\"id\";s:11:\"oirFftmN9ps\";s:4:\"type\";s:7:\"youtube\";s:3:\"url\";s:43:\"https:\/\/www.youtube.com\/watch?v=oirFftmN9ps\";s:7:\"post_id\";i:4513;s:5:\"title\";s:51:\"Estudio del S\u00edndrome de Usher &amp;#8902; Visualfy\";s:16:\"publication_date\";s:25:\"2017-10-25T15:00:00+00:00\";s:11:\"description\";s:252:\"El Instituto de Investigaci\u00f3n Sanitaria del Hospital Fundacion Jimenez Diaz de Madrid junto al Instituto de Investigaci\u00f3n Sanitaria del Hospital Universitari i Polit\u00e8cnic La Fe de Valencia participan en un proyecto de estudio del S\u00edndrome de Usher.\";s:10:\"player_loc\";s:41:\"https:\/\/www.youtube.com\/embed\/oirFftmN9ps\";s:13:\"thumbnail_loc\";s:44:\"https:\/\/cdn.visualfy.com\/img\/oirfftmn9ps.jpg\";s:8:\"duration\";i:91;s:10:\"view_count\";i:201;s:5:\"width\";i:480;s:6:\"height\";i:270;s:8:\"category\";s:14:\"Salud auditiva\";s:3:\"tag\";a:0:{}}"],"_yoast_wpseo_videositemap-duration":["91"],"_yoast_wpseo_videositemap-rating":["0"],"_yoast_wpseo_metadesc":["El Instituto de Investigaci\u00f3n Sanitaria del Hospital Fundacion Jimenez Diaz de Madrid junto al Instituto de Investigaci\u00f3n Sanitaria del Hospital Universitari i Polit\u00e8cnic La Fe de Valencia participan en un proyecto de estudio del S\u00edndrome de Usher."],"_yoast_wpseo_focuskw":[""],"_yoast_wpseo_content_score":[""],"cmplz_hide_cookiebanner":[""],"_wpml_location_migration_done":["1"],"_fgj2wp_old_id":["786"],"_yoast_wpseo_metakeywords":[""],"_bsf_post_type":["0"],"_yoast_wpseo_meta-robots-noindex":[""],"_fgj2wp_translation_association_key":[""],"_product_image_gallery":[""],"_wp_old_slug":[""],"_yoast_wpseo_title":[""],"slide_template":[""],"_yoast_wpseo_opengraph-image":[""],"_yoast_wpseo_opengraph-image-id":[""],"_wp_old_date":[""],"_bsf_article_image":[""],"_bsf_article_name":[""],"_bsf_article_desc":[""],"_bsf_article_author":[""],"_bsf_article_publisher":[""],"_bsf_article_publisher_logo":[""],"_yoast_wpseo_meta-robots-nofollow":[""],"amp_status":[""],"_cmplz_scanned_post":[""],"_encloseme":[""],"_last_translation_edit_mode":[""],"_yoast_wpseo_twitter-title":[""],"_yoast_wpseo_twitter-description":[""],"_yoast_wpseo_twitter-image":[""],"_yoast_wpseo_twitter-image-id":[""],"_yoast_wpseo_linkdex":[""],"_thumbnail_id":["3845"],"_oembed_80fe16d983e5a5f3a917a14d807bf16f":["<iframe title=\"Estudio del S\u00edndrome de Usher - Visualfy.es\" width=\"500\" height=\"281\" src=\"https:\/\/www.youtube.com\/embed\/oirFftmN9ps?feature=oembed\" frameborder=\"0\" allow=\"accelerometer; autoplay; clipboard-write; encrypted-media; gyroscope; picture-in-picture; web-share\" referrerpolicy=\"strict-origin-when-cross-origin\" allowfullscreen><\/iframe>"],"_oembed_time_80fe16d983e5a5f3a917a14d807bf16f":["1740998523"],"_edit_lock":["1740998565:1"],"_oembed_7eca331624256a6184f30ccbb78e11e4":["<iframe title=\"Estudio del S\u00edndrome de Usher - Visualfy.es\" width=\"992\" height=\"558\" src=\"https:\/\/www.youtube.com\/embed\/oirFftmN9ps?feature=oembed\" frameborder=\"0\" allow=\"accelerometer; autoplay; clipboard-write; encrypted-media; gyroscope; picture-in-picture; web-share\" referrerpolicy=\"strict-origin-when-cross-origin\" allowfullscreen><\/iframe>"],"_oembed_time_7eca331624256a6184f30ccbb78e11e4":["1740998531"],"_pingme":["1"],"rank_math_primary_category":["37"],"rank_math_seo_score":["17"],"_uag_custom_page_level_css":[""],"footnotes":[""],"_edit_last":["1"],"lse_enlace":["https:\/\/www.youtube.com\/watch?v=oirFftmN9ps"],"_lse_enlace":["field_67b5db1d9d4ca"],"_betterdocs_reusable_block_ids":["a:0:{}"],"copied_media_ids":["a:0:{}"],"referenced_media_ids":["a:1:{i:0;i:3845;}"]},"uagb_featured_image_src":{"full":["https:\/\/www.visualfy.com\/wp-content\/uploads\/2025\/02\/sindrome-usher.jpg",800,431,false],"thumbnail":["https:\/\/www.visualfy.com\/wp-content\/uploads\/2025\/02\/sindrome-usher-150x150.jpg",150,150,true],"medium":["https:\/\/www.visualfy.com\/wp-content\/uploads\/2025\/02\/sindrome-usher-300x162.jpg",300,162,true],"medium_large":["https:\/\/www.visualfy.com\/wp-content\/uploads\/2025\/02\/sindrome-usher-768x414.jpg",768,414,true],"large":["https:\/\/www.visualfy.com\/wp-content\/uploads\/2025\/02\/sindrome-usher.jpg",800,431,false],"1536x1536":["https:\/\/www.visualfy.com\/wp-content\/uploads\/2025\/02\/sindrome-usher.jpg",800,431,false],"2048x2048":["https:\/\/www.visualfy.com\/wp-content\/uploads\/2025\/02\/sindrome-usher.jpg",800,431,false]},"uagb_author_info":{"display_name":"visualfy","author_link":"https:\/\/www.visualfy.com\/es\/author\/visualfy\/"},"uagb_comment_info":0,"uagb_excerpt":"El Instituto de Investigaci\u00f3n Sanitaria del Hospital Fundaci\u00f3n Jim\u00e9nez D\u00edaz de Madrid junto al Instituto de Investigaci\u00f3n Sanitaria del Hospital Universitari i Polit\u00e8cnic La Fe de Valencia participan en un proyecto de estudio del S\u00edndrome de Usher. Se trata de un proyecto sobre el S\u00edndrome de Usher tipo 1, es decir, de personas que nacen&hellip;","_links":{"self":[{"href":"https:\/\/www.visualfy.com\/es\/wp-json\/wp\/v2\/posts\/7695","targetHints":{"allow":["GET"]}}],"collection":[{"href":"https:\/\/www.visualfy.com\/es\/wp-json\/wp\/v2\/posts"}],"about":[{"href":"https:\/\/www.visualfy.com\/es\/wp-json\/wp\/v2\/types\/post"}],"author":[{"embeddable":true,"href":"https:\/\/www.visualfy.com\/es\/wp-json\/wp\/v2\/users\/2"}],"replies":[{"embeddable":true,"href":"https:\/\/www.visualfy.com\/es\/wp-json\/wp\/v2\/comments?post=7695"}],"version-history":[{"count":0,"href":"https:\/\/www.visualfy.com\/es\/wp-json\/wp\/v2\/posts\/7695\/revisions"}],"wp:featuredmedia":[{"embeddable":true,"href":"https:\/\/www.visualfy.com\/es\/wp-json\/wp\/v2\/media\/3845"}],"wp:attachment":[{"href":"https:\/\/www.visualfy.com\/es\/wp-json\/wp\/v2\/media?parent=7695"}],"wp:term":[{"taxonomy":"category","embeddable":true,"href":"https:\/\/www.visualfy.com\/es\/wp-json\/wp\/v2\/categories?post=7695"},{"taxonomy":"post_tag","embeddable":true,"href":"https:\/\/www.visualfy.com\/es\/wp-json\/wp\/v2\/tags?post=7695"}],"curies":[{"name":"wp","href":"https:\/\/api.w.org\/{rel}","templated":true}]}}