{"id":7674,"date":"2017-08-28T15:00:00","date_gmt":"2017-08-28T15:00:00","guid":{"rendered":"https:\/\/www.visualfy.com\/marroquin\/"},"modified":"2025-02-26T10:24:57","modified_gmt":"2025-02-26T10:24:57","slug":"marroquin","status":"publish","type":"post","link":"https:\/\/www.visualfy.com\/es\/marroquin\/","title":{"rendered":"Historia de Marroqu\u00edn"},"content":{"rendered":"<p>Hoy os contamos una historia de mucha<strong> importancia para la Comunidad Sorda<\/strong>, la de <strong>Juan Lu\u00eds Marroqu\u00edn<\/strong>, gracias a la publicaci\u00f3n de un libro en colaboraci\u00f3n con la Fundaci\u00f3n CNSE.<\/p>\n<p>Este libro se public\u00f3 en 2003, en <strong>homenaje a Marroqu\u00edn<\/strong>, justo cuando se cumpl\u00edan 100 a\u00f1os de su nacimiento. Adem\u00e1s, tambi\u00e9n hubo otras publicaciones en la revista Faro del Silencio entre los a\u00f1os 1979 y 2000, cuando estuvo de presidente F\u00e9lix Jes\u00fas Pinedo y, posteriormente, Lu\u00eds Jes\u00fas Ca\u00f1\u00f3n. Gracias a la colaboraci\u00f3n de la hija de Marroqu\u00edn, Ana Mar\u00eda Marroqu\u00edn, hemos recibido la historia de su vida.<\/p>\n<p>\u00c9l, por ejemplo, no usaba la palabra <strong>\u201cLengua de Signos\u201d, sino \u201cM\u00edmica\u201d. Tambi\u00e9n usaba \u201c<a href=\"https:\/\/www.visualfy.com\/es\/sordo-o-sordomudo-como-se-dice\/\">Sordomudo<\/a>\u201d porque en esa \u00e9poca se usaba<\/strong>.<\/p>\n<p>Us\u00f3 frases directas en la primera p\u00e1gina de sus memorias a modo de resumen de su vida: \u201cNo quiero que mi vida sea como una sombra o una nube que desaparece, quiero que sea como una semilla de solidaridad humana para todas las Personas Sordas\u201d.<\/p>\n<p><strong>Marroqu\u00edn naci\u00f3 en Madrid, el 23 de junio de 1903<\/strong>, en una familia humilde. \u00c9l fue un hombre sencillo, muy humano y cari\u00f1oso con los sordos de Espa\u00f1a y del extranjero.<strong> A los 5 a\u00f1os comenz\u00f3 a perder audici\u00f3n<\/strong>, pero antes pensaban apuntarlo como m\u00fasico porque su voz era muy potente para cantar. En 1914, durante la I Guerra Mundial, tuvo dolor de cabeza un d\u00eda en el parque y fue ah\u00ed cuando oir\u00eda la m\u00fasica por \u00faltima vez en su vida.<strong> Se desmay\u00f3 y el m\u00e9dico afirm\u00f3 que por una meningitis se hab\u00eda quedado totalmente sordo.<\/strong><\/p>\n<p>En 1915 fue al Colegio Nacional de Sordomudos y Ciegos, que ahora es el Centro Superior de Estudios de Defensa Nacional (CESEDEN), y all\u00ed aprendi\u00f3 <a href=\"https:\/\/www.visualfy.com\/es\/10-canales-de-youtube-en-lse-que-no-deberias-perderte\/\">Lengua de Signos<\/a>. M\u00e1s tarde, estudi\u00f3 Bellas Artes con oyentes, sordos y ciegos y Marroqu\u00edn se comunicaba con dactilolog\u00eda. Muchas veces los oyentes se burlaban y, finalmente, se traslad\u00f3 a un taller, que al principio no cobraba, pero despu\u00e9s, poco a poco, comenz\u00f3 a cobrar una peseta a la semana, pero \u00e9l deseaba ser torero. En cuanto a la pol\u00edtica, respetaba todos los grupos pol\u00edticos. Un d\u00eda visit\u00f3 a Franco, a\u00f1os m\u00e1s tarde a Fraga, despu\u00e9s a Juan Carlos y siempre ped\u00eda que no se tuviera l\u00e1stima por los sordos, sino que se hiciera justicia social. \u00c9l casi no estudi\u00f3, pero era culto, le\u00eda y escrib\u00eda mucho. Siempre a su hija peque\u00f1a le contaba cuentos inventados, donde los protagonistas eran animales, como peces o elefantes \u201csordomuditos\u201d.<\/p>\n<p>En 1934, Marroqu\u00edn fue el primer presidente sordo de la Asociaci\u00f3n de Sordomudos de Madrid, particip\u00f3 en el movimiento asociativo de Barcelona con el Instituto Catal\u00e1n de Sordomudos por su 25 aniversario, donde, por primera vez, contact\u00f3 con Personas Sordas catalanas, en concreto con \u00c1ngel Calafell, un gran amigo. All\u00ed en Barcelona hablaron sobre la necesidad de crear una Federaci\u00f3n para Sordos de toda Espa\u00f1a porque les preocupaba la situaci\u00f3n del colectivo durante la Guerra Civil. Al final, en 1936 se cre\u00f3 la Federaci\u00f3n de Sordos de Espa\u00f1a, con Marroqu\u00edn como presidente, que actualmente es la CNSE. Adem\u00e1s, Marroqu\u00edn tambi\u00e9n fue miembro de la Federaci\u00f3n Mundial de Sordos (FMS). Realmente, la Federaci\u00f3n comenz\u00f3 a realizar actividades en 1949, debido a la Guerra Civil. A partir de esa fecha, se comenzaron a crear las diferentes Asociaciones de Sordos de Espa\u00f1a. <strong>Marroqu\u00edn siempre trabaj\u00f3 y consigui\u00f3 los \u00e9xitos para la Comunidad Sorda espa\u00f1ola.<\/strong><\/p>\n<p>En 1979 dej\u00f3 la presidencia en la CNSE y le sustituy\u00f3 F\u00e9lix Jes\u00fas Pinedo, pero Marroqu\u00edn obtuvo el t\u00edtulo al Presidente de Honor. \u00c9l siempre dijo que la vida consiste en trabajar y esforzarse, as\u00ed seguro que se consiguen buenos resultados. A veces, hay que sacrificarse, pero se debe continuar porque vale la pena. En 1987 sufri\u00f3 un accidente de tr\u00e1ficos y se rompi\u00f3 un hueso de la pierna, poco a poco mejor\u00f3, pero el d\u00eda 14 de agosto muri\u00f3 a causa de un trombo pulmonar. La historia de Marroqu\u00edn es muy importante para la Comunidad Sorda.<\/p>\n<p><strong>Gracias a su esfuerzo y su dedicaci\u00f3n, hoy en d\u00eda las <a href=\"https:\/\/www.visualfy.com\/es\/cuantas-personas-sordas-usan-la-lengua-de-signos-en-europa\/\">Personas Sordas<\/a> cuentan con un mayor reconocimiento por parte de la sociedad.<\/strong><\/p>\n","protected":false},"excerpt":{"rendered":"<p>Hoy os contamos una historia de mucha importancia para la Comunidad Sorda, la de Juan Lu\u00eds Marroqu\u00edn, gracias a la publicaci\u00f3n de un libro en colaboraci\u00f3n con la Fundaci\u00f3n CNSE. Este libro se public\u00f3 en 2003, en homenaje a Marroqu\u00edn, justo cuando se cumpl\u00edan 100 a\u00f1os de su nacimiento. Adem\u00e1s, tambi\u00e9n hubo otras publicaciones en [&hellip;]<\/p>\n","protected":false},"author":2,"featured_media":3703,"comment_status":"open","ping_status":"open","sticky":false,"template":"","format":"standard","meta":{"_acf_changed":false,"content-type":"","_uag_custom_page_level_css":"","footnotes":""},"categories":[36],"tags":[],"class_list":["post-7674","post","type-post","status-publish","format-standard","has-post-thumbnail","hentry","category-sordos-magnificos"],"acf":[],"spectra_custom_meta":{"_wp_page_template":["default"],"rank_math_internal_links_processed":["1"],"_wpml_word_count":["{\"total\":748,\"to_translate\":{\"en\":748}}"],"_yoast_wpseo_primary_category":["4185"],"_yoast_wpseo_keywordsynonyms":[""],"_wpml_media_duplicate":["0"],"_wpml_media_featured":["0"],"_yoast_wpseo_focuskeywords":["[]"],"_et_monarch_override":[""],"amazonS3_cache":["a:43:{s:61:\"\/\/dev.visualfy.com\/wp-content\/uploads\/2017\/08\/jsinpbeyjoe.jpg\";i:10452;s:38:\"\/\/cdn.visualfy.com\/img\/jsinpbeyjoe.jpg\";i:10452;s:61:\"\/\/www.visualfy.com\/wp-content\/uploads\/2017\/08\/jsinpbeyjoe.jpg\";i:10452;s:70:\"\/\/visualfy.acceseo.dev\/wp-content\/uploads\/2025\/02\/junaluismarrouin.jpg\";a:1:{s:9:\"timestamp\";i:1744269468;}s:69:\"\/\/visualfy.acceseo.dev\/wp-content\/uploads\/2025\/02\/lse-icon-button.svg\";a:1:{s:9:\"timestamp\";i:1744268238;}s:81:\"\/\/visualfy.acceseo.dev\/wp-content\/uploads\/2025\/02\/visualfy-places-placeholder.jpg\";a:1:{s:9:\"timestamp\";i:1744268238;}s:66:\"\/\/visualfy.acceseo.dev\/wp-content\/uploads\/2025\/01\/computer_404.svg\";a:1:{s:9:\"timestamp\";i:1744268238;}s:63:\"\/\/visualfy.acceseo.dev\/wp-content\/uploads\/2025\/01\/user-icon.svg\";a:1:{s:9:\"timestamp\";i:1744268238;}s:58:\"\/\/visualfy.acceseo.dev\/wp-content\/uploads\/2025\/01\/menu.svg\";a:1:{s:9:\"timestamp\";i:1744268238;}s:67:\"\/\/visualfy.acceseo.dev\/wp-content\/uploads\/2025\/01\/logo-visualfy.svg\";a:1:{s:9:\"timestamp\";i:1744268238;}s:65:\"\/\/visualfy.acceseo.dev\/wp-content\/uploads\/2025\/01\/logo-footer.svg\";a:1:{s:9:\"timestamp\";i:1744268238;}s:88:\"\/\/visualfy.acceseo.dev\/wp-content\/uploads\/2025\/01\/union-europea-ministerio-industria.png\";a:1:{s:9:\"timestamp\";i:1744268238;}s:78:\"\/\/visualfy.acceseo.dev\/wp-content\/uploads\/2025\/01\/fondo-europeo-innovacion.png\";a:1:{s:9:\"timestamp\";i:1744268238;}s:77:\"\/\/visualfy.acceseo.dev\/wp-content\/uploads\/2025\/01\/generalitat-ivace-feder.png\";a:1:{s:9:\"timestamp\";i:1744268238;}s:85:\"\/\/visualfy.acceseo.dev\/wp-content\/uploads\/2025\/01\/generalita-ivace-cofinanciacion.png\";a:1:{s:9:\"timestamp\";i:1744268238;}s:61:\"\/\/visualfy.acceseo.dev\/wp-content\/uploads\/2025\/02\/Sem-3-1.png\";a:1:{s:9:\"timestamp\";i:1744268238;}s:69:\"\/\/visualfy.acceseo.dev\/wp-content\/uploads\/2025\/02\/Sem-3-1-300x176.png\";a:1:{s:9:\"timestamp\";i:1744268238;}s:70:\"\/\/visualfy.acceseo.dev\/wp-content\/uploads\/2025\/02\/Sem-3-1-1024x600.png\";a:1:{s:9:\"timestamp\";i:1744268238;}s:69:\"\/\/visualfy.acceseo.dev\/wp-content\/uploads\/2025\/02\/Sem-3-1-768x450.png\";a:1:{s:9:\"timestamp\";i:1744268238;}s:70:\"\/\/visualfy.acceseo.dev\/wp-content\/uploads\/2025\/02\/Sem-3-1-1536x900.png\";a:1:{s:9:\"timestamp\";i:1744268238;}s:71:\"\/\/visualfy.acceseo.dev\/wp-content\/uploads\/2025\/02\/Sem-3-1-2048x1200.png\";a:1:{s:9:\"timestamp\";i:1744268238;}s:63:\"\/\/visualfy.acceseo.dev\/wp-content\/uploads\/2025\/02\/Sem-2-3-1.jpg\";a:1:{s:9:\"timestamp\";i:1744268238;}s:71:\"\/\/visualfy.acceseo.dev\/wp-content\/uploads\/2025\/02\/Sem-2-3-1-300x169.jpg\";a:1:{s:9:\"timestamp\";i:1744268238;}s:72:\"\/\/visualfy.acceseo.dev\/wp-content\/uploads\/2025\/02\/Sem-2-3-1-1024x576.jpg\";a:1:{s:9:\"timestamp\";i:1744268238;}s:71:\"\/\/visualfy.acceseo.dev\/wp-content\/uploads\/2025\/02\/Sem-2-3-1-768x432.jpg\";a:1:{s:9:\"timestamp\";i:1744268238;}s:72:\"\/\/visualfy.acceseo.dev\/wp-content\/uploads\/2025\/02\/Sem-2-3-1-1536x864.jpg\";a:1:{s:9:\"timestamp\";i:1744268238;}s:63:\"\/\/visualfy.acceseo.dev\/wp-content\/uploads\/2025\/02\/Sem-1-2-1.png\";a:1:{s:9:\"timestamp\";i:1744268238;}s:71:\"\/\/visualfy.acceseo.dev\/wp-content\/uploads\/2025\/02\/Sem-1-2-1-300x157.png\";a:1:{s:9:\"timestamp\";i:1744268238;}s:72:\"\/\/visualfy.acceseo.dev\/wp-content\/uploads\/2025\/02\/Sem-1-2-1-1024x535.png\";a:1:{s:9:\"timestamp\";i:1744268238;}s:71:\"\/\/visualfy.acceseo.dev\/wp-content\/uploads\/2025\/02\/Sem-1-2-1-768x401.png\";a:1:{s:9:\"timestamp\";i:1744268238;}s:67:\"\/\/visualfy.acceseo.dev\/wp-content\/uploads\/2025\/02\/caixa-popular.svg\";a:1:{s:9:\"timestamp\";i:1744268238;}s:58:\"\/\/visualfy.acceseo.dev\/wp-content\/uploads\/2025\/02\/cdti.svg\";a:1:{s:9:\"timestamp\";i:1744268238;}s:58:\"\/\/visualfy.acceseo.dev\/wp-content\/uploads\/2025\/02\/cnse.svg\";a:1:{s:9:\"timestamp\";i:1744268238;}s:60:\"\/\/visualfy.acceseo.dev\/wp-content\/uploads\/2025\/02\/esteve.svg\";a:1:{s:9:\"timestamp\";i:1744268238;}s:60:\"\/\/visualfy.acceseo.dev\/wp-content\/uploads\/2025\/02\/fesord.svg\";a:1:{s:9:\"timestamp\";i:1744268238;}s:76:\"\/\/visualfy.acceseo.dev\/wp-content\/uploads\/2025\/02\/generalitat-valenciana.svg\";a:1:{s:9:\"timestamp\";i:1744268238;}s:66:\"\/\/visualfy.acceseo.dev\/wp-content\/uploads\/2025\/02\/horizon-2020.svg\";a:1:{s:9:\"timestamp\";i:1744268238;}s:59:\"\/\/visualfy.acceseo.dev\/wp-content\/uploads\/2025\/02\/ivace.svg\";a:1:{s:9:\"timestamp\";i:1744268238;}s:62:\"\/\/visualfy.acceseo.dev\/wp-content\/uploads\/2025\/02\/montsant.svg\";a:1:{s:9:\"timestamp\";i:1744268238;}s:69:\"\/\/visualfy.acceseo.dev\/wp-content\/uploads\/2025\/02\/naciones-unidas.svg\";a:1:{s:9:\"timestamp\";i:1744268238;}s:62:\"\/\/visualfy.acceseo.dev\/wp-content\/uploads\/2025\/02\/randstad.svg\";a:1:{s:9:\"timestamp\";i:1744268238;}s:64:\"\/\/visualfy.acceseo.dev\/wp-content\/uploads\/2025\/02\/telefonica.svg\";a:1:{s:9:\"timestamp\";i:1744268238;}s:66:\"\/\/visualfy.acceseo.dev\/wp-content\/uploads\/2025\/02\/wingstoclaim.svg\";a:1:{s:9:\"timestamp\";i:1744268238;}}"],"_yoast_wpseo_opengraph-title":[""],"_yoast_wpseo_opengraph-description":[""],"_yst_prominent_words_version":["1"],"_yoast_wpseo_video_meta":["a:15:{s:2:\"id\";s:11:\"jSINPBeyjoE\";s:4:\"type\";s:7:\"youtube\";s:3:\"url\";s:43:\"https:\/\/www.youtube.com\/watch?v=jSINPBeyjoE\";s:7:\"post_id\";i:4472;s:5:\"title\";s:43:\"Historia de Marroqu\u00edn &amp;#8902; Visualfy\";s:16:\"publication_date\";s:25:\"2017-08-28T15:00:00+00:00\";s:11:\"description\";s:182:\"Hoy os contamos una historia de mucha importancia para la Comunidad Sorda, la de Juan Lu\u00eds Marroqu\u00edn, gracias a la publicaci\u00f3n de un libro en colaboraci\u00f3n con la Fundaci\u00f3n CNSE.\";s:10:\"player_loc\";s:41:\"https:\/\/www.youtube.com\/embed\/jSINPBeyjoE\";s:13:\"thumbnail_loc\";s:44:\"https:\/\/cdn.visualfy.com\/img\/jsinpbeyjoe.jpg\";s:8:\"duration\";i:383;s:10:\"view_count\";i:317;s:5:\"width\";i:480;s:6:\"height\";i:270;s:8:\"category\";s:24:\"Personas extraordinarias\";s:3:\"tag\";a:0:{}}"],"_yoast_wpseo_videositemap-duration":["383"],"_yoast_wpseo_videositemap-rating":["0"],"_yoast_wpseo_metadesc":["Hoy os contamos una historia de mucha importancia para la Comunidad Sorda, la de Juan Lu\u00eds Marroqu\u00edn, gracias a la publicaci\u00f3n de un libro en colaboraci\u00f3n con la Fundaci\u00f3n CNSE."],"_yoast_wpseo_focuskw":[""],"_yoast_wpseo_content_score":["30"],"cmplz_hide_cookiebanner":[""],"_wpml_location_migration_done":[""],"_fgj2wp_old_id":["741"],"_yoast_wpseo_metakeywords":["comunidad sorda"],"_bsf_post_type":["0"],"_yoast_wpseo_meta-robots-noindex":[""],"_fgj2wp_translation_association_key":[""],"_product_image_gallery":[""],"_wp_old_slug":["historia-de-marroquin"],"_yoast_wpseo_title":[""],"slide_template":[""],"_yoast_wpseo_opengraph-image":[""],"_yoast_wpseo_opengraph-image-id":[""],"_wp_old_date":[""],"_bsf_article_image":[""],"_bsf_article_name":[""],"_bsf_article_desc":[""],"_bsf_article_author":[""],"_bsf_article_publisher":[""],"_bsf_article_publisher_logo":[""],"_yoast_wpseo_meta-robots-nofollow":[""],"amp_status":[""],"_cmplz_scanned_post":[""],"_encloseme":[""],"_last_translation_edit_mode":[""],"_yoast_wpseo_twitter-title":[""],"_yoast_wpseo_twitter-description":[""],"_yoast_wpseo_twitter-image":[""],"_yoast_wpseo_twitter-image-id":[""],"_yoast_wpseo_linkdex":[""],"_thumbnail_id":["3703"],"_edit_last":["1"],"_pingme":["1"],"_edit_lock":["1740565497:1"],"_oembed_1e59de10d3a0e36d330b9e41e5f54ece":["<iframe title=\"Historia de Marroqu\u00edn - Visualfy.es\" width=\"500\" height=\"281\" src=\"https:\/\/www.youtube.com\/embed\/jSINPBeyjoE?feature=oembed\" frameborder=\"0\" allow=\"accelerometer; autoplay; clipboard-write; encrypted-media; gyroscope; picture-in-picture; web-share\" referrerpolicy=\"strict-origin-when-cross-origin\" allowfullscreen><\/iframe>"],"_oembed_time_1e59de10d3a0e36d330b9e41e5f54ece":["1740564953"],"_oembed_e3b86f7b8f4eee84a73bbdd43a283ae8":["<iframe title=\"Historia de Marroqu\u00edn - Visualfy.es\" width=\"992\" height=\"558\" src=\"https:\/\/www.youtube.com\/embed\/jSINPBeyjoE?feature=oembed\" frameborder=\"0\" allow=\"accelerometer; autoplay; clipboard-write; encrypted-media; gyroscope; picture-in-picture; web-share\" referrerpolicy=\"strict-origin-when-cross-origin\" allowfullscreen><\/iframe>"],"_oembed_time_e3b86f7b8f4eee84a73bbdd43a283ae8":["1740564956"],"rank_math_primary_category":["36"],"rank_math_seo_score":["15"],"rank_math_description":["Hoy os contamos una historia de mucha importancia para la Comunidad Sorda, la de Juan Lu\u00eds Marroqu\u00edn, gracias a la publicaci\u00f3n de un libro en colaboraci\u00f3n con la Fundaci\u00f3n CNSE."],"_uag_custom_page_level_css":[""],"footnotes":[""],"lse_enlace":["https:\/\/www.youtube.com\/watch?v=jSINPBeyjoE"],"_lse_enlace":["field_67b5db1d9d4ca"],"_betterdocs_reusable_block_ids":["a:0:{}"],"copied_media_ids":["a:0:{}"],"referenced_media_ids":["a:1:{i:0;i:3703;}"]},"uagb_featured_image_src":{"full":["https:\/\/www.visualfy.com\/wp-content\/uploads\/2025\/02\/junaluismarrouin.jpg",800,533,false],"thumbnail":["https:\/\/www.visualfy.com\/wp-content\/uploads\/2025\/02\/junaluismarrouin-150x150.jpg",150,150,true],"medium":["https:\/\/www.visualfy.com\/wp-content\/uploads\/2025\/02\/junaluismarrouin-300x200.jpg",300,200,true],"medium_large":["https:\/\/www.visualfy.com\/wp-content\/uploads\/2025\/02\/junaluismarrouin-768x512.jpg",768,512,true],"large":["https:\/\/www.visualfy.com\/wp-content\/uploads\/2025\/02\/junaluismarrouin.jpg",800,533,false],"1536x1536":["https:\/\/www.visualfy.com\/wp-content\/uploads\/2025\/02\/junaluismarrouin.jpg",800,533,false],"2048x2048":["https:\/\/www.visualfy.com\/wp-content\/uploads\/2025\/02\/junaluismarrouin.jpg",800,533,false]},"uagb_author_info":{"display_name":"visualfy","author_link":"https:\/\/www.visualfy.com\/es\/author\/visualfy\/"},"uagb_comment_info":0,"uagb_excerpt":"Hoy os contamos una historia de mucha importancia para la Comunidad Sorda, la de Juan Lu\u00eds Marroqu\u00edn, gracias a la publicaci\u00f3n de un libro en colaboraci\u00f3n con la Fundaci\u00f3n CNSE. Este libro se public\u00f3 en 2003, en homenaje a Marroqu\u00edn, justo cuando se cumpl\u00edan 100 a\u00f1os de su nacimiento. Adem\u00e1s, tambi\u00e9n hubo otras publicaciones en&hellip;","_links":{"self":[{"href":"https:\/\/www.visualfy.com\/es\/wp-json\/wp\/v2\/posts\/7674","targetHints":{"allow":["GET"]}}],"collection":[{"href":"https:\/\/www.visualfy.com\/es\/wp-json\/wp\/v2\/posts"}],"about":[{"href":"https:\/\/www.visualfy.com\/es\/wp-json\/wp\/v2\/types\/post"}],"author":[{"embeddable":true,"href":"https:\/\/www.visualfy.com\/es\/wp-json\/wp\/v2\/users\/2"}],"replies":[{"embeddable":true,"href":"https:\/\/www.visualfy.com\/es\/wp-json\/wp\/v2\/comments?post=7674"}],"version-history":[{"count":0,"href":"https:\/\/www.visualfy.com\/es\/wp-json\/wp\/v2\/posts\/7674\/revisions"}],"wp:featuredmedia":[{"embeddable":true,"href":"https:\/\/www.visualfy.com\/es\/wp-json\/wp\/v2\/media\/3703"}],"wp:attachment":[{"href":"https:\/\/www.visualfy.com\/es\/wp-json\/wp\/v2\/media?parent=7674"}],"wp:term":[{"taxonomy":"category","embeddable":true,"href":"https:\/\/www.visualfy.com\/es\/wp-json\/wp\/v2\/categories?post=7674"},{"taxonomy":"post_tag","embeddable":true,"href":"https:\/\/www.visualfy.com\/es\/wp-json\/wp\/v2\/tags?post=7674"}],"curies":[{"name":"wp","href":"https:\/\/api.w.org\/{rel}","templated":true}]}}