{"id":7641,"date":"2017-06-27T15:00:00","date_gmt":"2017-06-27T15:00:00","guid":{"rendered":"https:\/\/www.visualfy.com\/helen-keller\/"},"modified":"2025-02-27T13:28:51","modified_gmt":"2025-02-27T13:28:51","slug":"helen-keller","status":"publish","type":"post","link":"https:\/\/www.visualfy.com\/es\/helen-keller\/","title":{"rendered":"Helen Keller \u00a1Gracias!"},"content":{"rendered":"<p>Como ya sab\u00e9is, hoy es el D\u00eda Internacional de las <strong>Personas Sordociegas<\/strong>. Pero,<strong> \u00bfsab\u00e9is por qu\u00e9 se celebra el d\u00eda 27 de junio?<\/strong><\/p>\n<p>El d\u00eda <strong>27 de junio<\/strong> de <strong>1880 naci\u00f3 Hellen Keller<\/strong>, la primera Persona Sordociega que demostr\u00f3 que, pese a las dificultades con las que se encuentra el colectivo, tambi\u00e9n tienen capacidades y pueden superar las barreras.<\/p>\n<h2>\u00bfQui\u00e9n es Helen Keller?<\/h2>\n<p>Por eso, <strong>como homenaje a su valent\u00eda<\/strong>, desde el a\u00f1o 2009 se decidi\u00f3 que el <strong>d\u00eda 27 de junio se celebrar\u00eda el D\u00eda Internacional de las Personas Sordociegas<\/strong>.<\/p>\n<p>Hellen Keller naci\u00f3 en EE.UU y a los 19 meses, <strong>una enfermedad<\/strong> en el est\u00f3mago y el cerebro<strong> la dej\u00f3 sordociega.<\/strong><\/p>\n<p>Pero su inteligencia hizo que<strong> a los 7 a\u00f1os creara sus propios signos para comunicarse con su familia<\/strong>. Comenz\u00f3 a estudiar en el Instituto Perkins para Ciegos con la profesora Anne Sullivan para aprender la Lengua de Signos. La profesora Anne le ense\u00f1\u00f3 a hablar usando el m\u00e9todo Tadoma y <strong>a leer franc\u00e9s, alem\u00e1n, griego y lat\u00edn en braille<\/strong>. Con 24 a\u00f1os, fue la primera Persona<strong> Sordociega que se gradu\u00f3 en la Universidad<\/strong>, gracias a Anne que hab\u00eda hecho de Int\u00e9rprete. A partir de entonces, Hellen se convirti\u00f3 en una oradora y escritora muy famosa.<\/p>\n<p>Escribi\u00f3 libros como La historia de mi vida o Luz en mi oscuridad. Luch\u00f3 intensamente por los derechos de las Personas Sordas y Sordociegas y en 1915 fund\u00f3 una organizaci\u00f3n para la prevenci\u00f3n y el tratamiento de la ceguera. Junto a Anne Sullivan viaj\u00f3 por muchos pa\u00edses para concienciar a la sociedad y luchar por los derechos de todos los ciudadanos y por el derecho a votar de las mujeres. Tuvo una vida larga y feliz, muriendo a los 88 a\u00f1os. Hoy y<strong> siempre se le recordar\u00e1 como un icono de superaci\u00f3n y de lucha<\/strong>.<\/p>\n<span class='bctt-click-to-tweet'><span class='bctt-ctt-text'><a href='https:\/\/x.com\/intent\/tweet?url=https%3A%2F%2Fwww.visualfy.com%2Fes%2Fhelen-keller%2F&#038;text=Hellen%20Keller%20%E2%80%9CNo%20pienses%20en%20los%20fracasos%20de%20hoy%2C%20sino%20en%20el%20%C3%A9xito%20que%20puede%20llegar%20ma%C3%B1ana&#038;via=visualfy&#038;related=visualfy' target='_blank'rel=\"noopener noreferrer\">Hellen Keller \u201cNo pienses en los fracasos de hoy, sino en el \u00e9xito que puede llegar ma\u00f1ana <\/a><\/span><a href='https:\/\/x.com\/intent\/tweet?url=https%3A%2F%2Fwww.visualfy.com%2Fes%2Fhelen-keller%2F&#038;text=Hellen%20Keller%20%E2%80%9CNo%20pienses%20en%20los%20fracasos%20de%20hoy%2C%20sino%20en%20el%20%C3%A9xito%20que%20puede%20llegar%20ma%C3%B1ana&#038;via=visualfy&#038;related=visualfy' target='_blank' class='bctt-ctt-btn'rel=\"noopener noreferrer\">Compartir en X<\/a><\/span>\n<p>Por eso, <strong>muchas gracias Helen Keller por tanto! <\/strong><\/p>\n<p>Por \u00faltimo, quer\u00edamos transmitiros un mensaje escrito por <strong>Hellen Keller: \u201cNo pienses en los fracasos de hoy, sino en el \u00e9xito que puede llegar ma\u00f1ana\u00bb<\/strong>. Te has propuesto una tarea dif\u00edcil, pero tendr\u00e1s \u00e9xito si perseveras y encontrar\u00e1s dicha en la superaci\u00f3n de obst\u00e1culos\u201d.<\/p>\n","protected":false},"excerpt":{"rendered":"<p>Como ya sab\u00e9is, hoy es el D\u00eda Internacional de las Personas Sordociegas. Pero, \u00bfsab\u00e9is por qu\u00e9 se celebra el d\u00eda 27 de junio? El d\u00eda 27 de junio de 1880 naci\u00f3 Hellen Keller, la primera Persona Sordociega que demostr\u00f3 que, pese a las dificultades con las que se encuentra el colectivo, tambi\u00e9n tienen capacidades y [&hellip;]<\/p>\n","protected":false},"author":2,"featured_media":3537,"comment_status":"open","ping_status":"open","sticky":false,"template":"","format":"standard","meta":{"_acf_changed":false,"content-type":"","_uag_custom_page_level_css":"","footnotes":""},"categories":[36],"tags":[],"class_list":["post-7641","post","type-post","status-publish","format-standard","has-post-thumbnail","hentry","category-sordos-magnificos"],"acf":[],"spectra_custom_meta":{"_wp_page_template":["default"],"rank_math_internal_links_processed":["1"],"_wpml_word_count":["{\"total\":422,\"to_translate\":{\"en\":422}}"],"_yoast_wpseo_primary_category":[""],"_yoast_wpseo_keywordsynonyms":[""],"_wpml_media_duplicate":["0"],"_wpml_media_featured":["0"],"_yoast_wpseo_focuskeywords":["[]"],"_et_monarch_override":[""],"amazonS3_cache":["a:43:{s:61:\"\/\/dev.visualfy.com\/wp-content\/uploads\/2017\/06\/bsnb7ubltxc.jpg\";i:10498;s:38:\"\/\/cdn.visualfy.com\/img\/bsnb7ubltxc.jpg\";i:10498;s:61:\"\/\/www.visualfy.com\/wp-content\/uploads\/2017\/06\/bsnb7ubltxc.jpg\";i:10498;s:66:\"\/\/visualfy.acceseo.dev\/wp-content\/uploads\/2025\/02\/helen-keller.jpg\";a:1:{s:9:\"timestamp\";i:1744269393;}s:69:\"\/\/visualfy.acceseo.dev\/wp-content\/uploads\/2025\/02\/lse-icon-button.svg\";a:1:{s:9:\"timestamp\";i:1744269392;}s:81:\"\/\/visualfy.acceseo.dev\/wp-content\/uploads\/2025\/02\/visualfy-places-placeholder.jpg\";a:1:{s:9:\"timestamp\";i:1744269392;}s:66:\"\/\/visualfy.acceseo.dev\/wp-content\/uploads\/2025\/01\/computer_404.svg\";a:1:{s:9:\"timestamp\";i:1744269392;}s:63:\"\/\/visualfy.acceseo.dev\/wp-content\/uploads\/2025\/01\/user-icon.svg\";a:1:{s:9:\"timestamp\";i:1744269392;}s:58:\"\/\/visualfy.acceseo.dev\/wp-content\/uploads\/2025\/01\/menu.svg\";a:1:{s:9:\"timestamp\";i:1744269392;}s:67:\"\/\/visualfy.acceseo.dev\/wp-content\/uploads\/2025\/01\/logo-visualfy.svg\";a:1:{s:9:\"timestamp\";i:1744269392;}s:65:\"\/\/visualfy.acceseo.dev\/wp-content\/uploads\/2025\/01\/logo-footer.svg\";a:1:{s:9:\"timestamp\";i:1744269393;}s:88:\"\/\/visualfy.acceseo.dev\/wp-content\/uploads\/2025\/01\/union-europea-ministerio-industria.png\";a:1:{s:9:\"timestamp\";i:1744269393;}s:78:\"\/\/visualfy.acceseo.dev\/wp-content\/uploads\/2025\/01\/fondo-europeo-innovacion.png\";a:1:{s:9:\"timestamp\";i:1744269393;}s:77:\"\/\/visualfy.acceseo.dev\/wp-content\/uploads\/2025\/01\/generalitat-ivace-feder.png\";a:1:{s:9:\"timestamp\";i:1744269393;}s:85:\"\/\/visualfy.acceseo.dev\/wp-content\/uploads\/2025\/01\/generalita-ivace-cofinanciacion.png\";a:1:{s:9:\"timestamp\";i:1744269393;}s:61:\"\/\/visualfy.acceseo.dev\/wp-content\/uploads\/2025\/02\/Sem-3-1.png\";a:1:{s:9:\"timestamp\";i:1744269393;}s:69:\"\/\/visualfy.acceseo.dev\/wp-content\/uploads\/2025\/02\/Sem-3-1-300x176.png\";a:1:{s:9:\"timestamp\";i:1744269393;}s:70:\"\/\/visualfy.acceseo.dev\/wp-content\/uploads\/2025\/02\/Sem-3-1-1024x600.png\";a:1:{s:9:\"timestamp\";i:1744269393;}s:69:\"\/\/visualfy.acceseo.dev\/wp-content\/uploads\/2025\/02\/Sem-3-1-768x450.png\";a:1:{s:9:\"timestamp\";i:1744269393;}s:70:\"\/\/visualfy.acceseo.dev\/wp-content\/uploads\/2025\/02\/Sem-3-1-1536x900.png\";a:1:{s:9:\"timestamp\";i:1744269393;}s:71:\"\/\/visualfy.acceseo.dev\/wp-content\/uploads\/2025\/02\/Sem-3-1-2048x1200.png\";a:1:{s:9:\"timestamp\";i:1744269393;}s:63:\"\/\/visualfy.acceseo.dev\/wp-content\/uploads\/2025\/02\/Sem-2-3-1.jpg\";a:1:{s:9:\"timestamp\";i:1744269393;}s:71:\"\/\/visualfy.acceseo.dev\/wp-content\/uploads\/2025\/02\/Sem-2-3-1-300x169.jpg\";a:1:{s:9:\"timestamp\";i:1744269393;}s:72:\"\/\/visualfy.acceseo.dev\/wp-content\/uploads\/2025\/02\/Sem-2-3-1-1024x576.jpg\";a:1:{s:9:\"timestamp\";i:1744269393;}s:71:\"\/\/visualfy.acceseo.dev\/wp-content\/uploads\/2025\/02\/Sem-2-3-1-768x432.jpg\";a:1:{s:9:\"timestamp\";i:1744269393;}s:72:\"\/\/visualfy.acceseo.dev\/wp-content\/uploads\/2025\/02\/Sem-2-3-1-1536x864.jpg\";a:1:{s:9:\"timestamp\";i:1744269393;}s:63:\"\/\/visualfy.acceseo.dev\/wp-content\/uploads\/2025\/02\/Sem-1-2-1.png\";a:1:{s:9:\"timestamp\";i:1744269393;}s:71:\"\/\/visualfy.acceseo.dev\/wp-content\/uploads\/2025\/02\/Sem-1-2-1-300x157.png\";a:1:{s:9:\"timestamp\";i:1744269393;}s:72:\"\/\/visualfy.acceseo.dev\/wp-content\/uploads\/2025\/02\/Sem-1-2-1-1024x535.png\";a:1:{s:9:\"timestamp\";i:1744269393;}s:71:\"\/\/visualfy.acceseo.dev\/wp-content\/uploads\/2025\/02\/Sem-1-2-1-768x401.png\";a:1:{s:9:\"timestamp\";i:1744269393;}s:67:\"\/\/visualfy.acceseo.dev\/wp-content\/uploads\/2025\/02\/caixa-popular.svg\";a:1:{s:9:\"timestamp\";i:1744269393;}s:58:\"\/\/visualfy.acceseo.dev\/wp-content\/uploads\/2025\/02\/cdti.svg\";a:1:{s:9:\"timestamp\";i:1744269393;}s:58:\"\/\/visualfy.acceseo.dev\/wp-content\/uploads\/2025\/02\/cnse.svg\";a:1:{s:9:\"timestamp\";i:1744269393;}s:60:\"\/\/visualfy.acceseo.dev\/wp-content\/uploads\/2025\/02\/esteve.svg\";a:1:{s:9:\"timestamp\";i:1744269393;}s:60:\"\/\/visualfy.acceseo.dev\/wp-content\/uploads\/2025\/02\/fesord.svg\";a:1:{s:9:\"timestamp\";i:1744269393;}s:76:\"\/\/visualfy.acceseo.dev\/wp-content\/uploads\/2025\/02\/generalitat-valenciana.svg\";a:1:{s:9:\"timestamp\";i:1744269393;}s:66:\"\/\/visualfy.acceseo.dev\/wp-content\/uploads\/2025\/02\/horizon-2020.svg\";a:1:{s:9:\"timestamp\";i:1744269393;}s:59:\"\/\/visualfy.acceseo.dev\/wp-content\/uploads\/2025\/02\/ivace.svg\";a:1:{s:9:\"timestamp\";i:1744269393;}s:62:\"\/\/visualfy.acceseo.dev\/wp-content\/uploads\/2025\/02\/montsant.svg\";a:1:{s:9:\"timestamp\";i:1744269393;}s:69:\"\/\/visualfy.acceseo.dev\/wp-content\/uploads\/2025\/02\/naciones-unidas.svg\";a:1:{s:9:\"timestamp\";i:1744269393;}s:62:\"\/\/visualfy.acceseo.dev\/wp-content\/uploads\/2025\/02\/randstad.svg\";a:1:{s:9:\"timestamp\";i:1744269393;}s:64:\"\/\/visualfy.acceseo.dev\/wp-content\/uploads\/2025\/02\/telefonica.svg\";a:1:{s:9:\"timestamp\";i:1744269393;}s:66:\"\/\/visualfy.acceseo.dev\/wp-content\/uploads\/2025\/02\/wingstoclaim.svg\";a:1:{s:9:\"timestamp\";i:1744269393;}}"],"_yoast_wpseo_opengraph-title":[""],"_yoast_wpseo_opengraph-description":[""],"_yst_prominent_words_version":["1"],"_yoast_wpseo_video_meta":["a:15:{s:2:\"id\";s:11:\"bSnb7UBLTXc\";s:4:\"type\";s:7:\"youtube\";s:3:\"url\";s:43:\"https:\/\/www.youtube.com\/watch?v=bSnb7UBLTXc\";s:7:\"post_id\";i:4422;s:5:\"title\";s:44:\"Helen Keller \u00a1Gracias! &amp;#8902; Visualfy\";s:16:\"publication_date\";s:25:\"2017-06-27T15:00:00+00:00\";s:11:\"description\";s:158:\"Como ya sab\u00e9is, hoy es el D\u00eda Internacional de las Personas Sordociegas. Pero, \u00bfsab\u00e9is por qu\u00e9 se celebra el d\u00eda 27 de junio? El d\u00eda 27 de junio de 188\";s:10:\"player_loc\";s:41:\"https:\/\/www.youtube.com\/embed\/bSnb7UBLTXc\";s:13:\"thumbnail_loc\";s:44:\"https:\/\/cdn.visualfy.com\/img\/bsnb7ubltxc.jpg\";s:8:\"duration\";i:213;s:10:\"view_count\";i:138;s:5:\"width\";i:480;s:6:\"height\";i:270;s:8:\"category\";s:24:\"Personas extraordinarias\";s:3:\"tag\";a:0:{}}"],"_yoast_wpseo_videositemap-duration":["213"],"_yoast_wpseo_videositemap-rating":["0"],"_yoast_wpseo_metadesc":["Como ya sab\u00e9is, hoy es el D\u00eda Internacional de las Personas Sordociegas. Pero, \u00bfsab\u00e9is por qu\u00e9 se celebra el d\u00eda 27 de junio? El d\u00eda 27 de junio de 188"],"_yoast_wpseo_focuskw":[""],"_yoast_wpseo_content_score":["30"],"cmplz_hide_cookiebanner":[""],"_wpml_location_migration_done":[""],"_fgj2wp_old_id":["692"],"_yoast_wpseo_metakeywords":["comunidad sorda"],"_bsf_post_type":["0"],"_yoast_wpseo_meta-robots-noindex":[""],"_fgj2wp_translation_association_key":[""],"_product_image_gallery":[""],"_wp_old_slug":[""],"_yoast_wpseo_title":[""],"slide_template":[""],"_yoast_wpseo_opengraph-image":[""],"_yoast_wpseo_opengraph-image-id":[""],"_wp_old_date":[""],"_bsf_article_image":[""],"_bsf_article_name":[""],"_bsf_article_desc":[""],"_bsf_article_author":[""],"_bsf_article_publisher":[""],"_bsf_article_publisher_logo":[""],"_yoast_wpseo_meta-robots-nofollow":[""],"amp_status":[""],"_cmplz_scanned_post":[""],"_encloseme":[""],"_last_translation_edit_mode":[""],"_yoast_wpseo_twitter-title":[""],"_yoast_wpseo_twitter-description":[""],"_yoast_wpseo_twitter-image":[""],"_yoast_wpseo_twitter-image-id":[""],"_yoast_wpseo_linkdex":[""],"_thumbnail_id":["3537"],"_edit_last":["1"],"_pingme":["1"],"_edit_lock":["1740662936:1"],"_oembed_1b2c10b038fd6ada5a2f9f866f68b355":["<iframe title=\"Helen Keller - Visualfy.es\" width=\"500\" height=\"281\" src=\"https:\/\/www.youtube.com\/embed\/bSnb7UBLTXc?feature=oembed\" frameborder=\"0\" allow=\"accelerometer; autoplay; clipboard-write; encrypted-media; gyroscope; picture-in-picture; web-share\" referrerpolicy=\"strict-origin-when-cross-origin\" allowfullscreen><\/iframe>"],"_oembed_time_1b2c10b038fd6ada5a2f9f866f68b355":["1740662708"],"_oembed_2cee419991b91c074ed0bf0f8b6671fa":["<iframe title=\"Helen Keller - Visualfy.es\" width=\"992\" height=\"558\" src=\"https:\/\/www.youtube.com\/embed\/bSnb7UBLTXc?feature=oembed\" frameborder=\"0\" allow=\"accelerometer; autoplay; clipboard-write; encrypted-media; gyroscope; picture-in-picture; web-share\" referrerpolicy=\"strict-origin-when-cross-origin\" allowfullscreen><\/iframe>"],"_oembed_time_2cee419991b91c074ed0bf0f8b6671fa":["1740662712"],"rank_math_primary_category":["36"],"rank_math_seo_score":["8"],"rank_math_description":["Como ya sab\u00e9is, hoy es el D\u00eda Internacional de las Personas Sordociegas. Pero, \u00bfsab\u00e9is por qu\u00e9 se celebra el d\u00eda 27 de junio? El d\u00eda 27 de junio de 188"],"_uag_custom_page_level_css":[""],"footnotes":[""],"lse_enlace":["https:\/\/www.youtube.com\/watch?v=bSnb7UBLTXc"],"_lse_enlace":["field_67b5db1d9d4ca"],"_betterdocs_reusable_block_ids":["a:0:{}"],"copied_media_ids":["a:0:{}"],"referenced_media_ids":["a:1:{i:0;i:3537;}"]},"uagb_featured_image_src":{"full":["https:\/\/www.visualfy.com\/wp-content\/uploads\/2025\/02\/helen-keller.jpg",800,533,false],"thumbnail":["https:\/\/www.visualfy.com\/wp-content\/uploads\/2025\/02\/helen-keller-150x150.jpg",150,150,true],"medium":["https:\/\/www.visualfy.com\/wp-content\/uploads\/2025\/02\/helen-keller-300x200.jpg",300,200,true],"medium_large":["https:\/\/www.visualfy.com\/wp-content\/uploads\/2025\/02\/helen-keller-768x512.jpg",768,512,true],"large":["https:\/\/www.visualfy.com\/wp-content\/uploads\/2025\/02\/helen-keller.jpg",800,533,false],"1536x1536":["https:\/\/www.visualfy.com\/wp-content\/uploads\/2025\/02\/helen-keller.jpg",800,533,false],"2048x2048":["https:\/\/www.visualfy.com\/wp-content\/uploads\/2025\/02\/helen-keller.jpg",800,533,false]},"uagb_author_info":{"display_name":"visualfy","author_link":"https:\/\/www.visualfy.com\/es\/author\/visualfy\/"},"uagb_comment_info":0,"uagb_excerpt":"Como ya sab\u00e9is, hoy es el D\u00eda Internacional de las Personas Sordociegas. Pero, \u00bfsab\u00e9is por qu\u00e9 se celebra el d\u00eda 27 de junio? El d\u00eda 27 de junio de 1880 naci\u00f3 Hellen Keller, la primera Persona Sordociega que demostr\u00f3 que, pese a las dificultades con las que se encuentra el colectivo, tambi\u00e9n tienen capacidades y&hellip;","_links":{"self":[{"href":"https:\/\/www.visualfy.com\/es\/wp-json\/wp\/v2\/posts\/7641","targetHints":{"allow":["GET"]}}],"collection":[{"href":"https:\/\/www.visualfy.com\/es\/wp-json\/wp\/v2\/posts"}],"about":[{"href":"https:\/\/www.visualfy.com\/es\/wp-json\/wp\/v2\/types\/post"}],"author":[{"embeddable":true,"href":"https:\/\/www.visualfy.com\/es\/wp-json\/wp\/v2\/users\/2"}],"replies":[{"embeddable":true,"href":"https:\/\/www.visualfy.com\/es\/wp-json\/wp\/v2\/comments?post=7641"}],"version-history":[{"count":0,"href":"https:\/\/www.visualfy.com\/es\/wp-json\/wp\/v2\/posts\/7641\/revisions"}],"wp:featuredmedia":[{"embeddable":true,"href":"https:\/\/www.visualfy.com\/es\/wp-json\/wp\/v2\/media\/3537"}],"wp:attachment":[{"href":"https:\/\/www.visualfy.com\/es\/wp-json\/wp\/v2\/media?parent=7641"}],"wp:term":[{"taxonomy":"category","embeddable":true,"href":"https:\/\/www.visualfy.com\/es\/wp-json\/wp\/v2\/categories?post=7641"},{"taxonomy":"post_tag","embeddable":true,"href":"https:\/\/www.visualfy.com\/es\/wp-json\/wp\/v2\/tags?post=7641"}],"curies":[{"name":"wp","href":"https:\/\/api.w.org\/{rel}","templated":true}]}}