{"id":7481,"date":"2020-02-19T10:47:34","date_gmt":"2020-02-19T10:47:34","guid":{"rendered":"https:\/\/www.visualfy.com\/gallaudet-universidad-accesible-personas-sordas\/"},"modified":"2025-02-27T07:43:09","modified_gmt":"2025-02-27T07:43:09","slug":"gallaudet-universidad-accesible-personas-sordas","status":"publish","type":"post","link":"https:\/\/www.visualfy.com\/es\/gallaudet-universidad-accesible-personas-sordas\/","title":{"rendered":"Gallaudet y otras universidades &#8216;deaf friendly&#8217;"},"content":{"rendered":"\n<p><strong>163 a\u00f1os han pasado desde que se alzaran los cimientos de una de las universidades m\u00e1s inclusivas del mundo. La Universidad de Gallaudet lleva desde 1857 demostr\u00e1ndole al mundo que las personas sordas y con p\u00e9rdida auditiva tambi\u00e9n pueden estudiar una carrera. En el post de hoy te contamos c\u00f3mo Gallaudet se ha convertido en referente de accesibilidad y repasamos los nombres de otras universidades \u2018deaf friendly\u2019 (abiertas a las personas sordas). <\/strong> <\/p>\n\n\n\n<p>Preguntes a qui\u00e9n le preguntes (dentro de la Comunidad Sorda) es raro encontrarse a alguien que no conozca <a href=\"https:\/\/www.gallaudet.edu\/\" target=\"_blank\" rel=\"noopener\">Gallaudet<\/a>. <strong>Esta universidad americana es conocida en todo el mundo por ser una de las m\u00e1s inclusivas<\/strong> y j\u00f3venes de todo el mundo sue\u00f1an con poder estudiar en ella. Su sede, que est\u00e1 en Washington (Estados Unidos) incluso ha sido dise\u00f1ada espec\u00edficamente para favorecer la interacci\u00f3n de las personas sordas, y no te imaginas lo alucinante que es. A continuaci\u00f3n daremos un paseo por la Universidad de Gallaudet.  <\/p>\n\n\n<span class='bctt-click-to-tweet'><span class='bctt-ctt-text'><a href=\"https:\/\/x.com\/intent\/tweet?url=https%3A%2F%2Fwww.visualfy.com%2Fes%2Fgallaudet-universidad-accesible-personas-sordas%2F&#038;text=La%20Universidad%20de%20Gallaudet%20lleva%20desde%201857%20demostr%C3%A1ndole%20al%20mundo%20que%20las%20personas%20sordas%20y%20con%20p%C3%A9rdida%20auditiva%20tambi%C3%A9n%20pueden%20estudiar%20una%20carrera.%20%23Gallaudet&#038;via=visualfy&#038;related=visualfy\" target=\"_blank\" rel=\"noopener noreferrer\">La Universidad de Gallaudet lleva desde 1857 demostr\u00e1ndole al mundo que las personas sordas y con p\u00e9rdida auditiva tambi\u00e9n pueden estudiar una carrera. #Gallaudet <\/a><\/span><a href=\"https:\/\/x.com\/intent\/tweet?url=https%3A%2F%2Fwww.visualfy.com%2Fes%2Fgallaudet-universidad-accesible-personas-sordas%2F&#038;text=La%20Universidad%20de%20Gallaudet%20lleva%20desde%201857%20demostr%C3%A1ndole%20al%20mundo%20que%20las%20personas%20sordas%20y%20con%20p%C3%A9rdida%20auditiva%20tambi%C3%A9n%20pueden%20estudiar%20una%20carrera.%20%23Gallaudet&#038;via=visualfy&#038;related=visualfy\" target=\"_blank\" class=\"bctt-ctt-btn\" rel=\"noopener noreferrer\">Compartir en X<\/a><\/span>\n\n\n<h2 class=\"wp-block-heading\">Gallaudet,\nuna universidad \u00fanica en el mundo creada para las personas sordas<\/h2>\n\n\n\n<p>Creada en un principio para personas sordas y ciegas, la r\u00e1pida demanda que despert\u00f3 nada m\u00e1s abrir sus puertas entre el p\u00fablico sordo la convirti\u00f3 en un referente para toda la comunidad. <strong>Fue fundada en 1857 como la Instituci\u00f3n de Columbia para la Instrucci\u00f3n de Sordos y Mudos y Ciegos<\/strong>, un nombre que fue cambiando hasta 1986 cuando finalmente fue llamada oficialmente Universidad de Gallaudet, en honor a <a href=\"https:\/\/es.wikipedia.org\/wiki\/Thomas_Hopkins_Gallaudet\" target=\"_blank\" rel=\"noopener\">Thomas Hopkins Gallaudet<\/a>, que dedic\u00f3 su vida a la educaci\u00f3n de las personas sordas.  <\/p>\n\n\n\n<p>Durante a\u00f1os, <strong>Gallaudet fue considerada una instituci\u00f3n pionera en la educaci\u00f3n de las personas sordas y con p\u00e9rdida auditiva y hoy todav\u00eda es toda una referencia en el mundo. <\/strong>Y no solo por su m\u00e9todo educativo que como te podr\u00e1s imaginar es 100% inclusivo y cuenta con profesores que se comunican en Lengua de Signos y materiales adaptados, sino tambi\u00e9n por c\u00f3mo est\u00e1 dise\u00f1ada.  <\/p>\n\n\n\n<figure class=\"wp-block-image size-full\"><img decoding=\"async\" width=\"900\" height=\"424\" src=\"https:\/\/www.visualfy.com\/wp-content\/uploads\/2025\/02\/gallaudet-deafspace-1.jpg\" alt=\"gallaudet-deafspace\" class=\"wp-image-5587\" srcset=\"https:\/\/www.visualfy.com\/wp-content\/uploads\/2025\/02\/gallaudet-deafspace-1.jpg 900w, https:\/\/www.visualfy.com\/wp-content\/uploads\/2025\/02\/gallaudet-deafspace-1-300x141.jpg 300w, https:\/\/www.visualfy.com\/wp-content\/uploads\/2025\/02\/gallaudet-deafspace-1-768x362.jpg 768w\" sizes=\"(max-width: 900px) 100vw, 900px\" \/><\/figure>\n\n\n\n<p><strong>Gallaudet defini\u00f3 el concepto de DeafSpace<\/strong> (y se llev\u00f3 el premio de la Asociaci\u00f3n Internacional del Dise\u00f1o Universal) <strong>como un movimiento arquitect\u00f3nico que dise\u00f1a espacios centr\u00e1ndose en las necesidades de los usuarios con dificultades auditivas<\/strong> y como podr\u00e1s imaginar, los edificios de la propia Universidad Gallaudet est\u00e1n construidos siguiendo sus principios. En las aulas, por ejemplo, las mesas est\u00e1n colocadas en forma de U as\u00ed todos los alumnos pueden verse unos a otros en todo momento, lo que facilita la comunicaci\u00f3n cuando cualquiera de ellos desea intervenir en la clase. La mayor\u00eda de ellas tambi\u00e9n disponen de paredes de cristal para facilitar la comunicaci\u00f3n sin necesidad de interrumpir la clase si alguien de fuera necesita algo.  <\/p>\n\n\n<span class='bctt-click-to-tweet'><span class='bctt-ctt-text'><a href=\"https:\/\/x.com\/intent\/tweet?url=https%3A%2F%2Fwww.visualfy.com%2Fes%2Fgallaudet-universidad-accesible-personas-sordas%2F&#038;text=En%20las%20aulas%20las%20mesas%20est%C3%A1n%20colocadas%20en%20forma%20de%20U%20as%C3%AD%20todos%20los%20alumnos%20pueden%20verse%20unos%20a%20otros%20en%20todo%20momento.%20%23Gallaudet&#038;via=visualfy&#038;related=visualfy\" target=\"_blank\" rel=\"noopener noreferrer\">En las aulas las mesas est\u00e1n colocadas en forma de U as\u00ed todos los alumnos pueden verse unos a otros en todo momento. #Gallaudet <\/a><\/span><a href=\"https:\/\/x.com\/intent\/tweet?url=https%3A%2F%2Fwww.visualfy.com%2Fes%2Fgallaudet-universidad-accesible-personas-sordas%2F&#038;text=En%20las%20aulas%20las%20mesas%20est%C3%A1n%20colocadas%20en%20forma%20de%20U%20as%C3%AD%20todos%20los%20alumnos%20pueden%20verse%20unos%20a%20otros%20en%20todo%20momento.%20%23Gallaudet&#038;via=visualfy&#038;related=visualfy\" target=\"_blank\" class=\"bctt-ctt-btn\" rel=\"noopener noreferrer\">Compartir en X<\/a><\/span>\n\n\n<p>Si salimos al pasillo veremos que es un poco m\u00e1s ancho de lo normal y que adem\u00e1s no hay obst\u00e1culos en \u00e9l. \u00bfEl objetivo? <strong>Permitir a dos personas signar sin perderse de vista y sin tener que ir sorteando mesas o peque\u00f1as escaleras al mismo tiempo. <\/strong>Y es que de esto \u00faltimo, escaleras, hay m\u00e1s bien poco. El pasillo es casi infinito y cuenta con peque\u00f1as rampas para facilitar el tr\u00e1nsito de los alumnos. Las pocas escaleras que hay est\u00e1n bien se\u00f1alizadas y pintadas con contraste para que sean lo m\u00e1s visibles posible.<\/p>\n\n\n\n<p>Los colores y la iluminaci\u00f3n tambi\u00e9n son importantes en el dise\u00f1o de un espacio pensado para las personas sordas. <strong>En Gallaudet utilizan los azules y los verdes para ayudar a reducir la fatiga visual al mismo tiempo que contrastan con los tonos de piel.<\/strong> La iluminaci\u00f3n var\u00eda en funci\u00f3n de los diferentes espacios de los edificios, mientras unos disponen de una buena iluminaci\u00f3n en otros la luz es m\u00e1s tenue. Todo ello lo puedes ver en el v\u00eddeo que te dejamos a continuaci\u00f3n, en el que uno de los responsables de Gallaudet ense\u00f1a algunas de las cosas que te hemos contado. Para activar los subt\u00edtulos en castellano ve a configuraci\u00f3n, subt\u00edtulos y selecciona espa\u00f1ol (m\u00e9xico).<\/p>\n\n\n\n<figure class=\"wp-block-embed is-type-video is-provider-youtube wp-block-embed-youtube wp-embed-aspect-16-9 wp-has-aspect-ratio\"><div class=\"wp-block-embed__wrapper\">\n<iframe title=\"How architecture changes for the Deaf\" width=\"500\" height=\"281\" src=\"https:\/\/www.youtube.com\/embed\/FNGp1aviGvE?feature=oembed\" frameborder=\"0\" allow=\"accelerometer; autoplay; clipboard-write; encrypted-media; gyroscope; picture-in-picture; web-share\" referrerpolicy=\"strict-origin-when-cross-origin\" allowfullscreen><\/iframe>\n<\/div><\/figure>\n\n\n\n<h2 class=\"wp-block-heading\">M\u00e1s\nall\u00e1 de Gallaudet: otras universidades que apuestan por la inclusi\u00f3n\nde las personas sordas y con p\u00e9rdida auditiva<\/h2>\n\n\n\n<p>Adem\u00e1s de Gallaudet, alrededor del mundo hay otras universidades inclusivas, pero todav\u00eda son pocas, \u00a1deber\u00edan haber muchas m\u00e1s! En Rochester, Estados Unidos, una de las ciudades con m\u00e1s poblaci\u00f3n sorda, se encuentra el <strong>Instituto T\u00e9cnico Nacional para las Personas Sordas <\/strong>(Rochester, New York), una de los m\u00e1s accesibles del pa\u00eds. Junto a ella tambi\u00e9n est\u00e1 <strong>la universidad Southwest Collegiate Institute for the Deaf de Texas<\/strong>, otra instituci\u00f3n creada exclusivamente para las personas sordas y con p\u00e9rdida auditiva donde la Lengua de Signos americana es el idioma oficial que se utiliza en sus aulas. A unos miles de kil\u00f3metros de all\u00ed, en Jap\u00f3n, encontramos <strong>la universidad nacional de tecnolog\u00eda Tsukuba el \u00fanico centro de educaci\u00f3n superior orientado a personas sordas y con visi\u00f3n reducida del pa\u00eds nip\u00f3n.  <\/strong><\/p>\n\n\n\n<p>En otros pa\u00edses como Espa\u00f1a la mayor\u00eda de las universidades ofrecen servicios para facilitar la accesibilidad de sus alumnos. Como por ejemplo la posibilidad de contratar int\u00e9rpretes de lengua de signos, reservar sitios en el aula para ver mejor o la instalaci\u00f3n de sistemas de amplificaci\u00f3n de sonidos, en el caso de las personas sordas y con p\u00e9rdida auditiva. Sin embargo, pese a ello en la mayor\u00eda de los casos estos servicios no son suficientes y no consiguen eliminar todas las barreras. Para que una universidad sea totalmente accesible tiene que apostar tambi\u00e9n por la inclusi\u00f3n y adaptarse a las necesidades de todos sus alumnos.  <\/p>\n","protected":false},"excerpt":{"rendered":"<p>163 a\u00f1os han pasado desde que se alzaran los cimientos de una de las universidades m\u00e1s inclusivas del mundo. La Universidad de Gallaudet lleva desde 1857 demostr\u00e1ndole al mundo que las personas sordas y con p\u00e9rdida auditiva tambi\u00e9n pueden estudiar una carrera. En el post de hoy te contamos c\u00f3mo Gallaudet se ha convertido en [&hellip;]<\/p>\n","protected":false},"author":2,"featured_media":5587,"comment_status":"open","ping_status":"open","sticky":false,"template":"","format":"standard","meta":{"_acf_changed":false,"content-type":"","_uag_custom_page_level_css":"","footnotes":""},"categories":[33],"tags":[],"class_list":["post-7481","post","type-post","status-publish","format-standard","has-post-thumbnail","hentry","category-estilo-de-vida"],"acf":[],"spectra_custom_meta":{"_wp_page_template":["default"],"rank_math_internal_links_processed":["1"],"_wpml_word_count":["940"],"_yoast_wpseo_primary_category":["6450"],"_yoast_wpseo_keywordsynonyms":["[\"\"]"],"_wpml_media_duplicate":["0"],"_wpml_media_featured":["0"],"_yoast_wpseo_focuskeywords":["[]"],"_et_monarch_override":[""],"amazonS3_cache":["a:44:{s:69:\"\/\/www.visualfy.com\/wp-content\/uploads\/2020\/02\/gallaudet-deafspace.jpg\";i:31052;s:46:\"\/\/cdn.visualfy.com\/img\/gallaudet-deafspace.jpg\";i:31052;s:75:\"\/\/visualfy.acceseo.dev\/wp-content\/uploads\/2025\/02\/gallaudet-deafspace-1.jpg\";a:1:{s:9:\"timestamp\";i:1744268207;}s:69:\"\/\/visualfy.acceseo.dev\/wp-content\/uploads\/2025\/02\/lse-icon-button.svg\";a:1:{s:9:\"timestamp\";i:1744268207;}s:81:\"\/\/visualfy.acceseo.dev\/wp-content\/uploads\/2025\/02\/visualfy-places-placeholder.jpg\";a:1:{s:9:\"timestamp\";i:1744268207;}s:66:\"\/\/visualfy.acceseo.dev\/wp-content\/uploads\/2025\/01\/computer_404.svg\";a:1:{s:9:\"timestamp\";i:1744268207;}s:63:\"\/\/visualfy.acceseo.dev\/wp-content\/uploads\/2025\/01\/user-icon.svg\";a:1:{s:9:\"timestamp\";i:1744268207;}s:58:\"\/\/visualfy.acceseo.dev\/wp-content\/uploads\/2025\/01\/menu.svg\";a:1:{s:9:\"timestamp\";i:1744268207;}s:67:\"\/\/visualfy.acceseo.dev\/wp-content\/uploads\/2025\/01\/logo-visualfy.svg\";a:1:{s:9:\"timestamp\";i:1744268207;}s:65:\"\/\/visualfy.acceseo.dev\/wp-content\/uploads\/2025\/01\/logo-footer.svg\";a:1:{s:9:\"timestamp\";i:1744268207;}s:88:\"\/\/visualfy.acceseo.dev\/wp-content\/uploads\/2025\/01\/union-europea-ministerio-industria.png\";a:1:{s:9:\"timestamp\";i:1744268207;}s:78:\"\/\/visualfy.acceseo.dev\/wp-content\/uploads\/2025\/01\/fondo-europeo-innovacion.png\";a:1:{s:9:\"timestamp\";i:1744268207;}s:77:\"\/\/visualfy.acceseo.dev\/wp-content\/uploads\/2025\/01\/generalitat-ivace-feder.png\";a:1:{s:9:\"timestamp\";i:1744268207;}s:85:\"\/\/visualfy.acceseo.dev\/wp-content\/uploads\/2025\/01\/generalita-ivace-cofinanciacion.png\";a:1:{s:9:\"timestamp\";i:1744268207;}s:83:\"\/\/visualfy.acceseo.dev\/wp-content\/uploads\/2025\/02\/gallaudet-deafspace-1-300x141.jpg\";a:1:{s:9:\"timestamp\";i:1744268207;}s:83:\"\/\/visualfy.acceseo.dev\/wp-content\/uploads\/2025\/02\/gallaudet-deafspace-1-768x362.jpg\";a:1:{s:9:\"timestamp\";i:1744268207;}s:61:\"\/\/visualfy.acceseo.dev\/wp-content\/uploads\/2025\/02\/Sem-3-1.png\";a:1:{s:9:\"timestamp\";i:1744268207;}s:69:\"\/\/visualfy.acceseo.dev\/wp-content\/uploads\/2025\/02\/Sem-3-1-300x176.png\";a:1:{s:9:\"timestamp\";i:1744268207;}s:70:\"\/\/visualfy.acceseo.dev\/wp-content\/uploads\/2025\/02\/Sem-3-1-1024x600.png\";a:1:{s:9:\"timestamp\";i:1744268207;}s:69:\"\/\/visualfy.acceseo.dev\/wp-content\/uploads\/2025\/02\/Sem-3-1-768x450.png\";a:1:{s:9:\"timestamp\";i:1744268207;}s:70:\"\/\/visualfy.acceseo.dev\/wp-content\/uploads\/2025\/02\/Sem-3-1-1536x900.png\";a:1:{s:9:\"timestamp\";i:1744268207;}s:71:\"\/\/visualfy.acceseo.dev\/wp-content\/uploads\/2025\/02\/Sem-3-1-2048x1200.png\";a:1:{s:9:\"timestamp\";i:1744268207;}s:63:\"\/\/visualfy.acceseo.dev\/wp-content\/uploads\/2025\/02\/Sem-2-3-1.jpg\";a:1:{s:9:\"timestamp\";i:1744268207;}s:71:\"\/\/visualfy.acceseo.dev\/wp-content\/uploads\/2025\/02\/Sem-2-3-1-300x169.jpg\";a:1:{s:9:\"timestamp\";i:1744268207;}s:72:\"\/\/visualfy.acceseo.dev\/wp-content\/uploads\/2025\/02\/Sem-2-3-1-1024x576.jpg\";a:1:{s:9:\"timestamp\";i:1744268207;}s:71:\"\/\/visualfy.acceseo.dev\/wp-content\/uploads\/2025\/02\/Sem-2-3-1-768x432.jpg\";a:1:{s:9:\"timestamp\";i:1744268207;}s:72:\"\/\/visualfy.acceseo.dev\/wp-content\/uploads\/2025\/02\/Sem-2-3-1-1536x864.jpg\";a:1:{s:9:\"timestamp\";i:1744268207;}s:63:\"\/\/visualfy.acceseo.dev\/wp-content\/uploads\/2025\/02\/Sem-1-2-1.png\";a:1:{s:9:\"timestamp\";i:1744268207;}s:71:\"\/\/visualfy.acceseo.dev\/wp-content\/uploads\/2025\/02\/Sem-1-2-1-300x157.png\";a:1:{s:9:\"timestamp\";i:1744268207;}s:72:\"\/\/visualfy.acceseo.dev\/wp-content\/uploads\/2025\/02\/Sem-1-2-1-1024x535.png\";a:1:{s:9:\"timestamp\";i:1744268207;}s:71:\"\/\/visualfy.acceseo.dev\/wp-content\/uploads\/2025\/02\/Sem-1-2-1-768x401.png\";a:1:{s:9:\"timestamp\";i:1744268207;}s:67:\"\/\/visualfy.acceseo.dev\/wp-content\/uploads\/2025\/02\/caixa-popular.svg\";a:1:{s:9:\"timestamp\";i:1744268207;}s:58:\"\/\/visualfy.acceseo.dev\/wp-content\/uploads\/2025\/02\/cdti.svg\";a:1:{s:9:\"timestamp\";i:1744268207;}s:58:\"\/\/visualfy.acceseo.dev\/wp-content\/uploads\/2025\/02\/cnse.svg\";a:1:{s:9:\"timestamp\";i:1744268207;}s:60:\"\/\/visualfy.acceseo.dev\/wp-content\/uploads\/2025\/02\/esteve.svg\";a:1:{s:9:\"timestamp\";i:1744268207;}s:60:\"\/\/visualfy.acceseo.dev\/wp-content\/uploads\/2025\/02\/fesord.svg\";a:1:{s:9:\"timestamp\";i:1744268207;}s:76:\"\/\/visualfy.acceseo.dev\/wp-content\/uploads\/2025\/02\/generalitat-valenciana.svg\";a:1:{s:9:\"timestamp\";i:1744268207;}s:66:\"\/\/visualfy.acceseo.dev\/wp-content\/uploads\/2025\/02\/horizon-2020.svg\";a:1:{s:9:\"timestamp\";i:1744268207;}s:59:\"\/\/visualfy.acceseo.dev\/wp-content\/uploads\/2025\/02\/ivace.svg\";a:1:{s:9:\"timestamp\";i:1744268207;}s:62:\"\/\/visualfy.acceseo.dev\/wp-content\/uploads\/2025\/02\/montsant.svg\";a:1:{s:9:\"timestamp\";i:1744268207;}s:69:\"\/\/visualfy.acceseo.dev\/wp-content\/uploads\/2025\/02\/naciones-unidas.svg\";a:1:{s:9:\"timestamp\";i:1744268207;}s:62:\"\/\/visualfy.acceseo.dev\/wp-content\/uploads\/2025\/02\/randstad.svg\";a:1:{s:9:\"timestamp\";i:1744268207;}s:64:\"\/\/visualfy.acceseo.dev\/wp-content\/uploads\/2025\/02\/telefonica.svg\";a:1:{s:9:\"timestamp\";i:1744268207;}s:66:\"\/\/visualfy.acceseo.dev\/wp-content\/uploads\/2025\/02\/wingstoclaim.svg\";a:1:{s:9:\"timestamp\";i:1744268207;}}"],"_yoast_wpseo_opengraph-title":["Gallaudet y otras universidades 'deaf friendly'"],"_yoast_wpseo_opengraph-description":["Te contamos c\u00f3mo Gallaudet se ha convertido en referente de accesibilidad y repasamos los nombres de otras universidades \u2018deaf friendly\u2019."],"_yst_prominent_words_version":["1"],"_yoast_wpseo_video_meta":["a:14:{s:2:\"id\";s:11:\"isdtgt-6v8I\";s:4:\"type\";s:7:\"youtube\";s:3:\"url\";s:28:\"https:\/\/youtu.be\/isdtgt-6v8I\";s:7:\"post_id\";s:5:\"31044\";s:5:\"title\";s:74:\"La Universidad de Gallaudet y otros centros universitarios 'deaf friendly'\";s:16:\"publication_date\";s:25:\"2020-02-19T10:47:34+00:00\";s:11:\"description\";s:142:\"Te contamos c\u00f3mo Gallaudet se ha convertido en referente de accesibilidad y repasamos los nombres de otras universidades \u2018deaf friendly\u2019.\";s:10:\"player_loc\";s:41:\"https:\/\/www.youtube.com\/embed\/isdtgt-6v8I\";s:13:\"thumbnail_loc\";s:44:\"https:\/\/cdn.visualfy.com\/img\/isdtgt-6v8i.jpg\";s:8:\"duration\";s:3:\"475\";s:5:\"width\";s:3:\"480\";s:6:\"height\";s:3:\"270\";s:8:\"category\";s:34:\"Estilo de vida y p\u00e9rdida auditiva\";s:3:\"tag\";a:0:{}}"],"_yoast_wpseo_videositemap-duration":["475"],"_yoast_wpseo_videositemap-rating":["0"],"_yoast_wpseo_metadesc":["Te contamos c\u00f3mo Gallaudet se ha convertido en referente de accesibilidad y repasamos los nombres de otras universidades \u2018deaf friendly\u2019."],"_yoast_wpseo_focuskw":[""],"_yoast_wpseo_content_score":[""],"cmplz_hide_cookiebanner":[""],"_wpml_location_migration_done":["1"],"_fgj2wp_old_id":[""],"_yoast_wpseo_metakeywords":[""],"_bsf_post_type":[""],"_yoast_wpseo_meta-robots-noindex":[""],"_fgj2wp_translation_association_key":[""],"_product_image_gallery":[""],"_wp_old_slug":[""],"_yoast_wpseo_title":["La Universidad de Gallaudet y otros centros universitarios 'deaf friendly'"],"slide_template":[""],"_yoast_wpseo_opengraph-image":["https:\/\/cdn.visualfy.com\/img\/gallaudet-deafspace.jpg"],"_yoast_wpseo_opengraph-image-id":["31052"],"_wp_old_date":[""],"_bsf_article_image":[""],"_bsf_article_name":[""],"_bsf_article_desc":[""],"_bsf_article_author":[""],"_bsf_article_publisher":[""],"_bsf_article_publisher_logo":[""],"_yoast_wpseo_meta-robots-nofollow":[""],"amp_status":[""],"_cmplz_scanned_post":["1"],"_encloseme":["1"],"_last_translation_edit_mode":[""],"_yoast_wpseo_twitter-title":["Gallaudet y otras universidades 'deaf friendly'"],"_yoast_wpseo_twitter-description":["Te contamos c\u00f3mo Gallaudet se ha convertido en referente de accesibilidad y repasamos los nombres de otras universidades \u2018deaf friendly\u2019."],"_yoast_wpseo_twitter-image":[""],"_yoast_wpseo_twitter-image-id":[""],"_yoast_wpseo_linkdex":[""],"_thumbnail_id":["5587"],"_pingme":["1"],"_edit_last":["1"],"_oembed_20d64ca371abc088b915e2513a573559":["<iframe title=\"Gallaudet y otras universidades &#039;deaf friendly&#039; -Visualfy\" width=\"500\" height=\"281\" src=\"https:\/\/www.youtube.com\/embed\/isdtgt-6v8I?feature=oembed\" frameborder=\"0\" allow=\"accelerometer; autoplay; clipboard-write; encrypted-media; gyroscope; picture-in-picture; web-share\" referrerpolicy=\"strict-origin-when-cross-origin\" allowfullscreen><\/iframe>"],"_oembed_time_20d64ca371abc088b915e2513a573559":["1740642079"],"_oembed_7501920fde46daf260ea922d83bd190c":["<iframe title=\"How architecture changes for the Deaf\" width=\"500\" height=\"281\" src=\"https:\/\/www.youtube.com\/embed\/FNGp1aviGvE?feature=oembed\" frameborder=\"0\" allow=\"accelerometer; autoplay; clipboard-write; encrypted-media; gyroscope; picture-in-picture; web-share\" referrerpolicy=\"strict-origin-when-cross-origin\" allowfullscreen><\/iframe>"],"_oembed_time_7501920fde46daf260ea922d83bd190c":["1740642080"],"_edit_lock":["1740642190:1"],"rank_math_seo_score":["13"],"rank_math_primary_category":["33"],"_uag_custom_page_level_css":[""],"footnotes":[""],"lse_enlace":["https:\/\/youtu.be\/isdtgt-6v8I"],"_lse_enlace":["field_67b5db1d9d4ca"],"_betterdocs_reusable_block_ids":["a:0:{}"],"copied_media_ids":["a:1:{i:0;i:7483;}"],"referenced_media_ids":["a:1:{i:0;i:5587;}"]},"uagb_featured_image_src":{"full":["https:\/\/www.visualfy.com\/wp-content\/uploads\/2025\/02\/gallaudet-deafspace-1.jpg",900,424,false],"thumbnail":["https:\/\/www.visualfy.com\/wp-content\/uploads\/2025\/02\/gallaudet-deafspace-1-150x150.jpg",150,150,true],"medium":["https:\/\/www.visualfy.com\/wp-content\/uploads\/2025\/02\/gallaudet-deafspace-1-300x141.jpg",300,141,true],"medium_large":["https:\/\/www.visualfy.com\/wp-content\/uploads\/2025\/02\/gallaudet-deafspace-1-768x362.jpg",768,362,true],"large":["https:\/\/www.visualfy.com\/wp-content\/uploads\/2025\/02\/gallaudet-deafspace-1.jpg",900,424,false],"1536x1536":["https:\/\/www.visualfy.com\/wp-content\/uploads\/2025\/02\/gallaudet-deafspace-1.jpg",900,424,false],"2048x2048":["https:\/\/www.visualfy.com\/wp-content\/uploads\/2025\/02\/gallaudet-deafspace-1.jpg",900,424,false]},"uagb_author_info":{"display_name":"visualfy","author_link":"https:\/\/www.visualfy.com\/es\/author\/visualfy\/"},"uagb_comment_info":0,"uagb_excerpt":"163 a\u00f1os han pasado desde que se alzaran los cimientos de una de las universidades m\u00e1s inclusivas del mundo. La Universidad de Gallaudet lleva desde 1857 demostr\u00e1ndole al mundo que las personas sordas y con p\u00e9rdida auditiva tambi\u00e9n pueden estudiar una carrera. En el post de hoy te contamos c\u00f3mo Gallaudet se ha convertido en&hellip;","_links":{"self":[{"href":"https:\/\/www.visualfy.com\/es\/wp-json\/wp\/v2\/posts\/7481","targetHints":{"allow":["GET"]}}],"collection":[{"href":"https:\/\/www.visualfy.com\/es\/wp-json\/wp\/v2\/posts"}],"about":[{"href":"https:\/\/www.visualfy.com\/es\/wp-json\/wp\/v2\/types\/post"}],"author":[{"embeddable":true,"href":"https:\/\/www.visualfy.com\/es\/wp-json\/wp\/v2\/users\/2"}],"replies":[{"embeddable":true,"href":"https:\/\/www.visualfy.com\/es\/wp-json\/wp\/v2\/comments?post=7481"}],"version-history":[{"count":0,"href":"https:\/\/www.visualfy.com\/es\/wp-json\/wp\/v2\/posts\/7481\/revisions"}],"wp:featuredmedia":[{"embeddable":true,"href":"https:\/\/www.visualfy.com\/es\/wp-json\/wp\/v2\/media\/5587"}],"wp:attachment":[{"href":"https:\/\/www.visualfy.com\/es\/wp-json\/wp\/v2\/media?parent=7481"}],"wp:term":[{"taxonomy":"category","embeddable":true,"href":"https:\/\/www.visualfy.com\/es\/wp-json\/wp\/v2\/categories?post=7481"},{"taxonomy":"post_tag","embeddable":true,"href":"https:\/\/www.visualfy.com\/es\/wp-json\/wp\/v2\/tags?post=7481"}],"curies":[{"name":"wp","href":"https:\/\/api.w.org\/{rel}","templated":true}]}}