{"id":7451,"date":"2019-12-24T09:26:02","date_gmt":"2019-12-24T09:26:02","guid":{"rendered":"https:\/\/www.visualfy.com\/historias-protagonizadas-por-personas-sordas-que-despertaran-tu-espiritu-navideno\/"},"modified":"2025-02-27T07:56:06","modified_gmt":"2025-02-27T07:56:06","slug":"historias-protagonizadas-por-personas-sordas-que-despertaran-tu-espiritu-navideno","status":"publish","type":"post","link":"https:\/\/www.visualfy.com\/es\/historias-protagonizadas-por-personas-sordas-que-despertaran-tu-espiritu-navideno\/","title":{"rendered":"Historias, protagonizadas por personas sordas, que despertar\u00e1n tu esp\u00edritu Navide\u00f1o"},"content":{"rendered":"\n<p> <strong>La Navidad es para muchos la mejor \u00e9poca del a\u00f1o. Unos d\u00edas en los que la ilusi\u00f3n por compartir tiempo con la familia se mezcla con la magia de la llegada de Pap\u00e1 Noel y los Reyes Magos. No hay nada m\u00e1s bonito que ver la cara de felicidad de los m\u00e1s peque\u00f1os de la casa disfrutar abriendo los regalos navide\u00f1os. Estos d\u00edas la emoci\u00f3n est\u00e1 a flor de piel en casa, pero tambi\u00e9n fuera de ella. En historias emocionantes, divertidas y enternecedoras como las que recogemos en este post. \u00a1Derretir\u00e1n tu coraz\u00f3n!<\/strong><\/p>\n\n\n\n<h2 class=\"wp-block-heading\">Cuando N\u00e9stor descubri\u00f3 que los Reyes Magos tambi\u00e9n saben LSE<\/h2>\n\n\n\n<p>Los\nReyes Magos y Pap\u00e1 Noel leen las cartas de ni\u00f1os de todo el mundo y\ndurante las dos noches m\u00e1s m\u00e1gicas del a\u00f1o recorren todos los\npa\u00edses para dejar sus regalos bajo el \u00e1rbol. Desde China hasta\nBrasil, haciendo escala en Espa\u00f1a, donde adem\u00e1s del castellano se\nhablan otras muchas lenguas, como la Lengua de Signos. \n<\/p>\n\n\n\n<p>Sin embargo, parece ser que algunos pajes reales no estudian bien antes de visitar algunos pa\u00edses en representaci\u00f3n de sus majestades los Reyes Magos. N\u00e9stor se llev\u00f3 una gran decepci\u00f3n cuando se acerc\u00f3 a unos pajes que hab\u00edan en un centro comercial y vi\u00f3 que no utilizaban la Lengua de Signos. Afortunadamente y para su sorpresa los Reyes Magos en persona visitaron d\u00edas despu\u00e9s la Federaci\u00f3n FESORD y \u00e9l y todos los ni\u00f1os sordos que all\u00ed estaban pudieron contarles qu\u00e9 les hab\u00edan pedido por Navidad.<\/p>\n\n\n\n<h2 class=\"wp-block-heading\">\nLas mil y una formas de escribir la carta a los Reyes Magos<\/h2>\n\n\n\n<p>Lo cierto es que los Reyes Magos no solo saben LSE, sino que entienden cualquier otro idioma. Nuestro compa\u00f1ero Ian, por ejemplo, escrib\u00eda sus cartas de peque\u00f1o sin saberse los nombres de muchos de los juguetes y juegos que quer\u00eda por Navidad. \u2018Dib\u00fajalos\u2019, le dec\u00edan sus padres. As\u00ed lo hac\u00eda y los Reyes Magos siempre acertaron con sus regalos.   <\/p>\n\n\n\n<figure class=\"wp-block-image size-full\"><img decoding=\"async\" width=\"900\" height=\"700\" src=\"https:\/\/www.visualfy.com\/wp-content\/uploads\/2025\/02\/historias-navidad-personas-sordas-1.jpg\" alt=\"historias-navidad-personas-sordas\" class=\"wp-image-5487\" srcset=\"https:\/\/www.visualfy.com\/wp-content\/uploads\/2025\/02\/historias-navidad-personas-sordas-1.jpg 900w, https:\/\/www.visualfy.com\/wp-content\/uploads\/2025\/02\/historias-navidad-personas-sordas-1-300x233.jpg 300w, https:\/\/www.visualfy.com\/wp-content\/uploads\/2025\/02\/historias-navidad-personas-sordas-1-768x597.jpg 768w\" sizes=\"(max-width: 900px) 100vw, 900px\" \/><\/figure>\n\n\n\n<h2 class=\"wp-block-heading\">Samuel\ny su anecd\u00f3tico encuentro con Pap\u00e1 Noel<\/h2>\n\n\n\n<p>Los encuentros entre Pap\u00e1 Noel y los ni\u00f1os tambi\u00e9n nos dejan an\u00e9cdotas divertidas como la que te vamos a contar ahora. Se acercaba nochebuena y Kerry llev\u00f3 a su hijo Samuel de apenas un a\u00f1ito a conocer a Santa Claus. Samuel, que se encontraba en pleno aprendizaje de la Lengua de Signos Americana, dej\u00f3 un bonita estampa que su madre no pudo evitar compartir en Twitter (<a href=\"https:\/\/www.insider.com\/baby-help-signal-santa-visit-viral-photo-2017-12\" target=\"_blank\" rel=\"noopener\">Lee la historia completa en ingl\u00e9s aqu\u00ed<\/a>). Cuando Santa lo cogi\u00f3 en brazos hizo el signo de \u2018ayuda\u2019. A su modo, porque si vemos el signo real quiz\u00e1s no le veamos mucho parecido, pero su madre confirm\u00f3 que as\u00ed lo hac\u00eda cuando se sent\u00eda en apuros. Su cara lo dice todo: \u2018Mami, \u00bfqui\u00e9n es este se\u00f1or de rojo?\u2019<\/p>\n\n\n\n<figure class=\"wp-block-image size-full\"><img decoding=\"async\" width=\"638\" height=\"900\" src=\"https:\/\/www.visualfy.com\/wp-content\/uploads\/2025\/02\/papa-noel-lengua-de-signos.jpg\" alt=\"papa-noel-lengua-de-signos\" class=\"wp-image-5489\" srcset=\"https:\/\/www.visualfy.com\/wp-content\/uploads\/2025\/02\/papa-noel-lengua-de-signos.jpg 638w, https:\/\/www.visualfy.com\/wp-content\/uploads\/2025\/02\/papa-noel-lengua-de-signos-213x300.jpg 213w\" sizes=\"(max-width: 638px) 100vw, 638px\" \/><\/figure>\n\n\n\n<h2 class=\"wp-block-heading\">\nLa sorpresa de Carlitos al descubrir que en una pel\u00edcula sal\u00eda un\npersonaje que se parec\u00eda mucho a \u00e9l<\/h2>\n\n\n\n<p>Carlitos\ny sus primos hab\u00edan ido como cada a\u00f1o a casa de la abuelita a\nmontar el \u00e1rbol y poner los adornos d\u00edas antes de Navidad. Cuando\nacabaron todav\u00eda no era la hora de que sus padres pasaran a\nrecogerlos y como llov\u00eda fuera decidieron quedarse en el sal\u00f3n\nviendo una pel\u00edcula. Finalmente y tras un largo debate Toy Story 4\nfue la elegida.<\/p>\n\n\n\n<p>Carlitos no la hab\u00eda visto nunca pero su primo Andr\u00e9s le dijo que le encantar\u00eda, que a \u00e9l le gust\u00f3 mucho cuando fue a verla al cine. Al terminar la pel\u00edcula, la abuelita se acerc\u00f3 a los ni\u00f1os y les pregunt\u00f3 qu\u00e9 les hab\u00eda gustado m\u00e1s. A todos les sorprendi\u00f3 la respuesta de Carlitos: era la primera vez que ve\u00eda a uno de los personajes de una pel\u00edcula con un implante coclear. \u2018\u00a1Es como yo!\u2019, grit\u00f3 feliz.<\/p>\n\n\n\n<h2 class=\"wp-block-heading\">\nLa ni\u00f1a que encendi\u00f3 las luces de su \u00e1rbol\u2026 \u00a1con las manos!<\/h2>\n\n\n\n<p>Estos\nd\u00edas no solo de ilusi\u00f3n se llenan las casas, tambi\u00e9n de magia.\nTanta que a veces nos atrapa a nosotros mismos. Esta peque\u00f1a ni\u00f1a\nestaba poniendo el \u00e1rbol cuando descubri\u00f3 que ten\u00eda poderes. Con\ntan solo un simple gesto, por arte de magia consigui\u00f3 que las luces\nque lo cubr\u00edan se encendieran. \u00bfQuieres ver c\u00f3mo? Atento\/a al\nv\u00eddeo. \n<\/p>\n\n\n\n<figure class=\"wp-block-embed is-type-rich is-provider-twitter wp-block-embed-twitter\"><div class=\"wp-block-embed__wrapper\">\n<blockquote class=\"twitter-tweet\" data-width=\"500\" data-dnt=\"true\"><p lang=\"es\" dir=\"ltr\">\ud83d\ude4c \u00a1Qu\u00e9 tierno!<br>La reacci\u00f3n cuando lo hace ella solo es&#8230; \ud83d\ude0d<a href=\"https:\/\/twitter.com\/hashtag\/MayTheForceBeWithHer?src=hash&amp;ref_src=twsrc%5Etfw\" target=\"_blank\" rel=\"noopener\">#MayTheForceBeWithHer<\/a> <a href=\"https:\/\/twitter.com\/hashtag\/ASL?src=hash&amp;ref_src=twsrc%5Etfw\" target=\"_blank\" rel=\"noopener\">#ASL<\/a> <a href=\"https:\/\/t.co\/EkRHPjCqar\">https:\/\/t.co\/EkRHPjCqar<\/a><\/p>&mdash; Abogados para sordos \u2696 (@abogadoxasordos) <a href=\"https:\/\/twitter.com\/abogadoxasordos\/status\/1197444154449702913?ref_src=twsrc%5Etfw\" target=\"_blank\" rel=\"noopener\">November 21, 2019<\/a><\/blockquote><script async src=\"https:\/\/platform.twitter.com\/widgets.js\" charset=\"utf-8\"><\/script>\n<\/div><\/figure>\n\n\n\n<h2 class=\"wp-block-heading\">Cuando Claire decidi\u00f3\nhacer accesible (por iniciativa propia) la representaci\u00f3n navide\u00f1a\nde su colegio<\/h2>\n\n\n\n<p>Se acercaba la semana navide\u00f1a, y el colegio de Claire organizaba como cada a\u00f1o la representaci\u00f3n en la que todos los alumnos cantaban villancicos navide\u00f1os ante la atenta mirada de sus padres y profesores. Lo que no sab\u00eda nadie era que Claire ten\u00eda una sorpresa muy especial preparada para sus padres, ambos sordos. Una vez empez\u00f3 a cantar uno de los villancicos todos quedaron perplejos al ver que Claire, adem\u00e1s de cantar, tambi\u00e9n signaba las canciones en Lengua de Signos para que sus pap\u00e1s tambi\u00e9n pudieran disfrutar de ellas. \u00bfQuieres revivir el momento? Mira el v\u00eddeo <a href=\"https:\/\/www.youtube.com\/watch?v=X6F303aNXec&amp;feature=youtu.be\" target=\"_blank\" rel=\"noopener\">aqu\u00ed<\/a>. <\/p>\n\n\n\n<p>\u00bfQu\u00e9 te han parecido estas historias? \u00bfConoces t\u00fa otras igual o m\u00e1s emocionantes? \u00a1Si es as\u00ed, an\u00edmate y comp\u00e1rtelas!<\/p>\n","protected":false},"excerpt":{"rendered":"<p>La Navidad es para muchos la mejor \u00e9poca del a\u00f1o. Unos d\u00edas en los que la ilusi\u00f3n por compartir tiempo con la familia se mezcla con la magia de la llegada de Pap\u00e1 Noel y los Reyes Magos. No hay nada m\u00e1s bonito que ver la cara de felicidad de los m\u00e1s peque\u00f1os de la [&hellip;]<\/p>\n","protected":false},"author":2,"featured_media":5487,"comment_status":"open","ping_status":"open","sticky":false,"template":"","format":"standard","meta":{"_acf_changed":false,"content-type":"","_uag_custom_page_level_css":"","footnotes":""},"categories":[33],"tags":[],"class_list":["post-7451","post","type-post","status-publish","format-standard","has-post-thumbnail","hentry","category-estilo-de-vida"],"acf":[],"spectra_custom_meta":{"_wp_page_template":["default"],"rank_math_internal_links_processed":["1"],"_wpml_word_count":["808"],"_yoast_wpseo_primary_category":["6450"],"_yoast_wpseo_keywordsynonyms":["[\"\"]"],"_wpml_media_duplicate":["0"],"_wpml_media_featured":["0"],"_yoast_wpseo_focuskeywords":["[]"],"_et_monarch_override":[""],"amazonS3_cache":["a:48:{s:83:\"\/\/www.visualfy.com\/wp-content\/uploads\/2019\/12\/historias-navidad-personas-sordas.jpg\";i:29726;s:60:\"\/\/cdn.visualfy.com\/img\/historias-navidad-personas-sordas.jpg\";i:29726;s:78:\"\/\/www.visualfy.com\/wp-content\/uploads\/2019\/12\/papa-noel-lengua-de-signos-1.jpg\";i:29740;s:55:\"\/\/cdn.visualfy.com\/img\/papa-noel-lengua-de-signos-1.jpg\";i:29740;s:89:\"\/\/visualfy.acceseo.dev\/wp-content\/uploads\/2025\/02\/historias-navidad-personas-sordas-1.jpg\";a:1:{s:9:\"timestamp\";i:1744269437;}s:80:\"\/\/visualfy.acceseo.dev\/wp-content\/uploads\/2025\/02\/papa-noel-lengua-de-signos.jpg\";a:1:{s:9:\"timestamp\";i:1744269437;}s:69:\"\/\/visualfy.acceseo.dev\/wp-content\/uploads\/2025\/02\/lse-icon-button.svg\";a:1:{s:9:\"timestamp\";i:1744268209;}s:81:\"\/\/visualfy.acceseo.dev\/wp-content\/uploads\/2025\/02\/visualfy-places-placeholder.jpg\";a:1:{s:9:\"timestamp\";i:1744268209;}s:66:\"\/\/visualfy.acceseo.dev\/wp-content\/uploads\/2025\/01\/computer_404.svg\";a:1:{s:9:\"timestamp\";i:1744268209;}s:63:\"\/\/visualfy.acceseo.dev\/wp-content\/uploads\/2025\/01\/user-icon.svg\";a:1:{s:9:\"timestamp\";i:1744268209;}s:58:\"\/\/visualfy.acceseo.dev\/wp-content\/uploads\/2025\/01\/menu.svg\";a:1:{s:9:\"timestamp\";i:1744268209;}s:67:\"\/\/visualfy.acceseo.dev\/wp-content\/uploads\/2025\/01\/logo-visualfy.svg\";a:1:{s:9:\"timestamp\";i:1744268209;}s:65:\"\/\/visualfy.acceseo.dev\/wp-content\/uploads\/2025\/01\/logo-footer.svg\";a:1:{s:9:\"timestamp\";i:1744268209;}s:88:\"\/\/visualfy.acceseo.dev\/wp-content\/uploads\/2025\/01\/union-europea-ministerio-industria.png\";a:1:{s:9:\"timestamp\";i:1744268209;}s:78:\"\/\/visualfy.acceseo.dev\/wp-content\/uploads\/2025\/01\/fondo-europeo-innovacion.png\";a:1:{s:9:\"timestamp\";i:1744268209;}s:77:\"\/\/visualfy.acceseo.dev\/wp-content\/uploads\/2025\/01\/generalitat-ivace-feder.png\";a:1:{s:9:\"timestamp\";i:1744268209;}s:85:\"\/\/visualfy.acceseo.dev\/wp-content\/uploads\/2025\/01\/generalita-ivace-cofinanciacion.png\";a:1:{s:9:\"timestamp\";i:1744268209;}s:97:\"\/\/visualfy.acceseo.dev\/wp-content\/uploads\/2025\/02\/historias-navidad-personas-sordas-1-300x233.jpg\";a:1:{s:9:\"timestamp\";i:1744268209;}s:97:\"\/\/visualfy.acceseo.dev\/wp-content\/uploads\/2025\/02\/historias-navidad-personas-sordas-1-768x597.jpg\";a:1:{s:9:\"timestamp\";i:1744268209;}s:88:\"\/\/visualfy.acceseo.dev\/wp-content\/uploads\/2025\/02\/papa-noel-lengua-de-signos-213x300.jpg\";a:1:{s:9:\"timestamp\";i:1744268209;}s:61:\"\/\/visualfy.acceseo.dev\/wp-content\/uploads\/2025\/02\/Sem-3-1.png\";a:1:{s:9:\"timestamp\";i:1744268209;}s:69:\"\/\/visualfy.acceseo.dev\/wp-content\/uploads\/2025\/02\/Sem-3-1-300x176.png\";a:1:{s:9:\"timestamp\";i:1744268209;}s:70:\"\/\/visualfy.acceseo.dev\/wp-content\/uploads\/2025\/02\/Sem-3-1-1024x600.png\";a:1:{s:9:\"timestamp\";i:1744268209;}s:69:\"\/\/visualfy.acceseo.dev\/wp-content\/uploads\/2025\/02\/Sem-3-1-768x450.png\";a:1:{s:9:\"timestamp\";i:1744268209;}s:70:\"\/\/visualfy.acceseo.dev\/wp-content\/uploads\/2025\/02\/Sem-3-1-1536x900.png\";a:1:{s:9:\"timestamp\";i:1744268209;}s:71:\"\/\/visualfy.acceseo.dev\/wp-content\/uploads\/2025\/02\/Sem-3-1-2048x1200.png\";a:1:{s:9:\"timestamp\";i:1744268209;}s:63:\"\/\/visualfy.acceseo.dev\/wp-content\/uploads\/2025\/02\/Sem-2-3-1.jpg\";a:1:{s:9:\"timestamp\";i:1744268209;}s:71:\"\/\/visualfy.acceseo.dev\/wp-content\/uploads\/2025\/02\/Sem-2-3-1-300x169.jpg\";a:1:{s:9:\"timestamp\";i:1744268209;}s:72:\"\/\/visualfy.acceseo.dev\/wp-content\/uploads\/2025\/02\/Sem-2-3-1-1024x576.jpg\";a:1:{s:9:\"timestamp\";i:1744268209;}s:71:\"\/\/visualfy.acceseo.dev\/wp-content\/uploads\/2025\/02\/Sem-2-3-1-768x432.jpg\";a:1:{s:9:\"timestamp\";i:1744268209;}s:72:\"\/\/visualfy.acceseo.dev\/wp-content\/uploads\/2025\/02\/Sem-2-3-1-1536x864.jpg\";a:1:{s:9:\"timestamp\";i:1744268209;}s:63:\"\/\/visualfy.acceseo.dev\/wp-content\/uploads\/2025\/02\/Sem-1-2-1.png\";a:1:{s:9:\"timestamp\";i:1744268209;}s:71:\"\/\/visualfy.acceseo.dev\/wp-content\/uploads\/2025\/02\/Sem-1-2-1-300x157.png\";a:1:{s:9:\"timestamp\";i:1744268209;}s:72:\"\/\/visualfy.acceseo.dev\/wp-content\/uploads\/2025\/02\/Sem-1-2-1-1024x535.png\";a:1:{s:9:\"timestamp\";i:1744268209;}s:71:\"\/\/visualfy.acceseo.dev\/wp-content\/uploads\/2025\/02\/Sem-1-2-1-768x401.png\";a:1:{s:9:\"timestamp\";i:1744268209;}s:67:\"\/\/visualfy.acceseo.dev\/wp-content\/uploads\/2025\/02\/caixa-popular.svg\";a:1:{s:9:\"timestamp\";i:1744268209;}s:58:\"\/\/visualfy.acceseo.dev\/wp-content\/uploads\/2025\/02\/cdti.svg\";a:1:{s:9:\"timestamp\";i:1744268209;}s:58:\"\/\/visualfy.acceseo.dev\/wp-content\/uploads\/2025\/02\/cnse.svg\";a:1:{s:9:\"timestamp\";i:1744268209;}s:60:\"\/\/visualfy.acceseo.dev\/wp-content\/uploads\/2025\/02\/esteve.svg\";a:1:{s:9:\"timestamp\";i:1744268209;}s:60:\"\/\/visualfy.acceseo.dev\/wp-content\/uploads\/2025\/02\/fesord.svg\";a:1:{s:9:\"timestamp\";i:1744268209;}s:76:\"\/\/visualfy.acceseo.dev\/wp-content\/uploads\/2025\/02\/generalitat-valenciana.svg\";a:1:{s:9:\"timestamp\";i:1744268209;}s:66:\"\/\/visualfy.acceseo.dev\/wp-content\/uploads\/2025\/02\/horizon-2020.svg\";a:1:{s:9:\"timestamp\";i:1744268209;}s:59:\"\/\/visualfy.acceseo.dev\/wp-content\/uploads\/2025\/02\/ivace.svg\";a:1:{s:9:\"timestamp\";i:1744268209;}s:62:\"\/\/visualfy.acceseo.dev\/wp-content\/uploads\/2025\/02\/montsant.svg\";a:1:{s:9:\"timestamp\";i:1744268209;}s:69:\"\/\/visualfy.acceseo.dev\/wp-content\/uploads\/2025\/02\/naciones-unidas.svg\";a:1:{s:9:\"timestamp\";i:1744268209;}s:62:\"\/\/visualfy.acceseo.dev\/wp-content\/uploads\/2025\/02\/randstad.svg\";a:1:{s:9:\"timestamp\";i:1744268209;}s:64:\"\/\/visualfy.acceseo.dev\/wp-content\/uploads\/2025\/02\/telefonica.svg\";a:1:{s:9:\"timestamp\";i:1744268209;}s:66:\"\/\/visualfy.acceseo.dev\/wp-content\/uploads\/2025\/02\/wingstoclaim.svg\";a:1:{s:9:\"timestamp\";i:1744268209;}}"],"_yoast_wpseo_opengraph-title":[""],"_yoast_wpseo_opengraph-description":[""],"_yst_prominent_words_version":["1"],"_yoast_wpseo_video_meta":["a:14:{s:2:\"id\";s:11:\"RB8NcmZkMJg\";s:4:\"type\";s:7:\"youtube\";s:3:\"url\";s:28:\"https:\/\/youtu.be\/RB8NcmZkMJg\";s:7:\"post_id\";s:5:\"29719\";s:5:\"title\";s:62:\"Historias emocionantes que despertar\u00e1n tu esp\u00edritu navide\u00f1o\";s:16:\"publication_date\";s:25:\"2019-12-24T09:26:02+00:00\";s:11:\"description\";s:141:\"La Navidad es para muchos la mejor \u00e9poca del a\u00f1o. Emoci\u00f3nate con estas historias tan reales como la vida misma. \u00a1Derretir\u00e1n tu coraz\u00f3n!\";s:10:\"player_loc\";s:41:\"https:\/\/www.youtube.com\/embed\/RB8NcmZkMJg\";s:13:\"thumbnail_loc\";s:44:\"https:\/\/cdn.visualfy.com\/img\/rb8ncmzkmjg.jpg\";s:8:\"duration\";s:3:\"476\";s:5:\"width\";s:3:\"480\";s:6:\"height\";s:3:\"270\";s:8:\"category\";s:34:\"Estilo de vida y p\u00e9rdida auditiva\";s:3:\"tag\";a:0:{}}"],"_yoast_wpseo_videositemap-duration":[""],"_yoast_wpseo_videositemap-rating":[""],"_yoast_wpseo_metadesc":["La Navidad es para muchos la mejor \u00e9poca del a\u00f1o. Emoci\u00f3nate con estas historias tan reales como la vida misma. \u00a1Derretir\u00e1n tu coraz\u00f3n!"],"_yoast_wpseo_focuskw":[""],"_yoast_wpseo_content_score":[""],"cmplz_hide_cookiebanner":[""],"_wpml_location_migration_done":["1"],"_fgj2wp_old_id":[""],"_yoast_wpseo_metakeywords":[""],"_bsf_post_type":[""],"_yoast_wpseo_meta-robots-noindex":[""],"_fgj2wp_translation_association_key":[""],"_product_image_gallery":[""],"_wp_old_slug":[""],"_yoast_wpseo_title":["Historias emocionantes que despertar\u00e1n tu esp\u00edritu navide\u00f1o"],"slide_template":[""],"_yoast_wpseo_opengraph-image":[""],"_yoast_wpseo_opengraph-image-id":[""],"_wp_old_date":["2019-12-23"],"_bsf_article_image":[""],"_bsf_article_name":[""],"_bsf_article_desc":[""],"_bsf_article_author":[""],"_bsf_article_publisher":[""],"_bsf_article_publisher_logo":[""],"_yoast_wpseo_meta-robots-nofollow":[""],"amp_status":[""],"_cmplz_scanned_post":["1"],"_encloseme":["1"],"_last_translation_edit_mode":[""],"_yoast_wpseo_twitter-title":[""],"_yoast_wpseo_twitter-description":[""],"_yoast_wpseo_twitter-image":[""],"_yoast_wpseo_twitter-image-id":[""],"_yoast_wpseo_linkdex":[""],"_thumbnail_id":["5487"],"_pingme":["1"],"_edit_last":["1"],"_oembed_77f69e92cae4e171c451d13ca6796715":["<iframe title=\"Historias que despertar\u00e1n tu esp\u00edritu navide\u00f1o - Visualfy\" width=\"500\" height=\"281\" src=\"https:\/\/www.youtube.com\/embed\/RB8NcmZkMJg?feature=oembed\" frameborder=\"0\" allow=\"accelerometer; autoplay; clipboard-write; encrypted-media; gyroscope; picture-in-picture; web-share\" referrerpolicy=\"strict-origin-when-cross-origin\" allowfullscreen><\/iframe>"],"_oembed_time_77f69e92cae4e171c451d13ca6796715":["1740642663"],"_oembed_50f38f3d7debaaac110492fa7867730a":["<blockquote class=\"twitter-tweet\" data-width=\"500\" data-dnt=\"true\"><p lang=\"es\" dir=\"ltr\">\ud83d\ude4c \u00a1Qu\u00e9 tierno!<br>La reacci\u00f3n cuando lo hace ella solo es... \ud83d\ude0d<a href=\"https:\/\/twitter.com\/hashtag\/MayTheForceBeWithHer?src=hash&amp;ref_src=twsrc%5Etfw\">#MayTheForceBeWithHer<\/a> <a href=\"https:\/\/twitter.com\/hashtag\/ASL?src=hash&amp;ref_src=twsrc%5Etfw\">#ASL<\/a> <a href=\"https:\/\/t.co\/EkRHPjCqar\">https:\/\/t.co\/EkRHPjCqar<\/a><\/p>&mdash; Abogados para sordos \u2696 (@abogadoxasordos) <a href=\"https:\/\/twitter.com\/abogadoxasordos\/status\/1197444154449702913?ref_src=twsrc%5Etfw\">November 21, 2019<\/a><\/blockquote><script async src=\"https:\/\/platform.twitter.com\/widgets.js\" charset=\"utf-8\"><\/script>"],"_oembed_time_50f38f3d7debaaac110492fa7867730a":["1740642663"],"_edit_lock":["1740642968:1"],"rank_math_seo_score":["15"],"rank_math_primary_category":["33"],"_uag_custom_page_level_css":[""],"footnotes":[""],"lse_enlace":["https:\/\/youtu.be\/RB8NcmZkMJg"],"_lse_enlace":["field_67b5db1d9d4ca"],"_betterdocs_reusable_block_ids":["a:0:{}"],"copied_media_ids":["a:2:{i:0;i:5489;i:1;i:7453;}"],"referenced_media_ids":["a:1:{i:0;i:5487;}"]},"uagb_featured_image_src":{"full":["https:\/\/www.visualfy.com\/wp-content\/uploads\/2025\/02\/historias-navidad-personas-sordas-1.jpg",900,700,false],"thumbnail":["https:\/\/www.visualfy.com\/wp-content\/uploads\/2025\/02\/historias-navidad-personas-sordas-1-150x150.jpg",150,150,true],"medium":["https:\/\/www.visualfy.com\/wp-content\/uploads\/2025\/02\/historias-navidad-personas-sordas-1-300x233.jpg",300,233,true],"medium_large":["https:\/\/www.visualfy.com\/wp-content\/uploads\/2025\/02\/historias-navidad-personas-sordas-1-768x597.jpg",768,597,true],"large":["https:\/\/www.visualfy.com\/wp-content\/uploads\/2025\/02\/historias-navidad-personas-sordas-1.jpg",900,700,false],"1536x1536":["https:\/\/www.visualfy.com\/wp-content\/uploads\/2025\/02\/historias-navidad-personas-sordas-1.jpg",900,700,false],"2048x2048":["https:\/\/www.visualfy.com\/wp-content\/uploads\/2025\/02\/historias-navidad-personas-sordas-1.jpg",900,700,false]},"uagb_author_info":{"display_name":"visualfy","author_link":"https:\/\/www.visualfy.com\/es\/author\/visualfy\/"},"uagb_comment_info":0,"uagb_excerpt":"La Navidad es para muchos la mejor \u00e9poca del a\u00f1o. Unos d\u00edas en los que la ilusi\u00f3n por compartir tiempo con la familia se mezcla con la magia de la llegada de Pap\u00e1 Noel y los Reyes Magos. No hay nada m\u00e1s bonito que ver la cara de felicidad de los m\u00e1s peque\u00f1os de la&hellip;","_links":{"self":[{"href":"https:\/\/www.visualfy.com\/es\/wp-json\/wp\/v2\/posts\/7451","targetHints":{"allow":["GET"]}}],"collection":[{"href":"https:\/\/www.visualfy.com\/es\/wp-json\/wp\/v2\/posts"}],"about":[{"href":"https:\/\/www.visualfy.com\/es\/wp-json\/wp\/v2\/types\/post"}],"author":[{"embeddable":true,"href":"https:\/\/www.visualfy.com\/es\/wp-json\/wp\/v2\/users\/2"}],"replies":[{"embeddable":true,"href":"https:\/\/www.visualfy.com\/es\/wp-json\/wp\/v2\/comments?post=7451"}],"version-history":[{"count":0,"href":"https:\/\/www.visualfy.com\/es\/wp-json\/wp\/v2\/posts\/7451\/revisions"}],"wp:featuredmedia":[{"embeddable":true,"href":"https:\/\/www.visualfy.com\/es\/wp-json\/wp\/v2\/media\/5487"}],"wp:attachment":[{"href":"https:\/\/www.visualfy.com\/es\/wp-json\/wp\/v2\/media?parent=7451"}],"wp:term":[{"taxonomy":"category","embeddable":true,"href":"https:\/\/www.visualfy.com\/es\/wp-json\/wp\/v2\/categories?post=7451"},{"taxonomy":"post_tag","embeddable":true,"href":"https:\/\/www.visualfy.com\/es\/wp-json\/wp\/v2\/tags?post=7451"}],"curies":[{"name":"wp","href":"https:\/\/api.w.org\/{rel}","templated":true}]}}