{"id":7430,"date":"2019-11-28T08:49:47","date_gmt":"2019-11-28T08:49:47","guid":{"rendered":"https:\/\/www.visualfy.com\/el-equipo-de-atencion-al-cliente-inclusivo-de-visualfy\/"},"modified":"2025-02-27T08:05:14","modified_gmt":"2025-02-27T08:05:14","slug":"el-equipo-de-atencion-al-cliente-inclusivo-de-visualfy","status":"publish","type":"post","link":"https:\/\/www.visualfy.com\/es\/el-equipo-de-atencion-al-cliente-inclusivo-de-visualfy\/","title":{"rendered":"El equipo de atenci\u00f3n al cliente inclusivo de Visualfy"},"content":{"rendered":"\n<p><strong>Ofrecer atenci\u00f3n personalizada seg\u00fan las necesidades comunicativas de nuestros clientes, contar con un equipo diverso e inclusivo formado por personas sordas y oyentes, para reflejar la realidad del p\u00fablico al que nos dirigimos, diferencian al equipo de atenci\u00f3n al cliente de Visualfy de cualquier otro. Si sientes curiosidad por saber c\u00f3mo trabajamos, sigue leyendo y desc\u00fabrelo.<\/strong><\/p>\n\n\n\n<p>La accesibilidad, como te contamos en nuestro post \u201c<a href=\"https:\/\/www.visualfy.com\/es\/asi-trabaja-equipo-inbound-marketing-inclusivo-visualfy\/\">As\u00ed trabaja un equipo de Inbound Marketing formado por personas sordas y oyentes en Visualfy<\/a>\u201d, forma parte de nuestra raz\u00f3n de ser y est\u00e1 muy presente en todo lo que hacemos, tambi\u00e9n en la atenci\u00f3n a nuestros clientes. Facilitarla en la medida de lo posible es esencial, pues <strong>nuestros usuarios tienen unas necesidades comunicativas espec\u00edficas<\/strong> que as\u00ed lo requieren. Para ello, contamos con un equipo reflejo de la diversidad de nuestro p\u00fablico, formado por personas sordas y oyentes. Juntos, demostramos que los equipos inclusivos funcionan (<a href=\"https:\/\/www.visualfy.com\/es\/5-beneficios-para-todos-inclusion-personas-discapacidad-empresas\/\">y aqu\u00ed te contamos por qu\u00e9<\/a>), y que ofrecer una atenci\u00f3n personalizada y adaptada a las necesidades de cada uno es posible.<\/p>\n\n\n\n<h2 class=\"wp-block-heading\">Un equipo diverso para atender a un p\u00fablico diverso<\/h2>\n\n\n\n<p>En <a href=\"https:\/\/www.visualfy.com\/es\/\">Visualfy <\/a>somos muy conscientes de que los clientes son nuestro pilar m\u00e1s importante. Para nosotros, <strong>ofrecerles un servicio de atenci\u00f3n acorde a sus expectativas, r\u00e1pido y eficaz en la resoluci\u00f3n de problemas, es clave <\/strong>para entablar relaciones fluidas y satisfactorias. <\/p>\n\n\n<span class='bctt-click-to-tweet'><span class='bctt-ctt-text'><a href='https:\/\/x.com\/intent\/tweet?url=https%3A%2F%2Fwww.visualfy.com%2Fes%2Fel-equipo-de-atencion-al-cliente-inclusivo-de-visualfy%2F&#038;text=Contamos%20con%20un%20equipo%20reflejo%20de%20la%20diversidad%20de%20nuestro%20p%C3%BAblico%2C%20formado%20por%20personas%20sordas%20y%20oyentes.%20%23Atenci%C3%B3nInclusiva&#038;via=visualfy&#038;related=visualfy' target='_blank'rel=\"noopener noreferrer\">Contamos con un equipo reflejo de la diversidad de nuestro p\u00fablico, formado por personas sordas y oyentes. #Atenci\u00f3nInclusiva <\/a><\/span><a href='https:\/\/x.com\/intent\/tweet?url=https%3A%2F%2Fwww.visualfy.com%2Fes%2Fel-equipo-de-atencion-al-cliente-inclusivo-de-visualfy%2F&#038;text=Contamos%20con%20un%20equipo%20reflejo%20de%20la%20diversidad%20de%20nuestro%20p%C3%BAblico%2C%20formado%20por%20personas%20sordas%20y%20oyentes.%20%23Atenci%C3%B3nInclusiva&#038;via=visualfy&#038;related=visualfy' target='_blank' class='bctt-ctt-btn'rel=\"noopener noreferrer\">Compartir en X<\/a><\/span>\n\n\n<p><strong>Nuestro p\u00fablico est\u00e1 compuesto principalmente por personas sordas y con p\u00e9rdida auditiva<\/strong>, una comunidad con una ampl\u00edsima diversidad y unas necesidades comunicativas que var\u00edan en funci\u00f3n de cada persona. Para poder adaptarnos a ellas, contar con un equipo tan diverso como nuestro p\u00fablico es esencial. <strong>Dentro del departamento de atenci\u00f3n al cliente de Visualfy encontrar\u00e1s personas sordas y oyentes<\/strong>, capaces de atender a nuestros usuarios como ellos prefieran. \u00a1Tambi\u00e9n en Lengua de Signos si as\u00ed lo necesitan!<\/p>\n\n\n\n<figure class=\"wp-block-image size-full\"><img decoding=\"async\" width=\"900\" height=\"600\" src=\"https:\/\/www.visualfy.com\/wp-content\/uploads\/2025\/02\/atencion-cliente-visualfy-1.jpg\" alt=\"atencion-cliente-visualfy\" class=\"wp-image-5423\" srcset=\"https:\/\/www.visualfy.com\/wp-content\/uploads\/2025\/02\/atencion-cliente-visualfy-1.jpg 900w, https:\/\/www.visualfy.com\/wp-content\/uploads\/2025\/02\/atencion-cliente-visualfy-1-300x200.jpg 300w, https:\/\/www.visualfy.com\/wp-content\/uploads\/2025\/02\/atencion-cliente-visualfy-1-768x512.jpg 768w\" sizes=\"(max-width: 900px) 100vw, 900px\" \/><\/figure>\n\n\n\n<p>Con un p\u00fablico con unas necesidades comunicativas tan espec\u00edficas, tambi\u00e9n <strong>es importante facilitar la comunicaci\u00f3n<\/strong>. Para ello contamos con diferentes v\u00edas de contacto disponibles para que sean nuestros usuarios los que elijan cu\u00e1les desean utilizar. De esta forma cualquier cliente, usuario o persona interesada puede contactar con el servicio de atenci\u00f3n al cliente de Visualfy v\u00eda e-mail, tel\u00e9fono, videoconferencia, Whatsapp, Telegram o  redes sociales. (<a href=\"https:\/\/www.visualfy.com\/es\/soporte\/\">Aqu\u00ed tienes m\u00e1s informaci\u00f3n acerca de c\u00f3mo puedes contactar con Visualfy<\/a>). <\/p>\n\n\n<span class='bctt-click-to-tweet'><span class='bctt-ctt-text'><a href='https:\/\/x.com\/intent\/tweet?url=https%3A%2F%2Fwww.visualfy.com%2Fes%2Fel-equipo-de-atencion-al-cliente-inclusivo-de-visualfy%2F&#038;text=Contamos%20con%20diferentes%20v%C3%ADas%20de%20contacto%20disponibles%20para%20que%20sean%20nuestros%20usuarios%20los%20que%20elijan%20cu%C3%A1les%20desean%20utilizar.%20%23Atenci%C3%B3nInclusiva&#038;via=visualfy&#038;related=visualfy' target='_blank'rel=\"noopener noreferrer\">Contamos con diferentes v\u00edas de contacto disponibles para que sean nuestros usuarios los que elijan cu\u00e1les desean utilizar. #Atenci\u00f3nInclusiva <\/a><\/span><a href='https:\/\/x.com\/intent\/tweet?url=https%3A%2F%2Fwww.visualfy.com%2Fes%2Fel-equipo-de-atencion-al-cliente-inclusivo-de-visualfy%2F&#038;text=Contamos%20con%20diferentes%20v%C3%ADas%20de%20contacto%20disponibles%20para%20que%20sean%20nuestros%20usuarios%20los%20que%20elijan%20cu%C3%A1les%20desean%20utilizar.%20%23Atenci%C3%B3nInclusiva&#038;via=visualfy&#038;related=visualfy' target='_blank' class='bctt-ctt-btn'rel=\"noopener noreferrer\">Compartir en X<\/a><\/span>\n\n\n<h2 class=\"wp-block-heading\">Seguimiento y atenci\u00f3n personalizada\u2026 \u00a1desde el minuto 0!<\/h2>\n\n\n\n<p>En las relaciones con el cliente que la comunicaci\u00f3n sea accesible es importante pero tambi\u00e9n lo es que sea eficaz. Como cualquier otro servicio de atenci\u00f3n al cliente buscamos que nuestros usuarios est\u00e9n satisfechos. Para ello <strong>prestamos mucha atenci\u00f3n a las necesidades que puedan tener e incluso tratamos de anticiparnos a ellas<\/strong>. Ofrecemos atenci\u00f3n e informaci\u00f3n personalizada antes, durante y tras la venta. <\/p>\n\n\n\n<p>Por ejemplo, una vez que el cliente recibe nuestro producto <a href=\"https:\/\/www.visualfy.com\/es\/conoce-visualfy-home\/\">Visualfy Home<\/a>, al igual que ocurre con cualquier dispositivo tecnol\u00f3gico, llega el momento de la instalaci\u00f3n. Nuestros usuarios reciben en ese momento un correo electr\u00f3nico con instrucciones para la instalaci\u00f3n. Una serie de v\u00eddeos accesibles (con subt\u00edtulos y Lengua de Signos), <strong>ense\u00f1an paso a paso c\u00f3mo poner en marcha Visualfy y c\u00f3mo entrenar cada una de las alertas<\/strong>. Mientras nuestros nuevos clientes realizan la instalaci\u00f3n los encargados de atenci\u00f3n al cliente est\u00e1n pendientes por si necesitaran ayuda o tuvieran alguna incidencia.<\/p>\n\n\n\n<p>En el momento en el que un usuario se pone en contacto con el servicio de atenci\u00f3n t\u00e9cnica su caso pasa a registrarse en<strong> Salesforce, uno de los mejores softwares de gesti\u00f3n de clientes del mercado<\/strong>. El sistema nos permite hacer un seguimiento exhaustivo de cada una de las incidencias de nuestros clientes, gestionarlas y mantener al cliente al tanto de su estado en todo momento. <strong>Para las que requieren de un mantenimiento m\u00e1s t\u00e9cnico contamos con el Departamento IT<\/strong> (Information Technology) o departamento t\u00e9cnico de Visualfy, que atiende las incidencias de modo inmediato. <\/p>\n\n\n\n<h2 class=\"wp-block-heading\">Facilitar la atenci\u00f3n al cliente, responsabilidad de cualquier empresa<\/h2>\n\n\n\n<p>Hoy en d\u00eda toda organizaci\u00f3n ya sea grande o peque\u00f1a, sabe lo importante que es contar con una buena atenci\u00f3n al cliente. Al fin y al cabo la satisfacci\u00f3n e imagen de los consumidores respecto a una organizaci\u00f3n depender\u00e1 en gran medida de ello. Aun <strong>as\u00ed todav\u00eda siguen sin haber empresas que ofrezcan diferentes opciones para facilitar la comunicaci\u00f3n entre sus consumidores o que se adapten adecuadamente a sus necesidades comunicativas.  <\/strong><\/p>\n\n\n\n<p>En Espa\u00f1a <strong>las personas sordas y con p\u00e9rdida auditiva ya alcanzan el 5% la poblaci\u00f3n y la mayor\u00eda de ellas se sigue encontrando barreras para acceder a los servicios de atenci\u00f3n al cliente<\/strong> ofrecidos por las organizaciones, como las que aqu\u00ed te contamos.<\/p>\n\n\n\n<p>Haciendo algo tan sencillo como ampliar las v\u00edas de comunicaci\u00f3n que permiten a los clientes contactar con la empresa a\u00f1adiendo <strong>e-mail, whatsapp o telegram (y si el presupuesto lo permite hasta atenci\u00f3n por videoconferencia en LSE) <\/strong>es posible cambiar esta situaci\u00f3n, llegar a muchas m\u00e1s personas y conseguir que un 5% de la poblaci\u00f3n espa\u00f1ola est\u00e9 un poco m\u00e1s satisfecha. <\/p>\n\n\n\n<figure class=\"wp-block-image size-full\"><a href=\"https:\/\/www.visualfy.com\/es\/conoce-visualfy-home\/\" target=\"_blank\" rel=\" noreferrer noopener\"><img decoding=\"async\" width=\"960\" height=\"240\" src=\"https:\/\/www.visualfy.com\/wp-content\/uploads\/2020\/10\/banner-asesor-accesibilidad.jpg\" alt=\"Banner asesor accesibilidad\" class=\"wp-image-8650\" srcset=\"https:\/\/www.visualfy.com\/wp-content\/uploads\/2020\/10\/banner-asesor-accesibilidad.jpg 960w, https:\/\/www.visualfy.com\/wp-content\/uploads\/2020\/10\/banner-asesor-accesibilidad-300x75.jpg 300w, https:\/\/www.visualfy.com\/wp-content\/uploads\/2020\/10\/banner-asesor-accesibilidad-768x192.jpg 768w\" sizes=\"(max-width: 960px) 100vw, 960px\" \/><\/a><\/figure>\n","protected":false},"excerpt":{"rendered":"<p>Ofrecer atenci\u00f3n personalizada seg\u00fan las necesidades comunicativas de nuestros clientes, contar con un equipo diverso e inclusivo formado por personas sordas y oyentes, para reflejar la realidad del p\u00fablico al que nos dirigimos, diferencian al equipo de atenci\u00f3n al cliente de Visualfy de cualquier otro. Si sientes curiosidad por saber c\u00f3mo trabajamos, sigue leyendo y [&hellip;]<\/p>\n","protected":false},"author":2,"featured_media":5422,"comment_status":"open","ping_status":"open","sticky":false,"template":"","format":"standard","meta":{"_acf_changed":false,"content-type":"","_uag_custom_page_level_css":"","footnotes":""},"categories":[35],"tags":[],"class_list":["post-7430","post","type-post","status-publish","format-standard","has-post-thumbnail","hentry","category-publicaciones-en-medios"],"acf":[],"spectra_custom_meta":{"_wp_page_template":["default"],"rank_math_internal_links_processed":["1"],"_wpml_word_count":["917"],"_yoast_wpseo_primary_category":["282"],"_yoast_wpseo_keywordsynonyms":["[\"\"]"],"_wpml_media_duplicate":["0"],"_wpml_media_featured":["0"],"_yoast_wpseo_focuskeywords":["[]"],"_et_monarch_override":[""],"amazonS3_cache":["a:48:{s:75:\"\/\/www.visualfy.com\/wp-content\/uploads\/2019\/11\/atencion-cliente-visualfy.jpg\";i:29254;s:52:\"\/\/cdn.visualfy.com\/img\/atencion-cliente-visualfy.jpg\";i:29254;s:81:\"\/\/visualfy.acceseo.dev\/wp-content\/uploads\/2025\/02\/atencion-cliente-visualfy-1.jpg\";a:1:{s:9:\"timestamp\";i:1744269437;}s:81:\"\/\/visualfy.acceseo.dev\/wp-content\/uploads\/2020\/10\/banner-asesor-accesibilidad.jpg\";a:1:{s:9:\"timestamp\";i:1744269437;}s:96:\"\/\/visualfy.acceseo.dev\/wp-content\/uploads\/2025\/02\/equipo-atencion-cliente-inclusivo-visualfy.jpg\";a:1:{s:9:\"timestamp\";i:1744269437;}s:69:\"\/\/visualfy.acceseo.dev\/wp-content\/uploads\/2025\/02\/lse-icon-button.svg\";a:1:{s:9:\"timestamp\";i:1744268255;}s:81:\"\/\/visualfy.acceseo.dev\/wp-content\/uploads\/2025\/02\/visualfy-places-placeholder.jpg\";a:1:{s:9:\"timestamp\";i:1744268255;}s:66:\"\/\/visualfy.acceseo.dev\/wp-content\/uploads\/2025\/01\/computer_404.svg\";a:1:{s:9:\"timestamp\";i:1744268255;}s:63:\"\/\/visualfy.acceseo.dev\/wp-content\/uploads\/2025\/01\/user-icon.svg\";a:1:{s:9:\"timestamp\";i:1744268255;}s:58:\"\/\/visualfy.acceseo.dev\/wp-content\/uploads\/2025\/01\/menu.svg\";a:1:{s:9:\"timestamp\";i:1744268255;}s:67:\"\/\/visualfy.acceseo.dev\/wp-content\/uploads\/2025\/01\/logo-visualfy.svg\";a:1:{s:9:\"timestamp\";i:1744268255;}s:65:\"\/\/visualfy.acceseo.dev\/wp-content\/uploads\/2025\/01\/logo-footer.svg\";a:1:{s:9:\"timestamp\";i:1744268255;}s:88:\"\/\/visualfy.acceseo.dev\/wp-content\/uploads\/2025\/01\/union-europea-ministerio-industria.png\";a:1:{s:9:\"timestamp\";i:1744268255;}s:78:\"\/\/visualfy.acceseo.dev\/wp-content\/uploads\/2025\/01\/fondo-europeo-innovacion.png\";a:1:{s:9:\"timestamp\";i:1744268255;}s:77:\"\/\/visualfy.acceseo.dev\/wp-content\/uploads\/2025\/01\/generalitat-ivace-feder.png\";a:1:{s:9:\"timestamp\";i:1744268255;}s:85:\"\/\/visualfy.acceseo.dev\/wp-content\/uploads\/2025\/01\/generalita-ivace-cofinanciacion.png\";a:1:{s:9:\"timestamp\";i:1744268255;}s:89:\"\/\/visualfy.acceseo.dev\/wp-content\/uploads\/2025\/02\/atencion-cliente-visualfy-1-300x200.jpg\";a:1:{s:9:\"timestamp\";i:1744268255;}s:89:\"\/\/visualfy.acceseo.dev\/wp-content\/uploads\/2025\/02\/atencion-cliente-visualfy-1-768x512.jpg\";a:1:{s:9:\"timestamp\";i:1744268255;}s:88:\"\/\/visualfy.acceseo.dev\/wp-content\/uploads\/2020\/10\/banner-asesor-accesibilidad-300x75.jpg\";a:1:{s:9:\"timestamp\";i:1744268255;}s:89:\"\/\/visualfy.acceseo.dev\/wp-content\/uploads\/2020\/10\/banner-asesor-accesibilidad-768x192.jpg\";a:1:{s:9:\"timestamp\";i:1744268255;}s:61:\"\/\/visualfy.acceseo.dev\/wp-content\/uploads\/2025\/02\/Sem-3-1.png\";a:1:{s:9:\"timestamp\";i:1744268255;}s:69:\"\/\/visualfy.acceseo.dev\/wp-content\/uploads\/2025\/02\/Sem-3-1-300x176.png\";a:1:{s:9:\"timestamp\";i:1744268255;}s:70:\"\/\/visualfy.acceseo.dev\/wp-content\/uploads\/2025\/02\/Sem-3-1-1024x600.png\";a:1:{s:9:\"timestamp\";i:1744268255;}s:69:\"\/\/visualfy.acceseo.dev\/wp-content\/uploads\/2025\/02\/Sem-3-1-768x450.png\";a:1:{s:9:\"timestamp\";i:1744268255;}s:70:\"\/\/visualfy.acceseo.dev\/wp-content\/uploads\/2025\/02\/Sem-3-1-1536x900.png\";a:1:{s:9:\"timestamp\";i:1744268255;}s:71:\"\/\/visualfy.acceseo.dev\/wp-content\/uploads\/2025\/02\/Sem-3-1-2048x1200.png\";a:1:{s:9:\"timestamp\";i:1744268255;}s:63:\"\/\/visualfy.acceseo.dev\/wp-content\/uploads\/2025\/02\/Sem-2-3-1.jpg\";a:1:{s:9:\"timestamp\";i:1744268255;}s:71:\"\/\/visualfy.acceseo.dev\/wp-content\/uploads\/2025\/02\/Sem-2-3-1-300x169.jpg\";a:1:{s:9:\"timestamp\";i:1744268255;}s:72:\"\/\/visualfy.acceseo.dev\/wp-content\/uploads\/2025\/02\/Sem-2-3-1-1024x576.jpg\";a:1:{s:9:\"timestamp\";i:1744268255;}s:71:\"\/\/visualfy.acceseo.dev\/wp-content\/uploads\/2025\/02\/Sem-2-3-1-768x432.jpg\";a:1:{s:9:\"timestamp\";i:1744268255;}s:72:\"\/\/visualfy.acceseo.dev\/wp-content\/uploads\/2025\/02\/Sem-2-3-1-1536x864.jpg\";a:1:{s:9:\"timestamp\";i:1744268255;}s:63:\"\/\/visualfy.acceseo.dev\/wp-content\/uploads\/2025\/02\/Sem-1-2-1.png\";a:1:{s:9:\"timestamp\";i:1744268255;}s:71:\"\/\/visualfy.acceseo.dev\/wp-content\/uploads\/2025\/02\/Sem-1-2-1-300x157.png\";a:1:{s:9:\"timestamp\";i:1744268255;}s:72:\"\/\/visualfy.acceseo.dev\/wp-content\/uploads\/2025\/02\/Sem-1-2-1-1024x535.png\";a:1:{s:9:\"timestamp\";i:1744268255;}s:71:\"\/\/visualfy.acceseo.dev\/wp-content\/uploads\/2025\/02\/Sem-1-2-1-768x401.png\";a:1:{s:9:\"timestamp\";i:1744268255;}s:67:\"\/\/visualfy.acceseo.dev\/wp-content\/uploads\/2025\/02\/caixa-popular.svg\";a:1:{s:9:\"timestamp\";i:1744268255;}s:58:\"\/\/visualfy.acceseo.dev\/wp-content\/uploads\/2025\/02\/cdti.svg\";a:1:{s:9:\"timestamp\";i:1744268255;}s:58:\"\/\/visualfy.acceseo.dev\/wp-content\/uploads\/2025\/02\/cnse.svg\";a:1:{s:9:\"timestamp\";i:1744268255;}s:60:\"\/\/visualfy.acceseo.dev\/wp-content\/uploads\/2025\/02\/esteve.svg\";a:1:{s:9:\"timestamp\";i:1744268255;}s:60:\"\/\/visualfy.acceseo.dev\/wp-content\/uploads\/2025\/02\/fesord.svg\";a:1:{s:9:\"timestamp\";i:1744268255;}s:76:\"\/\/visualfy.acceseo.dev\/wp-content\/uploads\/2025\/02\/generalitat-valenciana.svg\";a:1:{s:9:\"timestamp\";i:1744268255;}s:66:\"\/\/visualfy.acceseo.dev\/wp-content\/uploads\/2025\/02\/horizon-2020.svg\";a:1:{s:9:\"timestamp\";i:1744268255;}s:59:\"\/\/visualfy.acceseo.dev\/wp-content\/uploads\/2025\/02\/ivace.svg\";a:1:{s:9:\"timestamp\";i:1744268255;}s:62:\"\/\/visualfy.acceseo.dev\/wp-content\/uploads\/2025\/02\/montsant.svg\";a:1:{s:9:\"timestamp\";i:1744268255;}s:69:\"\/\/visualfy.acceseo.dev\/wp-content\/uploads\/2025\/02\/naciones-unidas.svg\";a:1:{s:9:\"timestamp\";i:1744268255;}s:62:\"\/\/visualfy.acceseo.dev\/wp-content\/uploads\/2025\/02\/randstad.svg\";a:1:{s:9:\"timestamp\";i:1744268255;}s:64:\"\/\/visualfy.acceseo.dev\/wp-content\/uploads\/2025\/02\/telefonica.svg\";a:1:{s:9:\"timestamp\";i:1744268255;}s:66:\"\/\/visualfy.acceseo.dev\/wp-content\/uploads\/2025\/02\/wingstoclaim.svg\";a:1:{s:9:\"timestamp\";i:1744268255;}}"],"_yoast_wpseo_opengraph-title":[""],"_yoast_wpseo_opengraph-description":[""],"_yst_prominent_words_version":["1"],"_yoast_wpseo_video_meta":["a:15:{s:2:\"id\";s:11:\"pvqKNMAAssg\";s:4:\"type\";s:7:\"youtube\";s:3:\"url\";s:43:\"https:\/\/www.youtube.com\/watch?v=pvqKNMAAssg\";s:7:\"post_id\";s:5:\"29251\";s:5:\"title\";s:76:\"El equipo de atenci\u00f3n al cliente inclusivo de Visualfy &amp;#8902; Visualfy\";s:16:\"publication_date\";s:25:\"2019-11-28T08:49:47+00:00\";s:11:\"description\";s:157:\"Ofrecer atenci\u00f3n personalizada seg\u00fan las necesidades comunicativas de nuestros clientes es uno de nuestros principales retos. Te contamos c\u00f3mo trabajamos.\";s:10:\"player_loc\";s:41:\"https:\/\/www.youtube.com\/embed\/pvqKNMAAssg\";s:13:\"thumbnail_loc\";s:44:\"https:\/\/cdn.visualfy.com\/img\/pvqknmaassg.jpg\";s:8:\"duration\";s:3:\"518\";s:10:\"view_count\";s:1:\"2\";s:5:\"width\";s:3:\"480\";s:6:\"height\";s:3:\"270\";s:8:\"category\";s:14:\"Mundo Visualfy\";s:3:\"tag\";a:0:{}}"],"_yoast_wpseo_videositemap-duration":[""],"_yoast_wpseo_videositemap-rating":[""],"_yoast_wpseo_metadesc":["Ofrecer atenci\u00f3n personalizada seg\u00fan las necesidades comunicativas de nuestros clientes es uno de nuestros principales retos. Te contamos c\u00f3mo trabajamos."],"_yoast_wpseo_focuskw":[""],"_yoast_wpseo_content_score":[""],"cmplz_hide_cookiebanner":[""],"_wpml_location_migration_done":["1"],"_fgj2wp_old_id":[""],"_yoast_wpseo_metakeywords":[""],"_bsf_post_type":[""],"_yoast_wpseo_meta-robots-noindex":[""],"_fgj2wp_translation_association_key":[""],"_product_image_gallery":[""],"_wp_old_slug":[""],"_yoast_wpseo_title":[""],"slide_template":[""],"_yoast_wpseo_opengraph-image":["https:\/\/cdn.visualfy.com\/img\/equipo-atencion-cliente-inclusivo-visualfy.jpg"],"_yoast_wpseo_opengraph-image-id":["29258"],"_wp_old_date":[""],"_bsf_article_image":[""],"_bsf_article_name":[""],"_bsf_article_desc":[""],"_bsf_article_author":[""],"_bsf_article_publisher":[""],"_bsf_article_publisher_logo":[""],"_yoast_wpseo_meta-robots-nofollow":[""],"amp_status":[""],"_cmplz_scanned_post":["1"],"_encloseme":["1"],"_last_translation_edit_mode":[""],"_yoast_wpseo_twitter-title":[""],"_yoast_wpseo_twitter-description":[""],"_yoast_wpseo_twitter-image":[""],"_yoast_wpseo_twitter-image-id":[""],"_yoast_wpseo_linkdex":[""],"_thumbnail_id":["5422"],"_pingme":["1"],"_edit_last":["1"],"_oembed_ea3e0f465272c802bc5ae4160d1aa44c":["<iframe title=\"El equipo de atenci\u00f3n al cliente inclusivo de Visualfy - Visualfy\" width=\"500\" height=\"281\" src=\"https:\/\/www.youtube.com\/embed\/pvqKNMAAssg?feature=oembed\" frameborder=\"0\" allow=\"accelerometer; autoplay; clipboard-write; encrypted-media; gyroscope; picture-in-picture; web-share\" referrerpolicy=\"strict-origin-when-cross-origin\" allowfullscreen><\/iframe>"],"_oembed_time_ea3e0f465272c802bc5ae4160d1aa44c":["1740643247"],"_edit_lock":["1740643515:1"],"rank_math_seo_score":["17"],"rank_math_primary_category":["35"],"_uag_custom_page_level_css":[""],"footnotes":[""],"lse_enlace":["https:\/\/www.youtube.com\/watch?v=pvqKNMAAssg"],"_lse_enlace":["field_67b5db1d9d4ca"],"_betterdocs_reusable_block_ids":["a:0:{}"],"copied_media_ids":["a:2:{i:0;i:8650;i:1;i:7433;}"],"referenced_media_ids":["a:1:{i:0;i:5422;}"]},"uagb_featured_image_src":{"full":["https:\/\/www.visualfy.com\/wp-content\/uploads\/2025\/02\/equipo-atencion-cliente-inclusivo-visualfy.jpg",900,600,false],"thumbnail":["https:\/\/www.visualfy.com\/wp-content\/uploads\/2025\/02\/equipo-atencion-cliente-inclusivo-visualfy-150x150.jpg",150,150,true],"medium":["https:\/\/www.visualfy.com\/wp-content\/uploads\/2025\/02\/equipo-atencion-cliente-inclusivo-visualfy-300x200.jpg",300,200,true],"medium_large":["https:\/\/www.visualfy.com\/wp-content\/uploads\/2025\/02\/equipo-atencion-cliente-inclusivo-visualfy-768x512.jpg",768,512,true],"large":["https:\/\/www.visualfy.com\/wp-content\/uploads\/2025\/02\/equipo-atencion-cliente-inclusivo-visualfy.jpg",900,600,false],"1536x1536":["https:\/\/www.visualfy.com\/wp-content\/uploads\/2025\/02\/equipo-atencion-cliente-inclusivo-visualfy.jpg",900,600,false],"2048x2048":["https:\/\/www.visualfy.com\/wp-content\/uploads\/2025\/02\/equipo-atencion-cliente-inclusivo-visualfy.jpg",900,600,false]},"uagb_author_info":{"display_name":"visualfy","author_link":"https:\/\/www.visualfy.com\/es\/author\/visualfy\/"},"uagb_comment_info":0,"uagb_excerpt":"Ofrecer atenci\u00f3n personalizada seg\u00fan las necesidades comunicativas de nuestros clientes, contar con un equipo diverso e inclusivo formado por personas sordas y oyentes, para reflejar la realidad del p\u00fablico al que nos dirigimos, diferencian al equipo de atenci\u00f3n al cliente de Visualfy de cualquier otro. Si sientes curiosidad por saber c\u00f3mo trabajamos, sigue leyendo y&hellip;","_links":{"self":[{"href":"https:\/\/www.visualfy.com\/es\/wp-json\/wp\/v2\/posts\/7430","targetHints":{"allow":["GET"]}}],"collection":[{"href":"https:\/\/www.visualfy.com\/es\/wp-json\/wp\/v2\/posts"}],"about":[{"href":"https:\/\/www.visualfy.com\/es\/wp-json\/wp\/v2\/types\/post"}],"author":[{"embeddable":true,"href":"https:\/\/www.visualfy.com\/es\/wp-json\/wp\/v2\/users\/2"}],"replies":[{"embeddable":true,"href":"https:\/\/www.visualfy.com\/es\/wp-json\/wp\/v2\/comments?post=7430"}],"version-history":[{"count":0,"href":"https:\/\/www.visualfy.com\/es\/wp-json\/wp\/v2\/posts\/7430\/revisions"}],"wp:featuredmedia":[{"embeddable":true,"href":"https:\/\/www.visualfy.com\/es\/wp-json\/wp\/v2\/media\/5422"}],"wp:attachment":[{"href":"https:\/\/www.visualfy.com\/es\/wp-json\/wp\/v2\/media?parent=7430"}],"wp:term":[{"taxonomy":"category","embeddable":true,"href":"https:\/\/www.visualfy.com\/es\/wp-json\/wp\/v2\/categories?post=7430"},{"taxonomy":"post_tag","embeddable":true,"href":"https:\/\/www.visualfy.com\/es\/wp-json\/wp\/v2\/tags?post=7430"}],"curies":[{"name":"wp","href":"https:\/\/api.w.org\/{rel}","templated":true}]}}