{"id":7319,"date":"2019-06-06T08:38:36","date_gmt":"2019-06-06T08:38:36","guid":{"rendered":"https:\/\/www.visualfy.com\/como-conseguir-certificado-discapacidad-auditiva\/"},"modified":"2025-02-27T09:06:20","modified_gmt":"2025-02-27T09:06:20","slug":"como-conseguir-certificado-discapacidad-auditiva","status":"publish","type":"post","link":"https:\/\/www.visualfy.com\/es\/como-conseguir-certificado-discapacidad-auditiva\/","title":{"rendered":"A mi hijo\/a le acaban de diagnosticar sordera, \u00bfc\u00f3mo consigo el certificado de discapacidad?"},"content":{"rendered":"\n<p> Una vez que diagnostican a un ni\u00f1o discapacidad auditiva es l\u00f3gico que los padres se pregunten, \u00bfy ahora qu\u00e9? Adem\u00e1s de acudir a nuestra asociaci\u00f3n  m\u00e1s cercana para recibir asesoramiento deber\u00edamos <strong>tramitar cuanto antes el Certificado de Discapacidad<\/strong>. Con \u00e9l haremos oficial la discapacidad de nuestro hijo o hija para que pueda gozar de los derechos y ventajas de la protecci\u00f3n legal. A continuaci\u00f3n te contamos <strong>qu\u00e9 es el Certificado de Discapacidad, en qu\u00e9 beneficia a sus poseedores y qu\u00e9 tr\u00e1mites son necesarios para conseguirlo<\/strong>.   <\/p>\n\n\n\n<h2 class=\"wp-block-heading\">\u00bfQu\u00e9 es el certificado de discapacidad auditiva y cu\u00e1les son las ventajas de tenerlo?  <\/h2>\n\n\n\n<p>\n<strong>La discapacidad auditiva <\/strong>est\u00e1 amparada por la ley y, como\ntal, <strong>lleva parejo <\/strong><strong>su correspondiente certificado de\ndiscapacidad<\/strong>. Este certificado es un documento oficial que\nacredita la condici\u00f3n legal de ser una persona con discapacidad\nauditiva, <strong>con sus respectivos derechos, ventajas y beneficios<\/strong>.<\/p>\n\n\n\n<p>En el caso de nuestros hijos o hijas,<strong> con el certificado de discapacidad auditiva podremos acceder a prestaciones sociales, ayudas econ\u00f3micas, productos de apoyo de ayudas t\u00e9cnicas, accesibilidad, recursos y apoyos educativos o prestaciones familiares, entre otras ventajas.<\/strong><\/p>\n\n\n\n<figure class=\"wp-block-image size-full\"><img decoding=\"async\" width=\"900\" height=\"758\" src=\"https:\/\/www.visualfy.com\/wp-content\/uploads\/2025\/02\/certificado-discapacidad-1.jpg\" alt=\"certificado-discapacidad\" class=\"wp-image-5037\" srcset=\"https:\/\/www.visualfy.com\/wp-content\/uploads\/2025\/02\/certificado-discapacidad-1.jpg 900w, https:\/\/www.visualfy.com\/wp-content\/uploads\/2025\/02\/certificado-discapacidad-1-300x253.jpg 300w, https:\/\/www.visualfy.com\/wp-content\/uploads\/2025\/02\/certificado-discapacidad-1-768x647.jpg 768w\" sizes=\"(max-width: 900px) 100vw, 900px\" \/><\/figure>\n\n\n\n<p>Si somos padres de un menor con discapacidad auditiva tendremos, adem\u00e1s, derecho a:<\/p>\n\n\n\n<ul class=\"wp-block-list\">\n<li>Una ayuda por dependencia, que se tramita ante la Seguridad Social.<\/li>\n\n\n\n<li>Una desgravaci\u00f3n en IRPF por hijo a cargo con discapacidad, que se tramita en Hacienda.<\/li>\n<\/ul>\n\n\n\n<p>Adem\u00e1s, y dependiendo del n\u00famero de hijos, podremos acceder al t\u00edtulo de familia numerosa que, adem\u00e1s de las ventajas que puede tener, tambi\u00e9n conlleva una desgravaci\u00f3n fiscal.<\/p>\n\n\n\n<h2 class=\"wp-block-heading\">\u00bfQu\u00e9 tramites son necesarios para conseguir el certificado de discapacidad auditiva?  <\/h2>\n\n\n\n<p> En primer lugar, es <strong>importante que acudamos a los servicios sociales de nuestro Ayuntamiento para que nos informen de las<a href=\"https:\/\/www.visualfy.com\/es\/asociaciones-personas-sordas-espana\/\">asociaciones y <\/a>organismosque existen y que pueden orientarnos durante este proceso.<\/strong> Adem\u00e1s, tambi\u00e9n pueden informarnos en el hospital donde nos han diagnosticado la p\u00e9rdida auditiva de nuestro hijo o hija.  <\/p>\n\n\n\n<p>Iniciaremos un proceso\nadministrativo que puede durar en torno a 6 a 8 meses y que conlleva\nuna valoraci\u00f3n m\u00e9dica, psicol\u00f3gica y social. Se valorar\u00e1n\naspectos como la edad, el entorno familiar en el que vive el ni\u00f1o o\nni\u00f1a, as\u00ed como su entorno habitual, entre otros.<\/p>\n\n\n\n<p><strong>Las fases por las que pasaremos son:<\/strong><\/p>\n\n\n\n<ul class=\"wp-block-list\">\n<li>Deberemos contactar con el organismo competente de la Comunidad Aut\u00f3noma que corresponda.<\/li>\n\n\n\n<li>Presentaremos la solicitud como representantes legales de nuestros hijos.<\/li>\n\n\n\n<li>Reconocimiento y valoraci\u00f3n. El equipo de valoraci\u00f3n de discapacidad podr\u00e1 recabar cuantas informaciones, reconocimientos o pruebas estime necesarias. Tambi\u00e9n podr\u00e1n solicitar informes de otros profesionales.<\/li>\n\n\n\n<li>Dictamen T\u00e9cnico-Facultativo.<\/li>\n\n\n\n<li>Tr\u00e1mite de Audiencia.<\/li>\n\n\n\n<li>Obtenci\u00f3n de la resoluci\u00f3n.<\/li>\n\n\n\n<li>Recursos administrativos en caso de que correspondan.<\/li>\n<\/ul>\n\n\n\n<p>Hay que a\u00f1adir que, a\u00fan con validez en todo el territorio nacional, <strong>el reconocimiento de la discapacidad auditiva es competencia de cada Comunidad Aut\u00f3noma<\/strong> y son los Servicios Sociales de cada una quienes emitir\u00e1n el certificado.<\/p>\n\n\n\n<h2 class=\"wp-block-heading\"> \u00bfQu\u00e9 documentaci\u00f3n es necesaria para conseguir el certificado de discapacidad auditiva?<\/h2>\n\n\n\n<p> La <strong>documentaci\u00f3n que nos pedir\u00e1n para la obtenci\u00f3n del certificado<\/strong> ser\u00e1 la siguiente:<\/p>\n\n\n\n<ul class=\"wp-block-list\">\n<li>Original y fotocopia del DNI de los padres, como representantes legales. En su defecto, Libro de Familia.<\/li>\n<\/ul>\n\n\n\n<ul class=\"wp-block-list\">\n<li>Informes m\u00e9dicos de nuestro m\u00e9dico de la Seguridad Social. Tambi\u00e9n podemos aportar informes psicol\u00f3gicos y sociales si disponemos de ellos.<\/li>\n<\/ul>\n\n\n\n<ul class=\"wp-block-list\">\n<li>Certificado de empadronamiento.<\/li>\n<\/ul>\n\n\n\n<h2 class=\"wp-block-heading\">La discapacidad auditiva desde otro enfoque  <\/h2>\n\n\n\n<p>Que diagnostiquen a nuestros hijos con discapacidad auditiva supone que pasan a formar parte de un sector de la poblaci\u00f3n heterog\u00e9neo que requiere de garant\u00edas para vivir en plenitud de derechos y mismas oportunidades que el resto de las personas.  <\/p>\n\n\n\n<p>Es cierto que <strong>la sociedad est\u00e1 cambiando y evolucionando en la manera de ver el fen\u00f3meno de la discapacidad, y aparecen, con frecuencia, nuevos enfoques al respecto<\/strong>. En <a href=\"https:\/\/www.visualfy.com\/news\/\">Visualfy <\/a>creemos que esto es muy positivo y que las desventajas que puede vivir un ni\u00f1o con discapacidad son debidas, tambi\u00e9n, a los obst\u00e1culos que se encuentra en la propia sociedad, debido a la falta de accesibilidad que hay en ella, as\u00ed que todas las ayudas a las que puedan acogerse son muy bienvenidas.<\/p>\n\n\n\n<p>Hagamos uso de los\nbeneficios y ayudas que tenemos a nuestro alcance. No podemos cambiar\nla discapacidad de nuestros hijos, pero s\u00ed podemos transformarla en\noportunidades. \n<\/p>\n\n\n\n<p>Si te acabas de embarcar en la aventura de ser padre o madre de un ni\u00f1o o ni\u00f1a con discapacidad auditiva, te recomendamos leer nuestra secci\u00f3n <a href=\"https:\/\/www.visualfy.com\/es\/ca\/escuela-de-padres\/\">Escuela de Padres<\/a>, seguro que encuentras lecturas interesantes con consejos e inspiraci\u00f3n para tu d\u00eda a d\u00eda.<\/p>\n","protected":false},"excerpt":{"rendered":"<p>Una vez que diagnostican a un ni\u00f1o discapacidad auditiva es l\u00f3gico que los padres se pregunten, \u00bfy ahora qu\u00e9? Adem\u00e1s de acudir a nuestra asociaci\u00f3n m\u00e1s cercana para recibir asesoramiento deber\u00edamos tramitar cuanto antes el Certificado de Discapacidad. Con \u00e9l haremos oficial la discapacidad de nuestro hijo o hija para que pueda gozar de los [&hellip;]<\/p>\n","protected":false},"author":2,"featured_media":5037,"comment_status":"open","ping_status":"open","sticky":false,"template":"","format":"standard","meta":{"_acf_changed":false,"content-type":"","_uag_custom_page_level_css":"","footnotes":""},"categories":[33],"tags":[],"class_list":["post-7319","post","type-post","status-publish","format-standard","has-post-thumbnail","hentry","category-estilo-de-vida"],"acf":[],"spectra_custom_meta":{"_wp_page_template":["default"],"rank_math_internal_links_processed":["1"],"_wpml_word_count":["{\"total\":800,\"to_translate\":{\"en\":800}}"],"_yoast_wpseo_primary_category":["6450"],"_yoast_wpseo_keywordsynonyms":["[\"\"]"],"_wpml_media_duplicate":["0"],"_wpml_media_featured":["0"],"_yoast_wpseo_focuskeywords":["[]"],"_et_monarch_override":[""],"amazonS3_cache":["a:53:{s:74:\"\/\/www.visualfy.com\/wp-content\/uploads\/2019\/06\/certificado-discapacidad.jpg\";i:24463;s:51:\"\/\/cdn.visualfy.com\/img\/certificado-discapacidad.jpg\";i:24463;s:80:\"\/\/visualfy.acceseo.dev\/wp-content\/uploads\/2025\/02\/certificado-discapacidad-1.jpg\";a:1:{s:9:\"timestamp\";i:1744269466;}s:67:\"\/\/visualfy.acceseo.dev\/wp-content\/uploads\/2025\/01\/logo-visualfy.svg\";a:1:{s:9:\"timestamp\";i:1744268209;}s:63:\"\/\/visualfy.acceseo.dev\/wp-content\/uploads\/2025\/01\/user-icon.svg\";a:1:{s:9:\"timestamp\";i:1744268209;}s:58:\"\/\/visualfy.acceseo.dev\/wp-content\/uploads\/2025\/01\/menu.svg\";a:1:{s:9:\"timestamp\";i:1744268209;}s:81:\"\/\/visualfy.acceseo.dev\/wp-content\/uploads\/2025\/02\/foto-ricardo-ilunion-post-1.jpg\";a:1:{s:9:\"timestamp\";i:1744268209;}s:84:\"\/\/visualfy.acceseo.dev\/wp-content\/uploads\/2025\/02\/juguetes-discapacidad-auditiva.jpg\";a:1:{s:9:\"timestamp\";i:1744268209;}s:95:\"\/\/visualfy.acceseo.dev\/wp-content\/uploads\/2025\/02\/discapacidad-auditiva-mesas-electorales-1.jpg\";a:1:{s:9:\"timestamp\";i:1744268209;}s:71:\"\/\/visualfy.acceseo.dev\/wp-content\/uploads\/2025\/02\/lectura-labial1-1.jpg\";a:1:{s:9:\"timestamp\";i:1744268209;}s:79:\"\/\/visualfy.acceseo.dev\/wp-content\/uploads\/2025\/02\/osaac-turismo-accesible-1.jpg\";a:1:{s:9:\"timestamp\";i:1744268209;}s:92:\"\/\/visualfy.acceseo.dev\/wp-content\/uploads\/2025\/02\/24-horas-persona-discapacidad-auditiva.jpg\";a:1:{s:9:\"timestamp\";i:1744268209;}s:92:\"\/\/visualfy.acceseo.dev\/wp-content\/uploads\/2025\/02\/emprendimiento-discapacidad-auditiva-1.jpg\";a:1:{s:9:\"timestamp\";i:1744268209;}s:76:\"\/\/visualfy.acceseo.dev\/wp-content\/uploads\/2025\/02\/temporizador-accesible.jpg\";a:1:{s:9:\"timestamp\";i:1744268209;}s:75:\"\/\/visualfy.acceseo.dev\/wp-content\/uploads\/2025\/02\/empresas-inclusivas-1.jpg\";a:1:{s:9:\"timestamp\";i:1744268209;}s:67:\"\/\/visualfy.acceseo.dev\/wp-content\/uploads\/2025\/02\/caixa-popular.svg\";a:1:{s:9:\"timestamp\";i:1744268209;}s:58:\"\/\/visualfy.acceseo.dev\/wp-content\/uploads\/2025\/02\/cdti.svg\";a:1:{s:9:\"timestamp\";i:1744268209;}s:58:\"\/\/visualfy.acceseo.dev\/wp-content\/uploads\/2025\/02\/cnse.svg\";a:1:{s:9:\"timestamp\";i:1744268209;}s:60:\"\/\/visualfy.acceseo.dev\/wp-content\/uploads\/2025\/02\/esteve.svg\";a:1:{s:9:\"timestamp\";i:1744268209;}s:60:\"\/\/visualfy.acceseo.dev\/wp-content\/uploads\/2025\/02\/fesord.svg\";a:1:{s:9:\"timestamp\";i:1744268209;}s:76:\"\/\/visualfy.acceseo.dev\/wp-content\/uploads\/2025\/02\/generalitat-valenciana.svg\";a:1:{s:9:\"timestamp\";i:1744268209;}s:66:\"\/\/visualfy.acceseo.dev\/wp-content\/uploads\/2025\/02\/horizon-2020.svg\";a:1:{s:9:\"timestamp\";i:1744268209;}s:59:\"\/\/visualfy.acceseo.dev\/wp-content\/uploads\/2025\/02\/ivace.svg\";a:1:{s:9:\"timestamp\";i:1744268209;}s:62:\"\/\/visualfy.acceseo.dev\/wp-content\/uploads\/2025\/02\/montsant.svg\";a:1:{s:9:\"timestamp\";i:1744268209;}s:69:\"\/\/visualfy.acceseo.dev\/wp-content\/uploads\/2025\/02\/naciones-unidas.svg\";a:1:{s:9:\"timestamp\";i:1744268209;}s:62:\"\/\/visualfy.acceseo.dev\/wp-content\/uploads\/2025\/02\/randstad.svg\";a:1:{s:9:\"timestamp\";i:1744268209;}s:64:\"\/\/visualfy.acceseo.dev\/wp-content\/uploads\/2025\/02\/telefonica.svg\";a:1:{s:9:\"timestamp\";i:1744268209;}s:66:\"\/\/visualfy.acceseo.dev\/wp-content\/uploads\/2025\/02\/wingstoclaim.svg\";a:1:{s:9:\"timestamp\";i:1744268209;}s:65:\"\/\/visualfy.acceseo.dev\/wp-content\/uploads\/2025\/01\/logo-footer.svg\";a:1:{s:9:\"timestamp\";i:1744268209;}s:88:\"\/\/visualfy.acceseo.dev\/wp-content\/uploads\/2025\/01\/union-europea-ministerio-industria.png\";a:1:{s:9:\"timestamp\";i:1744268209;}s:78:\"\/\/visualfy.acceseo.dev\/wp-content\/uploads\/2025\/01\/fondo-europeo-innovacion.png\";a:1:{s:9:\"timestamp\";i:1744268209;}s:77:\"\/\/visualfy.acceseo.dev\/wp-content\/uploads\/2025\/01\/generalitat-ivace-feder.png\";a:1:{s:9:\"timestamp\";i:1744268209;}s:85:\"\/\/visualfy.acceseo.dev\/wp-content\/uploads\/2025\/01\/generalita-ivace-cofinanciacion.png\";a:1:{s:9:\"timestamp\";i:1744268209;}s:69:\"\/\/visualfy.acceseo.dev\/wp-content\/uploads\/2025\/02\/lse-icon-button.svg\";a:1:{s:9:\"timestamp\";i:1744268209;}s:81:\"\/\/visualfy.acceseo.dev\/wp-content\/uploads\/2025\/02\/visualfy-places-placeholder.jpg\";a:1:{s:9:\"timestamp\";i:1744268209;}s:66:\"\/\/visualfy.acceseo.dev\/wp-content\/uploads\/2025\/01\/computer_404.svg\";a:1:{s:9:\"timestamp\";i:1744268209;}s:88:\"\/\/visualfy.acceseo.dev\/wp-content\/uploads\/2025\/02\/certificado-discapacidad-1-300x253.jpg\";a:1:{s:9:\"timestamp\";i:1744268375;}s:88:\"\/\/visualfy.acceseo.dev\/wp-content\/uploads\/2025\/02\/certificado-discapacidad-1-768x647.jpg\";a:1:{s:9:\"timestamp\";i:1744268375;}s:61:\"\/\/visualfy.acceseo.dev\/wp-content\/uploads\/2025\/02\/Sem-3-1.png\";a:1:{s:9:\"timestamp\";i:1744268375;}s:69:\"\/\/visualfy.acceseo.dev\/wp-content\/uploads\/2025\/02\/Sem-3-1-300x176.png\";a:1:{s:9:\"timestamp\";i:1744268375;}s:70:\"\/\/visualfy.acceseo.dev\/wp-content\/uploads\/2025\/02\/Sem-3-1-1024x600.png\";a:1:{s:9:\"timestamp\";i:1744268375;}s:69:\"\/\/visualfy.acceseo.dev\/wp-content\/uploads\/2025\/02\/Sem-3-1-768x450.png\";a:1:{s:9:\"timestamp\";i:1744268375;}s:70:\"\/\/visualfy.acceseo.dev\/wp-content\/uploads\/2025\/02\/Sem-3-1-1536x900.png\";a:1:{s:9:\"timestamp\";i:1744268375;}s:71:\"\/\/visualfy.acceseo.dev\/wp-content\/uploads\/2025\/02\/Sem-3-1-2048x1200.png\";a:1:{s:9:\"timestamp\";i:1744268375;}s:63:\"\/\/visualfy.acceseo.dev\/wp-content\/uploads\/2025\/02\/Sem-2-3-1.jpg\";a:1:{s:9:\"timestamp\";i:1744268375;}s:71:\"\/\/visualfy.acceseo.dev\/wp-content\/uploads\/2025\/02\/Sem-2-3-1-300x169.jpg\";a:1:{s:9:\"timestamp\";i:1744268375;}s:72:\"\/\/visualfy.acceseo.dev\/wp-content\/uploads\/2025\/02\/Sem-2-3-1-1024x576.jpg\";a:1:{s:9:\"timestamp\";i:1744268375;}s:71:\"\/\/visualfy.acceseo.dev\/wp-content\/uploads\/2025\/02\/Sem-2-3-1-768x432.jpg\";a:1:{s:9:\"timestamp\";i:1744268375;}s:72:\"\/\/visualfy.acceseo.dev\/wp-content\/uploads\/2025\/02\/Sem-2-3-1-1536x864.jpg\";a:1:{s:9:\"timestamp\";i:1744268375;}s:63:\"\/\/visualfy.acceseo.dev\/wp-content\/uploads\/2025\/02\/Sem-1-2-1.png\";a:1:{s:9:\"timestamp\";i:1744268375;}s:71:\"\/\/visualfy.acceseo.dev\/wp-content\/uploads\/2025\/02\/Sem-1-2-1-300x157.png\";a:1:{s:9:\"timestamp\";i:1744268375;}s:72:\"\/\/visualfy.acceseo.dev\/wp-content\/uploads\/2025\/02\/Sem-1-2-1-1024x535.png\";a:1:{s:9:\"timestamp\";i:1744268375;}s:71:\"\/\/visualfy.acceseo.dev\/wp-content\/uploads\/2025\/02\/Sem-1-2-1-768x401.png\";a:1:{s:9:\"timestamp\";i:1744268375;}}"],"_yoast_wpseo_opengraph-title":["\u00bfC\u00f3mo se consigue el certificado de discapacidad?"],"_yoast_wpseo_opengraph-description":["Te contamos qu\u00e9 es el certificado de discapacidad, c\u00f3mo conseguirlo, en qu\u00e9 beneficia a sus poseedores y qu\u00e9 tr\u00e1mites son necesarios hacer."],"_yst_prominent_words_version":["1"],"_yoast_wpseo_video_meta":["a:15:{s:2:\"id\";s:11:\"IJgkWVTI51c\";s:4:\"type\";s:7:\"youtube\";s:3:\"url\";s:28:\"https:\/\/youtu.be\/IJgkWVTI51c\";s:7:\"post_id\";s:5:\"24461\";s:5:\"title\";s:56:\"\u00bfC\u00f3mo consigo el certificado de discapacidad auditiva?\";s:16:\"publication_date\";s:25:\"2019-06-06T08:38:36+00:00\";s:11:\"description\";s:144:\"Te contamos qu\u00e9 es el certificado de discapacidad, c\u00f3mo conseguirlo, en qu\u00e9 beneficia a sus poseedores y qu\u00e9 tr\u00e1mites son necesarios hacer.\";s:10:\"player_loc\";s:41:\"https:\/\/www.youtube.com\/embed\/IJgkWVTI51c\";s:13:\"thumbnail_loc\";s:44:\"https:\/\/cdn.visualfy.com\/img\/ijgkwvti51c.jpg\";s:8:\"duration\";s:3:\"391\";s:10:\"view_count\";s:1:\"4\";s:5:\"width\";s:3:\"480\";s:6:\"height\";s:3:\"270\";s:8:\"category\";s:34:\"Estilo de vida y p\u00e9rdida auditiva\";s:3:\"tag\";a:0:{}}"],"_yoast_wpseo_videositemap-duration":[""],"_yoast_wpseo_videositemap-rating":[""],"_yoast_wpseo_metadesc":["Te contamos qu\u00e9 es el certificado de discapacidad, c\u00f3mo conseguirlo, en qu\u00e9 beneficia a sus poseedores y qu\u00e9 tr\u00e1mites son necesarios hacer."],"_yoast_wpseo_focuskw":[""],"_yoast_wpseo_content_score":[""],"cmplz_hide_cookiebanner":[""],"_wpml_location_migration_done":["1"],"_fgj2wp_old_id":[""],"_yoast_wpseo_metakeywords":[""],"_bsf_post_type":[""],"_yoast_wpseo_meta-robots-noindex":[""],"_fgj2wp_translation_association_key":[""],"_product_image_gallery":[""],"_wp_old_slug":[""],"_yoast_wpseo_title":["\u00bfC\u00f3mo consigo el certificado de discapacidad auditiva?"],"slide_template":[""],"_yoast_wpseo_opengraph-image":["https:\/\/cdn.visualfy.com\/img\/certificado-discapacidad.jpg"],"_yoast_wpseo_opengraph-image-id":["24463"],"_wp_old_date":[""],"_bsf_article_image":[""],"_bsf_article_name":[""],"_bsf_article_desc":[""],"_bsf_article_author":[""],"_bsf_article_publisher":[""],"_bsf_article_publisher_logo":[""],"_yoast_wpseo_meta-robots-nofollow":[""],"amp_status":[""],"_cmplz_scanned_post":["1"],"_encloseme":[""],"_last_translation_edit_mode":[""],"_yoast_wpseo_twitter-title":[""],"_yoast_wpseo_twitter-description":[""],"_yoast_wpseo_twitter-image":["https:\/\/cdn.visualfy.com\/img\/certificado-discapacidad.jpg"],"_yoast_wpseo_twitter-image-id":["24463"],"_yoast_wpseo_linkdex":[""],"_thumbnail_id":["5037"],"_pingme":["1"],"_edit_last":["1"],"_oembed_3d62da6cc652884018fb9bc3112ee128":["<iframe title=\"\u00bfC\u00f3mo consigo el certificado de discapacidad? -Visualfy\" width=\"500\" height=\"281\" src=\"https:\/\/www.youtube.com\/embed\/IJgkWVTI51c?feature=oembed\" frameborder=\"0\" allow=\"accelerometer; autoplay; clipboard-write; encrypted-media; gyroscope; picture-in-picture; web-share\" referrerpolicy=\"strict-origin-when-cross-origin\" allowfullscreen><\/iframe>"],"_oembed_time_3d62da6cc652884018fb9bc3112ee128":["1740646901"],"_edit_lock":["1740647242:1"],"rank_math_seo_score":["15"],"rank_math_primary_category":["33"],"_uag_custom_page_level_css":[""],"footnotes":[""],"lse_enlace":["https:\/\/youtu.be\/IJgkWVTI51c"],"_lse_enlace":["field_67b5db1d9d4ca"],"_betterdocs_reusable_block_ids":["a:0:{}"],"copied_media_ids":["a:1:{i:0;i:7321;}"],"referenced_media_ids":["a:1:{i:0;i:5037;}"]},"uagb_featured_image_src":{"full":["https:\/\/www.visualfy.com\/wp-content\/uploads\/2025\/02\/certificado-discapacidad-1.jpg",900,758,false],"thumbnail":["https:\/\/www.visualfy.com\/wp-content\/uploads\/2025\/02\/certificado-discapacidad-1-150x150.jpg",150,150,true],"medium":["https:\/\/www.visualfy.com\/wp-content\/uploads\/2025\/02\/certificado-discapacidad-1-300x253.jpg",300,253,true],"medium_large":["https:\/\/www.visualfy.com\/wp-content\/uploads\/2025\/02\/certificado-discapacidad-1-768x647.jpg",768,647,true],"large":["https:\/\/www.visualfy.com\/wp-content\/uploads\/2025\/02\/certificado-discapacidad-1.jpg",900,758,false],"1536x1536":["https:\/\/www.visualfy.com\/wp-content\/uploads\/2025\/02\/certificado-discapacidad-1.jpg",900,758,false],"2048x2048":["https:\/\/www.visualfy.com\/wp-content\/uploads\/2025\/02\/certificado-discapacidad-1.jpg",900,758,false]},"uagb_author_info":{"display_name":"visualfy","author_link":"https:\/\/www.visualfy.com\/es\/author\/visualfy\/"},"uagb_comment_info":0,"uagb_excerpt":"Una vez que diagnostican a un ni\u00f1o discapacidad auditiva es l\u00f3gico que los padres se pregunten, \u00bfy ahora qu\u00e9? Adem\u00e1s de acudir a nuestra asociaci\u00f3n m\u00e1s cercana para recibir asesoramiento deber\u00edamos tramitar cuanto antes el Certificado de Discapacidad. Con \u00e9l haremos oficial la discapacidad de nuestro hijo o hija para que pueda gozar de los&hellip;","_links":{"self":[{"href":"https:\/\/www.visualfy.com\/es\/wp-json\/wp\/v2\/posts\/7319","targetHints":{"allow":["GET"]}}],"collection":[{"href":"https:\/\/www.visualfy.com\/es\/wp-json\/wp\/v2\/posts"}],"about":[{"href":"https:\/\/www.visualfy.com\/es\/wp-json\/wp\/v2\/types\/post"}],"author":[{"embeddable":true,"href":"https:\/\/www.visualfy.com\/es\/wp-json\/wp\/v2\/users\/2"}],"replies":[{"embeddable":true,"href":"https:\/\/www.visualfy.com\/es\/wp-json\/wp\/v2\/comments?post=7319"}],"version-history":[{"count":0,"href":"https:\/\/www.visualfy.com\/es\/wp-json\/wp\/v2\/posts\/7319\/revisions"}],"wp:featuredmedia":[{"embeddable":true,"href":"https:\/\/www.visualfy.com\/es\/wp-json\/wp\/v2\/media\/5037"}],"wp:attachment":[{"href":"https:\/\/www.visualfy.com\/es\/wp-json\/wp\/v2\/media?parent=7319"}],"wp:term":[{"taxonomy":"category","embeddable":true,"href":"https:\/\/www.visualfy.com\/es\/wp-json\/wp\/v2\/categories?post=7319"},{"taxonomy":"post_tag","embeddable":true,"href":"https:\/\/www.visualfy.com\/es\/wp-json\/wp\/v2\/tags?post=7319"}],"curies":[{"name":"wp","href":"https:\/\/api.w.org\/{rel}","templated":true}]}}