{"id":7249,"date":"2019-02-19T10:06:17","date_gmt":"2019-02-19T10:06:17","guid":{"rendered":"https:\/\/www.visualfy.com\/vicente-marzal-artista\/"},"modified":"2025-02-26T09:22:15","modified_gmt":"2025-02-26T09:22:15","slug":"vicente-marzal-artista","status":"publish","type":"post","link":"https:\/\/www.visualfy.com\/es\/vicente-marzal-artista\/","title":{"rendered":"Vicente Marzal: silencio, sonido y arte en Nueva York"},"content":{"rendered":"\n<p>El pintor valenciano con p\u00e9rdida auditiva expone en Estados Unidos su particular obra, que traduce el mundo del sonido, y su ausencia, en luz, color y emoci\u00f3n.&nbsp; <\/p>\n\n\n\n<p>Quiz\u00e1 su nombre, al gran p\u00fablico, todav\u00eda no le suene. Pero tenedlo presente, porque la carrera de la persona a la que hoy entrevistamos est\u00e1 al alza, y es uno de los artistas j\u00f3venes espa\u00f1oles con mayor proyecci\u00f3n internacional. Pintor y escultor, <a href=\"http:\/\/www.vicentemarzal.es\/\" target=\"_blank\" rel=\"noopener\">Vicente Marzal <\/a>tiene como hilo conductor de su obra el silencio y el sonido. Ya sab\u00e9is que, en Visualfy, esas dos palabras siempre est\u00e1n muy ligadas a nuestro vocabulario.<\/p>\n\n\n\n<p>Y queremos que conozc\u00e1is por qu\u00e9, para Vicente Marzal, estas dos palabras son tambi\u00e9n tan importantes.<\/p>\n\n\n\n<p><strong>Vicente, \u00bfpuedes presentarte a nuestros lectores?<\/strong><\/p>\n\n\n\n<p>Hola, &nbsp;me llamo <a href=\"http:\/\/www.vicentemarzal.es\" target=\"_blank\" rel=\"noopener\">Vicente Marzal<\/a>, tengo 27 a\u00f1os, nac\u00ed en Valencia y soy pintor y escultor.<\/p>\n\n\n\n<div class=\"wp-block-columns is-layout-flex wp-container-core-columns-is-layout-28f84493 wp-block-columns-is-layout-flex\">\n<div class=\"wp-block-column is-layout-flow wp-block-column-is-layout-flow\" style=\"flex-basis:33.33%\">\n<figure class=\"wp-block-image alignleft size-full is-resized\"><img decoding=\"async\" width=\"800\" height=\"833\" src=\"https:\/\/www.visualfy.com\/wp-content\/uploads\/2019\/02\/vicente-marzal-artista.webp\" alt=\"Vicente Marzal artista\" class=\"wp-image-2058\" style=\"width:379px;height:393px\" srcset=\"https:\/\/www.visualfy.com\/wp-content\/uploads\/2019\/02\/vicente-marzal-artista.webp 800w, https:\/\/www.visualfy.com\/wp-content\/uploads\/2019\/02\/vicente-marzal-artista-288x300.webp 288w, https:\/\/www.visualfy.com\/wp-content\/uploads\/2019\/02\/vicente-marzal-artista-768x800.webp 768w\" sizes=\"(max-width: 800px) 100vw, 800px\" \/><figcaption class=\"wp-element-caption\">Vicente Marzal artista<\/figcaption><\/figure>\n<\/div>\n\n\n\n<div class=\"wp-block-column is-layout-flow wp-block-column-is-layout-flow\" style=\"flex-basis:66.66%\">\n<p><strong>\u00bfNos puedes\ndar alg\u00fan apunte de tu formaci\u00f3n como artista?<\/strong><\/p>\n\n\n\n<p>Me considero una persona luchadora, alegre, innovadora, divertida y trabajadora. Mi pasi\u00f3n es el mundo del arte, el dise\u00f1o y la fotograf\u00eda. Tambi\u00e9n conversar, conocer&nbsp;personas y culturas, y hacer mucho deporte. Soy usuario de un implante coclear desde el a\u00f1o 1991.<\/p>\n\n\n\n<p>El dibujo ha estado presente en mi vida\ndesde mis primeros recuerdos; a los 4 a\u00f1os, mis padres ya me apuntaron a una\nacademia de dibujo.<\/p>\n<\/div>\n<\/div>\n\n\n\n<p>Esa pasi\u00f3n sigui\u00f3 creciendo, y comenc\u00e9 a\nser muy autodidacta, a investigar y experimentar mucho por mi cuenta.<\/p>\n\n\n\n<p>Tras acabar el bachillerato de Arte en la Escuela de Artesanos, decid\u00ed irme 6 meses a Florencia; aunque no conoc\u00eda a nadie, ni ten\u00eda mucha idea de italiano, sent\u00eda la necesidad de conocer otras t\u00e9cnicas para ampliar mi visi\u00f3n.<\/p>\n\n\n\n<p><strong>C\u00f3mo\nsupiste, o se fue definiendo, el camino que deseabas seguir en tu carrera como\nartista?<\/strong><\/p>\n\n\n\n<p>Yo siempre quise dedicarme al arte, aunque es muy un mundo muy complicado si el objetivo es dedicarse profesionalmente a \u00e9l. He puesto muchas ganas en prosperar, y ten\u00eda claro que deb\u00eda formarme visitando museos, galer\u00edas, y ferias de arte. Cosas del destino me llevaron a darme a conocer en el extranjero, y por supuesto en Espa\u00f1a.<\/p>\n\n\n\n<p><strong>\u00bfPuedes\nse\u00f1alarnos alg\u00fan hito de tu carrera del que te sientas especialmente orgulloso?<\/strong><\/p>\n\n\n\n<p>\u00bfUn hito? 2015, mi primera Exposici\u00f3n en\nVal\u00e8ncia, despu\u00e9s de que varias galer\u00edas de me dijeran que no. Me di cuenta que\npod\u00eda perfectamente seguir avanzando y buscando otros lugares&nbsp;<\/p>\n\n\n\n<p>Y luego, por supuesto, mi primera\nexposici\u00f3n en Manhattan, New York; eso s\u00ed fue un gran logro, pues me fui solo a\nesa extraordinaria ciudad y tuve que buscarme la vida. <\/p>\n\n\n\n<p>Todo sin saber ingl\u00e9s ni conocer a nadie. En este punto, quiero dar las gracias a mi gran amigo Wesley. \u00c9l me ayud\u00f3 mucho en ese momento de mi carrera.<\/p>\n\n\n\n<p><strong>\u00bfC\u00f3mo\ndefinir\u00edas conceptualmente tu obra?<\/strong><\/p>\n\n\n\n<p>Mi obra yo la defino como \u00fanica: tengo mi propio estilo y marca, no copio nada y cosa que ideo la plasmo en un cuadro. Colorido, magia y sobre todo luz; que al verla entiendas mi sentimiento.<\/p>\n\n\n\n<p><strong>Sabemos que\neres usuario de un implante coclear, \u00bfpuedes hablarnos de ello?<\/strong><\/p>\n\n\n\n<p>Fui operado a los 8 a\u00f1os, de mi o\u00eddo derecho. En el izquierdo no tengo nada de audici\u00f3n. Utilic\u00e9 una emisora FM cuando estaba estudiando, y siempre me pon\u00edan en primera fila de la clase para tambi\u00e9n escuchar y poder hacer una buena lectura labial a los profesores.<\/p>\n\n\n\n<figure class=\"wp-block-image\"><img decoding=\"async\" src=\"https:\/\/www.visualfy.com\/wp-content\/uploads\/2025\/02\/obra-vicente-marza-1.jpg\" alt=\"Cuadros de Vicente Marza\" class=\"wp-image-22113\"\/><\/figure>\n\n\n\n<p><strong>\u00bfSientes que\npara el desarrollo de tu profesi\u00f3n, el ser usuario de implante coclear supone\nalg\u00fan handicap en ocasiones?<\/strong><\/p>\n\n\n\n<p>Siempre pens\u00e9 que ser\u00eda as\u00ed, pero luego, a la hora de la verdad, me di cuenta de que mi sordera influ\u00eda mucho menos de lo que imaginaba. Con ganas de superaci\u00f3n, y con que las personas con las que he de tratar sean conscientes de que llevo un implante coclear porque soy sordo, es suficiente.<\/p>\n\n\n\n<p><strong>Sabemos que\nhas dedicado una obra a tu implante coclear, y que la audici\u00f3n tambi\u00e9n es el\nhilo conductor de algunos de tus trabajos&#8230; \u00bfes importante para ti visibilizar\nla sordera?<\/strong><\/p>\n\n\n\n<p>S\u00ed, tengo obras dedicadas al implante y\nal tema del sonido. Para m\u00ed es una forma de expresar c\u00f3mo se siente una persona\nsin escuchar, y el cambio que experimenta una vez es implantada.&nbsp;La\napertura al mundo del sonido.<\/p>\n\n\n\n<p>Intento trasmitir mis sentimientos y cada obra tiene su historia, titulo y explicaci\u00f3n detallada para que se entienda mejor.<\/p>\n\n\n\n<p><strong>\u00bfCu\u00e1les son\ntus sue\u00f1os o las metas que te gustar\u00eda alcanzar en tu carrera?<\/strong><\/p>\n\n\n\n<p>Mi sue\u00f1o es seguir pintando, exponiendo\nen cualquier lugar del mundo donde valoren mi arte, y demostrar que, con\nilusi\u00f3n, se pueden superar muchas barreras y hacer aquello que te hace feliz.&nbsp;<\/p>\n\n\n\n<p>Y hacer lo que a m\u00ed me hace feliz es pintar; dentro de&nbsp;m\u00ed hay&nbsp;muchas ideas para nuevas obras.<\/p>\n\n\n<span class='bctt-click-to-tweet'><span class='bctt-ctt-text'><a href=\"https:\/\/x.com\/intent\/tweet?url=https%3A%2F%2Fwww.visualfy.com%2Fes%2Fvicente-marzal-artista%2F&#038;text=Pintor%20y%20escultor%2C%20Vicente%20Marzalu003ca%20href%3Du0022http%3A%2F%2Fwww.vicentemarzal.es%2Fu0022u003e%20u003c%2Fau003etiene%20como%20hilo%20conductor%20de%20su%20obra%20el%20silencio%20y%20el%20sonido.%20&#038;via=visualfy&#038;related=visualfy\" target=\"_blank\" rel=\"noopener noreferrer\">Pintor y escultor, Vicente Marzalu003ca href=u0022http:\/\/www.vicentemarzal.es\/u0022u003e u003c\/au003etiene como hilo conductor de su obra el silencio y el sonido.  <\/a><\/span><a href=\"https:\/\/x.com\/intent\/tweet?url=https%3A%2F%2Fwww.visualfy.com%2Fes%2Fvicente-marzal-artista%2F&#038;text=Pintor%20y%20escultor%2C%20Vicente%20Marzalu003ca%20href%3Du0022http%3A%2F%2Fwww.vicentemarzal.es%2Fu0022u003e%20u003c%2Fau003etiene%20como%20hilo%20conductor%20de%20su%20obra%20el%20silencio%20y%20el%20sonido.%20&#038;via=visualfy&#038;related=visualfy\" target=\"_blank\" class=\"bctt-ctt-btn\" rel=\"noopener noreferrer\">Compartir en X<\/a><\/span>\n\n\n<p><strong>\u00bfPodr\u00edas\ndedicar unas palabras a esos padres de ni\u00f1os sordos que tienen dudas respecto a\ncu\u00e1l va a ser el futuro de sus hijos?<\/strong><\/p>\n\n\n\n<p>Cuando me preguntan, yo siempre\naconsejo, siempre que sea posible, que los ni\u00f1os sean usuarios de implante coclear desde bien peque\u00f1os.\nSiento que yo, gracias a mi implante, he podido recorrer el mundo y conocer\npersonas y culturas maravillosas. S\u00e9 que hay padres que dudan, es normal tener\npreguntas o sentir miedos. Desde cualquier asociaci\u00f3n les remitir\u00e1n a otros\npadres cuyos hijos llevan un implante coclear y les ayudar\u00e1n a resolver esas\ndudas.<\/p>\n\n\n\n<p>Que nunca dejen de animar a sus hijos\ncomo mis padres hicieron; que intenten comprender que necesitamos apoyo y\ncari\u00f1o. Y que no tengan ninguna clase de complejo, ni ellos ni sus hijos. <\/p>\n\n\n\n<p>El futuro de sus hijos, con entusiasmo y esfuerzo, ser\u00e1 el mismo que el de cualquier otro ni\u00f1o. <\/p>\n","protected":false},"excerpt":{"rendered":"<p>El pintor valenciano con p\u00e9rdida auditiva expone en Estados Unidos su particular obra, que traduce el mundo del sonido, y su ausencia, en luz, color y emoci\u00f3n.&nbsp; Quiz\u00e1 su nombre, al gran p\u00fablico, todav\u00eda no le suene. Pero tenedlo presente, porque la carrera de la persona a la que hoy entrevistamos est\u00e1 al alza, y [&hellip;]<\/p>\n","protected":false},"author":2,"featured_media":4823,"comment_status":"open","ping_status":"open","sticky":false,"template":"","format":"standard","meta":{"_acf_changed":false,"content-type":"","_uag_custom_page_level_css":"","footnotes":""},"categories":[33],"tags":[],"class_list":["post-7249","post","type-post","status-publish","format-standard","has-post-thumbnail","hentry","category-estilo-de-vida"],"acf":[],"spectra_custom_meta":{"_wp_page_template":["default"],"rank_math_internal_links_processed":["1"],"_wpml_word_count":["{\"total\":995,\"to_translate\":{\"en\":995}}"],"_yoast_wpseo_primary_category":["6450"],"_yoast_wpseo_keywordsynonyms":["[\"\"]"],"_wpml_media_duplicate":["0"],"_wpml_media_featured":["0"],"_yoast_wpseo_focuskeywords":["[]"],"_et_monarch_override":[""],"amazonS3_cache":["a:48:{s:72:\"\/\/www.visualfy.com\/wp-content\/uploads\/2019\/02\/vicente-marzal-artista.jpg\";i:22117;s:49:\"\/\/cdn.visualfy.com\/img\/vicente-marzal-artista.jpg\";i:22117;s:68:\"\/\/www.visualfy.com\/wp-content\/uploads\/2019\/02\/obra-vicente-marza.jpg\";i:22113;s:45:\"\/\/cdn.visualfy.com\/img\/obra-vicente-marza.jpg\";i:22113;s:77:\"\/\/visualfy.acceseo.dev\/wp-content\/uploads\/2019\/02\/vicente-marzal-artista.webp\";a:1:{s:9:\"timestamp\";i:1744269455;}s:74:\"\/\/visualfy.acceseo.dev\/wp-content\/uploads\/2025\/02\/obra-vicente-marza-1.jpg\";a:1:{s:9:\"timestamp\";i:1744269454;}s:74:\"\/\/visualfy.acceseo.dev\/wp-content\/uploads\/2025\/02\/obra-vicente-marza-2.jpg\";a:1:{s:9:\"timestamp\";i:1744269454;}s:69:\"\/\/visualfy.acceseo.dev\/wp-content\/uploads\/2025\/02\/lse-icon-button.svg\";a:1:{s:9:\"timestamp\";i:1744269454;}s:81:\"\/\/visualfy.acceseo.dev\/wp-content\/uploads\/2025\/02\/visualfy-places-placeholder.jpg\";a:1:{s:9:\"timestamp\";i:1744269454;}s:66:\"\/\/visualfy.acceseo.dev\/wp-content\/uploads\/2025\/01\/computer_404.svg\";a:1:{s:9:\"timestamp\";i:1744269454;}s:63:\"\/\/visualfy.acceseo.dev\/wp-content\/uploads\/2025\/01\/user-icon.svg\";a:1:{s:9:\"timestamp\";i:1744269454;}s:58:\"\/\/visualfy.acceseo.dev\/wp-content\/uploads\/2025\/01\/menu.svg\";a:1:{s:9:\"timestamp\";i:1744269454;}s:67:\"\/\/visualfy.acceseo.dev\/wp-content\/uploads\/2025\/01\/logo-visualfy.svg\";a:1:{s:9:\"timestamp\";i:1744269454;}s:65:\"\/\/visualfy.acceseo.dev\/wp-content\/uploads\/2025\/01\/logo-footer.svg\";a:1:{s:9:\"timestamp\";i:1744269454;}s:88:\"\/\/visualfy.acceseo.dev\/wp-content\/uploads\/2025\/01\/union-europea-ministerio-industria.png\";a:1:{s:9:\"timestamp\";i:1744269454;}s:78:\"\/\/visualfy.acceseo.dev\/wp-content\/uploads\/2025\/01\/fondo-europeo-innovacion.png\";a:1:{s:9:\"timestamp\";i:1744269454;}s:77:\"\/\/visualfy.acceseo.dev\/wp-content\/uploads\/2025\/01\/generalitat-ivace-feder.png\";a:1:{s:9:\"timestamp\";i:1744269454;}s:85:\"\/\/visualfy.acceseo.dev\/wp-content\/uploads\/2025\/01\/generalita-ivace-cofinanciacion.png\";a:1:{s:9:\"timestamp\";i:1744269454;}s:85:\"\/\/visualfy.acceseo.dev\/wp-content\/uploads\/2019\/02\/vicente-marzal-artista-288x300.webp\";a:1:{s:9:\"timestamp\";i:1744269455;}s:85:\"\/\/visualfy.acceseo.dev\/wp-content\/uploads\/2019\/02\/vicente-marzal-artista-768x800.webp\";a:1:{s:9:\"timestamp\";i:1744269455;}s:61:\"\/\/visualfy.acceseo.dev\/wp-content\/uploads\/2025\/02\/Sem-3-1.png\";a:1:{s:9:\"timestamp\";i:1744269455;}s:69:\"\/\/visualfy.acceseo.dev\/wp-content\/uploads\/2025\/02\/Sem-3-1-300x176.png\";a:1:{s:9:\"timestamp\";i:1744269455;}s:70:\"\/\/visualfy.acceseo.dev\/wp-content\/uploads\/2025\/02\/Sem-3-1-1024x600.png\";a:1:{s:9:\"timestamp\";i:1744269455;}s:69:\"\/\/visualfy.acceseo.dev\/wp-content\/uploads\/2025\/02\/Sem-3-1-768x450.png\";a:1:{s:9:\"timestamp\";i:1744269455;}s:70:\"\/\/visualfy.acceseo.dev\/wp-content\/uploads\/2025\/02\/Sem-3-1-1536x900.png\";a:1:{s:9:\"timestamp\";i:1744269455;}s:71:\"\/\/visualfy.acceseo.dev\/wp-content\/uploads\/2025\/02\/Sem-3-1-2048x1200.png\";a:1:{s:9:\"timestamp\";i:1744269455;}s:63:\"\/\/visualfy.acceseo.dev\/wp-content\/uploads\/2025\/02\/Sem-2-3-1.jpg\";a:1:{s:9:\"timestamp\";i:1744269455;}s:71:\"\/\/visualfy.acceseo.dev\/wp-content\/uploads\/2025\/02\/Sem-2-3-1-300x169.jpg\";a:1:{s:9:\"timestamp\";i:1744269455;}s:72:\"\/\/visualfy.acceseo.dev\/wp-content\/uploads\/2025\/02\/Sem-2-3-1-1024x576.jpg\";a:1:{s:9:\"timestamp\";i:1744269455;}s:71:\"\/\/visualfy.acceseo.dev\/wp-content\/uploads\/2025\/02\/Sem-2-3-1-768x432.jpg\";a:1:{s:9:\"timestamp\";i:1744269455;}s:72:\"\/\/visualfy.acceseo.dev\/wp-content\/uploads\/2025\/02\/Sem-2-3-1-1536x864.jpg\";a:1:{s:9:\"timestamp\";i:1744269455;}s:63:\"\/\/visualfy.acceseo.dev\/wp-content\/uploads\/2025\/02\/Sem-1-2-1.png\";a:1:{s:9:\"timestamp\";i:1744269455;}s:71:\"\/\/visualfy.acceseo.dev\/wp-content\/uploads\/2025\/02\/Sem-1-2-1-300x157.png\";a:1:{s:9:\"timestamp\";i:1744269455;}s:72:\"\/\/visualfy.acceseo.dev\/wp-content\/uploads\/2025\/02\/Sem-1-2-1-1024x535.png\";a:1:{s:9:\"timestamp\";i:1744269455;}s:71:\"\/\/visualfy.acceseo.dev\/wp-content\/uploads\/2025\/02\/Sem-1-2-1-768x401.png\";a:1:{s:9:\"timestamp\";i:1744269455;}s:67:\"\/\/visualfy.acceseo.dev\/wp-content\/uploads\/2025\/02\/caixa-popular.svg\";a:1:{s:9:\"timestamp\";i:1744269455;}s:58:\"\/\/visualfy.acceseo.dev\/wp-content\/uploads\/2025\/02\/cdti.svg\";a:1:{s:9:\"timestamp\";i:1744269455;}s:58:\"\/\/visualfy.acceseo.dev\/wp-content\/uploads\/2025\/02\/cnse.svg\";a:1:{s:9:\"timestamp\";i:1744269455;}s:60:\"\/\/visualfy.acceseo.dev\/wp-content\/uploads\/2025\/02\/esteve.svg\";a:1:{s:9:\"timestamp\";i:1744269455;}s:60:\"\/\/visualfy.acceseo.dev\/wp-content\/uploads\/2025\/02\/fesord.svg\";a:1:{s:9:\"timestamp\";i:1744269455;}s:76:\"\/\/visualfy.acceseo.dev\/wp-content\/uploads\/2025\/02\/generalitat-valenciana.svg\";a:1:{s:9:\"timestamp\";i:1744269455;}s:66:\"\/\/visualfy.acceseo.dev\/wp-content\/uploads\/2025\/02\/horizon-2020.svg\";a:1:{s:9:\"timestamp\";i:1744269455;}s:59:\"\/\/visualfy.acceseo.dev\/wp-content\/uploads\/2025\/02\/ivace.svg\";a:1:{s:9:\"timestamp\";i:1744269455;}s:62:\"\/\/visualfy.acceseo.dev\/wp-content\/uploads\/2025\/02\/montsant.svg\";a:1:{s:9:\"timestamp\";i:1744269455;}s:69:\"\/\/visualfy.acceseo.dev\/wp-content\/uploads\/2025\/02\/naciones-unidas.svg\";a:1:{s:9:\"timestamp\";i:1744269455;}s:62:\"\/\/visualfy.acceseo.dev\/wp-content\/uploads\/2025\/02\/randstad.svg\";a:1:{s:9:\"timestamp\";i:1744269455;}s:64:\"\/\/visualfy.acceseo.dev\/wp-content\/uploads\/2025\/02\/telefonica.svg\";a:1:{s:9:\"timestamp\";i:1744269455;}s:66:\"\/\/visualfy.acceseo.dev\/wp-content\/uploads\/2025\/02\/wingstoclaim.svg\";a:1:{s:9:\"timestamp\";i:1744269455;}}"],"_yoast_wpseo_opengraph-title":[""],"_yoast_wpseo_opengraph-description":["El pintor valenciano expone en Estados Unidos su particular obra, que traduce el mundo del sonido, y su ausencia, en luz, color y emoci\u00f3n."],"_yst_prominent_words_version":["1"],"_yoast_wpseo_video_meta":["a:15:{s:2:\"id\";s:11:\"TuhlBMyiYXw\";s:4:\"type\";s:7:\"youtube\";s:3:\"url\";s:28:\"https:\/\/youtu.be\/TuhlBMyiYXw\";s:7:\"post_id\";s:5:\"22111\";s:5:\"title\";s:74:\"Vicente Marzal: silencio, sonido y arte en Nueva York &amp;#8902; Visualfy\";s:16:\"publication_date\";s:25:\"2019-02-19T10:06:17+00:00\";s:11:\"description\";s:153:\"El pintor y escultor valenciano Vicente Marzal se ha convertido en una de las j\u00f3venes promesas del arte espa\u00f1ol. Descubre la entrevista que le hicimos.\";s:10:\"player_loc\";s:41:\"https:\/\/www.youtube.com\/embed\/TuhlBMyiYXw\";s:13:\"thumbnail_loc\";s:44:\"https:\/\/cdn.visualfy.com\/img\/tuhlbmyiyxw.jpg\";s:8:\"duration\";s:3:\"466\";s:10:\"view_count\";s:1:\"5\";s:5:\"width\";s:3:\"480\";s:6:\"height\";s:3:\"270\";s:8:\"category\";s:34:\"Estilo de vida y p\u00e9rdida auditiva\";s:3:\"tag\";a:0:{}}"],"_yoast_wpseo_videositemap-duration":["466"],"_yoast_wpseo_videositemap-rating":["0"],"_yoast_wpseo_metadesc":["El pintor y escultor valenciano Vicente Marzal se ha convertido en una de las j\u00f3venes promesas del arte espa\u00f1ol. Descubre la entrevista que le hicimos."],"_yoast_wpseo_focuskw":[""],"_yoast_wpseo_content_score":[""],"cmplz_hide_cookiebanner":[""],"_wpml_location_migration_done":["1"],"_fgj2wp_old_id":[""],"_yoast_wpseo_metakeywords":[""],"_bsf_post_type":[""],"_yoast_wpseo_meta-robots-noindex":["2"],"_fgj2wp_translation_association_key":[""],"_product_image_gallery":[""],"_wp_old_slug":[""],"_yoast_wpseo_title":[""],"slide_template":[""],"_yoast_wpseo_opengraph-image":["https:\/\/cdn.visualfy.com\/img\/obra-vicente-marza.jpg"],"_yoast_wpseo_opengraph-image-id":["22113"],"_wp_old_date":[""],"_bsf_article_image":[""],"_bsf_article_name":[""],"_bsf_article_desc":[""],"_bsf_article_author":[""],"_bsf_article_publisher":[""],"_bsf_article_publisher_logo":[""],"_yoast_wpseo_meta-robots-nofollow":[""],"amp_status":[""],"_cmplz_scanned_post":["1"],"_encloseme":[""],"_last_translation_edit_mode":[""],"_yoast_wpseo_twitter-title":[""],"_yoast_wpseo_twitter-description":[""],"_yoast_wpseo_twitter-image":[""],"_yoast_wpseo_twitter-image-id":[""],"_yoast_wpseo_linkdex":[""],"_thumbnail_id":["4823"],"_oembed_8b71068e7f0c22ea076253c389da2474":["<iframe title=\"Vicente Marzal: silencio, sonido y arte en Nueva York\" width=\"500\" height=\"281\" src=\"https:\/\/www.youtube.com\/embed\/TuhlBMyiYXw?feature=oembed\" frameborder=\"0\" allow=\"accelerometer; autoplay; clipboard-write; encrypted-media; gyroscope; picture-in-picture; web-share\" referrerpolicy=\"strict-origin-when-cross-origin\" allowfullscreen><\/iframe>"],"_oembed_time_8b71068e7f0c22ea076253c389da2474":["1740561493"],"_edit_lock":["1740561736:1"],"rank_math_primary_category":["33"],"rank_math_seo_score":["21"],"_pingme":["1"],"_uag_custom_page_level_css":[""],"footnotes":[""],"_edit_last":["1"],"lse_enlace":["https:\/\/youtu.be\/TuhlBMyiYXw"],"_lse_enlace":["field_67b5db1d9d4ca"],"_betterdocs_reusable_block_ids":["a:0:{}"],"copied_media_ids":["a:2:{i:0;i:2058;i:1;i:4821;}"],"referenced_media_ids":["a:1:{i:0;i:4823;}"]},"uagb_featured_image_src":{"full":["https:\/\/www.visualfy.com\/wp-content\/uploads\/2025\/02\/obra-vicente-marza-2.jpg",900,513,false],"thumbnail":["https:\/\/www.visualfy.com\/wp-content\/uploads\/2025\/02\/obra-vicente-marza-2-150x150.jpg",150,150,true],"medium":["https:\/\/www.visualfy.com\/wp-content\/uploads\/2025\/02\/obra-vicente-marza-2-300x171.jpg",300,171,true],"medium_large":["https:\/\/www.visualfy.com\/wp-content\/uploads\/2025\/02\/obra-vicente-marza-2-768x438.jpg",768,438,true],"large":["https:\/\/www.visualfy.com\/wp-content\/uploads\/2025\/02\/obra-vicente-marza-2.jpg",900,513,false],"1536x1536":["https:\/\/www.visualfy.com\/wp-content\/uploads\/2025\/02\/obra-vicente-marza-2.jpg",900,513,false],"2048x2048":["https:\/\/www.visualfy.com\/wp-content\/uploads\/2025\/02\/obra-vicente-marza-2.jpg",900,513,false]},"uagb_author_info":{"display_name":"visualfy","author_link":"https:\/\/www.visualfy.com\/es\/author\/visualfy\/"},"uagb_comment_info":0,"uagb_excerpt":"El pintor valenciano con p\u00e9rdida auditiva expone en Estados Unidos su particular obra, que traduce el mundo del sonido, y su ausencia, en luz, color y emoci\u00f3n.&nbsp; Quiz\u00e1 su nombre, al gran p\u00fablico, todav\u00eda no le suene. Pero tenedlo presente, porque la carrera de la persona a la que hoy entrevistamos est\u00e1 al alza, y&hellip;","_links":{"self":[{"href":"https:\/\/www.visualfy.com\/es\/wp-json\/wp\/v2\/posts\/7249","targetHints":{"allow":["GET"]}}],"collection":[{"href":"https:\/\/www.visualfy.com\/es\/wp-json\/wp\/v2\/posts"}],"about":[{"href":"https:\/\/www.visualfy.com\/es\/wp-json\/wp\/v2\/types\/post"}],"author":[{"embeddable":true,"href":"https:\/\/www.visualfy.com\/es\/wp-json\/wp\/v2\/users\/2"}],"replies":[{"embeddable":true,"href":"https:\/\/www.visualfy.com\/es\/wp-json\/wp\/v2\/comments?post=7249"}],"version-history":[{"count":0,"href":"https:\/\/www.visualfy.com\/es\/wp-json\/wp\/v2\/posts\/7249\/revisions"}],"wp:featuredmedia":[{"embeddable":true,"href":"https:\/\/www.visualfy.com\/es\/wp-json\/wp\/v2\/media\/4823"}],"wp:attachment":[{"href":"https:\/\/www.visualfy.com\/es\/wp-json\/wp\/v2\/media?parent=7249"}],"wp:term":[{"taxonomy":"category","embeddable":true,"href":"https:\/\/www.visualfy.com\/es\/wp-json\/wp\/v2\/categories?post=7249"},{"taxonomy":"post_tag","embeddable":true,"href":"https:\/\/www.visualfy.com\/es\/wp-json\/wp\/v2\/tags?post=7249"}],"curies":[{"name":"wp","href":"https:\/\/api.w.org\/{rel}","templated":true}]}}