{"id":7213,"date":"2018-12-04T07:28:15","date_gmt":"2018-12-04T07:28:15","guid":{"rendered":"https:\/\/www.visualfy.com\/personas-sordas-integracion-laboral\/"},"modified":"2025-02-26T10:14:16","modified_gmt":"2025-02-26T10:14:16","slug":"personas-sordas-integracion-laboral","status":"publish","type":"post","link":"https:\/\/www.visualfy.com\/es\/personas-sordas-integracion-laboral\/","title":{"rendered":"Personas sordas e integraci\u00f3n laboral"},"content":{"rendered":"\n<blockquote class=\"wp-block-quote is-layout-flow wp-block-quote-is-layout-flow\">\n<p><strong>La Fundaci\u00f3n Randstad nos cuenta c\u00f3mo encontrar trabajo y afrontar una entrevista si tienes una discapacidad auditiva<\/strong><\/p>\n<\/blockquote>\n\n\n\n<p><strong>&nbsp;<\/strong>\n\nDesde Visualfy siempre buscamos entrevistar a todos aquellos profesionales que puedan aportarnos informaci\u00f3n de inter\u00e9s para las personas sordas. En anteriores post ya hablamos de <a href=\"https:\/\/www.visualfy.com\/es\/profesionales-sordos-y-la-perdida-auditiva-en-el-ambito-laboral-consejos-para-que-nada-te-pare\/\">consejos laborales para personas sordas que trabajan en entornos oyentes<\/a> , e incluso de <a href=\"https:\/\/www.visualfy.com\/es\/mi-sordera-influye-de-manera-muy-positiva-en-mi-trabajo\/\">profesionales a los que su sordera les hace ser mucho m\u00e1s emp\u00e1ticos y positivos en sus puestos de trabajo.<\/a>\n\nY hoy nos hemos desplazado hasta la sede de Fundaci\u00f3n Randstad en la Comunidad Valenciana, donde vamos a conocer a Teresa Cordente. Teresa es la Directora de Fundaci\u00f3n Randstad en la Comunidad Valenciana, y la cabeza visible de sus proyectos m\u00e1s emblem\u00e1ticos. Queremos que nos hable de su experiencia en la<strong> integraci\u00f3n laboral de personas sordas<\/strong>, as\u00ed como del<strong> \u201cPrograma Integrados\u201d<\/strong>, que aboga por la empleabilidad y la inserci\u00f3n laboral de personas con discapacidad.\n\n<strong>&nbsp;<\/strong><strong>P: Hola, Teresa \u00bfPuedes presentarte para nuestros lectores?<\/strong>\n\nR: Hola, soy Teresa Cordente,&nbsp;Directora de Fundaci\u00f3n Randstad en Comunidad Valenciana.\n\n<strong>P: \u00bfTen\u00e9is experiencia en procesos de selecci\u00f3n de personas sordas?<\/strong>\n\nR: Desde la Fundaci\u00f3n Randstad trabajamos por la <strong>inserci\u00f3n social y laboral<\/strong> de las personas con&nbsp;discapacidad&nbsp;y, entre ellas, atendemos a personas con discapacidades auditivas.\n\n<\/p>\n\n\n\n<figure class=\"wp-block-image aligncenter\"><img decoding=\"async\" src=\"https:\/\/www.visualfy.com\/wp-content\/uploads\/2025\/02\/Teresa-Cordente-directora-Fundacion-Randstad-Comunidad-Valenciana-e1543263199805.jpg\" alt=\"Teresa Cordente junto a un stand de Fundaci\u00f3n Randstad\" class=\"wp-image-19835\"\/><\/figure>\n\n\n\n<p>\n\nIncorporamos&nbsp;&nbsp;a las personas con <strong>discapacidad auditiva&nbsp;a<\/strong> nuestro Programa Integrados&nbsp;a trav\u00e9s de entrevistas&nbsp;de acogida, donde les conocemos personalmente, para poder trabajar posteriormente en su&nbsp;mejora de su empleabilidad e intermediaci\u00f3n laboral.\n\n<strong>P: \u00bfPrepar\u00e1is alg\u00fan protocolo especial para entrevistar a una persona sorda? <\/strong>\n\nR: Atendemos a las personas con discapacidad auditiva de la misma forma que al resto de personas&nbsp;con discapacidad, tanto a las personas oralistas como a las que se comunican mediante lengua de signos.\n\nSiempre teniendo en cuenta que la <strong>entrevista<\/strong> sea en un lugar privado y sin interrupciones, donde tanto los t\u00e9cnicos de selecci\u00f3n como la persona entrevistada puedan comunicarse de forma c\u00f3moda, oralmente, a trav\u00e9s de la<strong> lectura labial<\/strong> y\/o apoy\u00e1ndonos de notas escritas.\n\nEn los casos de personas sordas signantes, siempre contamos con la presencia de un <strong>int\u00e9rprete<\/strong>, para que la comunicaci\u00f3n pueda ser fluida y poder realizar una entrevista diagn\u00f3stico.\n\n<strong>P: Por vuestra experiencia, \u00bfQu\u00e9 tipo de procesos de selecci\u00f3n o puestos de trabajo son los que mejor pueden adaptarse a personas sordas?<\/strong>\n\nR: A lo largo de estos 6 a\u00f1os que llevamos desarrollando nuestro Proyecto Integrados en la Comunidad Valenciana, hemos visto que la mayor demanda de personas con discapacidad auditiva es en el sector industrial, para puestos de montaje y l\u00edneas de producci\u00f3n.\n\nPero desde Fundaci\u00f3n Randstad trabajamos por crear <strong>espacios inclusivos en todas las empresas<\/strong>, para que todas las personas con discapacidad, cualquiera que sea, tengan una oportunidad laboral en cualquier puesto de trabajo, a trav\u00e9s de la sensibilizaci\u00f3n, formaci\u00f3n y adaptaci\u00f3n.\n\n<\/p>\n\n\n\n<figure class=\"wp-block-image aligncenter\"><img decoding=\"async\" src=\"https:\/\/www.visualfy.com\/wp-content\/uploads\/2025\/02\/Equipo-Fundacion-Randstad-Comunidad-Valenciana-e1543263324770.jpg\" alt=\"Tres miembros de Fundaci\u00f3n Randstad analizando perfiles de trabajadores\" class=\"wp-image-19833\"\/><\/figure>\n\n\n\n<p><strong>P: En el caso de que, gracias a Fundaci\u00f3n Randstad, una empresa seleccionara a una persona sorda para integrarla en su equipo, \u00bfqui\u00e9n comunica a la empresa las necesidades que podr\u00eda tener el empleado sordo?<\/strong><strong>&nbsp;<\/strong>R: Somos las t\u00e9cnicos de la Fundaci\u00f3n Randstad qui\u00e9nes mantenemos el contacto con la empresa durante todo el proceso de selecci\u00f3n, orient\u00e1ndoles y asesor\u00e1ndoles. Cuando una empresa selecciona a una persona para integrarla en su equipo, nosotros ya hemos hecho una <strong>detecci\u00f3n previa de necesidades<\/strong> para asegurar tanto el\/la candidato\/a, como a la empresa, que la integraci\u00f3n puede ser efectiva, positiva&nbsp;y exitosa para ambas partes.\n\n<strong>P: \u00bfPodr\u00edas darnos alg\u00fan consejo especial para que una persona sorda prepare una entrevista laboral?<\/strong><strong>&nbsp;<\/strong>R: Como expertos en trabajar la discapacidad, siempre afrontamos este tema con naturalidad y normalidad. Esto se lo hacemos ver a las personas que vienen a una entrevista desde el primer momento, para que puedan&nbsp;afrontarla&nbsp;sin ning\u00fan tipo de miedo.\n\nSabemos que enfrentarse a una <strong>entrevista de trabajo<\/strong> genera nervios e inquietud, pero un consejo que siempre damos es prepararse bien la entrevista y, en caso que lo requiera, avise de la necesidad de contar con una persona int\u00e9rprete, o cualquier otra necesidad que una persona sorda pudiera tener.<\/p>\n\n\n<span class='bctt-click-to-tweet'><span class='bctt-ctt-text'><a href='https:\/\/x.com\/intent\/tweet?url=https%3A%2F%2Fwww.visualfy.com%2Fes%2Fpersonas-sordas-integracion-laboral%2F&#038;text=%20%27Desde%20la%20Fundaci%C3%B3n%20Randstad%20trabajamos%20por%20la%20inserci%C3%B3n%20social%20y%20laboral%20de%20las%20personas%20con%C2%A0discapacidad%C2%A0y%2C%20entre%20ellas%2C%20a%20personas%20con%20discapacidades%20auditivas%27%20%40TeresaCordente%20-%20Directora%20Fundaci%C3%B3n%20Randstad%20Comunidad%E2%80%A6&#038;via=visualfy&#038;related=visualfy' target='_blank'rel=\"noopener noreferrer\"> &#039;Desde la Fundaci\u00f3n Randstad trabajamos por la inserci\u00f3n social y laboral de las personas con&nbsp;discapacidad&nbsp;y, entre ellas, a personas con discapacidades auditivas&#039; @TeresaCordente - Directora Fundaci\u00f3n Randstad Comunidad\u2026 <\/a><\/span><a href='https:\/\/x.com\/intent\/tweet?url=https%3A%2F%2Fwww.visualfy.com%2Fes%2Fpersonas-sordas-integracion-laboral%2F&#038;text=%20%27Desde%20la%20Fundaci%C3%B3n%20Randstad%20trabajamos%20por%20la%20inserci%C3%B3n%20social%20y%20laboral%20de%20las%20personas%20con%C2%A0discapacidad%C2%A0y%2C%20entre%20ellas%2C%20a%20personas%20con%20discapacidades%20auditivas%27%20%40TeresaCordente%20-%20Directora%20Fundaci%C3%B3n%20Randstad%20Comunidad%E2%80%A6&#038;via=visualfy&#038;related=visualfy' target='_blank' class='bctt-ctt-btn'rel=\"noopener noreferrer\">Compartir en X<\/a><\/span>\n\n\n\n<p><strong>P: Por \u00faltimo, muchas personas sordas se sienten limitadas por su discapacidad, y muchas veces no encuentran su mejor \u00e1nimo para buscar empleo. \u00bfQu\u00e9 consejos podr\u00edas dar a una persona sorda para salir sin limitaciones al mercado laboral?\u00a0<\/strong>R: Nuestro pensamiento es que todos\/as tenemos capacidades\u00a0y limitaciones\u00a0\u00a0y la sociedad es diversa en s\u00ed misma; es trabajo de todos\/as afrontar estas diferencias de forma natural, sin ponerse l\u00edmites. Trabajamos en la parte de<strong> sensibilizaci\u00f3n empresarial y social<\/strong> como herramienta para transformar\u00a0 la percepci\u00f3n de los estereotipos y prejuicios sobre la realidad de las personas con discapacidad para\u00a0conseguir que tengamos una sociedad realmente inclusiva. \u00a0 Aqu\u00ed despedimos a Teresa, agradeci\u00e9ndole su tiempo, y el esfuerzo que tanto ella, como todo el equipo de Fundaci\u00f3n Randstad, realizan a favor de la integraci\u00f3n laboral de las personas con p\u00e9rdida auditiva. El mensaje que recibimos de ella es el mismo que difundimos desde Visualfy: una persona sorda no tiene limitaciones y puede conseguir todo lo que se proponga. Ya sab\u00e9is, si ten\u00e9is alguna duda o quer\u00e9is iniciar vuestra carrera laboral,\u00a0 personas como Teresa os podr\u00e1n dar los mejores consejos para una exitosa vida profesional.<\/p>\n\n\n\n<p><\/p>\n","protected":false},"excerpt":{"rendered":"<p>La Fundaci\u00f3n Randstad nos cuenta c\u00f3mo encontrar trabajo y afrontar una entrevista si tienes una discapacidad auditiva &nbsp; Desde Visualfy siempre buscamos entrevistar a todos aquellos profesionales que puedan aportarnos informaci\u00f3n de inter\u00e9s para las personas sordas. En anteriores post ya hablamos de consejos laborales para personas sordas que trabajan en entornos oyentes , e [&hellip;]<\/p>\n","protected":false},"author":2,"featured_media":4641,"comment_status":"open","ping_status":"open","sticky":false,"template":"","format":"standard","meta":{"_acf_changed":false,"content-type":"","_uag_custom_page_level_css":"","footnotes":""},"categories":[33],"tags":[],"class_list":["post-7213","post","type-post","status-publish","format-standard","has-post-thumbnail","hentry","category-estilo-de-vida"],"acf":[],"spectra_custom_meta":{"_wp_page_template":["default"],"rank_math_internal_links_processed":["1"],"_wpml_word_count":["{\"total\":908,\"to_translate\":{\"en\":908}}"],"_yoast_wpseo_primary_category":["6450"],"_yoast_wpseo_keywordsynonyms":["[\"\"]"],"_wpml_media_duplicate":["0"],"_wpml_media_featured":["0"],"_yoast_wpseo_focuskeywords":["[]"],"_et_monarch_override":[""],"amazonS3_cache":["a:54:{s:97:\"\/\/cdn.visualfy.com\/img\/Teresa-Cordente-directora-Fundaci%C3%B3n-Randstad-Comunidad-Valenciana.jpg\";a:1:{s:9:\"timestamp\";i:1543910100;}s:105:\"\/\/cdn.visualfy.com\/img\/Teresa-Cordente-directora-Fundaci%C3%B3n-Randstad-Comunidad-Valenciana-169x300.jpg\";a:1:{s:9:\"timestamp\";i:1543910100;}s:78:\"\/\/cdn.visualfy.com\/img\/Equipo-Fundaci%C3%B3n-Randstad-Comunidad-Valenciana.jpg\";a:1:{s:9:\"timestamp\";i:1543910100;}s:86:\"\/\/cdn.visualfy.com\/img\/Equipo-Fundaci%C3%B3n-Randstad-Comunidad-Valenciana-300x226.jpg\";a:1:{s:9:\"timestamp\";i:1543910100;}s:112:\"\/\/cdn.visualfy.com\/img\/Teresa-Cordente-directora-Fundaci%C3%B3n-Randstad-Comunidad-Valenciana-e1543263199805.jpg\";i:19835;s:135:\"\/\/www.visualfy.com\/wp-content\/uploads\/2018\/11\/Teresa-Cordente-directora-Fundaci%C3%B3n-Randstad-Comunidad-Valenciana-e1543263199805.jpg\";i:19835;s:93:\"\/\/cdn.visualfy.com\/img\/Equipo-Fundaci%C3%B3n-Randstad-Comunidad-Valenciana-e1543263324770.jpg\";i:19833;s:116:\"\/\/www.visualfy.com\/wp-content\/uploads\/2018\/11\/Equipo-Fundaci%C3%B3n-Randstad-Comunidad-Valenciana-e1543263324770.jpg\";i:19833;s:131:\"\/\/www.visualfy.com\/wp-content\/uploads\/2018\/11\/Teresa-Cordente-directora-Fundaci\u00f3n-Randstad-Comunidad-Valenciana-e1543263199805.jpg\";i:19835;s:108:\"\/\/cdn.visualfy.com\/img\/Teresa-Cordente-directora-Fundaci\u00f3n-Randstad-Comunidad-Valenciana-e1543263199805.jpg\";i:19835;s:112:\"\/\/www.visualfy.com\/wp-content\/uploads\/2018\/11\/Equipo-Fundaci\u00f3n-Randstad-Comunidad-Valenciana-e1543263324770.jpg\";i:19833;s:89:\"\/\/cdn.visualfy.com\/img\/Equipo-Fundaci\u00f3n-Randstad-Comunidad-Valenciana-e1543263324770.jpg\";i:19833;s:134:\"\/\/visualfy.acceseo.dev\/wp-content\/uploads\/2025\/02\/Teresa-Cordente-directora-Fundacion-Randstad-Comunidad-Valenciana-e1543263199805.jpg\";a:1:{s:9:\"timestamp\";i:1744269456;}s:115:\"\/\/visualfy.acceseo.dev\/wp-content\/uploads\/2025\/02\/Equipo-Fundacion-Randstad-Comunidad-Valenciana-e1543263324770.jpg\";a:1:{s:9:\"timestamp\";i:1744269456;}s:72:\"\/\/visualfy.acceseo.dev\/wp-content\/uploads\/2025\/02\/Reunion-de-trabajo.jpg\";a:1:{s:9:\"timestamp\";i:1744269456;}s:69:\"\/\/visualfy.acceseo.dev\/wp-content\/uploads\/2025\/02\/lse-icon-button.svg\";a:1:{s:9:\"timestamp\";i:1744269455;}s:81:\"\/\/visualfy.acceseo.dev\/wp-content\/uploads\/2025\/02\/visualfy-places-placeholder.jpg\";a:1:{s:9:\"timestamp\";i:1744269455;}s:66:\"\/\/visualfy.acceseo.dev\/wp-content\/uploads\/2025\/01\/computer_404.svg\";a:1:{s:9:\"timestamp\";i:1744269455;}s:63:\"\/\/visualfy.acceseo.dev\/wp-content\/uploads\/2025\/01\/user-icon.svg\";a:1:{s:9:\"timestamp\";i:1744269455;}s:58:\"\/\/visualfy.acceseo.dev\/wp-content\/uploads\/2025\/01\/menu.svg\";a:1:{s:9:\"timestamp\";i:1744269455;}s:67:\"\/\/visualfy.acceseo.dev\/wp-content\/uploads\/2025\/01\/logo-visualfy.svg\";a:1:{s:9:\"timestamp\";i:1744269455;}s:65:\"\/\/visualfy.acceseo.dev\/wp-content\/uploads\/2025\/01\/logo-footer.svg\";a:1:{s:9:\"timestamp\";i:1744269455;}s:88:\"\/\/visualfy.acceseo.dev\/wp-content\/uploads\/2025\/01\/union-europea-ministerio-industria.png\";a:1:{s:9:\"timestamp\";i:1744269455;}s:78:\"\/\/visualfy.acceseo.dev\/wp-content\/uploads\/2025\/01\/fondo-europeo-innovacion.png\";a:1:{s:9:\"timestamp\";i:1744269455;}s:77:\"\/\/visualfy.acceseo.dev\/wp-content\/uploads\/2025\/01\/generalitat-ivace-feder.png\";a:1:{s:9:\"timestamp\";i:1744269455;}s:85:\"\/\/visualfy.acceseo.dev\/wp-content\/uploads\/2025\/01\/generalita-ivace-cofinanciacion.png\";a:1:{s:9:\"timestamp\";i:1744269455;}s:61:\"\/\/visualfy.acceseo.dev\/wp-content\/uploads\/2025\/02\/Sem-3-1.png\";a:1:{s:9:\"timestamp\";i:1744269456;}s:69:\"\/\/visualfy.acceseo.dev\/wp-content\/uploads\/2025\/02\/Sem-3-1-300x176.png\";a:1:{s:9:\"timestamp\";i:1744269456;}s:70:\"\/\/visualfy.acceseo.dev\/wp-content\/uploads\/2025\/02\/Sem-3-1-1024x600.png\";a:1:{s:9:\"timestamp\";i:1744269456;}s:69:\"\/\/visualfy.acceseo.dev\/wp-content\/uploads\/2025\/02\/Sem-3-1-768x450.png\";a:1:{s:9:\"timestamp\";i:1744269456;}s:70:\"\/\/visualfy.acceseo.dev\/wp-content\/uploads\/2025\/02\/Sem-3-1-1536x900.png\";a:1:{s:9:\"timestamp\";i:1744269456;}s:71:\"\/\/visualfy.acceseo.dev\/wp-content\/uploads\/2025\/02\/Sem-3-1-2048x1200.png\";a:1:{s:9:\"timestamp\";i:1744269456;}s:63:\"\/\/visualfy.acceseo.dev\/wp-content\/uploads\/2025\/02\/Sem-2-3-1.jpg\";a:1:{s:9:\"timestamp\";i:1744269456;}s:71:\"\/\/visualfy.acceseo.dev\/wp-content\/uploads\/2025\/02\/Sem-2-3-1-300x169.jpg\";a:1:{s:9:\"timestamp\";i:1744269456;}s:72:\"\/\/visualfy.acceseo.dev\/wp-content\/uploads\/2025\/02\/Sem-2-3-1-1024x576.jpg\";a:1:{s:9:\"timestamp\";i:1744269456;}s:71:\"\/\/visualfy.acceseo.dev\/wp-content\/uploads\/2025\/02\/Sem-2-3-1-768x432.jpg\";a:1:{s:9:\"timestamp\";i:1744269456;}s:72:\"\/\/visualfy.acceseo.dev\/wp-content\/uploads\/2025\/02\/Sem-2-3-1-1536x864.jpg\";a:1:{s:9:\"timestamp\";i:1744269456;}s:63:\"\/\/visualfy.acceseo.dev\/wp-content\/uploads\/2025\/02\/Sem-1-2-1.png\";a:1:{s:9:\"timestamp\";i:1744269456;}s:71:\"\/\/visualfy.acceseo.dev\/wp-content\/uploads\/2025\/02\/Sem-1-2-1-300x157.png\";a:1:{s:9:\"timestamp\";i:1744269456;}s:72:\"\/\/visualfy.acceseo.dev\/wp-content\/uploads\/2025\/02\/Sem-1-2-1-1024x535.png\";a:1:{s:9:\"timestamp\";i:1744269456;}s:71:\"\/\/visualfy.acceseo.dev\/wp-content\/uploads\/2025\/02\/Sem-1-2-1-768x401.png\";a:1:{s:9:\"timestamp\";i:1744269456;}s:67:\"\/\/visualfy.acceseo.dev\/wp-content\/uploads\/2025\/02\/caixa-popular.svg\";a:1:{s:9:\"timestamp\";i:1744269456;}s:58:\"\/\/visualfy.acceseo.dev\/wp-content\/uploads\/2025\/02\/cdti.svg\";a:1:{s:9:\"timestamp\";i:1744269456;}s:58:\"\/\/visualfy.acceseo.dev\/wp-content\/uploads\/2025\/02\/cnse.svg\";a:1:{s:9:\"timestamp\";i:1744269456;}s:60:\"\/\/visualfy.acceseo.dev\/wp-content\/uploads\/2025\/02\/esteve.svg\";a:1:{s:9:\"timestamp\";i:1744269456;}s:60:\"\/\/visualfy.acceseo.dev\/wp-content\/uploads\/2025\/02\/fesord.svg\";a:1:{s:9:\"timestamp\";i:1744269456;}s:76:\"\/\/visualfy.acceseo.dev\/wp-content\/uploads\/2025\/02\/generalitat-valenciana.svg\";a:1:{s:9:\"timestamp\";i:1744269456;}s:66:\"\/\/visualfy.acceseo.dev\/wp-content\/uploads\/2025\/02\/horizon-2020.svg\";a:1:{s:9:\"timestamp\";i:1744269456;}s:59:\"\/\/visualfy.acceseo.dev\/wp-content\/uploads\/2025\/02\/ivace.svg\";a:1:{s:9:\"timestamp\";i:1744269456;}s:62:\"\/\/visualfy.acceseo.dev\/wp-content\/uploads\/2025\/02\/montsant.svg\";a:1:{s:9:\"timestamp\";i:1744269456;}s:69:\"\/\/visualfy.acceseo.dev\/wp-content\/uploads\/2025\/02\/naciones-unidas.svg\";a:1:{s:9:\"timestamp\";i:1744269456;}s:62:\"\/\/visualfy.acceseo.dev\/wp-content\/uploads\/2025\/02\/randstad.svg\";a:1:{s:9:\"timestamp\";i:1744269456;}s:64:\"\/\/visualfy.acceseo.dev\/wp-content\/uploads\/2025\/02\/telefonica.svg\";a:1:{s:9:\"timestamp\";i:1744269456;}s:66:\"\/\/visualfy.acceseo.dev\/wp-content\/uploads\/2025\/02\/wingstoclaim.svg\";a:1:{s:9:\"timestamp\";i:1744269456;}}"],"_yoast_wpseo_opengraph-title":[""],"_yoast_wpseo_opengraph-description":[""],"_yst_prominent_words_version":["1"],"_yoast_wpseo_video_meta":["a:15:{s:2:\"id\";s:11:\"TmL9eBmnVZo\";s:4:\"type\";s:7:\"youtube\";s:3:\"url\";s:28:\"https:\/\/youtu.be\/TmL9eBmnVZo\";s:7:\"post_id\";s:5:\"19829\";s:5:\"title\";s:63:\"C\u00f3mo es la integraci\u00f3n de personas sordas en el mundo laboral\";s:16:\"publication_date\";s:25:\"2018-12-04T07:28:15+00:00\";s:11:\"description\";s:150:\"Entrevistamos a Teresa Cordente, Directora de Fundaci\u00f3n Randstad en la Comunidad Valenciana, y la cabeza visible de sus proyectos m\u00e1s emblem\u00e1ticos.\";s:10:\"player_loc\";s:41:\"https:\/\/www.youtube.com\/embed\/TmL9eBmnVZo\";s:13:\"thumbnail_loc\";s:44:\"https:\/\/cdn.visualfy.com\/img\/tml9ebmnvzo.jpg\";s:8:\"duration\";s:3:\"351\";s:10:\"view_count\";s:1:\"5\";s:5:\"width\";s:3:\"480\";s:6:\"height\";s:3:\"270\";s:8:\"category\";s:34:\"Estilo de vida y p\u00e9rdida auditiva\";s:3:\"tag\";a:0:{}}"],"_yoast_wpseo_videositemap-duration":["351"],"_yoast_wpseo_videositemap-rating":["0"],"_yoast_wpseo_metadesc":["Entrevistamos a Teresa Cordente, Directora de Fundaci\u00f3n Randstad en la Comunidad Valenciana, y la cabeza visible de sus proyectos m\u00e1s emblem\u00e1ticos."],"_yoast_wpseo_focuskw":[""],"_yoast_wpseo_content_score":[""],"cmplz_hide_cookiebanner":[""],"_wpml_location_migration_done":["1"],"_fgj2wp_old_id":[""],"_yoast_wpseo_metakeywords":[""],"_bsf_post_type":[""],"_yoast_wpseo_meta-robots-noindex":[""],"_fgj2wp_translation_association_key":[""],"_product_image_gallery":[""],"_wp_old_slug":[""],"_yoast_wpseo_title":["C\u00f3mo es la integraci\u00f3n de personas sordas en el mundo laboral"],"slide_template":[""],"_yoast_wpseo_opengraph-image":[""],"_yoast_wpseo_opengraph-image-id":[""],"_wp_old_date":["2018-11-26"],"_bsf_article_image":[""],"_bsf_article_name":[""],"_bsf_article_desc":[""],"_bsf_article_author":[""],"_bsf_article_publisher":[""],"_bsf_article_publisher_logo":[""],"_yoast_wpseo_meta-robots-nofollow":[""],"amp_status":[""],"_cmplz_scanned_post":["1"],"_encloseme":[""],"_last_translation_edit_mode":[""],"_yoast_wpseo_twitter-title":[""],"_yoast_wpseo_twitter-description":[""],"_yoast_wpseo_twitter-image":[""],"_yoast_wpseo_twitter-image-id":[""],"_yoast_wpseo_linkdex":[""],"_thumbnail_id":["4641"],"_oembed_a6f7f23c29a118e676ce0b420d4654f6":["<iframe title=\"Personas sordas e integraci\u00f3n laboral -Visualfy\" width=\"500\" height=\"281\" src=\"https:\/\/www.youtube.com\/embed\/TmL9eBmnVZo?feature=oembed\" frameborder=\"0\" allow=\"accelerometer; autoplay; clipboard-write; encrypted-media; gyroscope; picture-in-picture; web-share\" referrerpolicy=\"strict-origin-when-cross-origin\" allowfullscreen><\/iframe>"],"_oembed_time_a6f7f23c29a118e676ce0b420d4654f6":["1740564711"],"_edit_lock":["1740564864:1"],"rank_math_seo_score":["19"],"rank_math_primary_category":["33"],"_pingme":["1"],"_uag_custom_page_level_css":[""],"footnotes":[""],"_edit_last":["1"],"lse_enlace":["https:\/\/youtu.be\/TmL9eBmnVZo"],"_lse_enlace":["field_67b5db1d9d4ca"],"_betterdocs_reusable_block_ids":["a:0:{}"],"copied_media_ids":["a:2:{i:0;i:4638;i:1;i:4639;}"],"referenced_media_ids":["a:1:{i:0;i:4641;}"]},"uagb_featured_image_src":{"full":["https:\/\/www.visualfy.com\/wp-content\/uploads\/2025\/02\/Reunion-de-trabajo.jpg",1024,683,false],"thumbnail":["https:\/\/www.visualfy.com\/wp-content\/uploads\/2025\/02\/Reunion-de-trabajo-150x150.jpg",150,150,true],"medium":["https:\/\/www.visualfy.com\/wp-content\/uploads\/2025\/02\/Reunion-de-trabajo-300x200.jpg",300,200,true],"medium_large":["https:\/\/www.visualfy.com\/wp-content\/uploads\/2025\/02\/Reunion-de-trabajo-768x512.jpg",768,512,true],"large":["https:\/\/www.visualfy.com\/wp-content\/uploads\/2025\/02\/Reunion-de-trabajo.jpg",1024,683,false],"1536x1536":["https:\/\/www.visualfy.com\/wp-content\/uploads\/2025\/02\/Reunion-de-trabajo.jpg",1024,683,false],"2048x2048":["https:\/\/www.visualfy.com\/wp-content\/uploads\/2025\/02\/Reunion-de-trabajo.jpg",1024,683,false]},"uagb_author_info":{"display_name":"visualfy","author_link":"https:\/\/www.visualfy.com\/es\/author\/visualfy\/"},"uagb_comment_info":0,"uagb_excerpt":"La Fundaci\u00f3n Randstad nos cuenta c\u00f3mo encontrar trabajo y afrontar una entrevista si tienes una discapacidad auditiva &nbsp; Desde Visualfy siempre buscamos entrevistar a todos aquellos profesionales que puedan aportarnos informaci\u00f3n de inter\u00e9s para las personas sordas. En anteriores post ya hablamos de consejos laborales para personas sordas que trabajan en entornos oyentes , e&hellip;","_links":{"self":[{"href":"https:\/\/www.visualfy.com\/es\/wp-json\/wp\/v2\/posts\/7213","targetHints":{"allow":["GET"]}}],"collection":[{"href":"https:\/\/www.visualfy.com\/es\/wp-json\/wp\/v2\/posts"}],"about":[{"href":"https:\/\/www.visualfy.com\/es\/wp-json\/wp\/v2\/types\/post"}],"author":[{"embeddable":true,"href":"https:\/\/www.visualfy.com\/es\/wp-json\/wp\/v2\/users\/2"}],"replies":[{"embeddable":true,"href":"https:\/\/www.visualfy.com\/es\/wp-json\/wp\/v2\/comments?post=7213"}],"version-history":[{"count":0,"href":"https:\/\/www.visualfy.com\/es\/wp-json\/wp\/v2\/posts\/7213\/revisions"}],"wp:featuredmedia":[{"embeddable":true,"href":"https:\/\/www.visualfy.com\/es\/wp-json\/wp\/v2\/media\/4641"}],"wp:attachment":[{"href":"https:\/\/www.visualfy.com\/es\/wp-json\/wp\/v2\/media?parent=7213"}],"wp:term":[{"taxonomy":"category","embeddable":true,"href":"https:\/\/www.visualfy.com\/es\/wp-json\/wp\/v2\/categories?post=7213"},{"taxonomy":"post_tag","embeddable":true,"href":"https:\/\/www.visualfy.com\/es\/wp-json\/wp\/v2\/tags?post=7213"}],"curies":[{"name":"wp","href":"https:\/\/api.w.org\/{rel}","templated":true}]}}