{"id":7180,"date":"2018-10-03T09:29:01","date_gmt":"2018-10-03T09:29:01","guid":{"rendered":"https:\/\/www.visualfy.com\/estudiantes-sordos-universidad\/"},"modified":"2025-03-03T11:18:11","modified_gmt":"2025-03-03T11:18:11","slug":"estudiantes-sordos-universidad","status":"publish","type":"post","link":"https:\/\/www.visualfy.com\/es\/estudiantes-sordos-universidad\/","title":{"rendered":"Estudiantes sordos en la universidad"},"content":{"rendered":"\n<blockquote class=\"wp-block-quote is-layout-flow wp-block-quote-is-layout-flow\">\n<p>Cada vez es m\u00e1s com\u00fan <strong>encontrar alumnos sordos<\/strong> en las universidades, lugares que en los \u00faltimos tiempos han mejorado considerablemente sus condiciones de accesibilidad. Pero, \u00bfqu\u00e9 cosas ha de tener en cuenta un alumno sordo para vivir su <strong>etapa universitaria<\/strong>?<\/p>\n<\/blockquote>\n\n\n\n<p>\nLa vida universitaria no es una etapa educativa m\u00e1s, sino que significa el paso de un entorno m\u00e1s peque\u00f1o y controlado, como es el instituto, a acudir a grandes campus universitarios donde el estudiante es el que se confecciona horarios y elige las asignaturas a cursar.\n\nHagamos un repaso a algunos <strong>aspectos pr\u00e1cticos<\/strong> que una persona sorda debe tener en cuenta durante su paso por la universidad. Os recomendamos tambi\u00e9n la lectura de las conclusiones del <a href=\"http:\/\/www.cnse.es\/home_detalle.php?id_inicio=73\" target=\"_blank\" rel=\"noopener noreferrer\">I Seminario sobre alumnado sordo y Universidad<\/a>.\n<\/p>\n\n\n\n<h2 class=\"wp-block-heading\">Apoyo burocr\u00e1tico<\/h2>\n\n\n\n<p>\nLo primero es saber que las universidades p\u00fablicas espa\u00f1olas tienen <strong>reserva de plazas<\/strong> en sus carreras para personas con certificado de discapacidad. Por ello, aunque no se alcance la nota de corte, un alumno sordo seguir\u00eda teniendo posibilidades de acceder a los estudios deseados, ya que podr\u00eda optar a esas plazas reservadas. Evidentemente, esas plazas son limitadas, y tambi\u00e9n se establece una lista con las notas medias de los estudiantes que desean acceder a ellas porque no han alcanzado la nota de corte.\n\n<\/p>\n\n\n\n<figure class=\"wp-block-image aligncenter\"><img decoding=\"async\" src=\"https:\/\/www.visualfy.com\/wp-content\/uploads\/2025\/02\/estudiantes-universitarios-sordos-300x200.jpg\" alt=\"cinco estudiantes trabajando en grupo alrededor de una mesa\" class=\"wp-image-16701\"\/><\/figure>\n\n\n\n<p>\n\nAdem\u00e1s, el certificado de discapacidad tambi\u00e9n conlleva una <a href=\"https:\/\/portal.uned.es\/portal\/page?_pageid=93,3024581&amp;_dad=portal&amp;_schema=PORTAL\" target=\"_blank\" rel=\"noopener\">exenci\u00f3n de tasas<\/a>, lo que es una muy buena noticia para la econom\u00eda familiar.<\/p>\n\n\n<span class='bctt-click-to-tweet'><span class='bctt-ctt-text'><a href=\"https:\/\/x.com\/intent\/tweet?url=https%3A%2F%2Fwww.visualfy.com%2Fes%2Festudiantes-sordos-universidad%2F&#038;text=Las%20universidades%20p%C3%BAblicas%20espa%C3%B1olas%20tienen%20reserva%20de%20plazas%20en%20sus%20carreras%20para%20personas%20con%20certificado%20de%20discapacidad.&#038;via=visualfy&#038;related=visualfy\" target=\"_blank\" rel=\"noopener noreferrer\">Las universidades p\u00fablicas espa\u00f1olas tienen reserva de plazas en sus carreras para personas con certificado de discapacidad. <\/a><\/span><a href=\"https:\/\/x.com\/intent\/tweet?url=https%3A%2F%2Fwww.visualfy.com%2Fes%2Festudiantes-sordos-universidad%2F&#038;text=Las%20universidades%20p%C3%BAblicas%20espa%C3%B1olas%20tienen%20reserva%20de%20plazas%20en%20sus%20carreras%20para%20personas%20con%20certificado%20de%20discapacidad.&#038;via=visualfy&#038;related=visualfy\" target=\"_blank\" class=\"bctt-ctt-btn\" rel=\"noopener noreferrer\">Compartir en X<\/a><\/span>\n\n\n\n<p>Las universidades cuentan con un <strong>Departamento de Apoyo al estudiante con discapacidad<\/strong> donde, cuando expongamos nuestro caso, pondr\u00e1n a nuestra disposici\u00f3n el protocolo que sigan para estudiantes sordos.\n<\/p>\n\n\n\n<h2 class=\"wp-block-heading\">En las clases<\/h2>\n\n\n\n<p>\nSi nuestro caso es que somos usuarios de Lengua de Signos, podemos pedir un <strong>int\u00e9rprete LSE<\/strong> para seguir las clases, e incluso la colaboraci\u00f3n de voluntarios para la toma de apuntes, si es que es necesario para alguna asignatura.\n\nEn el caso de que seamos usuarios de ayudas t\u00e9cnicas, tambi\u00e9n podremos solicitar <strong>sistemas de amplificaci\u00f3n de sonido<\/strong>, bucles magn\u00e9ticos e incluso emisora FM.\n\nY en todos los casos, por supuesto, contar con <strong>sitio preferente<\/strong> en primera fila para poder seguir las clases lo m\u00e1s cerca posible.\n\nEs importante que pongamos en conocimiento de la universidad nuestra situaci\u00f3n y necesidades, para que puedan solventar los problemas que podamos tener para atender en las clases.\n\nLo recomendable, para los estudiantes con aud\u00edfonos o implantes cocleares que posean su propia emisora FM, es que la entreguen a cada profesor antes de que comience la clase, para poder seguir con nitidez todas sus explicaciones. Si un profesor no est\u00e1 acostumbrado a su uso, habr\u00e1 que indicarle que, en los momentos en que est\u00e9 dando una explicaci\u00f3n individual, la apague o silencie para que su conversaci\u00f3n no afecte a la persona sorda.\n<\/p>\n\n\n\n<h2 class=\"wp-block-heading\">Momentos de estudio<\/h2>\n\n\n\n<p>\nSi para algo no tiene problemas un estudiante sordo es para poder concentrarse. Las bibliotecas son lugares silenciosos donde todo el mundo acude a estudiar. Pero las sesiones de estudio no s\u00f3lo se producen en la biblioteca.\n\nEs normal que existan largas sesiones de estudio en las que, si adem\u00e1s incluyen las noches, suele coincidir con las horas de mantenimiento de aud\u00edfonos e implantes. En esos momentos de trabajo, las personas sordas, aunque lleven ayudas t\u00e9cnicas, no est\u00e1n conectados al sonido.\n\n<\/p>\n\n\n\n<figure class=\"wp-block-image aligncenter\"><img decoding=\"async\" src=\"https:\/\/www.visualfy.com\/wp-content\/uploads\/2025\/02\/Biblioteca-universidad-personas-sordas-300x200.jpg\" alt=\"foto vista perspectiva biblioteca llena de estudiantes\" class=\"wp-image-16699\" title=\"estudiantes en biblioteca\"\/><\/figure>\n\n\n\n<p>\n\nPensemos, adem\u00e1s, que esto puede ocurrir no s\u00f3lo en casa, sino en un piso compartido o residencia de estudiantes, si se da el caso. Es por ello que, desde Visualfy, ponemos a disposici\u00f3n de los estudiantes universitarios el dispositivo Visualfy Home, que convierte los sonidos en se\u00f1ales luminosas. <a href=\"https:\/\/www.visualfy.com\/es\/visualfy-home\/\">Visualfy es la compa\u00f1\u00eda tecnol\u00f3gica espa\u00f1ola l\u00edder en la creaci\u00f3n de productos y servicios para personas sordas.<\/a>\n\nEsas largas sesiones de estudio hacen que el estudiante sordo, aunque viva en la casa familiar, pase muchas horas a solas en casa, sobre todo en fines de semana, donde el resto de la familia sale a sus actividades de ocio.\n\nDe ese modo, cualquier persona sorda seguir\u00e1 conectada a los sonidos que se produzcan en su lugar de estudio.: el timbre de la puerta, el tel\u00e9fono, la alarma de incendios, etc.<\/p>\n\n\n<span class='bctt-click-to-tweet'><span class='bctt-ctt-text'><a href=\"https:\/\/x.com\/intent\/tweet?url=https%3A%2F%2Fwww.visualfy.com%2Fes%2Festudiantes-sordos-universidad%2F&#038;text=Visualfy%20Home%20proporciona%20tranquilidad%20y%20seguridad%20a%20los%20estudiantes%20universitarios%20sordos%2C%20y%20tambi%C3%A9n%20a%20sus%20padres%20cuando%20no%20est%C3%A1n%20con%20ellos.&#038;via=visualfy&#038;related=visualfy\" target=\"_blank\" rel=\"noopener noreferrer\">Visualfy Home proporciona tranquilidad y seguridad a los estudiantes universitarios sordos, y tambi\u00e9n a sus padres cuando no est\u00e1n con ellos. <\/a><\/span><a href=\"https:\/\/x.com\/intent\/tweet?url=https%3A%2F%2Fwww.visualfy.com%2Fes%2Festudiantes-sordos-universidad%2F&#038;text=Visualfy%20Home%20proporciona%20tranquilidad%20y%20seguridad%20a%20los%20estudiantes%20universitarios%20sordos%2C%20y%20tambi%C3%A9n%20a%20sus%20padres%20cuando%20no%20est%C3%A1n%20con%20ellos.&#038;via=visualfy&#038;related=visualfy\" target=\"_blank\" class=\"bctt-ctt-btn\" rel=\"noopener noreferrer\">Compartir en X<\/a><\/span>\n\n\n\n<p>Visualfy Home proporciona tranquilidad y seguridad a los estudiantes universitarios sordos, y tambi\u00e9n a sus padres cuando no est\u00e1n con ellos. Sabr\u00e1n que su hijo no se pierde ni uno solo de los eventos sonoros que ocurran en el hogar aunque el estudiante est\u00e9 a solas.\n\n<a href=\"https:\/\/www.visualfy.com\/es\/visualfy-home\/\">Conoce Visualfy Home<\/a> y d\u00e9jate sorprender por todo lo que podemos hacer por los estudiantes universitarios sordos.\n\n&nbsp;<\/p>\n","protected":false},"excerpt":{"rendered":"<p>Cada vez es m\u00e1s com\u00fan encontrar alumnos sordos en las universidades, lugares que en los \u00faltimos tiempos han mejorado considerablemente sus condiciones de accesibilidad. Pero, \u00bfqu\u00e9 cosas ha de tener en cuenta un alumno sordo para vivir su etapa universitaria? La vida universitaria no es una etapa educativa m\u00e1s, sino que significa el paso de [&hellip;]<\/p>\n","protected":false},"author":2,"featured_media":4539,"comment_status":"open","ping_status":"open","sticky":false,"template":"","format":"standard","meta":{"_acf_changed":false,"content-type":"","_uag_custom_page_level_css":"","footnotes":""},"categories":[33],"tags":[],"class_list":["post-7180","post","type-post","status-publish","format-standard","has-post-thumbnail","hentry","category-estilo-de-vida"],"acf":[],"spectra_custom_meta":{"_wp_page_template":["default"],"rank_math_internal_links_processed":["1"],"_wpml_word_count":["{\"total\":838,\"to_translate\":{\"en\":838}}"],"_yoast_wpseo_primary_category":["6450"],"_yoast_wpseo_keywordsynonyms":["[\"\",\"\",\"\",\"\",\"\"]"],"_wpml_media_duplicate":["1"],"_wpml_media_featured":["1"],"_yoast_wpseo_focuskeywords":["[{\"keyword\":\"Estudiantes sordos universidad\",\"score\":\"\"},{\"keyword\":\"estudiantes sordos\",\"score\":\"\"},{\"keyword\":\"sordos en la universidad\",\"score\":\"\"},{\"keyword\":\"personas sordas en la universidad\",\"score\":\"\"}]"],"_et_monarch_override":[""],"amazonS3_cache":["a:60:{s:83:\"\/\/dev.visualfy.com\/wp-content\/uploads\/2018\/09\/estudiantes-universitarios-sordos.jpg\";i:16701;s:91:\"\/\/dev.visualfy.com\/wp-content\/uploads\/2018\/09\/estudiantes-universitarios-sordos-300x200.jpg\";i:16701;s:88:\"\/\/dev.visualfy.com\/wp-content\/uploads\/2018\/09\/Biblioteca-universidad-personas-sordas.jpg\";i:16699;s:96:\"\/\/dev.visualfy.com\/wp-content\/uploads\/2018\/09\/Biblioteca-universidad-personas-sordas-300x200.jpg\";i:16699;s:61:\"\/\/dev.visualfy.com\/wp-content\/uploads\/2018\/10\/w9daeffxngq.jpg\";i:16795;s:75:\"\/\/cdn.visualfy.com\/img\/estudiantes-universitarios-sordos-e1538074469219.jpg\";i:16701;s:68:\"\/\/cdn.visualfy.com\/img\/estudiantes-universitarios-sordos-300x200.jpg\";i:16701;s:80:\"\/\/cdn.visualfy.com\/img\/Biblioteca-universidad-personas-sordas-e1538074537291.jpg\";i:16699;s:73:\"\/\/cdn.visualfy.com\/img\/Biblioteca-universidad-personas-sordas-300x200.jpg\";i:16699;s:38:\"\/\/cdn.visualfy.com\/img\/w9daeffxngq.jpg\";i:16795;s:83:\"\/\/www.visualfy.com\/wp-content\/uploads\/2018\/09\/estudiantes-universitarios-sordos.jpg\";i:16701;s:91:\"\/\/www.visualfy.com\/wp-content\/uploads\/2018\/09\/estudiantes-universitarios-sordos-300x200.jpg\";i:16701;s:88:\"\/\/www.visualfy.com\/wp-content\/uploads\/2018\/09\/Biblioteca-universidad-personas-sordas.jpg\";i:16699;s:96:\"\/\/www.visualfy.com\/wp-content\/uploads\/2018\/09\/Biblioteca-universidad-personas-sordas-300x200.jpg\";i:16699;s:61:\"\/\/www.visualfy.com\/wp-content\/uploads\/2018\/10\/w9daeffxngq.jpg\";i:19216;s:30:\"\/\/www.cnse.es\/home_detalle.php\";a:1:{s:9:\"timestamp\";i:1557136978;}s:87:\"\/\/visualfy.acceseo.dev\/wp-content\/uploads\/2025\/02\/estudiantes-universitarios-sordos.jpg\";a:1:{s:9:\"timestamp\";i:1744269450;}s:95:\"\/\/visualfy.acceseo.dev\/wp-content\/uploads\/2025\/02\/estudiantes-universitarios-sordos-300x200.jpg\";a:1:{s:9:\"timestamp\";i:1744269450;}s:92:\"\/\/visualfy.acceseo.dev\/wp-content\/uploads\/2025\/02\/Biblioteca-universidad-personas-sordas.jpg\";a:1:{s:9:\"timestamp\";i:1744269450;}s:100:\"\/\/visualfy.acceseo.dev\/wp-content\/uploads\/2025\/02\/Biblioteca-universidad-personas-sordas-300x200.jpg\";a:1:{s:9:\"timestamp\";i:1744269450;}s:90:\"\/\/visualfy.acceseo.dev\/wp-content\/uploads\/2025\/02\/Vida-universitaria-personas-sordas-1.jpg\";a:1:{s:9:\"timestamp\";i:1744269450;}s:69:\"\/\/visualfy.acceseo.dev\/wp-content\/uploads\/2025\/02\/lse-icon-button.svg\";a:1:{s:9:\"timestamp\";i:1744269450;}s:81:\"\/\/visualfy.acceseo.dev\/wp-content\/uploads\/2025\/02\/visualfy-places-placeholder.jpg\";a:1:{s:9:\"timestamp\";i:1744269450;}s:66:\"\/\/visualfy.acceseo.dev\/wp-content\/uploads\/2025\/01\/computer_404.svg\";a:1:{s:9:\"timestamp\";i:1744269450;}s:63:\"\/\/visualfy.acceseo.dev\/wp-content\/uploads\/2025\/01\/user-icon.svg\";a:1:{s:9:\"timestamp\";i:1744269450;}s:58:\"\/\/visualfy.acceseo.dev\/wp-content\/uploads\/2025\/01\/menu.svg\";a:1:{s:9:\"timestamp\";i:1744269450;}s:67:\"\/\/visualfy.acceseo.dev\/wp-content\/uploads\/2025\/01\/logo-visualfy.svg\";a:1:{s:9:\"timestamp\";i:1744269450;}s:65:\"\/\/visualfy.acceseo.dev\/wp-content\/uploads\/2025\/01\/logo-footer.svg\";a:1:{s:9:\"timestamp\";i:1744269450;}s:88:\"\/\/visualfy.acceseo.dev\/wp-content\/uploads\/2025\/01\/union-europea-ministerio-industria.png\";a:1:{s:9:\"timestamp\";i:1744269450;}s:78:\"\/\/visualfy.acceseo.dev\/wp-content\/uploads\/2025\/01\/fondo-europeo-innovacion.png\";a:1:{s:9:\"timestamp\";i:1744269450;}s:77:\"\/\/visualfy.acceseo.dev\/wp-content\/uploads\/2025\/01\/generalitat-ivace-feder.png\";a:1:{s:9:\"timestamp\";i:1744269450;}s:85:\"\/\/visualfy.acceseo.dev\/wp-content\/uploads\/2025\/01\/generalita-ivace-cofinanciacion.png\";a:1:{s:9:\"timestamp\";i:1744269450;}s:61:\"\/\/visualfy.acceseo.dev\/wp-content\/uploads\/2025\/02\/Sem-3-1.png\";a:1:{s:9:\"timestamp\";i:1744269450;}s:69:\"\/\/visualfy.acceseo.dev\/wp-content\/uploads\/2025\/02\/Sem-3-1-300x176.png\";a:1:{s:9:\"timestamp\";i:1744269450;}s:70:\"\/\/visualfy.acceseo.dev\/wp-content\/uploads\/2025\/02\/Sem-3-1-1024x600.png\";a:1:{s:9:\"timestamp\";i:1744269450;}s:69:\"\/\/visualfy.acceseo.dev\/wp-content\/uploads\/2025\/02\/Sem-3-1-768x450.png\";a:1:{s:9:\"timestamp\";i:1744269450;}s:70:\"\/\/visualfy.acceseo.dev\/wp-content\/uploads\/2025\/02\/Sem-3-1-1536x900.png\";a:1:{s:9:\"timestamp\";i:1744269450;}s:71:\"\/\/visualfy.acceseo.dev\/wp-content\/uploads\/2025\/02\/Sem-3-1-2048x1200.png\";a:1:{s:9:\"timestamp\";i:1744269450;}s:63:\"\/\/visualfy.acceseo.dev\/wp-content\/uploads\/2025\/02\/Sem-2-3-1.jpg\";a:1:{s:9:\"timestamp\";i:1744269450;}s:71:\"\/\/visualfy.acceseo.dev\/wp-content\/uploads\/2025\/02\/Sem-2-3-1-300x169.jpg\";a:1:{s:9:\"timestamp\";i:1744269450;}s:72:\"\/\/visualfy.acceseo.dev\/wp-content\/uploads\/2025\/02\/Sem-2-3-1-1024x576.jpg\";a:1:{s:9:\"timestamp\";i:1744269450;}s:71:\"\/\/visualfy.acceseo.dev\/wp-content\/uploads\/2025\/02\/Sem-2-3-1-768x432.jpg\";a:1:{s:9:\"timestamp\";i:1744269450;}s:72:\"\/\/visualfy.acceseo.dev\/wp-content\/uploads\/2025\/02\/Sem-2-3-1-1536x864.jpg\";a:1:{s:9:\"timestamp\";i:1744269450;}s:63:\"\/\/visualfy.acceseo.dev\/wp-content\/uploads\/2025\/02\/Sem-1-2-1.png\";a:1:{s:9:\"timestamp\";i:1744269450;}s:71:\"\/\/visualfy.acceseo.dev\/wp-content\/uploads\/2025\/02\/Sem-1-2-1-300x157.png\";a:1:{s:9:\"timestamp\";i:1744269450;}s:72:\"\/\/visualfy.acceseo.dev\/wp-content\/uploads\/2025\/02\/Sem-1-2-1-1024x535.png\";a:1:{s:9:\"timestamp\";i:1744269450;}s:71:\"\/\/visualfy.acceseo.dev\/wp-content\/uploads\/2025\/02\/Sem-1-2-1-768x401.png\";a:1:{s:9:\"timestamp\";i:1744269450;}s:67:\"\/\/visualfy.acceseo.dev\/wp-content\/uploads\/2025\/02\/caixa-popular.svg\";a:1:{s:9:\"timestamp\";i:1744269450;}s:58:\"\/\/visualfy.acceseo.dev\/wp-content\/uploads\/2025\/02\/cdti.svg\";a:1:{s:9:\"timestamp\";i:1744269450;}s:58:\"\/\/visualfy.acceseo.dev\/wp-content\/uploads\/2025\/02\/cnse.svg\";a:1:{s:9:\"timestamp\";i:1744269450;}s:60:\"\/\/visualfy.acceseo.dev\/wp-content\/uploads\/2025\/02\/esteve.svg\";a:1:{s:9:\"timestamp\";i:1744269450;}s:60:\"\/\/visualfy.acceseo.dev\/wp-content\/uploads\/2025\/02\/fesord.svg\";a:1:{s:9:\"timestamp\";i:1744269450;}s:76:\"\/\/visualfy.acceseo.dev\/wp-content\/uploads\/2025\/02\/generalitat-valenciana.svg\";a:1:{s:9:\"timestamp\";i:1744269450;}s:66:\"\/\/visualfy.acceseo.dev\/wp-content\/uploads\/2025\/02\/horizon-2020.svg\";a:1:{s:9:\"timestamp\";i:1744269450;}s:59:\"\/\/visualfy.acceseo.dev\/wp-content\/uploads\/2025\/02\/ivace.svg\";a:1:{s:9:\"timestamp\";i:1744269450;}s:62:\"\/\/visualfy.acceseo.dev\/wp-content\/uploads\/2025\/02\/montsant.svg\";a:1:{s:9:\"timestamp\";i:1744269450;}s:69:\"\/\/visualfy.acceseo.dev\/wp-content\/uploads\/2025\/02\/naciones-unidas.svg\";a:1:{s:9:\"timestamp\";i:1744269450;}s:62:\"\/\/visualfy.acceseo.dev\/wp-content\/uploads\/2025\/02\/randstad.svg\";a:1:{s:9:\"timestamp\";i:1744269450;}s:64:\"\/\/visualfy.acceseo.dev\/wp-content\/uploads\/2025\/02\/telefonica.svg\";a:1:{s:9:\"timestamp\";i:1744269450;}s:66:\"\/\/visualfy.acceseo.dev\/wp-content\/uploads\/2025\/02\/wingstoclaim.svg\";a:1:{s:9:\"timestamp\";i:1744269450;}}"],"_yoast_wpseo_opengraph-title":[""],"_yoast_wpseo_opengraph-description":["Cada vez es m\u00e1s com\u00fan encontrar alumnos sordos en las universidades. \u00bfQu\u00e9 cosas ha de tener en cuenta un alumno sordo para vivir su etapa universitaria?"],"_yst_prominent_words_version":["1"],"_yoast_wpseo_video_meta":["a:15:{s:2:\"id\";s:11:\"W9DaEffxngQ\";s:4:\"type\";s:7:\"youtube\";s:3:\"url\";s:28:\"https:\/\/youtu.be\/W9DaEffxngQ\";s:7:\"post_id\";s:5:\"16691\";s:5:\"title\";s:67:\"C\u00f3mo es la experiencia de los estudiantes sordos en la universidad\";s:16:\"publication_date\";s:25:\"2018-10-03T09:29:01+00:00\";s:11:\"description\";s:156:\"Cada vez es m\u00e1s com\u00fan encontrar alumnos sordos en las universidades. \u00bfQu\u00e9 cosas ha de tener en cuenta un alumno sordo para vivir su etapa universitaria?\";s:10:\"player_loc\";s:41:\"https:\/\/www.youtube.com\/embed\/W9DaEffxngQ\";s:13:\"thumbnail_loc\";s:44:\"https:\/\/cdn.visualfy.com\/img\/w9daeffxngq.jpg\";s:8:\"duration\";s:3:\"355\";s:10:\"view_count\";s:2:\"53\";s:5:\"width\";s:3:\"480\";s:6:\"height\";s:3:\"270\";s:8:\"category\";s:34:\"Estilo de vida y p\u00e9rdida auditiva\";s:3:\"tag\";a:0:{}}"],"_yoast_wpseo_videositemap-duration":["355"],"_yoast_wpseo_videositemap-rating":["0"],"_yoast_wpseo_metadesc":["Cada vez es m\u00e1s com\u00fan encontrar alumnos sordos en las universidades. \u00bfQu\u00e9 cosas ha de tener en cuenta un alumno sordo para vivir su etapa universitaria?"],"_yoast_wpseo_focuskw":[""],"_yoast_wpseo_content_score":[""],"cmplz_hide_cookiebanner":[""],"_wpml_location_migration_done":["1"],"_fgj2wp_old_id":[""],"_yoast_wpseo_metakeywords":[""],"_bsf_post_type":[""],"_yoast_wpseo_meta-robots-noindex":[""],"_fgj2wp_translation_association_key":[""],"_product_image_gallery":[""],"_wp_old_slug":[""],"_yoast_wpseo_title":["C\u00f3mo es la experiencia de los estudiantes sordos en la universidad"],"slide_template":[""],"_yoast_wpseo_opengraph-image":[""],"_yoast_wpseo_opengraph-image-id":[""],"_wp_old_date":["2018-09-28"],"_bsf_article_image":[""],"_bsf_article_name":[""],"_bsf_article_desc":[""],"_bsf_article_author":[""],"_bsf_article_publisher":[""],"_bsf_article_publisher_logo":[""],"_yoast_wpseo_meta-robots-nofollow":[""],"amp_status":[""],"_cmplz_scanned_post":["1"],"_encloseme":[""],"_last_translation_edit_mode":[""],"_yoast_wpseo_twitter-title":[""],"_yoast_wpseo_twitter-description":["Cada vez es m\u00e1s com\u00fan encontrar alumnos sordos en las universidades. \u00bfC\u00f3mo es su experiencia?"],"_yoast_wpseo_twitter-image":[""],"_yoast_wpseo_twitter-image-id":[""],"_yoast_wpseo_linkdex":[""],"_thumbnail_id":["4539"],"_oembed_a40fa04f14d25b62a057411d6c0c74fb":["<iframe title=\"Estudiantes sordos en la universidad - Visualfy\" width=\"500\" height=\"281\" src=\"https:\/\/www.youtube.com\/embed\/W9DaEffxngQ?feature=oembed\" frameborder=\"0\" allow=\"accelerometer; autoplay; clipboard-write; encrypted-media; gyroscope; picture-in-picture; web-share\" referrerpolicy=\"strict-origin-when-cross-origin\" allowfullscreen><\/iframe>"],"_oembed_time_a40fa04f14d25b62a057411d6c0c74fb":["1740568082"],"_edit_lock":["1741000692:1"],"rank_math_seo_score":["19"],"rank_math_primary_category":["33"],"_pingme":["1"],"_uag_custom_page_level_css":[""],"footnotes":[""],"_edit_last":["1"],"lse_enlace":["https:\/\/youtu.be\/W9DaEffxngQ"],"_lse_enlace":["field_67b5db1d9d4ca"],"_betterdocs_reusable_block_ids":["a:0:{}"],"copied_media_ids":["a:2:{i:0;i:4536;i:1;i:4537;}"],"referenced_media_ids":["a:1:{i:0;i:4539;}"]},"uagb_featured_image_src":{"full":["https:\/\/www.visualfy.com\/wp-content\/uploads\/2025\/02\/Vida-universitaria-personas-sordas-1.jpg",1024,481,false],"thumbnail":["https:\/\/www.visualfy.com\/wp-content\/uploads\/2025\/02\/Vida-universitaria-personas-sordas-1-150x150.jpg",150,150,true],"medium":["https:\/\/www.visualfy.com\/wp-content\/uploads\/2025\/02\/Vida-universitaria-personas-sordas-1-300x141.jpg",300,141,true],"medium_large":["https:\/\/www.visualfy.com\/wp-content\/uploads\/2025\/02\/Vida-universitaria-personas-sordas-1-768x361.jpg",768,361,true],"large":["https:\/\/www.visualfy.com\/wp-content\/uploads\/2025\/02\/Vida-universitaria-personas-sordas-1.jpg",1024,481,false],"1536x1536":["https:\/\/www.visualfy.com\/wp-content\/uploads\/2025\/02\/Vida-universitaria-personas-sordas-1.jpg",1024,481,false],"2048x2048":["https:\/\/www.visualfy.com\/wp-content\/uploads\/2025\/02\/Vida-universitaria-personas-sordas-1.jpg",1024,481,false]},"uagb_author_info":{"display_name":"visualfy","author_link":"https:\/\/www.visualfy.com\/es\/author\/visualfy\/"},"uagb_comment_info":0,"uagb_excerpt":"Cada vez es m\u00e1s com\u00fan encontrar alumnos sordos en las universidades, lugares que en los \u00faltimos tiempos han mejorado considerablemente sus condiciones de accesibilidad. Pero, \u00bfqu\u00e9 cosas ha de tener en cuenta un alumno sordo para vivir su etapa universitaria? La vida universitaria no es una etapa educativa m\u00e1s, sino que significa el paso de&hellip;","_links":{"self":[{"href":"https:\/\/www.visualfy.com\/es\/wp-json\/wp\/v2\/posts\/7180","targetHints":{"allow":["GET"]}}],"collection":[{"href":"https:\/\/www.visualfy.com\/es\/wp-json\/wp\/v2\/posts"}],"about":[{"href":"https:\/\/www.visualfy.com\/es\/wp-json\/wp\/v2\/types\/post"}],"author":[{"embeddable":true,"href":"https:\/\/www.visualfy.com\/es\/wp-json\/wp\/v2\/users\/2"}],"replies":[{"embeddable":true,"href":"https:\/\/www.visualfy.com\/es\/wp-json\/wp\/v2\/comments?post=7180"}],"version-history":[{"count":0,"href":"https:\/\/www.visualfy.com\/es\/wp-json\/wp\/v2\/posts\/7180\/revisions"}],"wp:featuredmedia":[{"embeddable":true,"href":"https:\/\/www.visualfy.com\/es\/wp-json\/wp\/v2\/media\/4539"}],"wp:attachment":[{"href":"https:\/\/www.visualfy.com\/es\/wp-json\/wp\/v2\/media?parent=7180"}],"wp:term":[{"taxonomy":"category","embeddable":true,"href":"https:\/\/www.visualfy.com\/es\/wp-json\/wp\/v2\/categories?post=7180"},{"taxonomy":"post_tag","embeddable":true,"href":"https:\/\/www.visualfy.com\/es\/wp-json\/wp\/v2\/tags?post=7180"}],"curies":[{"name":"wp","href":"https:\/\/api.w.org\/{rel}","templated":true}]}}