{"id":7104,"date":"2018-06-26T13:54:27","date_gmt":"2018-06-26T13:54:27","guid":{"rendered":"https:\/\/www.visualfy.com\/mi-sordera-influye-de-manera-muy-positiva-en-mi-trabajo\/"},"modified":"2025-03-03T08:22:27","modified_gmt":"2025-03-03T08:22:27","slug":"mi-sordera-influye-de-manera-muy-positiva-en-mi-trabajo","status":"publish","type":"post","link":"https:\/\/www.visualfy.com\/es\/mi-sordera-influye-de-manera-muy-positiva-en-mi-trabajo\/","title":{"rendered":"Mi sordera influye de manera muy positiva en mi trabajo"},"content":{"rendered":"\n<p>Hoy, el equipo de redacci\u00f3n de Visualfy hemos venido a conocer a Ana Monz\u00f3, valenciana de 32 a\u00f1os, que nos abre las puertas de su casa para hablarnos sobre su sordera y c\u00f3mo \u00e9sta influye en los distintos aspectos de su vida.<\/p>\n\n\n<span class='bctt-click-to-tweet'><span class='bctt-ctt-text'><a href='https:\/\/x.com\/intent\/tweet?url=https%3A%2F%2Fwww.visualfy.com%2Fes%2Fmi-sordera-influye-de-manera-muy-positiva-en-mi-trabajo%2F&#038;text=El%20caso%20de%20Ana%20es%20de%20los%20que%20nos%20gusta%20contar%2C%20porque%20nos%20recuerda%20que%20la%20sordera%20no%20importa%20a%20la%20hora%20de%20cumplir%20los%20objetivos%20personales%20y%20profesionales%20que%20tengamos%20en%20mente%2C%20y%20que%20el%20esp%C3%ADritu%20de%20superaci%C3%B3n%20se%20impone%20a%20las%20dificultades%E2%80%A6&#038;via=visualfy&#038;related=visualfy' target='_blank'rel=\"noopener noreferrer\">El caso de Ana es de los que nos gusta contar, porque nos recuerda que la sordera no importa a la hora de cumplir los objetivos personales y profesionales que tengamos en mente, y que el esp\u00edritu de superaci\u00f3n se impone a las dificultades\u2026 <\/a><\/span><a href='https:\/\/x.com\/intent\/tweet?url=https%3A%2F%2Fwww.visualfy.com%2Fes%2Fmi-sordera-influye-de-manera-muy-positiva-en-mi-trabajo%2F&#038;text=El%20caso%20de%20Ana%20es%20de%20los%20que%20nos%20gusta%20contar%2C%20porque%20nos%20recuerda%20que%20la%20sordera%20no%20importa%20a%20la%20hora%20de%20cumplir%20los%20objetivos%20personales%20y%20profesionales%20que%20tengamos%20en%20mente%2C%20y%20que%20el%20esp%C3%ADritu%20de%20superaci%C3%B3n%20se%20impone%20a%20las%20dificultades%E2%80%A6&#038;via=visualfy&#038;related=visualfy' target='_blank' class='bctt-ctt-btn'rel=\"noopener noreferrer\">Compartir en X<\/a><\/span>\n\n\n\n<p>Aprovechando<a href=\"https:\/\/www.visualfy.com\/es\/lengua-signos-y-bebes\/\"> que ha dormido a su beb\u00e9<\/a>, encuentra un rato para atendernos y responder a nuestras preguntas. Seguro que su historia os resulta familiar, pero a la vez inspiradora y emocionante.<\/p>\n\n\n\n<h2 class=\"wp-block-heading\">Ana Monz\u00f3, orientadora educativa con sordera profunda bilateral, nos habla sobre poner en valor la diversidad para ayudar a los dem\u00e1s.<\/h2>\n\n\n\n<p><strong>P: Hola Ana, \u00bfpuedes presentarte a las personas que si<\/strong><strong style=\"font-size: 14.4px;\">guen el blog de Visualfy?<\/strong><\/p>\n\n\n\n<p>R: Me llamo Ana, tengo 32 a\u00f1os y trabajo como orientadora edu<span style=\"font-size: 14.4px;\">cativa en colegios de la Comunidad Valenciana. Soy mam\u00e1 de d<\/span><span style=\"font-size: 14.4px;\">os ni\u00f1os y tengo una sordera bilateral profunda.<\/span><\/p>\n\n\n\n<figure class=\"wp-block-image\"><a href=\"https:\/\/www.visualfy.com\/wp-content\/uploads\/2025\/02\/sordera-influye-manera-positiva-trabajo.jpg\"><img decoding=\"async\" src=\"https:\/\/www.visualfy.com\/wp-content\/uploads\/2025\/02\/sordera-influye-manera-positiva-trabajo.jpg\" alt=\"Mi sordera influye de manera muy positiva en mi trabajo\" class=\"wp-image-14004\" title=\"Mi sordera influye de manera muy positiva en mi trabajo\"\/><\/a><\/figure>\n\n\n\n<p><strong>P: \u00bfUtilizas pr\u00f3tesis auditivas?<\/strong><\/p>\n\n\n\n<p>R: Actualmente soy usuaria de un implante coclear, que me i<span style=\"font-size: 14.4px;\">mplant\u00e9 en el a\u00f1o 2000, y un aud\u00edfono que he llevado siempre, desde que se detect\u00f3 mi problema de audici\u00f3n.<\/span><\/p>\n\n\n\n<p><strong>P: Ana, \u00bfqu\u00e9 significa ser orientadora educativa?<\/strong><\/p>\n\n\n\n<p>R: La orientaci\u00f3n educativa la utilizamos para orientar a aquellos que lo necesitan en alg\u00fan momento de sus vidas. Todos, en alg\u00fan momento de nuestra vida, necesitamos alg\u00fan tipo de orientaci\u00f3n. La orientaci\u00f3n educativa se realiza a nivel escolar, porque un alumno tenga unas carencias. Esas carencias pueden ser provocadas por una discapacidad, por un problema de aprendizaje, un problema de estudio, o un problema con los pap\u00e1s\u2026 para eso es para lo que estamos. Trabajo tanto con profesores como con los propios alumnos de forma directa.<\/p>\n\n\n\n<p><strong>P: \u00bfQu\u00e9 te llev\u00f3 a querer ser orientadora educativa?<\/strong><\/p>\n\n\n\n<p>R: Mi trabajo fue muy vocacional, porque yo hab\u00eda tenido unas carencias importantes a la hora de estudiar; en primaria, la ESO y la Universidad. Siempre quise ayudar a gente que lo necesitara. Yo tengo una familia que me ha ayudado mucho, pero no todo el mundo tiene esa posibilidad familiar, as\u00ed que decid\u00ed que quer\u00eda intentar ayudar en esos casos.<\/p>\n\n\n\n<p><strong>P: \u00bfQu\u00e9 es necesario para ser un buen orientador?<\/strong><\/p>\n\n\n\n<p>R: Para ser un buen orientador es necesario que haya una gran empat\u00eda hacia la persona que necesita ser orientada en ese momento\u2026 el alumno, la familia, un profesor, etc. Es necesario intentar no cansarse y seguir buscando la mejor soluci\u00f3n posible al problema. Y si algo no funciona, intentar buscar otra v\u00eda. Est\u00e1 claro que hay muchos libros, muchas teor\u00edas, muchas formas de trabajar\u2026 pero todo ha de estar orientado hacia la persona que tenemos delante. La misma soluci\u00f3n no vale para todo el mundo.<\/p>\n\n\n\n<figure class=\"wp-block-image\"><a href=\"https:\/\/www.visualfy.com\/wp-content\/uploads\/2025\/02\/orientadora-sorda-bilateral.jpg\"><img decoding=\"async\" src=\"https:\/\/www.visualfy.com\/wp-content\/uploads\/2025\/02\/orientadora-sorda-bilateral.jpg\" alt=\"Ana Monz\u00f3, orientadora educativa con sordera profunda bilateral, nos habla sobre poner en valor la diversidad para ayudar a los dem\u00e1s.\" class=\"wp-image-14002\" title=\"Ana Monz\u00f3, orientadora educativa con sordera profunda bilateral, nos habla sobre poner en valor la diversidad para ayudar a los dem\u00e1s.\"\/><\/a><\/figure>\n\n\n\n<p><strong>P: \u00bfC\u00f3mo es tu d\u00eda a d\u00eda con tus ayudas t\u00e9cnicas?<\/strong><\/p>\n\n\n\n<p>R: Como ya he comentado,<a href=\"https:\/\/www.visualfy.com\/es\/amplia-el-poder-de-tu-audifono-accesorios-y-complementos-para-sacarle-el-maximo-rendimiento\/\"> utilizo un implante y un aud\u00edfono<\/a>. Ambas ayudas t\u00e9cnicas las utilizo durante el d\u00eda, y por la noche es necesario que se deshumidifiquen y tengan un descanso. Aparte, los o\u00eddos agradecen ese tiempo de descanso. Ahora tengo los dos ni\u00f1os peque\u00f1os, y algunas noches he de hacer uso del implante, para o\u00edrlos si lloran. Tambi\u00e9n utilizo un vigilabeb\u00e9s con c\u00e1mara y vibrador incluido. Si el peque\u00f1o se mueve en su cuna, el vigilabeb\u00e9s vibra.<\/p>\n\n\n\n<p><strong>P: A la hora de decidir ser padres, \u00bfinfluy\u00f3 el hecho de que vuestros hijos pudieran heredar la sordera?<\/strong><\/p>\n\n\n\n<p>R: En nuestro caso, cuando pensamos en ser pap\u00e1s, estaba claro que hab\u00eda una posibilidad gen\u00e9tica de que fuera as\u00ed\u2026 pero no era una mayor inquietud, una inquietud importante. No hicimos ninguna prueba previa, y siempre pensamos que, en caso de que hubiera alg\u00fan problema, que fuera una sordera, que la conocemos.<\/p>\n\n\n\n<p><strong>P: \u00bfTu sordera influye en tu rol como madre?<\/strong><\/p>\n\n\n\n<p>R: En los ratos que estoy con mis hijos, los disfruto much\u00edsimo. Sin embargo, hay peque\u00f1os momentos donde el problema de audici\u00f3n est\u00e1 presente. Por ejemplo, las noches y los momentos del ba\u00f1o. Me encanta ba\u00f1arme con ellos, pero me tengo que quitar las ayudas t\u00e9cnicas y no se vive de la misma manera.<\/p>\n\n\n\n<p><strong>P: \u00bfY en tu trabajo?, \u00bfinfluye de alguna manera?<\/strong><\/p>\n\n\n\n<p>R: Pues yo creo que en mi trabajo influye de manera positiva mi problema de audici\u00f3n, porque empatizo mucho m\u00e1s con los alumnos que tienen alg\u00fan tipo de necesidad, soy muy tolerante con las necesidades de cada uno, y siempre tengo muy en cuenta que cada persona tiene unas necesidades diferentes. Si dos personas ya no somos iguales, las personas con alg\u00fan tipo de diversidad tampoco tiene que ser igual una que otra. Eso lo tengo muy en cuenta y muy presente siempre.<\/p>\n\n\n\n<p><strong>P: \u00bfC\u00f3mo crees que influye en tus hijos oyentes que su mam\u00e1 sea sorda?<\/strong><\/p>\n\n\n\n<p>R: Yo creo que, el crecimiento de mis hijos, al tener una persona con una diversidad en casa, va a darles tolerancia y empat\u00eda a largo plazo, que les ayudar\u00e1 a convivir con otras personas.<\/p>\n\n\n<span class='bctt-click-to-tweet'><span class='bctt-ctt-text'><a href='https:\/\/x.com\/intent\/tweet?url=https%3A%2F%2Fwww.visualfy.com%2Fes%2Fmi-sordera-influye-de-manera-muy-positiva-en-mi-trabajo%2F&#038;text=Ana%20Monz%C3%B3%3A%20El%20crecimiento%20de%20mis%20hijos%2C%20al%20tener%20una%20persona%20con%20una%20diversidad%20en%20casa%2C%20va%20a%20darles%20tolerancia%20y%20empat%C3%ADa%20a%20largo%20plazo%2C%20que%20les%20ayudar%C3%A1%20a%20convivir%20con%20otras%20personas&#038;via=visualfy&#038;related=visualfy' target='_blank'rel=\"noopener noreferrer\">Ana Monz\u00f3: El crecimiento de mis hijos, al tener una persona con una diversidad en casa, va a darles tolerancia y empat\u00eda a largo plazo, que les ayudar\u00e1 a convivir con otras personas <\/a><\/span><a href='https:\/\/x.com\/intent\/tweet?url=https%3A%2F%2Fwww.visualfy.com%2Fes%2Fmi-sordera-influye-de-manera-muy-positiva-en-mi-trabajo%2F&#038;text=Ana%20Monz%C3%B3%3A%20El%20crecimiento%20de%20mis%20hijos%2C%20al%20tener%20una%20persona%20con%20una%20diversidad%20en%20casa%2C%20va%20a%20darles%20tolerancia%20y%20empat%C3%ADa%20a%20largo%20plazo%2C%20que%20les%20ayudar%C3%A1%20a%20convivir%20con%20otras%20personas&#038;via=visualfy&#038;related=visualfy' target='_blank' class='bctt-ctt-btn'rel=\"noopener noreferrer\">Compartir en X<\/a><\/span>\n\n\n\n<p><strong>P: Para terminar, Ana, \u00bfpodr\u00edas lanzar un mensaje a aquellos padres a los que acaban de diagnosticar una sordera a uno de sus hijos?<\/strong><\/p>\n\n\n\n<p>R: Bueno, yo no soy quien para dar consejos a nadie, pero a todos aquellos padres que est\u00e9n pasando por un mal momento, me gustar\u00eda recordarles que hay muchos tipos de profesionales, que cada uno trabajamos un aspecto diferente. Que las necesidades de una familia son distintas que las de otra, hay mucha informaci\u00f3n, muchas v\u00edas de trabajo diferentes\u2026 y quisiera que nunca se cansaran de buscar otras opciones que puedan satisfacerles m\u00e1s que las que tienen ahora. Si no est\u00e1n contentos con lo que tienen ahora, siempre hay una segunda opci\u00f3n, o algo que se pueda adaptar mejor a sus necesidades. Y cada uno siempre tiene que pensar que sus necesidades son unas, y las de otros son otras; pueden ser complementarias, pero no tienen porqu\u00e9 ser las mismas.<\/p>\n\n\n\n<p>Su beb\u00e9 ya reniega, ha terminado su rato de descanso y llama a su mam\u00e1 para que le atienda. A Ana se le iluminan los ojos cuando oye la llamada, y nosotros sabemos que nuestro tiempo ha terminado.<\/p>\n\n\n\n<p><strong>Ana nos ha transmitido sus ganas de vivir, y sus ganas de crecerse ante las dificultades. Y c\u00f3mo, pese a que resulte parad\u00f3jico, su sordera le hace ser mejor en su trabajo. Un claro ejemplo de puesta en valor de la diversidad como podemos apreciar en otras historias como <a href=\"https:\/\/www.visualfy.com\/es\/sos-mi-hija-es-sorda-la-historia-de-loles-javier-y-aitana-te-dara-una-leccion-de-vida\/\">esta<\/a>.<\/strong><\/p>\n","protected":false},"excerpt":{"rendered":"<p>Hoy, el equipo de redacci\u00f3n de Visualfy hemos venido a conocer a Ana Monz\u00f3, valenciana de 32 a\u00f1os, que nos abre las puertas de su casa para hablarnos sobre su sordera y c\u00f3mo \u00e9sta influye en los distintos aspectos de su vida. Aprovechando que ha dormido a su beb\u00e9, encuentra un rato para atendernos y [&hellip;]<\/p>\n","protected":false},"author":2,"featured_media":4133,"comment_status":"open","ping_status":"open","sticky":false,"template":"","format":"standard","meta":{"_acf_changed":false,"content-type":"","_uag_custom_page_level_css":"","footnotes":""},"categories":[33],"tags":[],"class_list":["post-7104","post","type-post","status-publish","format-standard","has-post-thumbnail","hentry","category-estilo-de-vida"],"acf":[],"spectra_custom_meta":{"_wp_page_template":["default"],"rank_math_internal_links_processed":["1"],"_wpml_word_count":["{\"total\":1130,\"to_translate\":{\"en\":1130}}"],"_yoast_wpseo_primary_category":["296"],"_yoast_wpseo_keywordsynonyms":[""],"_wpml_media_duplicate":["0"],"_wpml_media_featured":["0"],"_yoast_wpseo_focuskeywords":["[]"],"_et_monarch_override":[""],"amazonS3_cache":["a:51:{s:89:\"\/\/dev.visualfy.com\/wp-content\/uploads\/2018\/06\/sordera-influye-manera-positiva-trabajo.jpg\";i:14004;s:66:\"\/\/cdn.visualfy.com\/img\/sordera-influye-manera-positiva-trabajo.jpg\";i:14004;s:77:\"\/\/dev.visualfy.com\/wp-content\/uploads\/2018\/06\/orientadora-sorda-bilateral.jpg\";i:14002;s:54:\"\/\/cdn.visualfy.com\/img\/orientadora-sorda-bilateral.jpg\";i:14002;s:61:\"\/\/dev.visualfy.com\/wp-content\/uploads\/2018\/06\/qhnmie8bq04.jpg\";i:14160;s:38:\"\/\/cdn.visualfy.com\/img\/qhnmie8bq04.jpg\";i:14160;s:89:\"\/\/www.visualfy.com\/wp-content\/uploads\/2018\/06\/sordera-influye-manera-positiva-trabajo.jpg\";i:14004;s:77:\"\/\/www.visualfy.com\/wp-content\/uploads\/2018\/06\/orientadora-sorda-bilateral.jpg\";i:14002;s:61:\"\/\/www.visualfy.com\/wp-content\/uploads\/2018\/06\/qhnmie8bq04.jpg\";i:14160;s:93:\"\/\/visualfy.acceseo.dev\/wp-content\/uploads\/2025\/02\/sordera-influye-manera-positiva-trabajo.jpg\";a:1:{s:9:\"timestamp\";i:1744269449;}s:81:\"\/\/visualfy.acceseo.dev\/wp-content\/uploads\/2025\/02\/orientadora-sorda-bilateral.jpg\";a:1:{s:9:\"timestamp\";i:1744269449;}s:96:\"\/\/visualfy.acceseo.dev\/wp-content\/uploads\/2025\/02\/sordera-influye-manera-positiva-mi-trabajo.jpg\";a:1:{s:9:\"timestamp\";i:1744269449;}s:69:\"\/\/visualfy.acceseo.dev\/wp-content\/uploads\/2025\/02\/lse-icon-button.svg\";a:1:{s:9:\"timestamp\";i:1744269448;}s:81:\"\/\/visualfy.acceseo.dev\/wp-content\/uploads\/2025\/02\/visualfy-places-placeholder.jpg\";a:1:{s:9:\"timestamp\";i:1744269448;}s:66:\"\/\/visualfy.acceseo.dev\/wp-content\/uploads\/2025\/01\/computer_404.svg\";a:1:{s:9:\"timestamp\";i:1744269448;}s:63:\"\/\/visualfy.acceseo.dev\/wp-content\/uploads\/2025\/01\/user-icon.svg\";a:1:{s:9:\"timestamp\";i:1744269448;}s:58:\"\/\/visualfy.acceseo.dev\/wp-content\/uploads\/2025\/01\/menu.svg\";a:1:{s:9:\"timestamp\";i:1744269448;}s:67:\"\/\/visualfy.acceseo.dev\/wp-content\/uploads\/2025\/01\/logo-visualfy.svg\";a:1:{s:9:\"timestamp\";i:1744269448;}s:65:\"\/\/visualfy.acceseo.dev\/wp-content\/uploads\/2025\/01\/logo-footer.svg\";a:1:{s:9:\"timestamp\";i:1744269449;}s:88:\"\/\/visualfy.acceseo.dev\/wp-content\/uploads\/2025\/01\/union-europea-ministerio-industria.png\";a:1:{s:9:\"timestamp\";i:1744269449;}s:78:\"\/\/visualfy.acceseo.dev\/wp-content\/uploads\/2025\/01\/fondo-europeo-innovacion.png\";a:1:{s:9:\"timestamp\";i:1744269449;}s:77:\"\/\/visualfy.acceseo.dev\/wp-content\/uploads\/2025\/01\/generalitat-ivace-feder.png\";a:1:{s:9:\"timestamp\";i:1744269449;}s:85:\"\/\/visualfy.acceseo.dev\/wp-content\/uploads\/2025\/01\/generalita-ivace-cofinanciacion.png\";a:1:{s:9:\"timestamp\";i:1744269449;}s:61:\"\/\/visualfy.acceseo.dev\/wp-content\/uploads\/2025\/02\/Sem-3-1.png\";a:1:{s:9:\"timestamp\";i:1744269449;}s:69:\"\/\/visualfy.acceseo.dev\/wp-content\/uploads\/2025\/02\/Sem-3-1-300x176.png\";a:1:{s:9:\"timestamp\";i:1744269449;}s:70:\"\/\/visualfy.acceseo.dev\/wp-content\/uploads\/2025\/02\/Sem-3-1-1024x600.png\";a:1:{s:9:\"timestamp\";i:1744269449;}s:69:\"\/\/visualfy.acceseo.dev\/wp-content\/uploads\/2025\/02\/Sem-3-1-768x450.png\";a:1:{s:9:\"timestamp\";i:1744269449;}s:70:\"\/\/visualfy.acceseo.dev\/wp-content\/uploads\/2025\/02\/Sem-3-1-1536x900.png\";a:1:{s:9:\"timestamp\";i:1744269449;}s:71:\"\/\/visualfy.acceseo.dev\/wp-content\/uploads\/2025\/02\/Sem-3-1-2048x1200.png\";a:1:{s:9:\"timestamp\";i:1744269449;}s:63:\"\/\/visualfy.acceseo.dev\/wp-content\/uploads\/2025\/02\/Sem-2-3-1.jpg\";a:1:{s:9:\"timestamp\";i:1744269449;}s:71:\"\/\/visualfy.acceseo.dev\/wp-content\/uploads\/2025\/02\/Sem-2-3-1-300x169.jpg\";a:1:{s:9:\"timestamp\";i:1744269449;}s:72:\"\/\/visualfy.acceseo.dev\/wp-content\/uploads\/2025\/02\/Sem-2-3-1-1024x576.jpg\";a:1:{s:9:\"timestamp\";i:1744269449;}s:71:\"\/\/visualfy.acceseo.dev\/wp-content\/uploads\/2025\/02\/Sem-2-3-1-768x432.jpg\";a:1:{s:9:\"timestamp\";i:1744269449;}s:72:\"\/\/visualfy.acceseo.dev\/wp-content\/uploads\/2025\/02\/Sem-2-3-1-1536x864.jpg\";a:1:{s:9:\"timestamp\";i:1744269449;}s:63:\"\/\/visualfy.acceseo.dev\/wp-content\/uploads\/2025\/02\/Sem-1-2-1.png\";a:1:{s:9:\"timestamp\";i:1744269449;}s:71:\"\/\/visualfy.acceseo.dev\/wp-content\/uploads\/2025\/02\/Sem-1-2-1-300x157.png\";a:1:{s:9:\"timestamp\";i:1744269449;}s:72:\"\/\/visualfy.acceseo.dev\/wp-content\/uploads\/2025\/02\/Sem-1-2-1-1024x535.png\";a:1:{s:9:\"timestamp\";i:1744269449;}s:71:\"\/\/visualfy.acceseo.dev\/wp-content\/uploads\/2025\/02\/Sem-1-2-1-768x401.png\";a:1:{s:9:\"timestamp\";i:1744269449;}s:67:\"\/\/visualfy.acceseo.dev\/wp-content\/uploads\/2025\/02\/caixa-popular.svg\";a:1:{s:9:\"timestamp\";i:1744269449;}s:58:\"\/\/visualfy.acceseo.dev\/wp-content\/uploads\/2025\/02\/cdti.svg\";a:1:{s:9:\"timestamp\";i:1744269449;}s:58:\"\/\/visualfy.acceseo.dev\/wp-content\/uploads\/2025\/02\/cnse.svg\";a:1:{s:9:\"timestamp\";i:1744269449;}s:60:\"\/\/visualfy.acceseo.dev\/wp-content\/uploads\/2025\/02\/esteve.svg\";a:1:{s:9:\"timestamp\";i:1744269449;}s:60:\"\/\/visualfy.acceseo.dev\/wp-content\/uploads\/2025\/02\/fesord.svg\";a:1:{s:9:\"timestamp\";i:1744269449;}s:76:\"\/\/visualfy.acceseo.dev\/wp-content\/uploads\/2025\/02\/generalitat-valenciana.svg\";a:1:{s:9:\"timestamp\";i:1744269449;}s:66:\"\/\/visualfy.acceseo.dev\/wp-content\/uploads\/2025\/02\/horizon-2020.svg\";a:1:{s:9:\"timestamp\";i:1744269449;}s:59:\"\/\/visualfy.acceseo.dev\/wp-content\/uploads\/2025\/02\/ivace.svg\";a:1:{s:9:\"timestamp\";i:1744269449;}s:62:\"\/\/visualfy.acceseo.dev\/wp-content\/uploads\/2025\/02\/montsant.svg\";a:1:{s:9:\"timestamp\";i:1744269449;}s:69:\"\/\/visualfy.acceseo.dev\/wp-content\/uploads\/2025\/02\/naciones-unidas.svg\";a:1:{s:9:\"timestamp\";i:1744269449;}s:62:\"\/\/visualfy.acceseo.dev\/wp-content\/uploads\/2025\/02\/randstad.svg\";a:1:{s:9:\"timestamp\";i:1744269449;}s:64:\"\/\/visualfy.acceseo.dev\/wp-content\/uploads\/2025\/02\/telefonica.svg\";a:1:{s:9:\"timestamp\";i:1744269449;}s:66:\"\/\/visualfy.acceseo.dev\/wp-content\/uploads\/2025\/02\/wingstoclaim.svg\";a:1:{s:9:\"timestamp\";i:1744269449;}}"],"_yoast_wpseo_opengraph-title":[""],"_yoast_wpseo_opengraph-description":[""],"_yst_prominent_words_version":["1"],"_yoast_wpseo_video_meta":["a:15:{s:2:\"id\";s:11:\"Qhnmie8Bq04\";s:4:\"type\";s:7:\"youtube\";s:3:\"url\";s:28:\"https:\/\/youtu.be\/Qhnmie8Bq04\";s:7:\"post_id\";i:13962;s:5:\"title\";s:76:\"Mi sordera influye de manera muy positiva en mi trabajo &amp;#8902; Visualfy\";s:16:\"publication_date\";s:25:\"2018-06-26T13:54:27+00:00\";s:11:\"description\";s:229:\"Hoy, el equipo de redacci\u00f3n de Visualfy hemos venido a conocer a Ana Monz\u00f3, valenciana de 32 a\u00f1os, que nos abre las puertas de su casa para hablarnos sobre su sordera y c\u00f3mo \u00e9sta influye en los distintos aspectos de su vida.\";s:10:\"player_loc\";s:41:\"https:\/\/www.youtube.com\/embed\/Qhnmie8Bq04\";s:13:\"thumbnail_loc\";s:44:\"https:\/\/cdn.visualfy.com\/img\/qhnmie8bq04.jpg\";s:8:\"duration\";i:408;s:10:\"view_count\";i:453;s:5:\"width\";i:480;s:6:\"height\";i:270;s:8:\"category\";s:34:\"Estilo de vida y p\u00e9rdida auditiva\";s:3:\"tag\";a:0:{}}"],"_yoast_wpseo_videositemap-duration":["408"],"_yoast_wpseo_videositemap-rating":["0"],"_yoast_wpseo_metadesc":["Hoy, el equipo de redacci\u00f3n de Visualfy hemos venido a conocer a Ana Monz\u00f3, valenciana de 32 a\u00f1os, que nos abre las puertas de su casa para hablarnos sobre su sordera y c\u00f3mo \u00e9sta influye en los distintos aspectos de su vida."],"_yoast_wpseo_focuskw":[""],"_yoast_wpseo_content_score":[""],"cmplz_hide_cookiebanner":[""],"_wpml_location_migration_done":["1"],"_fgj2wp_old_id":[""],"_yoast_wpseo_metakeywords":[""],"_bsf_post_type":["0"],"_yoast_wpseo_meta-robots-noindex":[""],"_fgj2wp_translation_association_key":[""],"_product_image_gallery":[""],"_wp_old_slug":[""],"_yoast_wpseo_title":[""],"slide_template":[""],"_yoast_wpseo_opengraph-image":[""],"_yoast_wpseo_opengraph-image-id":[""],"_wp_old_date":[""],"_bsf_article_image":[""],"_bsf_article_name":[""],"_bsf_article_desc":[""],"_bsf_article_author":[""],"_bsf_article_publisher":[""],"_bsf_article_publisher_logo":[""],"_yoast_wpseo_meta-robots-nofollow":[""],"amp_status":[""],"_cmplz_scanned_post":["1"],"_encloseme":[""],"_last_translation_edit_mode":[""],"_yoast_wpseo_twitter-title":[""],"_yoast_wpseo_twitter-description":[""],"_yoast_wpseo_twitter-image":[""],"_yoast_wpseo_twitter-image-id":[""],"_yoast_wpseo_linkdex":[""],"_thumbnail_id":["4133"],"_oembed_59455cb082a4811dfbe53bc6368b31ce":["<iframe title=\"Entrevista a Ana Monz\u00f3, orientadora educativa con sordera profunda bilateral -Visualfy\" width=\"500\" height=\"281\" src=\"https:\/\/www.youtube.com\/embed\/Qhnmie8Bq04?feature=oembed\" frameborder=\"0\" allow=\"accelerometer; autoplay; clipboard-write; encrypted-media; gyroscope; picture-in-picture; web-share\" referrerpolicy=\"strict-origin-when-cross-origin\" allowfullscreen><\/iframe>"],"_oembed_time_59455cb082a4811dfbe53bc6368b31ce":["1740989913"],"_edit_lock":["1740990149:1"],"rank_math_seo_score":["21"],"rank_math_primary_category":["33"],"_pingme":["1"],"_uag_custom_page_level_css":[""],"footnotes":[""],"_edit_last":["1"],"lse_enlace":["https:\/\/youtu.be\/Qhnmie8Bq04"],"_lse_enlace":["field_67b5db1d9d4ca"],"_betterdocs_reusable_block_ids":["a:0:{}"],"copied_media_ids":["a:2:{i:0;i:4130;i:1;i:4131;}"],"referenced_media_ids":["a:1:{i:0;i:4133;}"]},"uagb_featured_image_src":{"full":["https:\/\/www.visualfy.com\/wp-content\/uploads\/2025\/02\/sordera-influye-manera-positiva-mi-trabajo.jpg",800,543,false],"thumbnail":["https:\/\/www.visualfy.com\/wp-content\/uploads\/2025\/02\/sordera-influye-manera-positiva-mi-trabajo-150x150.jpg",150,150,true],"medium":["https:\/\/www.visualfy.com\/wp-content\/uploads\/2025\/02\/sordera-influye-manera-positiva-mi-trabajo-300x204.jpg",300,204,true],"medium_large":["https:\/\/www.visualfy.com\/wp-content\/uploads\/2025\/02\/sordera-influye-manera-positiva-mi-trabajo-768x521.jpg",768,521,true],"large":["https:\/\/www.visualfy.com\/wp-content\/uploads\/2025\/02\/sordera-influye-manera-positiva-mi-trabajo.jpg",800,543,false],"1536x1536":["https:\/\/www.visualfy.com\/wp-content\/uploads\/2025\/02\/sordera-influye-manera-positiva-mi-trabajo.jpg",800,543,false],"2048x2048":["https:\/\/www.visualfy.com\/wp-content\/uploads\/2025\/02\/sordera-influye-manera-positiva-mi-trabajo.jpg",800,543,false]},"uagb_author_info":{"display_name":"visualfy","author_link":"https:\/\/www.visualfy.com\/es\/author\/visualfy\/"},"uagb_comment_info":0,"uagb_excerpt":"Hoy, el equipo de redacci\u00f3n de Visualfy hemos venido a conocer a Ana Monz\u00f3, valenciana de 32 a\u00f1os, que nos abre las puertas de su casa para hablarnos sobre su sordera y c\u00f3mo \u00e9sta influye en los distintos aspectos de su vida. Aprovechando que ha dormido a su beb\u00e9, encuentra un rato para atendernos y&hellip;","_links":{"self":[{"href":"https:\/\/www.visualfy.com\/es\/wp-json\/wp\/v2\/posts\/7104","targetHints":{"allow":["GET"]}}],"collection":[{"href":"https:\/\/www.visualfy.com\/es\/wp-json\/wp\/v2\/posts"}],"about":[{"href":"https:\/\/www.visualfy.com\/es\/wp-json\/wp\/v2\/types\/post"}],"author":[{"embeddable":true,"href":"https:\/\/www.visualfy.com\/es\/wp-json\/wp\/v2\/users\/2"}],"replies":[{"embeddable":true,"href":"https:\/\/www.visualfy.com\/es\/wp-json\/wp\/v2\/comments?post=7104"}],"version-history":[{"count":0,"href":"https:\/\/www.visualfy.com\/es\/wp-json\/wp\/v2\/posts\/7104\/revisions"}],"wp:featuredmedia":[{"embeddable":true,"href":"https:\/\/www.visualfy.com\/es\/wp-json\/wp\/v2\/media\/4133"}],"wp:attachment":[{"href":"https:\/\/www.visualfy.com\/es\/wp-json\/wp\/v2\/media?parent=7104"}],"wp:term":[{"taxonomy":"category","embeddable":true,"href":"https:\/\/www.visualfy.com\/es\/wp-json\/wp\/v2\/categories?post=7104"},{"taxonomy":"post_tag","embeddable":true,"href":"https:\/\/www.visualfy.com\/es\/wp-json\/wp\/v2\/tags?post=7104"}],"curies":[{"name":"wp","href":"https:\/\/api.w.org\/{rel}","templated":true}]}}