{"id":7068,"date":"2018-05-24T10:02:43","date_gmt":"2018-05-24T10:02:43","guid":{"rendered":"https:\/\/www.visualfy.com\/volar-con-implantes-cocleares\/"},"modified":"2025-03-03T08:56:43","modified_gmt":"2025-03-03T08:56:43","slug":"volar-con-implantes-cocleares","status":"publish","type":"post","link":"https:\/\/www.visualfy.com\/es\/volar-con-implantes-cocleares\/","title":{"rendered":"Volar con implantes cocleares"},"content":{"rendered":"\n<p>Todo <strong>el proceso que implica tomar un vuelo despierta muchas dudas a los usuarios de<\/strong> <a href=\"https:\/\/es.wikipedia.org\/wiki\/Implante_coclear\" rel=\"nofollow noopener\" target=\"_blank\">implantes cocleares<\/a>, o padres de ni\u00f1os sordos portadores de implantes cocleares. Encontraremos en Internet mucha informaci\u00f3n al respecto, pero debemos evitar generalizar y atenderemos a dos puntos clave, debido a las diferencias tecnol\u00f3gicas que puedan existir.<\/p>\n\n\n\n<ul class=\"wp-block-list\">\n<li>El fabricante de nuestro implante coclear<\/li>\n\n\n\n<li>El modelo de dicho implante coclear<\/li>\n<\/ul>\n\n\n\n<p>En este post os contamos los<strong> detalles que hay que tener en cuenta para que la experiencia de viajar en avi\u00f3n con implantes cocleares transcurra con total normalidad<\/strong>.<\/p>\n\n\n\n<h2 class=\"wp-block-heading\">Preparaci\u00f3n del viaje<\/h2>\n\n\n\n<p>Es importante <strong>llevar los accesorios de nuestro implante coclear en un equipaje de mano<\/strong>, previendo un posible extrav\u00edo de nuestra maleta. De ese modo estaremos seguros de que pilas, cargador de bater\u00edas, cables, deshumidificador y cualquier otro accesorio que necesitemos estar\u00e1 siempre con nosotros.<\/p>\n\n\n\n<figure class=\"wp-block-image\"><a href=\"https:\/\/www.visualfy.com\/es\/volar-con-implantes-cocleares\/\"><img decoding=\"async\" src=\"https:\/\/www.visualfy.com\/wp-content\/uploads\/2025\/02\/viajar-con-implantes-cocleares.jpg\" alt=\"Viajar con implantes cocleares\" class=\"wp-image-13041\" title=\"Viajar con implantes cocleares\"\/><\/a><\/figure>\n\n\n\n<p><strong>Localizar previamente un punto de servicio t\u00e9cnico de nuestra marca de implante coclear en nuestro destino<\/strong>, o lo m\u00e1s cercano posible.<\/p>\n\n\n\n<p><strong>Llevar con nosotros un dispositivo USB que contenga los mapas de programaci\u00f3n<\/strong>. Estos archivos inform\u00e1ticos nos los puede proporcionar el profesional que realiza las sesiones de programaci\u00f3n de los implantes. Si el implante sufriera alguna desprogramaci\u00f3n durante el viaje, teniendo localizado un punto de servicio t\u00e9cnico de nuestra marca y el USB con los mapas, podr\u00edan restablecernos sin problema la programaci\u00f3n de los implantes cocleares para que volvieran a funcionar con normalidad.<\/p>\n\n\n\n<p>Recordemos los <strong>adaptadores de corriente<\/strong> si viajamos a un pa\u00eds con un est\u00e1ndar de enchufe distinto del nuestro.<\/p>\n\n\n\n<p>Es fundamental<strong> llevar con nosotros la tarjeta de identificaci\u00f3n de implantado<\/strong> que nos tiene que haber suministrado el fabricante cuando se implant\u00f3 el dispositivo.<\/p>\n\n\n\n<h2 class=\"wp-block-heading\">Controles de seguridad<\/h2>\n\n\n\n<p>Este punto es fundamental, y <strong>debemos ce\u00f1irnos a las instrucciones que nos d\u00e9 el fabricante sobre nuestro modelo de implante<\/strong>. Un arco de seguridad es un dispositivo electromagn\u00e9tico, y como tal, existe la posibilidad de desprogramaci\u00f3n, e incluso de que se vea afectado el im\u00e1n de la parte implantada.<\/p>\n\n\n\n<p>Los avances tecnol\u00f3gicos de los fabricantes trabajan en la l\u00ednea de evitar las mayores molestias posibles en los usuarios, por lo que<strong> existen modelos que no sufren ning\u00fan riesgo frente a un arco de seguridad<\/strong>. Pero s\u00ed existen modelos donde las recomendaciones del fabricante es NO PASAR bajo un arco de seguridad y que el registro se realice con un esc\u00e1ner de mano. Por ello, debemos seguir al pie de la letra las instrucciones de nuestro fabricante tanto en lo que se refiere al procesador, como a la parte implantada. La tarjeta de identificaci\u00f3n indicar\u00e1 al personal de seguridad del aeropuerto la condici\u00f3n de implantado del usuario.<\/p>\n\n\n\n<p>Normalmente, el personal de los aeropuertos est\u00e1 preparado y conoce las posibles incompatibilidades de los implantes cocleares con los arcos de seguridad.<\/p>\n\n\n\n<p><strong>Los accesorios que llevemos en nuestro equipaje de mano no se ver\u00e1n afectados por el control de rayos X siempre y cuando los llevemos apagados<\/strong> (por ejemplo, si tenemos un procesador de repuesto, o el mando a distancia que tienen algunos modelos de implante coclear).<\/p>\n\n\n\n<h2 class=\"wp-block-heading\">En espera del embarque<\/h2>\n\n\n\n<p>Existen <strong>modelos de procesadores que llevan incorporada la tecnolog\u00eda para utilizar el <a href=\"https:\/\/es.wikipedia.org\/wiki\/Bucle_magn%C3%A9tico\" target=\"_blank\" rel=\"nofollow noopener\">bucle magn\u00e9tico<\/a> que ya existe en muchos aeropuertos<\/strong>. De ese modo podremos estar informados de la llamada de embarque para nuestro vuelo. Si nuestro modelo no lleva incorporada esta funcionalidad, tendremos que utilizar los medios que cualquier otro viajero: las pantallas y las llamadas de megafon\u00eda.<\/p>\n\n\n\n<h2 class=\"wp-block-heading\">Durante el vuelo<\/h2>\n\n\n\n<p>Una de las condiciones del personal de cabina es apagar los dispositivos electr\u00f3nicos durante las fases de despegue y aterrizaje, por posibles interferencias con los instrumentos de navegaci\u00f3n. Un implante coclear emite una se\u00f1al muy baja que no debe interferir con estos sistemas, pero<strong> todos los fabricantes aconsejan informar al personal de vuelo de que se llevan implantes cocleares<\/strong>. Las medidas de seguridad durante el vuelo pueden variar de una compa\u00f1\u00eda a\u00e9rea a otra, y es posible que nos pidan que apaguemos el implante coclear en esos dos momentos.<\/p>\n\n\n\n<p>Si deseamos utilizar los servicios de entretenimiento que nos ofrezca la compa\u00f1\u00eda a\u00e9rea (pel\u00edcula o m\u00fasica), debemos llevar el accesorio que nos permita conectar nuestros implantes a la fuente de sonido. Normalmente es un cable de audio que se conecta al puerto de accesorios del implante que no incorpora el kit que nos entrega el fabricante, por lo que deberemos adquirirlo para disfrutar de ese entretenimiento.<\/p>\n\n\n\n<figure class=\"wp-block-image\"><a href=\"https:\/\/www.visualfy.com\/es\/volar-con-implantes-cocleares\/\"><img decoding=\"async\" src=\"https:\/\/www.visualfy.com\/wp-content\/uploads\/2025\/02\/como-viajar-avion-implantes-cocleares.jpg\" alt=\"C\u00f3mo viajar en avi\u00f3n con implantes cocleares\" class=\"wp-image-13046\" title=\"C\u00f3mo viajar en avi\u00f3n con implantes cocleares\"\/><\/a><\/figure>\n\n\n\n<p><strong>Los fabricantes de implantes cocleares tienen manuales de consejos e instrucciones sobre vuelos en sus p\u00e1ginas web<\/strong>, atendiendo al modelo que tengamos nosotros.<\/p>\n\n\n\n<p>Ejemplo:<a href=\"https:\/\/www.cochlear.com\/es\/home\/support\/cochlear-implant-systems\/nucleus-7-sound-processor\/common-questions\/travelling-with-my-device\" target=\"_blank\" rel=\"nofollow noopener\"> Instrucciones y recomendaciones de Cochlear<\/a><br>Ejemplo: <a href=\"https:\/\/advancedbionics.com\/content\/advancedbionics\/latam\/es\/home\/support\/faqs.html\" target=\"_blank\" rel=\"nofollow noopener\">Instrucciones y recomendaciones de Advanced Bionics<\/a><\/p>\n\n\n\n<p>Siguiendo estos consejos nos aseguraremos de que la experiencia de volar con implantes se desarrolle con normalidad, y que las vacaciones o el viaje de trabajo no se vean afectados por alg\u00fan problema con nuestros implantes cocleares.<\/p>\n\n\n\n<p><strong>Nada detiene a los usuarios de implantes cocleares.<\/strong><\/p>\n\n\n\n<p>\u00a1Feliz vuelo!<\/p>\n","protected":false},"excerpt":{"rendered":"<p>Todo el proceso que implica tomar un vuelo despierta muchas dudas a los usuarios de implantes cocleares, o padres de ni\u00f1os sordos portadores de implantes cocleares. Encontraremos en Internet mucha informaci\u00f3n al respecto, pero debemos evitar generalizar y atenderemos a dos puntos clave, debido a las diferencias tecnol\u00f3gicas que puedan existir. En este post os [&hellip;]<\/p>\n","protected":false},"author":2,"featured_media":4051,"comment_status":"open","ping_status":"open","sticky":false,"template":"","format":"standard","meta":{"_acf_changed":false,"content-type":"","_uag_custom_page_level_css":"","footnotes":""},"categories":[33],"tags":[],"class_list":["post-7068","post","type-post","status-publish","format-standard","has-post-thumbnail","hentry","category-estilo-de-vida"],"acf":[],"spectra_custom_meta":{"_wp_page_template":["default"],"rank_math_internal_links_processed":["1"],"_wpml_word_count":["{\"total\":866,\"to_translate\":{\"en\":866}}"],"_yoast_wpseo_primary_category":[""],"_yoast_wpseo_keywordsynonyms":[""],"_wpml_media_duplicate":["0"],"_wpml_media_featured":["0"],"_yoast_wpseo_focuskeywords":["[]"],"_et_monarch_override":[""],"amazonS3_cache":["a:51:{s:80:\"\/\/dev.visualfy.com\/wp-content\/uploads\/2018\/05\/viajar-con-implantes-cocleares.jpg\";i:13041;s:57:\"\/\/cdn.visualfy.com\/img\/viajar-con-implantes-cocleares.jpg\";i:13041;s:87:\"\/\/dev.visualfy.com\/wp-content\/uploads\/2018\/05\/como-viajar-avion-implantes-cocleares.jpg\";i:13046;s:64:\"\/\/cdn.visualfy.com\/img\/como-viajar-avion-implantes-cocleares.jpg\";i:13046;s:61:\"\/\/dev.visualfy.com\/wp-content\/uploads\/2018\/05\/gpsbpedhuew.jpg\";i:13051;s:38:\"\/\/cdn.visualfy.com\/img\/gpsbpedhuew.jpg\";i:13051;s:80:\"\/\/www.visualfy.com\/wp-content\/uploads\/2018\/05\/viajar-con-implantes-cocleares.jpg\";i:13041;s:87:\"\/\/www.visualfy.com\/wp-content\/uploads\/2018\/05\/como-viajar-avion-implantes-cocleares.jpg\";i:13046;s:61:\"\/\/www.visualfy.com\/wp-content\/uploads\/2018\/05\/gpsbpedhuew.jpg\";i:13051;s:84:\"\/\/visualfy.acceseo.dev\/wp-content\/uploads\/2025\/02\/viajar-con-implantes-cocleares.jpg\";a:1:{s:9:\"timestamp\";i:1744269387;}s:91:\"\/\/visualfy.acceseo.dev\/wp-content\/uploads\/2025\/02\/como-viajar-avion-implantes-cocleares.jpg\";a:1:{s:9:\"timestamp\";i:1744269387;}s:99:\"\/\/visualfy.acceseo.dev\/wp-content\/uploads\/2025\/02\/cosas-tener-cuenta-viajas-implantes-cocleares.jpg\";a:1:{s:9:\"timestamp\";i:1744269387;}s:69:\"\/\/visualfy.acceseo.dev\/wp-content\/uploads\/2025\/02\/lse-icon-button.svg\";a:1:{s:9:\"timestamp\";i:1744269387;}s:81:\"\/\/visualfy.acceseo.dev\/wp-content\/uploads\/2025\/02\/visualfy-places-placeholder.jpg\";a:1:{s:9:\"timestamp\";i:1744269387;}s:66:\"\/\/visualfy.acceseo.dev\/wp-content\/uploads\/2025\/01\/computer_404.svg\";a:1:{s:9:\"timestamp\";i:1744269387;}s:63:\"\/\/visualfy.acceseo.dev\/wp-content\/uploads\/2025\/01\/user-icon.svg\";a:1:{s:9:\"timestamp\";i:1744269387;}s:58:\"\/\/visualfy.acceseo.dev\/wp-content\/uploads\/2025\/01\/menu.svg\";a:1:{s:9:\"timestamp\";i:1744269387;}s:67:\"\/\/visualfy.acceseo.dev\/wp-content\/uploads\/2025\/01\/logo-visualfy.svg\";a:1:{s:9:\"timestamp\";i:1744269387;}s:65:\"\/\/visualfy.acceseo.dev\/wp-content\/uploads\/2025\/01\/logo-footer.svg\";a:1:{s:9:\"timestamp\";i:1744269387;}s:88:\"\/\/visualfy.acceseo.dev\/wp-content\/uploads\/2025\/01\/union-europea-ministerio-industria.png\";a:1:{s:9:\"timestamp\";i:1744269387;}s:78:\"\/\/visualfy.acceseo.dev\/wp-content\/uploads\/2025\/01\/fondo-europeo-innovacion.png\";a:1:{s:9:\"timestamp\";i:1744269387;}s:77:\"\/\/visualfy.acceseo.dev\/wp-content\/uploads\/2025\/01\/generalitat-ivace-feder.png\";a:1:{s:9:\"timestamp\";i:1744269387;}s:85:\"\/\/visualfy.acceseo.dev\/wp-content\/uploads\/2025\/01\/generalita-ivace-cofinanciacion.png\";a:1:{s:9:\"timestamp\";i:1744269387;}s:61:\"\/\/visualfy.acceseo.dev\/wp-content\/uploads\/2025\/02\/Sem-3-1.png\";a:1:{s:9:\"timestamp\";i:1744269387;}s:69:\"\/\/visualfy.acceseo.dev\/wp-content\/uploads\/2025\/02\/Sem-3-1-300x176.png\";a:1:{s:9:\"timestamp\";i:1744269387;}s:70:\"\/\/visualfy.acceseo.dev\/wp-content\/uploads\/2025\/02\/Sem-3-1-1024x600.png\";a:1:{s:9:\"timestamp\";i:1744269387;}s:69:\"\/\/visualfy.acceseo.dev\/wp-content\/uploads\/2025\/02\/Sem-3-1-768x450.png\";a:1:{s:9:\"timestamp\";i:1744269387;}s:70:\"\/\/visualfy.acceseo.dev\/wp-content\/uploads\/2025\/02\/Sem-3-1-1536x900.png\";a:1:{s:9:\"timestamp\";i:1744269387;}s:71:\"\/\/visualfy.acceseo.dev\/wp-content\/uploads\/2025\/02\/Sem-3-1-2048x1200.png\";a:1:{s:9:\"timestamp\";i:1744269387;}s:63:\"\/\/visualfy.acceseo.dev\/wp-content\/uploads\/2025\/02\/Sem-2-3-1.jpg\";a:1:{s:9:\"timestamp\";i:1744269387;}s:71:\"\/\/visualfy.acceseo.dev\/wp-content\/uploads\/2025\/02\/Sem-2-3-1-300x169.jpg\";a:1:{s:9:\"timestamp\";i:1744269387;}s:72:\"\/\/visualfy.acceseo.dev\/wp-content\/uploads\/2025\/02\/Sem-2-3-1-1024x576.jpg\";a:1:{s:9:\"timestamp\";i:1744269387;}s:71:\"\/\/visualfy.acceseo.dev\/wp-content\/uploads\/2025\/02\/Sem-2-3-1-768x432.jpg\";a:1:{s:9:\"timestamp\";i:1744269387;}s:72:\"\/\/visualfy.acceseo.dev\/wp-content\/uploads\/2025\/02\/Sem-2-3-1-1536x864.jpg\";a:1:{s:9:\"timestamp\";i:1744269387;}s:63:\"\/\/visualfy.acceseo.dev\/wp-content\/uploads\/2025\/02\/Sem-1-2-1.png\";a:1:{s:9:\"timestamp\";i:1744269387;}s:71:\"\/\/visualfy.acceseo.dev\/wp-content\/uploads\/2025\/02\/Sem-1-2-1-300x157.png\";a:1:{s:9:\"timestamp\";i:1744269387;}s:72:\"\/\/visualfy.acceseo.dev\/wp-content\/uploads\/2025\/02\/Sem-1-2-1-1024x535.png\";a:1:{s:9:\"timestamp\";i:1744269387;}s:71:\"\/\/visualfy.acceseo.dev\/wp-content\/uploads\/2025\/02\/Sem-1-2-1-768x401.png\";a:1:{s:9:\"timestamp\";i:1744269387;}s:67:\"\/\/visualfy.acceseo.dev\/wp-content\/uploads\/2025\/02\/caixa-popular.svg\";a:1:{s:9:\"timestamp\";i:1744269387;}s:58:\"\/\/visualfy.acceseo.dev\/wp-content\/uploads\/2025\/02\/cdti.svg\";a:1:{s:9:\"timestamp\";i:1744269387;}s:58:\"\/\/visualfy.acceseo.dev\/wp-content\/uploads\/2025\/02\/cnse.svg\";a:1:{s:9:\"timestamp\";i:1744269387;}s:60:\"\/\/visualfy.acceseo.dev\/wp-content\/uploads\/2025\/02\/esteve.svg\";a:1:{s:9:\"timestamp\";i:1744269387;}s:60:\"\/\/visualfy.acceseo.dev\/wp-content\/uploads\/2025\/02\/fesord.svg\";a:1:{s:9:\"timestamp\";i:1744269387;}s:76:\"\/\/visualfy.acceseo.dev\/wp-content\/uploads\/2025\/02\/generalitat-valenciana.svg\";a:1:{s:9:\"timestamp\";i:1744269387;}s:66:\"\/\/visualfy.acceseo.dev\/wp-content\/uploads\/2025\/02\/horizon-2020.svg\";a:1:{s:9:\"timestamp\";i:1744269387;}s:59:\"\/\/visualfy.acceseo.dev\/wp-content\/uploads\/2025\/02\/ivace.svg\";a:1:{s:9:\"timestamp\";i:1744269387;}s:62:\"\/\/visualfy.acceseo.dev\/wp-content\/uploads\/2025\/02\/montsant.svg\";a:1:{s:9:\"timestamp\";i:1744269387;}s:69:\"\/\/visualfy.acceseo.dev\/wp-content\/uploads\/2025\/02\/naciones-unidas.svg\";a:1:{s:9:\"timestamp\";i:1744269387;}s:62:\"\/\/visualfy.acceseo.dev\/wp-content\/uploads\/2025\/02\/randstad.svg\";a:1:{s:9:\"timestamp\";i:1744269387;}s:64:\"\/\/visualfy.acceseo.dev\/wp-content\/uploads\/2025\/02\/telefonica.svg\";a:1:{s:9:\"timestamp\";i:1744269387;}s:66:\"\/\/visualfy.acceseo.dev\/wp-content\/uploads\/2025\/02\/wingstoclaim.svg\";a:1:{s:9:\"timestamp\";i:1744269387;}}"],"_yoast_wpseo_opengraph-title":[""],"_yoast_wpseo_opengraph-description":[""],"_yst_prominent_words_version":["1"],"_yoast_wpseo_video_meta":["a:15:{s:2:\"id\";s:11:\"GPSBpeDHuEw\";s:4:\"type\";s:7:\"youtube\";s:3:\"url\";s:28:\"https:\/\/youtu.be\/GPSBpeDHuEw\";s:7:\"post_id\";i:12954;s:5:\"title\";s:50:\"Volar con implantes cocleares &amp;#8902; Visualfy\";s:16:\"publication_date\";s:25:\"2018-05-24T10:02:43+00:00\";s:11:\"description\";s:310:\"Tomar un vuelo despierta muchas dudas a los usuarios de implantes cocleares, o padres de ni\u00f1os sordos portadores de implantes cocleares. Hay en Internet mucha informaci\u00f3n al respecto, pero debemos evitar generalizar y atenderemos a dos puntos clave, debido a las diferencias tecnol\u00f3gicas que puedan existir.\";s:10:\"player_loc\";s:41:\"https:\/\/www.youtube.com\/embed\/GPSBpeDHuEw\";s:13:\"thumbnail_loc\";s:44:\"https:\/\/cdn.visualfy.com\/img\/gpsbpedhuew.jpg\";s:8:\"duration\";i:418;s:10:\"view_count\";i:232;s:5:\"width\";i:480;s:6:\"height\";i:270;s:8:\"category\";s:34:\"Estilo de vida y p\u00e9rdida auditiva\";s:3:\"tag\";a:0:{}}"],"_yoast_wpseo_videositemap-duration":["418"],"_yoast_wpseo_videositemap-rating":["0"],"_yoast_wpseo_metadesc":["Tomar un vuelo despierta muchas dudas a los usuarios de implantes cocleares, o padres de ni\u00f1os sordos portadores de implantes cocleares. Hay en Internet mucha informaci\u00f3n al respecto, pero debemos evitar generalizar y atenderemos a dos puntos clave, debido a las diferencias tecnol\u00f3gicas que puedan existir."],"_yoast_wpseo_focuskw":[""],"_yoast_wpseo_content_score":[""],"cmplz_hide_cookiebanner":[""],"_wpml_location_migration_done":["1"],"_fgj2wp_old_id":[""],"_yoast_wpseo_metakeywords":[""],"_bsf_post_type":["0"],"_yoast_wpseo_meta-robots-noindex":[""],"_fgj2wp_translation_association_key":[""],"_product_image_gallery":[""],"_wp_old_slug":[""],"_yoast_wpseo_title":[""],"slide_template":[""],"_yoast_wpseo_opengraph-image":[""],"_yoast_wpseo_opengraph-image-id":[""],"_wp_old_date":[""],"_bsf_article_image":[""],"_bsf_article_name":[""],"_bsf_article_desc":[""],"_bsf_article_author":[""],"_bsf_article_publisher":[""],"_bsf_article_publisher_logo":[""],"_yoast_wpseo_meta-robots-nofollow":[""],"amp_status":[""],"_cmplz_scanned_post":["1"],"_encloseme":[""],"_last_translation_edit_mode":[""],"_yoast_wpseo_twitter-title":[""],"_yoast_wpseo_twitter-description":[""],"_yoast_wpseo_twitter-image":[""],"_yoast_wpseo_twitter-image-id":[""],"_yoast_wpseo_linkdex":[""],"_thumbnail_id":["4051"],"_oembed_18e47da20ec7b8d593b434a184cea56a":["<iframe title=\"Volar con implantes cocleares - Visualfy\" width=\"500\" height=\"281\" src=\"https:\/\/www.youtube.com\/embed\/GPSBpeDHuEw?feature=oembed\" frameborder=\"0\" allow=\"accelerometer; autoplay; clipboard-write; encrypted-media; gyroscope; picture-in-picture; web-share\" referrerpolicy=\"strict-origin-when-cross-origin\" allowfullscreen><\/iframe>"],"_oembed_time_18e47da20ec7b8d593b434a184cea56a":["1740992121"],"_edit_lock":["1740992204:1"],"rank_math_seo_score":["22"],"rank_math_primary_category":["33"],"_pingme":["1"],"_uag_custom_page_level_css":[""],"footnotes":[""],"_edit_last":["1"],"lse_enlace":["https:\/\/youtu.be\/GPSBpeDHuEw"],"_lse_enlace":["field_67b5db1d9d4ca"],"_betterdocs_reusable_block_ids":["a:0:{}"],"copied_media_ids":["a:2:{i:0;i:4048;i:1;i:4049;}"],"referenced_media_ids":["a:1:{i:0;i:4051;}"]},"uagb_featured_image_src":{"full":["https:\/\/www.visualfy.com\/wp-content\/uploads\/2025\/02\/cosas-tener-cuenta-viajas-implantes-cocleares.jpg",800,450,false],"thumbnail":["https:\/\/www.visualfy.com\/wp-content\/uploads\/2025\/02\/cosas-tener-cuenta-viajas-implantes-cocleares-150x150.jpg",150,150,true],"medium":["https:\/\/www.visualfy.com\/wp-content\/uploads\/2025\/02\/cosas-tener-cuenta-viajas-implantes-cocleares-300x169.jpg",300,169,true],"medium_large":["https:\/\/www.visualfy.com\/wp-content\/uploads\/2025\/02\/cosas-tener-cuenta-viajas-implantes-cocleares-768x432.jpg",768,432,true],"large":["https:\/\/www.visualfy.com\/wp-content\/uploads\/2025\/02\/cosas-tener-cuenta-viajas-implantes-cocleares.jpg",800,450,false],"1536x1536":["https:\/\/www.visualfy.com\/wp-content\/uploads\/2025\/02\/cosas-tener-cuenta-viajas-implantes-cocleares.jpg",800,450,false],"2048x2048":["https:\/\/www.visualfy.com\/wp-content\/uploads\/2025\/02\/cosas-tener-cuenta-viajas-implantes-cocleares.jpg",800,450,false]},"uagb_author_info":{"display_name":"visualfy","author_link":"https:\/\/www.visualfy.com\/es\/author\/visualfy\/"},"uagb_comment_info":0,"uagb_excerpt":"Todo el proceso que implica tomar un vuelo despierta muchas dudas a los usuarios de implantes cocleares, o padres de ni\u00f1os sordos portadores de implantes cocleares. Encontraremos en Internet mucha informaci\u00f3n al respecto, pero debemos evitar generalizar y atenderemos a dos puntos clave, debido a las diferencias tecnol\u00f3gicas que puedan existir. En este post os&hellip;","_links":{"self":[{"href":"https:\/\/www.visualfy.com\/es\/wp-json\/wp\/v2\/posts\/7068","targetHints":{"allow":["GET"]}}],"collection":[{"href":"https:\/\/www.visualfy.com\/es\/wp-json\/wp\/v2\/posts"}],"about":[{"href":"https:\/\/www.visualfy.com\/es\/wp-json\/wp\/v2\/types\/post"}],"author":[{"embeddable":true,"href":"https:\/\/www.visualfy.com\/es\/wp-json\/wp\/v2\/users\/2"}],"replies":[{"embeddable":true,"href":"https:\/\/www.visualfy.com\/es\/wp-json\/wp\/v2\/comments?post=7068"}],"version-history":[{"count":0,"href":"https:\/\/www.visualfy.com\/es\/wp-json\/wp\/v2\/posts\/7068\/revisions"}],"wp:featuredmedia":[{"embeddable":true,"href":"https:\/\/www.visualfy.com\/es\/wp-json\/wp\/v2\/media\/4051"}],"wp:attachment":[{"href":"https:\/\/www.visualfy.com\/es\/wp-json\/wp\/v2\/media?parent=7068"}],"wp:term":[{"taxonomy":"category","embeddable":true,"href":"https:\/\/www.visualfy.com\/es\/wp-json\/wp\/v2\/categories?post=7068"},{"taxonomy":"post_tag","embeddable":true,"href":"https:\/\/www.visualfy.com\/es\/wp-json\/wp\/v2\/tags?post=7068"}],"curies":[{"name":"wp","href":"https:\/\/api.w.org\/{rel}","templated":true}]}}