{"id":7029,"date":"2017-11-22T12:47:14","date_gmt":"2017-11-22T12:47:14","guid":{"rendered":"https:\/\/www.visualfy.com\/a-las-personas-sordas-les-gusta-la-musica\/"},"modified":"2025-03-03T10:35:05","modified_gmt":"2025-03-03T10:35:05","slug":"a-las-personas-sordas-les-gusta-la-musica","status":"publish","type":"post","link":"https:\/\/www.visualfy.com\/es\/a-las-personas-sordas-les-gusta-la-musica\/","title":{"rendered":"\u00bfA las Personas Sordas les gusta la m\u00fasica?"},"content":{"rendered":"\n<p><span style=\"vertical-align: inherit;\"><span style=\"vertical-align: inherit;\">Hoy es el D\u00eda Internacional de la M\u00fasica. Cuando pensamos en ella, inevitablemente, la asociamos a la audici\u00f3n y podemos llegar a pensar que sin el sistema auditivo puede resultar complicado percibirla pero, \u00bfqu\u00e9 ocurre con las Personas Sordas? \u00bfles gusta la m\u00fasica? \u00bfc\u00f3mo la sienten?<\/span><\/span><\/p>\n\n\n\n<p><span style=\"vertical-align: inherit;\"><span style=\"vertical-align: inherit;\">Seguro que conoc\u00e9is a <\/span><\/span><a href=\"https:\/\/www.visualfy.com\/es\/musicos-sordos\/\"><span style=\"vertical-align: inherit;\"><span style=\"vertical-align: inherit;\">Beethoven, compositor y pianista<\/span><\/span><\/a><span style=\"vertical-align: inherit;\"><span style=\"vertical-align: inherit;\"> . Su ordena no le impidi\u00f3 continuar elaborando incre\u00edbles piezas musicales como la Quinta y la Novena Sinfon\u00eda. \u00bfCurioso, verdad? Sigue leyendo y seguro que <\/span><\/span><strong><span style=\"vertical-align: inherit;\"><span style=\"vertical-align: inherit;\">te sorprender\u00e1 c\u00f3mo los sordos pueden llegar a vivir la m\u00fasica.<\/span><\/span><\/strong><\/p>\n\n\n\n<h2 class=\"wp-block-heading\"><span style=\"vertical-align: inherit;\"><span style=\"vertical-align: inherit;\">M\u00fasica y sordera<\/span><\/span><\/h2>\n\n\n\n<p><span style=\"vertical-align: inherit;\"><span style=\"vertical-align: inherit;\">La Comunidad Sorda es muy heterog\u00e9nea y esto lleva a que existan personas con diferentes grados de p\u00e9rdida auditiva. El hecho de que una persona tenga p\u00e9rdida auditiva no est\u00e1 re\u00f1ido con la m\u00fasica, es decir en funci\u00f3n de los restos auditivos utilizar\u00e1 una v\u00eda u otra para poder llegar a ella. Hay personas a las que su audici\u00f3n les permite <\/span><\/span><strong><span style=\"vertical-align: inherit;\"><span style=\"vertical-align: inherit;\">acceder a la m\u00fasica sin ninguna adaptaci\u00f3n, pero las Personas Sordas necesitan de un Int\u00e9rprete de Lengua de Signos<\/span><\/span><\/strong><span style=\"vertical-align: inherit;\"><span style=\"vertical-align: inherit;\"> para poder llegar a todas las canciones.<\/span><\/span><\/p>\n\n\n\n<p><span style=\"vertical-align: inherit;\"><span style=\"vertical-align: inherit;\">Pero no s\u00f3lo Int\u00e9rpretes, ya que al contar con un sentido menos, es muy importante que sientan la <\/span><\/span><strong><span style=\"vertical-align: inherit;\"><span style=\"vertical-align: inherit;\">vibraci\u00f3n y ayuda mucho el ambiente, la iluminaci\u00f3n, los instrumentos y, por supuesto, la expresi\u00f3n facial y corporal del cantante o del grupo musical es fundamental para que las Personas Sordas<\/span><\/span><\/strong><span style=\"vertical-align: inherit;\"><span style=\"vertical-align: inherit;\"> sientan la m\u00fasica lo m\u00e1s cercano posible a como la sienten los oyentes. Un ejemplo de adaptaci\u00f3n para Personas Sordas para que tengan acceso a la vibraci\u00f3n de la canci\u00f3n es la App Vibetunes, una genial adaptaci\u00f3n creada en Colombia para el Festival Internacional de M\u00fasica de Cartagena.<\/span><\/span><\/p>\n\n\n\n<h2 class=\"wp-block-heading\"><span style=\"vertical-align: inherit;\"><span style=\"vertical-align: inherit;\">Interpretaci\u00f3n de canciones en Lengua de Signos<\/span><\/span><\/h2>\n\n\n\n<p><span style=\"vertical-align: inherit;\"><span style=\"vertical-align: inherit;\">Centr\u00e1ndonos en la interpretaci\u00f3n de canciones en Lengua de Signos, existen muchas variantes. Podemos encontrar a Int\u00e9rpretes Sordos ya Int\u00e9rpretes oyentes y tambi\u00e9n canciones escritas por oyentes y por Sordos. Ahora bien, <\/span><\/span><strong><span style=\"vertical-align: inherit;\"><span style=\"vertical-align: inherit;\">\u00bfcu\u00e1l es la forma correcta de interpretar las canciones en <\/span><\/span><a href=\"https:\/\/www.visualfy.com\/es\/lengua-o-lenguaje-de-signos-como-se-dice\/\"><span style=\"vertical-align: inherit;\"><span style=\"vertical-align: inherit;\">Lengua de Signos<\/span><\/span><\/a><span style=\"vertical-align: inherit;\"><span style=\"vertical-align: inherit;\"> ?<\/span><\/span><\/strong><span style=\"vertical-align: inherit;\"><span style=\"vertical-align: inherit;\"> No hay una sola respuesta, sino que va a depender de los gustos de cada persona. As\u00ed pues, existen diferentes estilos de interpretaci\u00f3n y, para que se entienda mejor, hemos querido acompa\u00f1ar la explicaci\u00f3n con ejemplos visuales.<\/span><\/span><\/p>\n\n\n\n<p><span style=\"vertical-align: inherit;\"><span style=\"vertical-align: inherit;\">Podemos ver c\u00f3mo <\/span><\/span><strong><span style=\"vertical-align: inherit;\"><span style=\"vertical-align: inherit;\">Int\u00e9rpretes de Lengua de Signos oyentes hacen una adaptaci\u00f3n completa de la canci\u00f3n con la que pretende que el p\u00fablico Sordo<\/span><\/span><\/strong><span style=\"vertical-align: inherit;\"><span style=\"vertical-align: inherit;\"> entienda el mensaje de la canci\u00f3n. Pero, con este estilo de interpretaci\u00f3n es complicado que sigan el ritmo de la m\u00fasica y que puedan aprender la letra, ya que el patr\u00f3n labial casi no existe.<\/span><\/span><\/p>\n\n\n\n<figure class=\"wp-block-embed is-type-video is-provider-youtube wp-block-embed-youtube wp-embed-aspect-16-9 wp-has-aspect-ratio\"><div class=\"wp-block-embed__wrapper\">\n<iframe title=\"Rozal\u00e9n - 80 Veces (Videoclip)\" width=\"500\" height=\"281\" src=\"https:\/\/www.youtube.com\/embed\/iEsBFdQXx2A?feature=oembed\" frameborder=\"0\" allow=\"accelerometer; autoplay; clipboard-write; encrypted-media; gyroscope; picture-in-picture; web-share\" referrerpolicy=\"strict-origin-when-cross-origin\" allowfullscreen><\/iframe>\n<\/div><\/figure>\n\n\n\n<p><span style=\"vertical-align: inherit;\"><span style=\"vertical-align: inherit;\">Por otro lado, encontramos una <\/span><\/span><strong><span style=\"vertical-align: inherit;\"><span style=\"vertical-align: inherit;\">interpretaci\u00f3n realizada por una Persona Sorda<\/span><\/span><\/strong><span style=\"vertical-align: inherit;\"><span style=\"vertical-align: inherit;\"> e igualmente se trata de una canci\u00f3n totalmente adaptada, centrada en que las Personas Sordas <\/span><\/span><strong><span style=\"vertical-align: inherit;\"><span style=\"vertical-align: inherit;\">tengan acceso al contenido o significado de la canci\u00f3n.<\/span><\/span><\/strong><\/p>\n\n\n\n<figure class=\"wp-block-embed is-type-video is-provider-youtube wp-block-embed-youtube wp-embed-aspect-16-9 wp-has-aspect-ratio\"><div class=\"wp-block-embed__wrapper\">\n<iframe title=\"Manuel Carrasco y Raquel Sempere interpretan la canci\u00f3n &#039;Ya no&#039;,  en El Puerto de Santa Mar\u00eda\" width=\"500\" height=\"281\" src=\"https:\/\/www.youtube.com\/embed\/6YTEIgDYtCI?feature=oembed\" frameborder=\"0\" allow=\"accelerometer; autoplay; clipboard-write; encrypted-media; gyroscope; picture-in-picture; web-share\" referrerpolicy=\"strict-origin-when-cross-origin\" allowfullscreen><\/iframe>\n<\/div><\/figure>\n\n\n\n<p><span style=\"vertical-align: inherit;\"><span style=\"vertical-align: inherit;\">Tambi\u00e9n existen <\/span><\/span><strong><span style=\"vertical-align: inherit;\"><span style=\"vertical-align: inherit;\">int\u00e9rpretes de lengua de signos que son capaces de transmitir, con su expresi\u00f3n facial y corporal, el ritmo de la canci\u00f3n y tambi\u00e9n la entonaci\u00f3n<\/span><\/span><\/strong><span style=\"vertical-align: inherit;\"><span style=\"vertical-align: inherit;\"> que le da el cantante en cada momento.<\/span><\/span><\/p>\n\n\n\n<figure class=\"wp-block-embed is-type-video is-provider-youtube wp-block-embed-youtube wp-embed-aspect-16-9 wp-has-aspect-ratio\"><div class=\"wp-block-embed__wrapper\">\n<iframe title=\"Snubbe teckentolkar i melodifestivalen\" width=\"500\" height=\"281\" src=\"https:\/\/www.youtube.com\/embed\/S0OeBrQBPNc?feature=oembed\" frameborder=\"0\" allow=\"accelerometer; autoplay; clipboard-write; encrypted-media; gyroscope; picture-in-picture; web-share\" referrerpolicy=\"strict-origin-when-cross-origin\" allowfullscreen><\/iframe>\n<\/div><\/figure>\n\n\n\n<p><span style=\"vertical-align: inherit;\"><span style=\"vertical-align: inherit;\">Otro ejemplo es el de la <\/span><\/span><strong><span style=\"vertical-align: inherit;\"><span style=\"vertical-align: inherit;\">Interpretaci\u00f3n adaptada pero m\u00e1s cercana a la estructura de la Lengua Oral acompa\u00f1ada de patr\u00f3n labial,<\/span><\/span><\/strong><span style=\"vertical-align: inherit;\"><span style=\"vertical-align: inherit;\"> que ayuda a que no solo se transmita el significado sino tambi\u00e9n el ritmo y la letra de la canci\u00f3n.<\/span><\/span><\/p>\n\n\n\n<figure class=\"wp-block-embed is-type-video is-provider-youtube wp-block-embed-youtube wp-embed-aspect-4-3 wp-has-aspect-ratio\"><div class=\"wp-block-embed__wrapper\">\n<iframe title=\"-ALBA Y LAURA -Canci\u00f3n en L.S.E - Diego Torres - Color de esperanza\" width=\"500\" height=\"375\" src=\"https:\/\/www.youtube.com\/embed\/H0Dxm1G-uHs?feature=oembed\" frameborder=\"0\" allow=\"accelerometer; autoplay; clipboard-write; encrypted-media; gyroscope; picture-in-picture; web-share\" referrerpolicy=\"strict-origin-when-cross-origin\" allowfullscreen><\/iframe>\n<\/div><\/figure>\n\n\n\n<p><span style=\"vertical-align: inherit;\"><span style=\"vertical-align: inherit;\">Por \u00faltimo, queremos mostraros un ejemplo de lo que <\/span><\/span><strong><span style=\"vertical-align: inherit;\"><span style=\"vertical-align: inherit;\">no es una Interpretaci\u00f3n de una canci\u00f3n en Lengua de Signos. Se trata de un ejemplo m\u00e1s cercano a la m\u00edmica y al espect\u00e1culo visual.<\/span><\/span><\/strong><\/p>\n\n\n\n<figure class=\"wp-block-embed is-type-video is-provider-youtube wp-block-embed-youtube wp-embed-aspect-16-9 wp-has-aspect-ratio\"><div class=\"wp-block-embed__wrapper\">\n<iframe title=\"Sia - Soon We&#039;ll Be Found\" width=\"500\" height=\"281\" src=\"https:\/\/www.youtube.com\/embed\/t1x8DMfbYN4?feature=oembed\" frameborder=\"0\" allow=\"accelerometer; autoplay; clipboard-write; encrypted-media; gyroscope; picture-in-picture; web-share\" referrerpolicy=\"strict-origin-when-cross-origin\" allowfullscreen><\/iframe>\n<\/div><\/figure>\n\n\n\n<h2 class=\"wp-block-heading\"><span style=\"vertical-align: inherit;\"><span style=\"vertical-align: inherit;\">Actividades musicales aptas para Personas Sordas<\/span><\/span><\/h2>\n\n\n\n<p><span style=\"vertical-align: inherit;\"><span style=\"vertical-align: inherit;\">Eso s\u00ed, <\/span><\/span><strong><span style=\"vertical-align: inherit;\"><span style=\"vertical-align: inherit;\">una cosa es \u201cescuchar\u201d m\u00fasica, y otra muy distinta es tocarla o interpretarla<\/span><\/span><\/strong><span style=\"vertical-align: inherit;\"><span style=\"vertical-align: inherit;\"> . Y puede que pienses, \u201cpero una persona sorda no puede tocar un instrumento si no lo escucha o no escucha al resto de la banda\u201d. Y es cierto que no escuchan, pero les quedan 4 sentidos con los que recibir la informaci\u00f3n. De hecho, una de las cosas que sucede con las Personas Sordas es que suelen desarrollar la sensibilidad frente a las vibraciones.<\/span><\/span><\/p>\n\n\n\n<p><span style=\"vertical-align: inherit;\"><span style=\"vertical-align: inherit;\">As\u00ed que, <\/span><\/span><strong><span style=\"vertical-align: inherit;\"><span style=\"vertical-align: inherit;\">una actividad musical que es ideal y que practican muchas Personas Sordas es la batucada<\/span><\/span><\/strong><span style=\"vertical-align: inherit;\"><span style=\"vertical-align: inherit;\"> . Es la mejor v\u00eda para transmitir el ritmo a trav\u00e9s de la vibraci\u00f3n, adem\u00e1s de ser muy divertida y entretenida. Hay Personas Sordas y con p\u00e9rdida auditiva que <\/span><\/span><a href=\"https:\/\/www.visualfy.com\/es\/7-actividades-y-juegos-ideales-para-ninos-sordos\/\"><span style=\"vertical-align: inherit;\"><span style=\"vertical-align: inherit;\">participan activamente<\/span><\/span><\/a><span style=\"vertical-align: inherit;\"><span style=\"vertical-align: inherit;\"> en estos encuentros. \u00a1Todo es posible!<\/span><\/span><\/p>\n\n\n\n<figure class=\"wp-block-embed is-type-video is-provider-youtube wp-block-embed-youtube wp-embed-aspect-16-9 wp-has-aspect-ratio\"><div class=\"wp-block-embed__wrapper\">\n<iframe title=\"BATUCADA 7\/8 UNAS DE LAS MEJORES\" width=\"500\" height=\"281\" src=\"https:\/\/www.youtube.com\/embed\/UPgHA8EW6Go?feature=oembed\" frameborder=\"0\" allow=\"accelerometer; autoplay; clipboard-write; encrypted-media; gyroscope; picture-in-picture; web-share\" referrerpolicy=\"strict-origin-when-cross-origin\" allowfullscreen><\/iframe>\n<\/div><\/figure>\n\n\n\n<p><span style=\"vertical-align: inherit;\"><span style=\"vertical-align: inherit;\">Si queremos, en el arte no hay barreras y que, sin duda, no existen formas mejores o peores de percibir la m\u00fasica, sino, simplemente diferentes, igualmente v\u00e1lidas y dignas. Todo esto demuestra que la inclusi\u00f3n siempre ofrece riqueza, en la que dos comunidades ling\u00fc\u00edsticas diferentes comparten distintas maneras de ver el mundo. <\/span><\/span><a href=\"https:\/\/www.visualfy.com\/es\/cine-y-turismo-ahora-mas-accesibles\/\"><span style=\"vertical-align: inherit;\"><span style=\"vertical-align: inherit;\">La m\u00fasica y el arte<\/span><\/span><\/a><span style=\"vertical-align: inherit;\"><span style=\"vertical-align: inherit;\"> en general pertenecen a todos.<\/span><\/span><\/p>\n","protected":false},"excerpt":{"rendered":"<p>Hoy es el D\u00eda Internacional de la M\u00fasica. Cuando pensamos en ella, inevitablemente, la asociamos a la audici\u00f3n y podemos llegar a pensar que sin el sistema auditivo puede resultar complicado percibirla pero, \u00bfqu\u00e9 ocurre con las Personas Sordas? \u00bfles gusta la m\u00fasica? \u00bfc\u00f3mo la sienten? Seguro que conoc\u00e9is a Beethoven, compositor y pianista . [&hellip;]<\/p>\n","protected":false},"author":2,"featured_media":3885,"comment_status":"open","ping_status":"open","sticky":false,"template":"","format":"standard","meta":{"_acf_changed":false,"content-type":"","_uag_custom_page_level_css":"","footnotes":""},"categories":[33],"tags":[],"class_list":["post-7029","post","type-post","status-publish","format-standard","has-post-thumbnail","hentry","category-estilo-de-vida"],"acf":[],"spectra_custom_meta":{"_wp_page_template":["default"],"rank_math_internal_links_processed":["1"],"_wpml_word_count":["{\"total\":824,\"to_translate\":{\"en\":824}}"],"_yoast_wpseo_primary_category":["295"],"_yoast_wpseo_keywordsynonyms":[""],"_wpml_media_duplicate":["0"],"_wpml_media_featured":["0"],"_yoast_wpseo_focuskeywords":["[]"],"_et_monarch_override":[""],"amazonS3_cache":["a:43:{s:61:\"\/\/dev.visualfy.com\/wp-content\/uploads\/2017\/11\/sbll9buzsw0.jpg\";i:10401;s:38:\"\/\/cdn.visualfy.com\/img\/sbll9buzsw0.jpg\";i:10401;s:61:\"\/\/www.visualfy.com\/wp-content\/uploads\/2017\/11\/sbll9buzsw0.jpg\";i:10401;s:66:\"\/\/visualfy.acceseo.dev\/wp-content\/uploads\/2025\/02\/musica-sorda.jpg\";a:1:{s:9:\"timestamp\";i:1744269387;}s:69:\"\/\/visualfy.acceseo.dev\/wp-content\/uploads\/2025\/02\/lse-icon-button.svg\";a:1:{s:9:\"timestamp\";i:1744269387;}s:81:\"\/\/visualfy.acceseo.dev\/wp-content\/uploads\/2025\/02\/visualfy-places-placeholder.jpg\";a:1:{s:9:\"timestamp\";i:1744269387;}s:66:\"\/\/visualfy.acceseo.dev\/wp-content\/uploads\/2025\/01\/computer_404.svg\";a:1:{s:9:\"timestamp\";i:1744269387;}s:63:\"\/\/visualfy.acceseo.dev\/wp-content\/uploads\/2025\/01\/user-icon.svg\";a:1:{s:9:\"timestamp\";i:1744269387;}s:58:\"\/\/visualfy.acceseo.dev\/wp-content\/uploads\/2025\/01\/menu.svg\";a:1:{s:9:\"timestamp\";i:1744269387;}s:67:\"\/\/visualfy.acceseo.dev\/wp-content\/uploads\/2025\/01\/logo-visualfy.svg\";a:1:{s:9:\"timestamp\";i:1744269387;}s:65:\"\/\/visualfy.acceseo.dev\/wp-content\/uploads\/2025\/01\/logo-footer.svg\";a:1:{s:9:\"timestamp\";i:1744269387;}s:88:\"\/\/visualfy.acceseo.dev\/wp-content\/uploads\/2025\/01\/union-europea-ministerio-industria.png\";a:1:{s:9:\"timestamp\";i:1744269387;}s:78:\"\/\/visualfy.acceseo.dev\/wp-content\/uploads\/2025\/01\/fondo-europeo-innovacion.png\";a:1:{s:9:\"timestamp\";i:1744269387;}s:77:\"\/\/visualfy.acceseo.dev\/wp-content\/uploads\/2025\/01\/generalitat-ivace-feder.png\";a:1:{s:9:\"timestamp\";i:1744269387;}s:85:\"\/\/visualfy.acceseo.dev\/wp-content\/uploads\/2025\/01\/generalita-ivace-cofinanciacion.png\";a:1:{s:9:\"timestamp\";i:1744269387;}s:61:\"\/\/visualfy.acceseo.dev\/wp-content\/uploads\/2025\/02\/Sem-3-1.png\";a:1:{s:9:\"timestamp\";i:1744269387;}s:69:\"\/\/visualfy.acceseo.dev\/wp-content\/uploads\/2025\/02\/Sem-3-1-300x176.png\";a:1:{s:9:\"timestamp\";i:1744269387;}s:70:\"\/\/visualfy.acceseo.dev\/wp-content\/uploads\/2025\/02\/Sem-3-1-1024x600.png\";a:1:{s:9:\"timestamp\";i:1744269387;}s:69:\"\/\/visualfy.acceseo.dev\/wp-content\/uploads\/2025\/02\/Sem-3-1-768x450.png\";a:1:{s:9:\"timestamp\";i:1744269387;}s:70:\"\/\/visualfy.acceseo.dev\/wp-content\/uploads\/2025\/02\/Sem-3-1-1536x900.png\";a:1:{s:9:\"timestamp\";i:1744269387;}s:71:\"\/\/visualfy.acceseo.dev\/wp-content\/uploads\/2025\/02\/Sem-3-1-2048x1200.png\";a:1:{s:9:\"timestamp\";i:1744269387;}s:63:\"\/\/visualfy.acceseo.dev\/wp-content\/uploads\/2025\/02\/Sem-2-3-1.jpg\";a:1:{s:9:\"timestamp\";i:1744269387;}s:71:\"\/\/visualfy.acceseo.dev\/wp-content\/uploads\/2025\/02\/Sem-2-3-1-300x169.jpg\";a:1:{s:9:\"timestamp\";i:1744269387;}s:72:\"\/\/visualfy.acceseo.dev\/wp-content\/uploads\/2025\/02\/Sem-2-3-1-1024x576.jpg\";a:1:{s:9:\"timestamp\";i:1744269387;}s:71:\"\/\/visualfy.acceseo.dev\/wp-content\/uploads\/2025\/02\/Sem-2-3-1-768x432.jpg\";a:1:{s:9:\"timestamp\";i:1744269387;}s:72:\"\/\/visualfy.acceseo.dev\/wp-content\/uploads\/2025\/02\/Sem-2-3-1-1536x864.jpg\";a:1:{s:9:\"timestamp\";i:1744269387;}s:63:\"\/\/visualfy.acceseo.dev\/wp-content\/uploads\/2025\/02\/Sem-1-2-1.png\";a:1:{s:9:\"timestamp\";i:1744269387;}s:71:\"\/\/visualfy.acceseo.dev\/wp-content\/uploads\/2025\/02\/Sem-1-2-1-300x157.png\";a:1:{s:9:\"timestamp\";i:1744269387;}s:72:\"\/\/visualfy.acceseo.dev\/wp-content\/uploads\/2025\/02\/Sem-1-2-1-1024x535.png\";a:1:{s:9:\"timestamp\";i:1744269387;}s:71:\"\/\/visualfy.acceseo.dev\/wp-content\/uploads\/2025\/02\/Sem-1-2-1-768x401.png\";a:1:{s:9:\"timestamp\";i:1744269387;}s:67:\"\/\/visualfy.acceseo.dev\/wp-content\/uploads\/2025\/02\/caixa-popular.svg\";a:1:{s:9:\"timestamp\";i:1744269387;}s:58:\"\/\/visualfy.acceseo.dev\/wp-content\/uploads\/2025\/02\/cdti.svg\";a:1:{s:9:\"timestamp\";i:1744269387;}s:58:\"\/\/visualfy.acceseo.dev\/wp-content\/uploads\/2025\/02\/cnse.svg\";a:1:{s:9:\"timestamp\";i:1744269387;}s:60:\"\/\/visualfy.acceseo.dev\/wp-content\/uploads\/2025\/02\/esteve.svg\";a:1:{s:9:\"timestamp\";i:1744269387;}s:60:\"\/\/visualfy.acceseo.dev\/wp-content\/uploads\/2025\/02\/fesord.svg\";a:1:{s:9:\"timestamp\";i:1744269387;}s:76:\"\/\/visualfy.acceseo.dev\/wp-content\/uploads\/2025\/02\/generalitat-valenciana.svg\";a:1:{s:9:\"timestamp\";i:1744269387;}s:66:\"\/\/visualfy.acceseo.dev\/wp-content\/uploads\/2025\/02\/horizon-2020.svg\";a:1:{s:9:\"timestamp\";i:1744269387;}s:59:\"\/\/visualfy.acceseo.dev\/wp-content\/uploads\/2025\/02\/ivace.svg\";a:1:{s:9:\"timestamp\";i:1744269387;}s:62:\"\/\/visualfy.acceseo.dev\/wp-content\/uploads\/2025\/02\/montsant.svg\";a:1:{s:9:\"timestamp\";i:1744269387;}s:69:\"\/\/visualfy.acceseo.dev\/wp-content\/uploads\/2025\/02\/naciones-unidas.svg\";a:1:{s:9:\"timestamp\";i:1744269387;}s:62:\"\/\/visualfy.acceseo.dev\/wp-content\/uploads\/2025\/02\/randstad.svg\";a:1:{s:9:\"timestamp\";i:1744269387;}s:64:\"\/\/visualfy.acceseo.dev\/wp-content\/uploads\/2025\/02\/telefonica.svg\";a:1:{s:9:\"timestamp\";i:1744269387;}s:66:\"\/\/visualfy.acceseo.dev\/wp-content\/uploads\/2025\/02\/wingstoclaim.svg\";a:1:{s:9:\"timestamp\";i:1744269387;}}"],"_yoast_wpseo_opengraph-title":[""],"_yoast_wpseo_opengraph-description":[""],"_yst_prominent_words_version":["1"],"_yoast_wpseo_video_meta":["a:15:{s:2:\"id\";s:11:\"sBLl9BuZsw0\";s:4:\"type\";s:7:\"youtube\";s:3:\"url\";s:43:\"https:\/\/www.youtube.com\/watch?v=sBLl9BuZsw0\";s:7:\"post_id\";i:4523;s:5:\"title\";s:66:\"\u00bfA las Personas Sordas les gusta la m\u00fasica? &amp;#8902; Visualfy\";s:16:\"publication_date\";s:25:\"2017-11-22T12:47:14+00:00\";s:11:\"description\";s:252:\"\u00bfqu\u00e9 ocurre con las Personas Sordas? \u00bfles gusta la m\u00fasica? \u00bfc\u00f3mo la sienten? Seguro que conoc\u00e9is a Beethoven, compositor y pianista. Su sordera no le impidi\u00f3 continuar elaborando incre\u00edbles piezas musicales como la Quinta y la Novena Sinfon\u00eda\";s:10:\"player_loc\";s:41:\"https:\/\/www.youtube.com\/embed\/sBLl9BuZsw0\";s:13:\"thumbnail_loc\";s:44:\"https:\/\/cdn.visualfy.com\/img\/sbll9buzsw0.jpg\";s:8:\"duration\";i:489;s:10:\"view_count\";i:1308;s:5:\"width\";i:480;s:6:\"height\";i:270;s:8:\"category\";s:34:\"Estilo de vida y p\u00e9rdida auditiva\";s:3:\"tag\";a:0:{}}"],"_yoast_wpseo_videositemap-duration":["489"],"_yoast_wpseo_videositemap-rating":["0"],"_yoast_wpseo_metadesc":["\u00bfqu\u00e9 ocurre con las Personas Sordas? \u00bfles gusta la m\u00fasica? \u00bfc\u00f3mo la sienten? Seguro que conoc\u00e9is a Beethoven, compositor y pianista. Su sordera no le impidi\u00f3 continuar elaborando incre\u00edbles piezas musicales como la Quinta y la Novena Sinfon\u00eda"],"_yoast_wpseo_focuskw":[""],"_yoast_wpseo_content_score":[""],"cmplz_hide_cookiebanner":[""],"_wpml_location_migration_done":["1"],"_fgj2wp_old_id":["796"],"_yoast_wpseo_metakeywords":[""],"_bsf_post_type":["0"],"_yoast_wpseo_meta-robots-noindex":[""],"_fgj2wp_translation_association_key":[""],"_product_image_gallery":[""],"_wp_old_slug":[""],"_yoast_wpseo_title":[""],"slide_template":[""],"_yoast_wpseo_opengraph-image":[""],"_yoast_wpseo_opengraph-image-id":[""],"_wp_old_date":[""],"_bsf_article_image":[""],"_bsf_article_name":[""],"_bsf_article_desc":[""],"_bsf_article_author":[""],"_bsf_article_publisher":[""],"_bsf_article_publisher_logo":[""],"_yoast_wpseo_meta-robots-nofollow":[""],"amp_status":[""],"_cmplz_scanned_post":[""],"_encloseme":[""],"_last_translation_edit_mode":[""],"_yoast_wpseo_twitter-title":[""],"_yoast_wpseo_twitter-description":[""],"_yoast_wpseo_twitter-image":[""],"_yoast_wpseo_twitter-image-id":[""],"_yoast_wpseo_linkdex":[""],"_thumbnail_id":["3885"],"_oembed_b820c912d7b6763f1c4ca91258b0c466":["<iframe title=\"\u00bfA las Personas Sordas les gusta la m\u00fasica? - Visualfy.es\" width=\"500\" height=\"281\" src=\"https:\/\/www.youtube.com\/embed\/sBLl9BuZsw0?feature=oembed\" frameborder=\"0\" allow=\"accelerometer; autoplay; clipboard-write; encrypted-media; gyroscope; picture-in-picture; web-share\" referrerpolicy=\"strict-origin-when-cross-origin\" allowfullscreen><\/iframe>"],"_oembed_time_b820c912d7b6763f1c4ca91258b0c466":["1740998037"],"_oembed_7a333a6220f7085e5df6e114078d7513":["<iframe title=\"Rozal\u00e9n - 80 Veces (Videoclip)\" width=\"500\" height=\"281\" src=\"https:\/\/www.youtube.com\/embed\/iEsBFdQXx2A?feature=oembed\" frameborder=\"0\" allow=\"accelerometer; autoplay; clipboard-write; encrypted-media; gyroscope; picture-in-picture; web-share\" referrerpolicy=\"strict-origin-when-cross-origin\" allowfullscreen><\/iframe>"],"_oembed_time_7a333a6220f7085e5df6e114078d7513":["1740998037"],"_oembed_b1933892aa9faf901e0ab549a4c0576a":["<iframe title=\"Manuel Carrasco y Raquel Sempere interpretan la canci\u00f3n &#039;Ya no&#039;,  en El Puerto de Santa Mar\u00eda\" width=\"500\" height=\"281\" src=\"https:\/\/www.youtube.com\/embed\/6YTEIgDYtCI?feature=oembed\" frameborder=\"0\" allow=\"accelerometer; autoplay; clipboard-write; encrypted-media; gyroscope; picture-in-picture; web-share\" referrerpolicy=\"strict-origin-when-cross-origin\" allowfullscreen><\/iframe>"],"_oembed_time_b1933892aa9faf901e0ab549a4c0576a":["1740998037"],"_oembed_2feb56966d64e7ce57a54e011999cc73":["<iframe title=\"Snubbe teckentolkar i melodifestivalen\" width=\"500\" height=\"281\" src=\"https:\/\/www.youtube.com\/embed\/S0OeBrQBPNc?feature=oembed\" frameborder=\"0\" allow=\"accelerometer; autoplay; clipboard-write; encrypted-media; gyroscope; picture-in-picture; web-share\" referrerpolicy=\"strict-origin-when-cross-origin\" allowfullscreen><\/iframe>"],"_oembed_time_2feb56966d64e7ce57a54e011999cc73":["1740998037"],"_oembed_e334bbc2cbca2a20868aea74cdd842a9":["<iframe title=\"-ALBA Y LAURA -Canci\u00f3n en L.S.E - Diego Torres - Color de esperanza\" width=\"500\" height=\"375\" src=\"https:\/\/www.youtube.com\/embed\/H0Dxm1G-uHs?feature=oembed\" frameborder=\"0\" allow=\"accelerometer; autoplay; clipboard-write; encrypted-media; gyroscope; picture-in-picture; web-share\" referrerpolicy=\"strict-origin-when-cross-origin\" allowfullscreen><\/iframe>"],"_oembed_time_e334bbc2cbca2a20868aea74cdd842a9":["1740998037"],"_oembed_c14bee407d8ebaee7bbe60f5bb5bcecf":["<iframe title=\"Sia - Soon We&#039;ll Be Found\" width=\"500\" height=\"281\" src=\"https:\/\/www.youtube.com\/embed\/t1x8DMfbYN4?feature=oembed\" frameborder=\"0\" allow=\"accelerometer; autoplay; clipboard-write; encrypted-media; gyroscope; picture-in-picture; web-share\" referrerpolicy=\"strict-origin-when-cross-origin\" allowfullscreen><\/iframe>"],"_oembed_time_c14bee407d8ebaee7bbe60f5bb5bcecf":["1740998037"],"_oembed_aad5386e591fff14f43ee12b2383f5b9":["<iframe title=\"BATUCADA 7\/8 UNAS DE LAS MEJORES\" width=\"500\" height=\"281\" src=\"https:\/\/www.youtube.com\/embed\/UPgHA8EW6Go?feature=oembed\" frameborder=\"0\" allow=\"accelerometer; autoplay; clipboard-write; encrypted-media; gyroscope; picture-in-picture; web-share\" referrerpolicy=\"strict-origin-when-cross-origin\" allowfullscreen><\/iframe>"],"_oembed_time_aad5386e591fff14f43ee12b2383f5b9":["1740998037"],"_edit_lock":["1740998106:1"],"_oembed_0052d1a20ccfdc5a82a39aa69a17169e":["<iframe title=\"\u00bfA las Personas Sordas les gusta la m\u00fasica? - Visualfy.es\" width=\"992\" height=\"558\" src=\"https:\/\/www.youtube.com\/embed\/sBLl9BuZsw0?feature=oembed\" frameborder=\"0\" allow=\"accelerometer; autoplay; clipboard-write; encrypted-media; gyroscope; picture-in-picture; web-share\" referrerpolicy=\"strict-origin-when-cross-origin\" allowfullscreen><\/iframe>"],"_oembed_time_0052d1a20ccfdc5a82a39aa69a17169e":["1740998044"],"_oembed_62ef82e61a8d622aee24804c29104a9e":["<iframe title=\"Rozal\u00e9n - 80 Veces (Videoclip)\" width=\"992\" height=\"558\" src=\"https:\/\/www.youtube.com\/embed\/iEsBFdQXx2A?feature=oembed\" frameborder=\"0\" allow=\"accelerometer; autoplay; clipboard-write; encrypted-media; gyroscope; picture-in-picture; web-share\" referrerpolicy=\"strict-origin-when-cross-origin\" allowfullscreen><\/iframe>"],"_oembed_time_62ef82e61a8d622aee24804c29104a9e":["1740998044"],"_oembed_32a99af2b688262b70a6f42e39d012cd":["<iframe title=\"Snubbe teckentolkar i melodifestivalen\" width=\"992\" height=\"558\" src=\"https:\/\/www.youtube.com\/embed\/S0OeBrQBPNc?feature=oembed\" frameborder=\"0\" allow=\"accelerometer; autoplay; clipboard-write; encrypted-media; gyroscope; picture-in-picture; web-share\" referrerpolicy=\"strict-origin-when-cross-origin\" allowfullscreen><\/iframe>"],"_oembed_time_32a99af2b688262b70a6f42e39d012cd":["1740998044"],"_oembed_3516397a8a4ee48fa50a2fb48237b0ba":["<iframe title=\"Manuel Carrasco y Raquel Sempere interpretan la canci\u00f3n &#039;Ya no&#039;,  en El Puerto de Santa Mar\u00eda\" width=\"992\" height=\"558\" src=\"https:\/\/www.youtube.com\/embed\/6YTEIgDYtCI?feature=oembed\" frameborder=\"0\" allow=\"accelerometer; autoplay; clipboard-write; encrypted-media; gyroscope; picture-in-picture; web-share\" referrerpolicy=\"strict-origin-when-cross-origin\" allowfullscreen><\/iframe>"],"_oembed_time_3516397a8a4ee48fa50a2fb48237b0ba":["1740998045"],"_oembed_8c40df4d524f4416c5a29d68d73f5f29":["<iframe title=\"BATUCADA 7\/8 UNAS DE LAS MEJORES\" width=\"992\" height=\"558\" src=\"https:\/\/www.youtube.com\/embed\/UPgHA8EW6Go?feature=oembed\" frameborder=\"0\" allow=\"accelerometer; autoplay; clipboard-write; encrypted-media; gyroscope; picture-in-picture; web-share\" referrerpolicy=\"strict-origin-when-cross-origin\" allowfullscreen><\/iframe>"],"_oembed_time_8c40df4d524f4416c5a29d68d73f5f29":["1740998045"],"_oembed_e5e35ef0a85006d494d01d84aa54797c":["<iframe title=\"Sia - Soon We&#039;ll Be Found\" width=\"992\" height=\"558\" src=\"https:\/\/www.youtube.com\/embed\/t1x8DMfbYN4?feature=oembed\" frameborder=\"0\" allow=\"accelerometer; autoplay; clipboard-write; encrypted-media; gyroscope; picture-in-picture; web-share\" referrerpolicy=\"strict-origin-when-cross-origin\" allowfullscreen><\/iframe>"],"_oembed_time_e5e35ef0a85006d494d01d84aa54797c":["1740998045"],"_oembed_b6d21d575b32ad9a6c5ae99a1b9faf97":["<iframe title=\"-ALBA Y LAURA -Canci\u00f3n en L.S.E - Diego Torres - Color de esperanza\" width=\"992\" height=\"744\" src=\"https:\/\/www.youtube.com\/embed\/H0Dxm1G-uHs?feature=oembed\" frameborder=\"0\" allow=\"accelerometer; autoplay; clipboard-write; encrypted-media; gyroscope; picture-in-picture; web-share\" referrerpolicy=\"strict-origin-when-cross-origin\" allowfullscreen><\/iframe>"],"_oembed_time_b6d21d575b32ad9a6c5ae99a1b9faf97":["1740998045"],"rank_math_seo_score":["20"],"rank_math_primary_category":["33"],"_pingme":["1"],"_uag_custom_page_level_css":[""],"footnotes":[""],"_edit_last":["1"],"lse_enlace":["https:\/\/www.youtube.com\/watch?v=sBLl9BuZsw0"],"_lse_enlace":["field_67b5db1d9d4ca"],"_betterdocs_reusable_block_ids":["a:0:{}"],"copied_media_ids":["a:0:{}"],"referenced_media_ids":["a:1:{i:0;i:3885;}"]},"uagb_featured_image_src":{"full":["https:\/\/www.visualfy.com\/wp-content\/uploads\/2025\/02\/musica-sorda.jpg",800,431,false],"thumbnail":["https:\/\/www.visualfy.com\/wp-content\/uploads\/2025\/02\/musica-sorda-150x150.jpg",150,150,true],"medium":["https:\/\/www.visualfy.com\/wp-content\/uploads\/2025\/02\/musica-sorda-300x162.jpg",300,162,true],"medium_large":["https:\/\/www.visualfy.com\/wp-content\/uploads\/2025\/02\/musica-sorda-768x414.jpg",768,414,true],"large":["https:\/\/www.visualfy.com\/wp-content\/uploads\/2025\/02\/musica-sorda.jpg",800,431,false],"1536x1536":["https:\/\/www.visualfy.com\/wp-content\/uploads\/2025\/02\/musica-sorda.jpg",800,431,false],"2048x2048":["https:\/\/www.visualfy.com\/wp-content\/uploads\/2025\/02\/musica-sorda.jpg",800,431,false]},"uagb_author_info":{"display_name":"visualfy","author_link":"https:\/\/www.visualfy.com\/es\/author\/visualfy\/"},"uagb_comment_info":0,"uagb_excerpt":"Hoy es el D\u00eda Internacional de la M\u00fasica. Cuando pensamos en ella, inevitablemente, la asociamos a la audici\u00f3n y podemos llegar a pensar que sin el sistema auditivo puede resultar complicado percibirla pero, \u00bfqu\u00e9 ocurre con las Personas Sordas? \u00bfles gusta la m\u00fasica? \u00bfc\u00f3mo la sienten? Seguro que conoc\u00e9is a Beethoven, compositor y pianista .&hellip;","_links":{"self":[{"href":"https:\/\/www.visualfy.com\/es\/wp-json\/wp\/v2\/posts\/7029","targetHints":{"allow":["GET"]}}],"collection":[{"href":"https:\/\/www.visualfy.com\/es\/wp-json\/wp\/v2\/posts"}],"about":[{"href":"https:\/\/www.visualfy.com\/es\/wp-json\/wp\/v2\/types\/post"}],"author":[{"embeddable":true,"href":"https:\/\/www.visualfy.com\/es\/wp-json\/wp\/v2\/users\/2"}],"replies":[{"embeddable":true,"href":"https:\/\/www.visualfy.com\/es\/wp-json\/wp\/v2\/comments?post=7029"}],"version-history":[{"count":0,"href":"https:\/\/www.visualfy.com\/es\/wp-json\/wp\/v2\/posts\/7029\/revisions"}],"wp:featuredmedia":[{"embeddable":true,"href":"https:\/\/www.visualfy.com\/es\/wp-json\/wp\/v2\/media\/3885"}],"wp:attachment":[{"href":"https:\/\/www.visualfy.com\/es\/wp-json\/wp\/v2\/media?parent=7029"}],"wp:term":[{"taxonomy":"category","embeddable":true,"href":"https:\/\/www.visualfy.com\/es\/wp-json\/wp\/v2\/categories?post=7029"},{"taxonomy":"post_tag","embeddable":true,"href":"https:\/\/www.visualfy.com\/es\/wp-json\/wp\/v2\/tags?post=7029"}],"curies":[{"name":"wp","href":"https:\/\/api.w.org\/{rel}","templated":true}]}}