{"id":6989,"date":"2017-07-17T15:00:00","date_gmt":"2017-07-17T15:00:00","guid":{"rendered":"https:\/\/www.visualfy.com\/visita-cnse-y-fesord-a-visualfy\/"},"modified":"2025-02-27T12:18:38","modified_gmt":"2025-02-27T12:18:38","slug":"visita-cnse-y-fesord-a-visualfy","status":"publish","type":"post","link":"https:\/\/www.visualfy.com\/es\/visita-cnse-y-fesord-a-visualfy\/","title":{"rendered":"Visita CNSE y FESORD a Visualfy"},"content":{"rendered":"<p>El pasado d\u00eda 13 de julio, las instalaciones del Visualfy recibieron la visita de la <strong>Confederaci\u00f3n Estatal de Personas Sordas (CNSE) y de la Federaci\u00f3n de Personas Sordas de la Comunidad Valenciana (FESORD CV).<\/strong><\/p>\n<p>A la misma asistieron Mari Sol Gonz\u00e1lez, Directora de la CNSE, Concha D\u00edaz, presidenta de la CNSE, Amparo Minguet, Presidenta de Fundaci\u00f3n Fesord y Carmen Juan, Presidenta de Fesord CV y Manel Alcaide, CEO de Visualfy.<\/p>\n<p>Nos reunimos para que probasen el correcto funcionamiento de nuestro dispositivo Deaf Smart Space (DSS) y al mismo tiempo para llevar a cabo acuerdos de colaboraci\u00f3n en diversos \u00e1mbitos. Uno de los puntos del acuerdo ser\u00eda formalizar nuestra intenci\u00f3n de donar el 0,7% de los beneficios de nuestro proyecto a la creaci\u00f3n de cursos de formaci\u00f3n en el \u00e1mbito de las tecnolog\u00edas para fomentar la inclusi\u00f3n laboral de los j\u00f3venes sordos y as\u00ed que estos puedan pasar a formar parte de nuestro equipo y contribuir a mejorar la inserci\u00f3n laboral de los j\u00f3venes sordos.<\/p>\n<p>Visualfy <strong>apuesta por un trabajo digno y de calidad<\/strong>. Si est\u00e1s estudiando alguna carrera relacionada con internet o inform\u00e1tica no dudes en contactarnos.<\/p>\n","protected":false},"excerpt":{"rendered":"<p>El pasado d\u00eda 13 de julio, las instalaciones del Visualfy recibieron la visita de la Confederaci\u00f3n Estatal de Personas Sordas (CNSE) y de la Federaci\u00f3n de Personas Sordas de la Comunidad Valenciana (FESORD CV). A la misma asistieron Mari Sol Gonz\u00e1lez, Directora de la CNSE, Concha D\u00edaz, presidenta de la CNSE, Amparo Minguet, Presidenta de [&hellip;]<\/p>\n","protected":false},"author":2,"featured_media":3587,"comment_status":"open","ping_status":"open","sticky":false,"template":"","format":"standard","meta":{"_acf_changed":false,"content-type":"","_uag_custom_page_level_css":"","footnotes":""},"categories":[35],"tags":[],"class_list":["post-6989","post","type-post","status-publish","format-standard","has-post-thumbnail","hentry","category-publicaciones-en-medios"],"acf":[],"spectra_custom_meta":{"_wp_page_template":["default"],"rank_math_internal_links_processed":["1"],"_wpml_word_count":["{\"total\":254,\"to_translate\":{\"en\":254}}"],"_yoast_wpseo_primary_category":[""],"_yoast_wpseo_keywordsynonyms":[""],"_wpml_media_duplicate":["1"],"_wpml_media_featured":["1"],"_yoast_wpseo_focuskeywords":["[]"],"_et_monarch_override":[""],"amazonS3_cache":["a:40:{s:67:\"\/\/visualfy.acceseo.dev\/wp-content\/uploads\/2025\/02\/visita-fesord.jpg\";a:1:{s:9:\"timestamp\";i:1744269404;}s:69:\"\/\/visualfy.acceseo.dev\/wp-content\/uploads\/2025\/02\/lse-icon-button.svg\";a:1:{s:9:\"timestamp\";i:1744269404;}s:81:\"\/\/visualfy.acceseo.dev\/wp-content\/uploads\/2025\/02\/visualfy-places-placeholder.jpg\";a:1:{s:9:\"timestamp\";i:1744269404;}s:66:\"\/\/visualfy.acceseo.dev\/wp-content\/uploads\/2025\/01\/computer_404.svg\";a:1:{s:9:\"timestamp\";i:1744269404;}s:63:\"\/\/visualfy.acceseo.dev\/wp-content\/uploads\/2025\/01\/user-icon.svg\";a:1:{s:9:\"timestamp\";i:1744269404;}s:58:\"\/\/visualfy.acceseo.dev\/wp-content\/uploads\/2025\/01\/menu.svg\";a:1:{s:9:\"timestamp\";i:1744269404;}s:67:\"\/\/visualfy.acceseo.dev\/wp-content\/uploads\/2025\/01\/logo-visualfy.svg\";a:1:{s:9:\"timestamp\";i:1744269404;}s:65:\"\/\/visualfy.acceseo.dev\/wp-content\/uploads\/2025\/01\/logo-footer.svg\";a:1:{s:9:\"timestamp\";i:1744269404;}s:88:\"\/\/visualfy.acceseo.dev\/wp-content\/uploads\/2025\/01\/union-europea-ministerio-industria.png\";a:1:{s:9:\"timestamp\";i:1744269404;}s:78:\"\/\/visualfy.acceseo.dev\/wp-content\/uploads\/2025\/01\/fondo-europeo-innovacion.png\";a:1:{s:9:\"timestamp\";i:1744269404;}s:77:\"\/\/visualfy.acceseo.dev\/wp-content\/uploads\/2025\/01\/generalitat-ivace-feder.png\";a:1:{s:9:\"timestamp\";i:1744269404;}s:85:\"\/\/visualfy.acceseo.dev\/wp-content\/uploads\/2025\/01\/generalita-ivace-cofinanciacion.png\";a:1:{s:9:\"timestamp\";i:1744269404;}s:61:\"\/\/visualfy.acceseo.dev\/wp-content\/uploads\/2025\/02\/Sem-3-1.png\";a:1:{s:9:\"timestamp\";i:1744269404;}s:69:\"\/\/visualfy.acceseo.dev\/wp-content\/uploads\/2025\/02\/Sem-3-1-300x176.png\";a:1:{s:9:\"timestamp\";i:1744269404;}s:70:\"\/\/visualfy.acceseo.dev\/wp-content\/uploads\/2025\/02\/Sem-3-1-1024x600.png\";a:1:{s:9:\"timestamp\";i:1744269404;}s:69:\"\/\/visualfy.acceseo.dev\/wp-content\/uploads\/2025\/02\/Sem-3-1-768x450.png\";a:1:{s:9:\"timestamp\";i:1744269404;}s:70:\"\/\/visualfy.acceseo.dev\/wp-content\/uploads\/2025\/02\/Sem-3-1-1536x900.png\";a:1:{s:9:\"timestamp\";i:1744269404;}s:71:\"\/\/visualfy.acceseo.dev\/wp-content\/uploads\/2025\/02\/Sem-3-1-2048x1200.png\";a:1:{s:9:\"timestamp\";i:1744269404;}s:63:\"\/\/visualfy.acceseo.dev\/wp-content\/uploads\/2025\/02\/Sem-2-3-1.jpg\";a:1:{s:9:\"timestamp\";i:1744269404;}s:71:\"\/\/visualfy.acceseo.dev\/wp-content\/uploads\/2025\/02\/Sem-2-3-1-300x169.jpg\";a:1:{s:9:\"timestamp\";i:1744269404;}s:72:\"\/\/visualfy.acceseo.dev\/wp-content\/uploads\/2025\/02\/Sem-2-3-1-1024x576.jpg\";a:1:{s:9:\"timestamp\";i:1744269404;}s:71:\"\/\/visualfy.acceseo.dev\/wp-content\/uploads\/2025\/02\/Sem-2-3-1-768x432.jpg\";a:1:{s:9:\"timestamp\";i:1744269404;}s:72:\"\/\/visualfy.acceseo.dev\/wp-content\/uploads\/2025\/02\/Sem-2-3-1-1536x864.jpg\";a:1:{s:9:\"timestamp\";i:1744269404;}s:63:\"\/\/visualfy.acceseo.dev\/wp-content\/uploads\/2025\/02\/Sem-1-2-1.png\";a:1:{s:9:\"timestamp\";i:1744269404;}s:71:\"\/\/visualfy.acceseo.dev\/wp-content\/uploads\/2025\/02\/Sem-1-2-1-300x157.png\";a:1:{s:9:\"timestamp\";i:1744269404;}s:72:\"\/\/visualfy.acceseo.dev\/wp-content\/uploads\/2025\/02\/Sem-1-2-1-1024x535.png\";a:1:{s:9:\"timestamp\";i:1744269404;}s:71:\"\/\/visualfy.acceseo.dev\/wp-content\/uploads\/2025\/02\/Sem-1-2-1-768x401.png\";a:1:{s:9:\"timestamp\";i:1744269404;}s:67:\"\/\/visualfy.acceseo.dev\/wp-content\/uploads\/2025\/02\/caixa-popular.svg\";a:1:{s:9:\"timestamp\";i:1744269404;}s:58:\"\/\/visualfy.acceseo.dev\/wp-content\/uploads\/2025\/02\/cdti.svg\";a:1:{s:9:\"timestamp\";i:1744269404;}s:58:\"\/\/visualfy.acceseo.dev\/wp-content\/uploads\/2025\/02\/cnse.svg\";a:1:{s:9:\"timestamp\";i:1744269404;}s:60:\"\/\/visualfy.acceseo.dev\/wp-content\/uploads\/2025\/02\/esteve.svg\";a:1:{s:9:\"timestamp\";i:1744269404;}s:60:\"\/\/visualfy.acceseo.dev\/wp-content\/uploads\/2025\/02\/fesord.svg\";a:1:{s:9:\"timestamp\";i:1744269404;}s:76:\"\/\/visualfy.acceseo.dev\/wp-content\/uploads\/2025\/02\/generalitat-valenciana.svg\";a:1:{s:9:\"timestamp\";i:1744269404;}s:66:\"\/\/visualfy.acceseo.dev\/wp-content\/uploads\/2025\/02\/horizon-2020.svg\";a:1:{s:9:\"timestamp\";i:1744269404;}s:59:\"\/\/visualfy.acceseo.dev\/wp-content\/uploads\/2025\/02\/ivace.svg\";a:1:{s:9:\"timestamp\";i:1744269404;}s:62:\"\/\/visualfy.acceseo.dev\/wp-content\/uploads\/2025\/02\/montsant.svg\";a:1:{s:9:\"timestamp\";i:1744269404;}s:69:\"\/\/visualfy.acceseo.dev\/wp-content\/uploads\/2025\/02\/naciones-unidas.svg\";a:1:{s:9:\"timestamp\";i:1744269404;}s:62:\"\/\/visualfy.acceseo.dev\/wp-content\/uploads\/2025\/02\/randstad.svg\";a:1:{s:9:\"timestamp\";i:1744269404;}s:64:\"\/\/visualfy.acceseo.dev\/wp-content\/uploads\/2025\/02\/telefonica.svg\";a:1:{s:9:\"timestamp\";i:1744269404;}s:66:\"\/\/visualfy.acceseo.dev\/wp-content\/uploads\/2025\/02\/wingstoclaim.svg\";a:1:{s:9:\"timestamp\";i:1744269404;}}"],"_yoast_wpseo_opengraph-title":[""],"_yoast_wpseo_opengraph-description":[""],"_yst_prominent_words_version":["1"],"_yoast_wpseo_video_meta":[""],"_yoast_wpseo_videositemap-duration":["148"],"_yoast_wpseo_videositemap-rating":["0"],"_yoast_wpseo_metadesc":["El pasado d\u00eda 13 de julio, las instalaciones del Visualfy recibieron la visita de la Confederaci\u00f3n Estatal de Personas Sordas (CNSE) y de la Federaci\u00f3n de"],"_yoast_wpseo_focuskw":[""],"_yoast_wpseo_content_score":["30"],"cmplz_hide_cookiebanner":[""],"_wpml_location_migration_done":[""],"_fgj2wp_old_id":["708"],"_yoast_wpseo_metakeywords":["comunidad sorda"],"_bsf_post_type":["0"],"_yoast_wpseo_meta-robots-noindex":[""],"_fgj2wp_translation_association_key":[""],"_product_image_gallery":[""],"_wp_old_slug":[""],"_yoast_wpseo_title":[""],"slide_template":[""],"_yoast_wpseo_opengraph-image":[""],"_yoast_wpseo_opengraph-image-id":[""],"_wp_old_date":[""],"_bsf_article_image":[""],"_bsf_article_name":[""],"_bsf_article_desc":[""],"_bsf_article_author":[""],"_bsf_article_publisher":[""],"_bsf_article_publisher_logo":[""],"_yoast_wpseo_meta-robots-nofollow":[""],"amp_status":[""],"_cmplz_scanned_post":[""],"_encloseme":[""],"_last_translation_edit_mode":[""],"_yoast_wpseo_twitter-title":[""],"_yoast_wpseo_twitter-description":[""],"_yoast_wpseo_twitter-image":[""],"_yoast_wpseo_twitter-image-id":[""],"_yoast_wpseo_linkdex":[""],"_thumbnail_id":["3587"],"_edit_lock":["1740658718:1"],"rank_math_primary_category":["35"],"rank_math_seo_score":["8"],"rank_math_description":["El pasado d\u00eda 13 de julio, las instalaciones del Visualfy recibieron la visita de la Confederaci\u00f3n Estatal de Personas Sordas (CNSE) y de la Federaci\u00f3n de"],"_pingme":["1"],"_edit_last":["1"],"lse_enlace":[""],"_lse_enlace":["field_67b5db1d9d4ca"],"_betterdocs_reusable_block_ids":["a:0:{}"],"copied_media_ids":["a:0:{}"],"referenced_media_ids":["a:1:{i:0;i:3587;}"]},"uagb_featured_image_src":{"full":["https:\/\/www.visualfy.com\/wp-content\/uploads\/2025\/02\/visita-fesord.jpg",760,449,false],"thumbnail":["https:\/\/www.visualfy.com\/wp-content\/uploads\/2025\/02\/visita-fesord-150x150.jpg",150,150,true],"medium":["https:\/\/www.visualfy.com\/wp-content\/uploads\/2025\/02\/visita-fesord-300x177.jpg",300,177,true],"medium_large":["https:\/\/www.visualfy.com\/wp-content\/uploads\/2025\/02\/visita-fesord.jpg",760,449,false],"large":["https:\/\/www.visualfy.com\/wp-content\/uploads\/2025\/02\/visita-fesord.jpg",760,449,false],"1536x1536":["https:\/\/www.visualfy.com\/wp-content\/uploads\/2025\/02\/visita-fesord.jpg",760,449,false],"2048x2048":["https:\/\/www.visualfy.com\/wp-content\/uploads\/2025\/02\/visita-fesord.jpg",760,449,false]},"uagb_author_info":{"display_name":"visualfy","author_link":"https:\/\/www.visualfy.com\/es\/author\/visualfy\/"},"uagb_comment_info":0,"uagb_excerpt":"El pasado d\u00eda 13 de julio, las instalaciones del Visualfy recibieron la visita de la Confederaci\u00f3n Estatal de Personas Sordas (CNSE) y de la Federaci\u00f3n de Personas Sordas de la Comunidad Valenciana (FESORD CV). A la misma asistieron Mari Sol Gonz\u00e1lez, Directora de la CNSE, Concha D\u00edaz, presidenta de la CNSE, Amparo Minguet, Presidenta de&hellip;","_links":{"self":[{"href":"https:\/\/www.visualfy.com\/es\/wp-json\/wp\/v2\/posts\/6989","targetHints":{"allow":["GET"]}}],"collection":[{"href":"https:\/\/www.visualfy.com\/es\/wp-json\/wp\/v2\/posts"}],"about":[{"href":"https:\/\/www.visualfy.com\/es\/wp-json\/wp\/v2\/types\/post"}],"author":[{"embeddable":true,"href":"https:\/\/www.visualfy.com\/es\/wp-json\/wp\/v2\/users\/2"}],"replies":[{"embeddable":true,"href":"https:\/\/www.visualfy.com\/es\/wp-json\/wp\/v2\/comments?post=6989"}],"version-history":[{"count":0,"href":"https:\/\/www.visualfy.com\/es\/wp-json\/wp\/v2\/posts\/6989\/revisions"}],"wp:featuredmedia":[{"embeddable":true,"href":"https:\/\/www.visualfy.com\/es\/wp-json\/wp\/v2\/media\/3587"}],"wp:attachment":[{"href":"https:\/\/www.visualfy.com\/es\/wp-json\/wp\/v2\/media?parent=6989"}],"wp:term":[{"taxonomy":"category","embeddable":true,"href":"https:\/\/www.visualfy.com\/es\/wp-json\/wp\/v2\/categories?post=6989"},{"taxonomy":"post_tag","embeddable":true,"href":"https:\/\/www.visualfy.com\/es\/wp-json\/wp\/v2\/tags?post=6989"}],"curies":[{"name":"wp","href":"https:\/\/api.w.org\/{rel}","templated":true}]}}