{"id":6980,"date":"2017-06-28T04:00:00","date_gmt":"2017-06-28T04:00:00","guid":{"rendered":"https:\/\/www.visualfy.com\/dia-orgullo-lgtbi\/"},"modified":"2025-02-27T13:28:00","modified_gmt":"2025-02-27T13:28:00","slug":"dia-orgullo-lgtbi","status":"publish","type":"post","link":"https:\/\/www.visualfy.com\/es\/dia-orgullo-lgtbi\/","title":{"rendered":"D\u00eda Orgullo LGTBI"},"content":{"rendered":"<p>Hoy, d\u00eda 28 de junio, se celebra el D\u00eda Internacional del Orgullo LGTBI (lesbianas, gays, transexuales, bisexuales e intersexuales) con el objetivo de exigir tolerancia e igualdad.<\/p>\n<p>\u00bfSab\u00e9is por qu\u00e9 se celebra este d\u00eda? \u00bfConoc\u00e9is la pel\u00edcula El Mago de Oz? La actriz de la pel\u00edcula, Judy Garland, se convirti\u00f3 en un icono gay porque junto al resto de personajes represent\u00f3 la situaci\u00f3n que estaba viviendo la comunidad LGTBI en ese momento. Cada uno de los personajes era diferente, uno ten\u00eda miedo, otro era d\u00e9bil, otro no quer\u00eda que le vieran como malo, etc. Adem\u00e1s, en la pel\u00edcula se hablaba de desigualdad, de cr\u00edticas y de vivir a escondidas, y la pel\u00edcula fue como una esperanza para el colectivo. Adem\u00e1s, la banda sonora \u201cOver the rainbow\u201d, \u201cm\u00e1s all\u00e1 del arco\u00edris\u201d, en espa\u00f1ol, inspir\u00f3 la bandera LGTBI.<\/p>\n<p>La actriz, Judy Garland, muri\u00f3 el d\u00eda 22 de junio de 1969 en Londres. El d\u00eda 27 junio fue el funeral en Nueva York, al que acudieron m\u00e1s de 22.000 personas, gran parte personas gays de diferentes partes del mundo. Ese d\u00eda la primera concentraci\u00f3n gay no oficial.<\/p>\n<p>Pero la noche del <strong>27 al 28 de junio, se origin\u00f3 la conocida batalla de Stonewall,<\/strong> la polic\u00eda entr\u00f3 en los locales gays de Nueva York, comenz\u00f3 a detener a muchos de ellos y a maltratarlos y hubo un caso muy duro, un chico negro gay vestido de mujer. La polic\u00eda comenz\u00f3 a darle fuertes golpes y lo dej\u00f3 tirado en el suelo. \u00c9l se levant\u00f3, se pint\u00f3 los labios de rojo delante de los polic\u00edas y estos volvieron a castigarle duramente hasta que casi lo matan. El d\u00eda del funeral de la actriz Judy Garland y el desastre de esa noche hicieron que cada d\u00eda 28 de junio se celebre el D\u00eda del Orgullo LGTBI para recordar a la sociedad que la igualdad deber ser un hecho y todos nos merecemos ser respetados.<\/p>\n","protected":false},"excerpt":{"rendered":"<p>Hoy, d\u00eda 28 de junio, se celebra el D\u00eda Internacional del Orgullo LGTBI (lesbianas, gays, transexuales, bisexuales e intersexuales) con el objetivo de exigir tolerancia e igualdad. \u00bfSab\u00e9is por qu\u00e9 se celebra este d\u00eda? \u00bfConoc\u00e9is la pel\u00edcula El Mago de Oz? La actriz de la pel\u00edcula, Judy Garland, se convirti\u00f3 en un icono gay porque [&hellip;]<\/p>\n","protected":false},"author":2,"featured_media":3541,"comment_status":"open","ping_status":"open","sticky":false,"template":"","format":"standard","meta":{"_acf_changed":false,"content-type":"","_uag_custom_page_level_css":"","footnotes":""},"categories":[35],"tags":[],"class_list":["post-6980","post","type-post","status-publish","format-standard","has-post-thumbnail","hentry","category-publicaciones-en-medios"],"acf":[],"spectra_custom_meta":{"_wp_page_template":["default"],"rank_math_internal_links_processed":["1"],"_wpml_word_count":["{\"total\":377,\"to_translate\":{\"en\":377}}"],"_yoast_wpseo_primary_category":[""],"_yoast_wpseo_keywordsynonyms":[""],"_wpml_media_duplicate":["0"],"_wpml_media_featured":["0"],"_yoast_wpseo_focuskeywords":["[]"],"_et_monarch_override":[""],"amazonS3_cache":["a:43:{s:61:\"\/\/dev.visualfy.com\/wp-content\/uploads\/2017\/06\/5vpuemvszrk.jpg\";i:10497;s:38:\"\/\/cdn.visualfy.com\/img\/5vpuemvszrk.jpg\";i:10497;s:61:\"\/\/www.visualfy.com\/wp-content\/uploads\/2017\/06\/5vpuemvszrk.jpg\";i:10497;s:64:\"\/\/visualfy.acceseo.dev\/wp-content\/uploads\/2025\/02\/lgbti-logo.jpg\";a:1:{s:9:\"timestamp\";i:1744269404;}s:69:\"\/\/visualfy.acceseo.dev\/wp-content\/uploads\/2025\/02\/lse-icon-button.svg\";a:1:{s:9:\"timestamp\";i:1744269404;}s:81:\"\/\/visualfy.acceseo.dev\/wp-content\/uploads\/2025\/02\/visualfy-places-placeholder.jpg\";a:1:{s:9:\"timestamp\";i:1744269404;}s:66:\"\/\/visualfy.acceseo.dev\/wp-content\/uploads\/2025\/01\/computer_404.svg\";a:1:{s:9:\"timestamp\";i:1744269404;}s:63:\"\/\/visualfy.acceseo.dev\/wp-content\/uploads\/2025\/01\/user-icon.svg\";a:1:{s:9:\"timestamp\";i:1744269404;}s:58:\"\/\/visualfy.acceseo.dev\/wp-content\/uploads\/2025\/01\/menu.svg\";a:1:{s:9:\"timestamp\";i:1744269404;}s:67:\"\/\/visualfy.acceseo.dev\/wp-content\/uploads\/2025\/01\/logo-visualfy.svg\";a:1:{s:9:\"timestamp\";i:1744269404;}s:65:\"\/\/visualfy.acceseo.dev\/wp-content\/uploads\/2025\/01\/logo-footer.svg\";a:1:{s:9:\"timestamp\";i:1744269404;}s:88:\"\/\/visualfy.acceseo.dev\/wp-content\/uploads\/2025\/01\/union-europea-ministerio-industria.png\";a:1:{s:9:\"timestamp\";i:1744269404;}s:78:\"\/\/visualfy.acceseo.dev\/wp-content\/uploads\/2025\/01\/fondo-europeo-innovacion.png\";a:1:{s:9:\"timestamp\";i:1744269404;}s:77:\"\/\/visualfy.acceseo.dev\/wp-content\/uploads\/2025\/01\/generalitat-ivace-feder.png\";a:1:{s:9:\"timestamp\";i:1744269404;}s:85:\"\/\/visualfy.acceseo.dev\/wp-content\/uploads\/2025\/01\/generalita-ivace-cofinanciacion.png\";a:1:{s:9:\"timestamp\";i:1744269404;}s:61:\"\/\/visualfy.acceseo.dev\/wp-content\/uploads\/2025\/02\/Sem-3-1.png\";a:1:{s:9:\"timestamp\";i:1744269404;}s:69:\"\/\/visualfy.acceseo.dev\/wp-content\/uploads\/2025\/02\/Sem-3-1-300x176.png\";a:1:{s:9:\"timestamp\";i:1744269404;}s:70:\"\/\/visualfy.acceseo.dev\/wp-content\/uploads\/2025\/02\/Sem-3-1-1024x600.png\";a:1:{s:9:\"timestamp\";i:1744269404;}s:69:\"\/\/visualfy.acceseo.dev\/wp-content\/uploads\/2025\/02\/Sem-3-1-768x450.png\";a:1:{s:9:\"timestamp\";i:1744269404;}s:70:\"\/\/visualfy.acceseo.dev\/wp-content\/uploads\/2025\/02\/Sem-3-1-1536x900.png\";a:1:{s:9:\"timestamp\";i:1744269404;}s:71:\"\/\/visualfy.acceseo.dev\/wp-content\/uploads\/2025\/02\/Sem-3-1-2048x1200.png\";a:1:{s:9:\"timestamp\";i:1744269404;}s:63:\"\/\/visualfy.acceseo.dev\/wp-content\/uploads\/2025\/02\/Sem-2-3-1.jpg\";a:1:{s:9:\"timestamp\";i:1744269404;}s:71:\"\/\/visualfy.acceseo.dev\/wp-content\/uploads\/2025\/02\/Sem-2-3-1-300x169.jpg\";a:1:{s:9:\"timestamp\";i:1744269404;}s:72:\"\/\/visualfy.acceseo.dev\/wp-content\/uploads\/2025\/02\/Sem-2-3-1-1024x576.jpg\";a:1:{s:9:\"timestamp\";i:1744269404;}s:71:\"\/\/visualfy.acceseo.dev\/wp-content\/uploads\/2025\/02\/Sem-2-3-1-768x432.jpg\";a:1:{s:9:\"timestamp\";i:1744269404;}s:72:\"\/\/visualfy.acceseo.dev\/wp-content\/uploads\/2025\/02\/Sem-2-3-1-1536x864.jpg\";a:1:{s:9:\"timestamp\";i:1744269404;}s:63:\"\/\/visualfy.acceseo.dev\/wp-content\/uploads\/2025\/02\/Sem-1-2-1.png\";a:1:{s:9:\"timestamp\";i:1744269404;}s:71:\"\/\/visualfy.acceseo.dev\/wp-content\/uploads\/2025\/02\/Sem-1-2-1-300x157.png\";a:1:{s:9:\"timestamp\";i:1744269404;}s:72:\"\/\/visualfy.acceseo.dev\/wp-content\/uploads\/2025\/02\/Sem-1-2-1-1024x535.png\";a:1:{s:9:\"timestamp\";i:1744269404;}s:71:\"\/\/visualfy.acceseo.dev\/wp-content\/uploads\/2025\/02\/Sem-1-2-1-768x401.png\";a:1:{s:9:\"timestamp\";i:1744269404;}s:67:\"\/\/visualfy.acceseo.dev\/wp-content\/uploads\/2025\/02\/caixa-popular.svg\";a:1:{s:9:\"timestamp\";i:1744269404;}s:58:\"\/\/visualfy.acceseo.dev\/wp-content\/uploads\/2025\/02\/cdti.svg\";a:1:{s:9:\"timestamp\";i:1744269404;}s:58:\"\/\/visualfy.acceseo.dev\/wp-content\/uploads\/2025\/02\/cnse.svg\";a:1:{s:9:\"timestamp\";i:1744269404;}s:60:\"\/\/visualfy.acceseo.dev\/wp-content\/uploads\/2025\/02\/esteve.svg\";a:1:{s:9:\"timestamp\";i:1744269404;}s:60:\"\/\/visualfy.acceseo.dev\/wp-content\/uploads\/2025\/02\/fesord.svg\";a:1:{s:9:\"timestamp\";i:1744269404;}s:76:\"\/\/visualfy.acceseo.dev\/wp-content\/uploads\/2025\/02\/generalitat-valenciana.svg\";a:1:{s:9:\"timestamp\";i:1744269404;}s:66:\"\/\/visualfy.acceseo.dev\/wp-content\/uploads\/2025\/02\/horizon-2020.svg\";a:1:{s:9:\"timestamp\";i:1744269404;}s:59:\"\/\/visualfy.acceseo.dev\/wp-content\/uploads\/2025\/02\/ivace.svg\";a:1:{s:9:\"timestamp\";i:1744269404;}s:62:\"\/\/visualfy.acceseo.dev\/wp-content\/uploads\/2025\/02\/montsant.svg\";a:1:{s:9:\"timestamp\";i:1744269404;}s:69:\"\/\/visualfy.acceseo.dev\/wp-content\/uploads\/2025\/02\/naciones-unidas.svg\";a:1:{s:9:\"timestamp\";i:1744269404;}s:62:\"\/\/visualfy.acceseo.dev\/wp-content\/uploads\/2025\/02\/randstad.svg\";a:1:{s:9:\"timestamp\";i:1744269404;}s:64:\"\/\/visualfy.acceseo.dev\/wp-content\/uploads\/2025\/02\/telefonica.svg\";a:1:{s:9:\"timestamp\";i:1744269404;}s:66:\"\/\/visualfy.acceseo.dev\/wp-content\/uploads\/2025\/02\/wingstoclaim.svg\";a:1:{s:9:\"timestamp\";i:1744269404;}}"],"_yoast_wpseo_opengraph-title":[""],"_yoast_wpseo_opengraph-description":[""],"_yst_prominent_words_version":["1"],"_yoast_wpseo_video_meta":["a:15:{s:2:\"id\";s:11:\"5vPuemVSZRk\";s:4:\"type\";s:7:\"youtube\";s:3:\"url\";s:43:\"https:\/\/www.youtube.com\/watch?v=5vPuemVSZRk\";s:7:\"post_id\";i:4423;s:5:\"title\";s:39:\"D\u00eda Orgullo LGTBI &amp;#8902; Visualfy\";s:16:\"publication_date\";s:25:\"2017-06-28T04:00:00+00:00\";s:11:\"description\";s:172:\"28 de junio, se celebra el D\u00eda Internacional del Orgullo LGTBI (lesbianas, gays, transexuales, bisexuales e intersexuales) con el objetivo de exigir tolerancia e igualdad.\";s:10:\"player_loc\";s:41:\"https:\/\/www.youtube.com\/embed\/5vPuemVSZRk\";s:13:\"thumbnail_loc\";s:44:\"https:\/\/cdn.visualfy.com\/img\/5vpuemvszrk.jpg\";s:8:\"duration\";i:195;s:10:\"view_count\";i:207;s:5:\"width\";i:480;s:6:\"height\";i:270;s:8:\"category\";s:14:\"Mundo Visualfy\";s:3:\"tag\";a:0:{}}"],"_yoast_wpseo_videositemap-duration":["195"],"_yoast_wpseo_videositemap-rating":["0"],"_yoast_wpseo_metadesc":["28 de junio, se celebra el D\u00eda Internacional del Orgullo LGTBI (lesbianas, gays, transexuales, bisexuales e intersexuales) con el objetivo de exigir tolerancia e igualdad."],"_yoast_wpseo_focuskw":[""],"_yoast_wpseo_content_score":["30"],"cmplz_hide_cookiebanner":[""],"_wpml_location_migration_done":[""],"_fgj2wp_old_id":["693"],"_yoast_wpseo_metakeywords":["comunidad sorda"],"_bsf_post_type":["0"],"_yoast_wpseo_meta-robots-noindex":[""],"_fgj2wp_translation_association_key":[""],"_product_image_gallery":[""],"_wp_old_slug":[""],"_yoast_wpseo_title":[""],"slide_template":[""],"_yoast_wpseo_opengraph-image":[""],"_yoast_wpseo_opengraph-image-id":[""],"_wp_old_date":[""],"_bsf_article_image":[""],"_bsf_article_name":[""],"_bsf_article_desc":[""],"_bsf_article_author":[""],"_bsf_article_publisher":[""],"_bsf_article_publisher_logo":[""],"_yoast_wpseo_meta-robots-nofollow":[""],"amp_status":[""],"_cmplz_scanned_post":[""],"_encloseme":[""],"_last_translation_edit_mode":[""],"_yoast_wpseo_twitter-title":[""],"_yoast_wpseo_twitter-description":[""],"_yoast_wpseo_twitter-image":[""],"_yoast_wpseo_twitter-image-id":[""],"_yoast_wpseo_linkdex":[""],"_thumbnail_id":["3541"],"_edit_last":["1"],"_pingme":["1"],"_edit_lock":["1740662885:1"],"_oembed_7d2666247fc62d7bb6e6a5763897a9f9":["<iframe title=\"D\u00eda Orgullo LGTBI - Visualfy.es\" width=\"500\" height=\"281\" src=\"https:\/\/www.youtube.com\/embed\/5vPuemVSZRk?feature=oembed\" frameborder=\"0\" allow=\"accelerometer; autoplay; clipboard-write; encrypted-media; gyroscope; picture-in-picture; web-share\" referrerpolicy=\"strict-origin-when-cross-origin\" allowfullscreen><\/iframe>"],"_oembed_time_7d2666247fc62d7bb6e6a5763897a9f9":["1740662696"],"_oembed_e69a31e2d3fbfc4345cda0505487665a":["<iframe title=\"D\u00eda Orgullo LGTBI - Visualfy.es\" width=\"992\" height=\"558\" src=\"https:\/\/www.youtube.com\/embed\/5vPuemVSZRk?feature=oembed\" frameborder=\"0\" allow=\"accelerometer; autoplay; clipboard-write; encrypted-media; gyroscope; picture-in-picture; web-share\" referrerpolicy=\"strict-origin-when-cross-origin\" allowfullscreen><\/iframe>"],"_oembed_time_e69a31e2d3fbfc4345cda0505487665a":["1740662702"],"rank_math_seo_score":["8"],"rank_math_primary_category":["35"],"rank_math_description":["28 de junio, se celebra el D\u00eda Internacional del Orgullo LGTBI (lesbianas, gays, transexuales, bisexuales e intersexuales) con el objetivo de exigir tolerancia e igualdad."],"_uag_custom_page_level_css":[""],"footnotes":[""],"lse_enlace":["https:\/\/www.youtube.com\/watch?v=5vPuemVSZRk"],"_lse_enlace":["field_67b5db1d9d4ca"],"_betterdocs_reusable_block_ids":["a:0:{}"],"copied_media_ids":["a:0:{}"],"referenced_media_ids":["a:1:{i:0;i:3541;}"]},"uagb_featured_image_src":{"full":["https:\/\/www.visualfy.com\/wp-content\/uploads\/2025\/02\/lgbti-logo.jpg",660,330,false],"thumbnail":["https:\/\/www.visualfy.com\/wp-content\/uploads\/2025\/02\/lgbti-logo-150x150.jpg",150,150,true],"medium":["https:\/\/www.visualfy.com\/wp-content\/uploads\/2025\/02\/lgbti-logo-300x150.jpg",300,150,true],"medium_large":["https:\/\/www.visualfy.com\/wp-content\/uploads\/2025\/02\/lgbti-logo.jpg",660,330,false],"large":["https:\/\/www.visualfy.com\/wp-content\/uploads\/2025\/02\/lgbti-logo.jpg",660,330,false],"1536x1536":["https:\/\/www.visualfy.com\/wp-content\/uploads\/2025\/02\/lgbti-logo.jpg",660,330,false],"2048x2048":["https:\/\/www.visualfy.com\/wp-content\/uploads\/2025\/02\/lgbti-logo.jpg",660,330,false]},"uagb_author_info":{"display_name":"visualfy","author_link":"https:\/\/www.visualfy.com\/es\/author\/visualfy\/"},"uagb_comment_info":0,"uagb_excerpt":"Hoy, d\u00eda 28 de junio, se celebra el D\u00eda Internacional del Orgullo LGTBI (lesbianas, gays, transexuales, bisexuales e intersexuales) con el objetivo de exigir tolerancia e igualdad. \u00bfSab\u00e9is por qu\u00e9 se celebra este d\u00eda? \u00bfConoc\u00e9is la pel\u00edcula El Mago de Oz? La actriz de la pel\u00edcula, Judy Garland, se convirti\u00f3 en un icono gay porque&hellip;","_links":{"self":[{"href":"https:\/\/www.visualfy.com\/es\/wp-json\/wp\/v2\/posts\/6980","targetHints":{"allow":["GET"]}}],"collection":[{"href":"https:\/\/www.visualfy.com\/es\/wp-json\/wp\/v2\/posts"}],"about":[{"href":"https:\/\/www.visualfy.com\/es\/wp-json\/wp\/v2\/types\/post"}],"author":[{"embeddable":true,"href":"https:\/\/www.visualfy.com\/es\/wp-json\/wp\/v2\/users\/2"}],"replies":[{"embeddable":true,"href":"https:\/\/www.visualfy.com\/es\/wp-json\/wp\/v2\/comments?post=6980"}],"version-history":[{"count":0,"href":"https:\/\/www.visualfy.com\/es\/wp-json\/wp\/v2\/posts\/6980\/revisions"}],"wp:featuredmedia":[{"embeddable":true,"href":"https:\/\/www.visualfy.com\/es\/wp-json\/wp\/v2\/media\/3541"}],"wp:attachment":[{"href":"https:\/\/www.visualfy.com\/es\/wp-json\/wp\/v2\/media?parent=6980"}],"wp:term":[{"taxonomy":"category","embeddable":true,"href":"https:\/\/www.visualfy.com\/es\/wp-json\/wp\/v2\/categories?post=6980"},{"taxonomy":"post_tag","embeddable":true,"href":"https:\/\/www.visualfy.com\/es\/wp-json\/wp\/v2\/tags?post=6980"}],"curies":[{"name":"wp","href":"https:\/\/api.w.org\/{rel}","templated":true}]}}