{"id":6843,"date":"2020-11-27T10:51:32","date_gmt":"2020-11-27T10:51:32","guid":{"rendered":"https:\/\/www.visualfy.com\/sordera-arte\/"},"modified":"2025-02-26T10:54:24","modified_gmt":"2025-02-26T10:54:24","slug":"sordera-arte","status":"publish","type":"post","link":"https:\/\/www.visualfy.com\/es\/sordera-arte\/","title":{"rendered":"La sordera a trav\u00e9s del arte"},"content":{"rendered":"\n<p><strong>Vicente Marzal, Nancy Rourke o Isabel de las Heras son algunos de los artistas sordos que han encontrado en el arte un medio en el que expresar sus vivencias y reivindicar el papel de las personas sordas en la sociedad. En este post veremos c\u00f3mo ellos y otros artistas cuentan sus experiencias como personas sordas a trav\u00e9s del arte.<\/strong><\/p>\n\n\n\n<p>El arte nos permite expresarnos, mostrar nuestros sentimientos, nuestras ideas, aquello que nos importa. Arte tambi\u00e9n es sin\u00f3nimo de libertad y algunos artistas lo utilizan para lanzar un grito de auxilio a la sociedad cuando algo no marcha bien. <strong>La exclusi\u00f3n de las personas sordas, la represi\u00f3n de la Lengua de Signos o la experiencia en primera persona de ser sordo y vivir en un mundo de mayor\u00eda oyente son algunos de los temas que muchos artistas con sordera y p\u00e9rdida auditiva tratan en sus obras.<\/strong> A continuaci\u00f3n veremos algunos artistas de diferentes disciplinas con un objetivo com\u00fan: celebrar los valores culturales de las personas sordas y reivindicar su lugar en la sociedad.&nbsp;<\/p>\n\n\n<span class='bctt-click-to-tweet'><span class='bctt-ctt-text'><a href='https:\/\/x.com\/intent\/tweet?url=https%3A%2F%2Fwww.visualfy.com%2Fes%2Fsordera-arte%2F&#038;text=Arte%20tambi%C3%A9n%20es%20sin%C3%B3nimo%20de%20libertad%20y%20algunos%20artistas%20lo%20utilizan%20para%20lanzar%20un%20grito%20de%20auxilio%20a%20la%20sociedad%20cuando%20algo%20no%20marcha%20bien.&#038;via=visualfy&#038;related=visualfy' target='_blank'rel=\"noopener noreferrer\">Arte tambi\u00e9n es sin\u00f3nimo de libertad y algunos artistas lo utilizan para lanzar un grito de auxilio a la sociedad cuando algo no marcha bien. <\/a><\/span><a href='https:\/\/x.com\/intent\/tweet?url=https%3A%2F%2Fwww.visualfy.com%2Fes%2Fsordera-arte%2F&#038;text=Arte%20tambi%C3%A9n%20es%20sin%C3%B3nimo%20de%20libertad%20y%20algunos%20artistas%20lo%20utilizan%20para%20lanzar%20un%20grito%20de%20auxilio%20a%20la%20sociedad%20cuando%20algo%20no%20marcha%20bien.&#038;via=visualfy&#038;related=visualfy' target='_blank' class='bctt-ctt-btn'rel=\"noopener noreferrer\">Compartir en X<\/a><\/span>\n\n\n<h2 class=\"wp-block-heading\">Vicente Marzal<\/h2>\n\n\n\n<p>El silencio y el sonido son los dos hilos conductores de la obra de Vicente Marzal, uno de los artistas valencianos con mayor proyecci\u00f3n internacional, al que tuvimos el placer de <a href=\"https:\/\/www.visualfy.com\/es\/vicente-marzal-artista\/\">entrevistar hace un tiempo para el blog de Visualfy<\/a>. \u201cTengo obras dedicadas al implante y al tema del sonido. Para m\u00ed es una forma de expresar c\u00f3mo se siente una persona sin escuchar, y el cambio que experimenta una vez es implantada. La apertura al mundo del sonido\u201d, nos contaba. \u201cTengo mi propio estilo y marca, no copio nada y cosa que ideo la plasmo en un cuadro. Colorido, magia y sobre todo luz; que al verla entiendas mi sentimiento.\u201d<\/p>\n\n\n\n<figure class=\"wp-block-image size-full\"><img decoding=\"async\" width=\"900\" height=\"513\" src=\"https:\/\/www.visualfy.com\/wp-content\/uploads\/2025\/02\/obra-vicente-marza.jpg\" alt=\"Obra de Vicente Marza\" class=\"wp-image-2872\" srcset=\"https:\/\/www.visualfy.com\/wp-content\/uploads\/2025\/02\/obra-vicente-marza.jpg 900w, https:\/\/www.visualfy.com\/wp-content\/uploads\/2025\/02\/obra-vicente-marza-300x171.jpg 300w, https:\/\/www.visualfy.com\/wp-content\/uploads\/2025\/02\/obra-vicente-marza-768x438.jpg 768w\" sizes=\"(max-width: 900px) 100vw, 900px\" \/><figcaption class=\"wp-element-caption\">Cuadros de Vicente Marzal en los que aparecen los elementos sonido y silencio,<\/figcaption><\/figure>\n\n\n\n<h2 class=\"wp-block-heading\">Nancy Rourke<\/h2>\n\n\n\n<p>Los cuadros de la estadounidense Nancy Rourke no dejan a nadie indiferente. Los colores que utiliza en sus pinturas adem\u00e1s de llamar la atenci\u00f3n, esconden un significado muy poderoso. \u201cEl rojo significa empoderamiento. El amarillo significa esperanza y luz, las personas sordas necesitan que las vean. El azul hace referencia al mundo oyente\u201d, explica.&nbsp; A trav\u00e9s de sus obras critica a una sociedad que tiene por costumbre invisibilizar al colectivo sordo y reprimir la Lengua de Signos. Sus pinturas son un grito a la libertad y a la celebraci\u00f3n de los valores de la cultura sorda.&nbsp;<\/p>\n\n\n\n<figure class=\"wp-block-image size-full\"><img decoding=\"async\" width=\"900\" height=\"550\" src=\"https:\/\/www.visualfy.com\/wp-content\/uploads\/2025\/02\/nancy-rourke.png\" alt=\"Nancy Rourke\" class=\"wp-image-2870\" srcset=\"https:\/\/www.visualfy.com\/wp-content\/uploads\/2025\/02\/nancy-rourke.png 900w, https:\/\/www.visualfy.com\/wp-content\/uploads\/2025\/02\/nancy-rourke-300x183.png 300w, https:\/\/www.visualfy.com\/wp-content\/uploads\/2025\/02\/nancy-rourke-768x469.png 768w\" sizes=\"(max-width: 900px) 100vw, 900px\" \/><figcaption class=\"wp-element-caption\"><em>Algunas de las coloridas obras de Nancy Rourke en las que la Lengua de Signos y las personas sordas son las protagonistas.<\/em><\/figcaption><\/figure>\n\n\n\n<h2 class=\"wp-block-heading\">Miguel \u00c1ngel Sampedro<\/h2>\n\n\n\n<p>La poes\u00eda tambi\u00e9n es arte y as\u00ed lo demuestra Miguel \u00c1ngel Sampedro, un granadino que narra poes\u00eda en Lengua de Signos. \u00abMe gusta la manifestaci\u00f3n art\u00edstica de las personas sordas, podemos ver diferentes ideas, maneras de expresarse. En la lengua de signos, tambi\u00e9n existe la poes\u00eda y sin duda es una forma de difundir nuestra cultura para que las personas oyentes tambi\u00e9n puedan comprender los sentimientos de las personas sordas\u00bb, cuenta en uno de los v\u00eddeos de su web.&nbsp;<\/p>\n\n\n\n<figure class=\"wp-block-embed is-type-video is-provider-youtube wp-block-embed-youtube wp-embed-aspect-16-9 wp-has-aspect-ratio\"><div class=\"wp-block-embed__wrapper\">\n<iframe title=\"Poesia visual de Miguel \u00c1ngel Sampedro\" width=\"500\" height=\"281\" src=\"https:\/\/www.youtube.com\/embed\/1mJbEIaulPg?feature=oembed\" frameborder=\"0\" allow=\"accelerometer; autoplay; clipboard-write; encrypted-media; gyroscope; picture-in-picture; web-share\" referrerpolicy=\"strict-origin-when-cross-origin\" allowfullscreen><\/iframe>\n<\/div><\/figure>\n\n\n\n<h2 class=\"wp-block-heading\">Isabel de las Heras (Oreja Voladora)<\/h2>\n\n\n\n<p>A trav\u00e9s de la ilustraci\u00f3n en formato c\u00f3mic Isabel narra la cotidianidad de las personas sordas en un mundo de mayor\u00eda oyente. \u201cLa mayor\u00eda de los mensajes tratan la situaci\u00f3n problem\u00e1tica que tenemos las personas sordas en la vida diaria, como las barreras de comunicaci\u00f3n, la falta de los servicios de Int\u00e9rpretes de Lengua de Signos, la educaci\u00f3n hacia las personas sordas\u2026\u201d, nos contaba en la entrevista que le hicimos para el blog de Visualfy y <a href=\"https:\/\/www.visualfy.com\/es\/entrevista-oreja-voladora\/\">que puedes leer aqu\u00ed<\/a>.&nbsp;<\/p>\n\n\n\n<figure class=\"wp-block-image size-large\"><img decoding=\"async\" width=\"1024\" height=\"1024\" src=\"https:\/\/www.visualfy.com\/wp-content\/uploads\/2025\/02\/oreja-1024x1024.jpg\" alt=\"Vi\u00f1etas de Isabes Heras\" class=\"wp-image-2874\" srcset=\"https:\/\/www.visualfy.com\/wp-content\/uploads\/2025\/02\/oreja-1024x1024.jpg 1024w, https:\/\/www.visualfy.com\/wp-content\/uploads\/2025\/02\/oreja-300x300.jpg 300w, https:\/\/www.visualfy.com\/wp-content\/uploads\/2025\/02\/oreja-150x150.jpg 150w, https:\/\/www.visualfy.com\/wp-content\/uploads\/2025\/02\/oreja-768x768.jpg 768w, https:\/\/www.visualfy.com\/wp-content\/uploads\/2025\/02\/oreja.jpg 1200w\" sizes=\"(max-width: 1024px) 100vw, 1024px\" \/><figcaption class=\"wp-element-caption\"><em>Una de las vi\u00f1etas de Isabel de las Heras<\/em><\/figcaption><\/figure>\n\n\n\n<h2 class=\"wp-block-heading\">Alfredo Palau<\/h2>\n\n\n\n<p>Alfredo Palau es un artista y dise\u00f1ador gr\u00e1fico sordo que ha dedicado gran parte de su vida a la publicidad. Sin embargo, desde peque\u00f1o siempre ha sentido una gran atracci\u00f3n por la creaci\u00f3n art\u00edstica. El l\u00e1piz es el protagonista de gran parte de sus obras, un elemento que est\u00e1 muy ligado a su infancia y a su afici\u00f3n al dibujo como medio de expresi\u00f3n. Su fascinaci\u00f3n por los l\u00e1pices empez\u00f3 desde bien peque\u00f1o. \u201cDesde el principio fue una herramienta fundamental para mi vida, no solo escribiendo, sino tambi\u00e9n dibujando\u201d, ha declarado. &nbsp;<\/p>\n\n\n\n<figure class=\"wp-block-image size-large\"><img decoding=\"async\" width=\"1024\" height=\"576\" src=\"https:\/\/www.visualfy.com\/wp-content\/uploads\/2025\/02\/VF14C8F3_183655-1024x576.jpg\" alt=\"Alfredo Palau\" class=\"wp-image-2876\" srcset=\"https:\/\/www.visualfy.com\/wp-content\/uploads\/2025\/02\/VF14C8F3_183655-1024x576.jpg 1024w, https:\/\/www.visualfy.com\/wp-content\/uploads\/2025\/02\/VF14C8F3_183655-300x169.jpg 300w, https:\/\/www.visualfy.com\/wp-content\/uploads\/2025\/02\/VF14C8F3_183655-768x432.jpg 768w, https:\/\/www.visualfy.com\/wp-content\/uploads\/2025\/02\/VF14C8F3_183655.jpg 1280w\" sizes=\"(max-width: 1024px) 100vw, 1024px\" \/><figcaption class=\"wp-element-caption\"><em>Alfredo Palau junto a algunas de sus obras en las que el protagonista es el l\u00e1piz.<\/em><\/figcaption><\/figure>\n\n\n\n<h2 class=\"wp-block-heading\">Chuck Baird<\/h2>\n\n\n\n<p>Chuck Baird es uno de los artistas sordos m\u00e1s reconocidos de todos los tiempos. A lo largo de su vida tuvo la oportunidad de desarrollar su carrera art\u00edstica a trav\u00e9s de diferentes disciplinas: pintura, escultura, escritura&#8230;&nbsp; Mediante su obra es posible adentrarse dentro de la cultura sorda. En sus obras pict\u00f3ricas, Chuck nos ofrece una perspectiva visual de su experiencia como persona sorda, la belleza de la Lengua de Signos y su opresi\u00f3n e incluso la propia historia de las personas sordas. \u201cEl tema de los sordos en mi trabajo se relaciona con mi propia experiencia como ser humano sordo\u201d, declaraba sobre su obra.&nbsp;<\/p>\n\n\n\n<p>Chuck Baird adem\u00e1s fue uno de los fundadores de De&#8217;VIA, un movimiento art\u00edstico que engloba obras y artistas que expresan a trav\u00e9s del arte los valores culturales y la forma de ver el mundo de las personas sordas.<\/p>\n\n\n\n<figure class=\"wp-block-image size-large\"><img decoding=\"async\" width=\"1024\" height=\"786\" src=\"https:\/\/www.visualfy.com\/wp-content\/uploads\/2025\/02\/chuck-baird-2-1024x786.jpg\" alt=\"Chuck Baird\" class=\"wp-image-5813\" srcset=\"https:\/\/www.visualfy.com\/wp-content\/uploads\/2025\/02\/chuck-baird-2-1024x786.jpg 1024w, https:\/\/www.visualfy.com\/wp-content\/uploads\/2025\/02\/chuck-baird-2-300x230.jpg 300w, https:\/\/www.visualfy.com\/wp-content\/uploads\/2025\/02\/chuck-baird-2-768x589.jpg 768w, https:\/\/www.visualfy.com\/wp-content\/uploads\/2025\/02\/chuck-baird-2.jpg 1200w\" sizes=\"(max-width: 1024px) 100vw, 1024px\" \/><figcaption class=\"wp-element-caption\"><em>Una de las obras pict\u00f3ricas de Chuck Baird.<\/em><\/figcaption><\/figure>\n\n\n\n<h2 class=\"wp-block-heading\">Betty G Miller<\/h2>\n\n\n\n<p>Betty G Miller, m\u00e1s conocida como Bettigee fue junto a Chuck Baird una de las fundadoras del movimiento De\u2019Via. Naci\u00f3 en una familia sorda y estudi\u00f3 en la famosa universidad para personas sordas Gallaudet. Su obra en blanco y negro Ameslan Prohobited se convirti\u00f3 r\u00e1pidamente en un s\u00edmbolo ante la opresi\u00f3n de las personas sordas. Ameslan fue el nombre recibi\u00f3 la Lengua de Signos Americana en sus inicios.&nbsp;<\/p>\n\n\n\n<figure class=\"wp-block-image size-full\"><img decoding=\"async\" width=\"1000\" height=\"667\" src=\"https:\/\/www.visualfy.com\/wp-content\/uploads\/2025\/02\/bettygmiller.jpg\" alt=\"Bettygmiller\" class=\"wp-image-2866\" srcset=\"https:\/\/www.visualfy.com\/wp-content\/uploads\/2025\/02\/bettygmiller.jpg 1000w, https:\/\/www.visualfy.com\/wp-content\/uploads\/2025\/02\/bettygmiller-300x200.jpg 300w, https:\/\/www.visualfy.com\/wp-content\/uploads\/2025\/02\/bettygmiller-768x512.jpg 768w\" sizes=\"(max-width: 1000px) 100vw, 1000px\" \/><figcaption class=\"wp-element-caption\"><em>Ameslan Prohobited de Betty G Miller<\/em><\/figcaption><\/figure>\n\n\n\n<p>\u00bfQu\u00e9 te han parecido las obras de estos artistas? \u00bfLos conoc\u00edas ya? \u00bfConoces a otros artistas sordos que te gustar\u00eda compartir? Cu\u00e9ntanoslo en los comentarios de este post.&nbsp;<\/p>\n","protected":false},"excerpt":{"rendered":"<p>Vicente Marzal, Nancy Rourke o Isabel de las Heras son algunos de los artistas sordos que han encontrado en el arte un medio en el que expresar sus vivencias y reivindicar el papel de las personas sordas en la sociedad. En este post veremos c\u00f3mo ellos y otros artistas cuentan sus experiencias como personas sordas [&hellip;]<\/p>\n","protected":false},"author":2,"featured_media":5813,"comment_status":"open","ping_status":"open","sticky":false,"template":"","format":"standard","meta":{"_acf_changed":false,"content-type":"","_uag_custom_page_level_css":"","footnotes":""},"categories":[30],"tags":[],"class_list":["post-6843","post","type-post","status-publish","format-standard","has-post-thumbnail","hentry","category-comunidad-sorda"],"acf":[],"spectra_custom_meta":{"_wp_page_template":["default"],"rank_math_internal_links_processed":["1"],"_wpml_word_count":["986"],"_yoast_wpseo_primary_category":["296"],"_yoast_wpseo_keywordsynonyms":["[\"\"]"],"_wpml_media_duplicate":["1"],"_wpml_media_featured":["1"],"_yoast_wpseo_focuskeywords":["[]"],"_et_monarch_override":[""],"amazonS3_cache":["a:88:{s:68:\"\/\/www.visualfy.com\/wp-content\/uploads\/2019\/02\/obra-vicente-marza.jpg\";i:22113;s:45:\"\/\/cdn.visualfy.com\/img\/obra-vicente-marza.jpg\";i:22113;s:62:\"\/\/www.visualfy.com\/wp-content\/uploads\/2020\/11\/nancy-rourke.png\";i:34533;s:39:\"\/\/cdn.visualfy.com\/img\/nancy-rourke.png\";i:34533;s:55:\"\/\/www.visualfy.com\/wp-content\/uploads\/2020\/11\/oreja.jpg\";i:34541;s:65:\"\/\/www.visualfy.com\/wp-content\/uploads\/2020\/11\/oreja-1024x1024.jpg\";i:34541;s:32:\"\/\/cdn.visualfy.com\/img\/oreja.jpg\";i:34541;s:42:\"\/\/cdn.visualfy.com\/img\/oreja-1024x1024.jpg\";i:34541;s:65:\"\/\/www.visualfy.com\/wp-content\/uploads\/2020\/11\/VF14C8F3_183655.jpg\";i:34544;s:74:\"\/\/www.visualfy.com\/wp-content\/uploads\/2020\/11\/VF14C8F3_183655-1024x576.jpg\";i:34544;s:42:\"\/\/cdn.visualfy.com\/img\/VF14C8F3_183655.jpg\";i:34544;s:51:\"\/\/cdn.visualfy.com\/img\/VF14C8F3_183655-1024x576.jpg\";i:34544;s:61:\"\/\/www.visualfy.com\/wp-content\/uploads\/2020\/11\/chuck-baird.jpg\";i:34546;s:70:\"\/\/www.visualfy.com\/wp-content\/uploads\/2020\/11\/chuck-baird-1024x786.jpg\";i:34546;s:38:\"\/\/cdn.visualfy.com\/img\/chuck-baird.jpg\";i:34546;s:47:\"\/\/cdn.visualfy.com\/img\/chuck-baird-1024x786.jpg\";i:34546;s:62:\"\/\/www.visualfy.com\/wp-content\/uploads\/2020\/11\/bettygmiller.jpg\";i:34549;s:39:\"\/\/cdn.visualfy.com\/img\/bettygmiller.jpg\";i:34549;s:72:\"\/\/visualfy.acceseo.dev\/wp-content\/uploads\/2025\/02\/obra-vicente-marza.jpg\";a:1:{s:9:\"timestamp\";i:1747144731;}s:66:\"\/\/visualfy.acceseo.dev\/wp-content\/uploads\/2025\/02\/nancy-rourke.png\";a:1:{s:9:\"timestamp\";i:1747144731;}s:59:\"\/\/visualfy.acceseo.dev\/wp-content\/uploads\/2025\/02\/oreja.jpg\";a:1:{s:9:\"timestamp\";i:1747144731;}s:69:\"\/\/visualfy.acceseo.dev\/wp-content\/uploads\/2025\/02\/oreja-1024x1024.jpg\";a:1:{s:9:\"timestamp\";i:1747144731;}s:69:\"\/\/visualfy.acceseo.dev\/wp-content\/uploads\/2025\/02\/VF14C8F3_183655.jpg\";a:1:{s:9:\"timestamp\";i:1747144731;}s:78:\"\/\/visualfy.acceseo.dev\/wp-content\/uploads\/2025\/02\/VF14C8F3_183655-1024x576.jpg\";a:1:{s:9:\"timestamp\";i:1747144731;}s:67:\"\/\/visualfy.acceseo.dev\/wp-content\/uploads\/2025\/02\/chuck-baird-2.jpg\";a:1:{s:9:\"timestamp\";i:1747144731;}s:76:\"\/\/visualfy.acceseo.dev\/wp-content\/uploads\/2025\/02\/chuck-baird-2-1024x786.jpg\";a:1:{s:9:\"timestamp\";i:1747144731;}s:66:\"\/\/visualfy.acceseo.dev\/wp-content\/uploads\/2025\/02\/bettygmiller.jpg\";a:1:{s:9:\"timestamp\";i:1747144731;}s:69:\"\/\/visualfy.acceseo.dev\/wp-content\/uploads\/2025\/02\/lse-icon-button.svg\";a:1:{s:9:\"timestamp\";i:1744268011;}s:81:\"\/\/visualfy.acceseo.dev\/wp-content\/uploads\/2025\/02\/visualfy-places-placeholder.jpg\";a:1:{s:9:\"timestamp\";i:1744268011;}s:66:\"\/\/visualfy.acceseo.dev\/wp-content\/uploads\/2025\/01\/computer_404.svg\";a:1:{s:9:\"timestamp\";i:1744268011;}s:63:\"\/\/visualfy.acceseo.dev\/wp-content\/uploads\/2025\/01\/user-icon.svg\";a:1:{s:9:\"timestamp\";i:1744268011;}s:58:\"\/\/visualfy.acceseo.dev\/wp-content\/uploads\/2025\/01\/menu.svg\";a:1:{s:9:\"timestamp\";i:1744268011;}s:67:\"\/\/visualfy.acceseo.dev\/wp-content\/uploads\/2025\/01\/logo-visualfy.svg\";a:1:{s:9:\"timestamp\";i:1744268011;}s:65:\"\/\/visualfy.acceseo.dev\/wp-content\/uploads\/2025\/01\/logo-footer.svg\";a:1:{s:9:\"timestamp\";i:1744268012;}s:88:\"\/\/visualfy.acceseo.dev\/wp-content\/uploads\/2025\/01\/union-europea-ministerio-industria.png\";a:1:{s:9:\"timestamp\";i:1744268012;}s:78:\"\/\/visualfy.acceseo.dev\/wp-content\/uploads\/2025\/01\/fondo-europeo-innovacion.png\";a:1:{s:9:\"timestamp\";i:1744268012;}s:77:\"\/\/visualfy.acceseo.dev\/wp-content\/uploads\/2025\/01\/generalitat-ivace-feder.png\";a:1:{s:9:\"timestamp\";i:1744268012;}s:85:\"\/\/visualfy.acceseo.dev\/wp-content\/uploads\/2025\/01\/generalita-ivace-cofinanciacion.png\";a:1:{s:9:\"timestamp\";i:1744268012;}s:80:\"\/\/visualfy.acceseo.dev\/wp-content\/uploads\/2025\/02\/obra-vicente-marza-300x171.jpg\";a:1:{s:9:\"timestamp\";i:1747144731;}s:80:\"\/\/visualfy.acceseo.dev\/wp-content\/uploads\/2025\/02\/obra-vicente-marza-768x438.jpg\";a:1:{s:9:\"timestamp\";i:1747144731;}s:74:\"\/\/visualfy.acceseo.dev\/wp-content\/uploads\/2025\/02\/nancy-rourke-300x183.png\";a:1:{s:9:\"timestamp\";i:1747144731;}s:74:\"\/\/visualfy.acceseo.dev\/wp-content\/uploads\/2025\/02\/nancy-rourke-768x469.png\";a:1:{s:9:\"timestamp\";i:1747144731;}s:67:\"\/\/visualfy.acceseo.dev\/wp-content\/uploads\/2025\/02\/oreja-300x300.jpg\";a:1:{s:9:\"timestamp\";i:1747144731;}s:67:\"\/\/visualfy.acceseo.dev\/wp-content\/uploads\/2025\/02\/oreja-150x150.jpg\";a:1:{s:9:\"timestamp\";i:1747144731;}s:67:\"\/\/visualfy.acceseo.dev\/wp-content\/uploads\/2025\/02\/oreja-768x768.jpg\";a:1:{s:9:\"timestamp\";i:1747144731;}s:77:\"\/\/visualfy.acceseo.dev\/wp-content\/uploads\/2025\/02\/VF14C8F3_183655-300x169.jpg\";a:1:{s:9:\"timestamp\";i:1747144731;}s:77:\"\/\/visualfy.acceseo.dev\/wp-content\/uploads\/2025\/02\/VF14C8F3_183655-768x432.jpg\";a:1:{s:9:\"timestamp\";i:1747144731;}s:75:\"\/\/visualfy.acceseo.dev\/wp-content\/uploads\/2025\/02\/chuck-baird-2-300x230.jpg\";a:1:{s:9:\"timestamp\";i:1747144731;}s:75:\"\/\/visualfy.acceseo.dev\/wp-content\/uploads\/2025\/02\/chuck-baird-2-768x589.jpg\";a:1:{s:9:\"timestamp\";i:1747144731;}s:74:\"\/\/visualfy.acceseo.dev\/wp-content\/uploads\/2025\/02\/bettygmiller-300x200.jpg\";a:1:{s:9:\"timestamp\";i:1747144731;}s:74:\"\/\/visualfy.acceseo.dev\/wp-content\/uploads\/2025\/02\/bettygmiller-768x512.jpg\";a:1:{s:9:\"timestamp\";i:1747144731;}s:61:\"\/\/visualfy.acceseo.dev\/wp-content\/uploads\/2025\/02\/Sem-3-1.png\";a:1:{s:9:\"timestamp\";i:1744268012;}s:69:\"\/\/visualfy.acceseo.dev\/wp-content\/uploads\/2025\/02\/Sem-3-1-300x176.png\";a:1:{s:9:\"timestamp\";i:1744268012;}s:70:\"\/\/visualfy.acceseo.dev\/wp-content\/uploads\/2025\/02\/Sem-3-1-1024x600.png\";a:1:{s:9:\"timestamp\";i:1744268012;}s:69:\"\/\/visualfy.acceseo.dev\/wp-content\/uploads\/2025\/02\/Sem-3-1-768x450.png\";a:1:{s:9:\"timestamp\";i:1744268012;}s:70:\"\/\/visualfy.acceseo.dev\/wp-content\/uploads\/2025\/02\/Sem-3-1-1536x900.png\";a:1:{s:9:\"timestamp\";i:1744268012;}s:71:\"\/\/visualfy.acceseo.dev\/wp-content\/uploads\/2025\/02\/Sem-3-1-2048x1200.png\";a:1:{s:9:\"timestamp\";i:1744268012;}s:63:\"\/\/visualfy.acceseo.dev\/wp-content\/uploads\/2025\/02\/Sem-2-3-1.jpg\";a:1:{s:9:\"timestamp\";i:1744268012;}s:71:\"\/\/visualfy.acceseo.dev\/wp-content\/uploads\/2025\/02\/Sem-2-3-1-300x169.jpg\";a:1:{s:9:\"timestamp\";i:1744268012;}s:72:\"\/\/visualfy.acceseo.dev\/wp-content\/uploads\/2025\/02\/Sem-2-3-1-1024x576.jpg\";a:1:{s:9:\"timestamp\";i:1744268012;}s:71:\"\/\/visualfy.acceseo.dev\/wp-content\/uploads\/2025\/02\/Sem-2-3-1-768x432.jpg\";a:1:{s:9:\"timestamp\";i:1744268012;}s:72:\"\/\/visualfy.acceseo.dev\/wp-content\/uploads\/2025\/02\/Sem-2-3-1-1536x864.jpg\";a:1:{s:9:\"timestamp\";i:1744268012;}s:63:\"\/\/visualfy.acceseo.dev\/wp-content\/uploads\/2025\/02\/Sem-1-2-1.png\";a:1:{s:9:\"timestamp\";i:1744268012;}s:71:\"\/\/visualfy.acceseo.dev\/wp-content\/uploads\/2025\/02\/Sem-1-2-1-300x157.png\";a:1:{s:9:\"timestamp\";i:1744268012;}s:72:\"\/\/visualfy.acceseo.dev\/wp-content\/uploads\/2025\/02\/Sem-1-2-1-1024x535.png\";a:1:{s:9:\"timestamp\";i:1744268012;}s:71:\"\/\/visualfy.acceseo.dev\/wp-content\/uploads\/2025\/02\/Sem-1-2-1-768x401.png\";a:1:{s:9:\"timestamp\";i:1744268012;}s:67:\"\/\/visualfy.acceseo.dev\/wp-content\/uploads\/2025\/02\/caixa-popular.svg\";a:1:{s:9:\"timestamp\";i:1744268012;}s:58:\"\/\/visualfy.acceseo.dev\/wp-content\/uploads\/2025\/02\/cdti.svg\";a:1:{s:9:\"timestamp\";i:1744268012;}s:58:\"\/\/visualfy.acceseo.dev\/wp-content\/uploads\/2025\/02\/cnse.svg\";a:1:{s:9:\"timestamp\";i:1744268012;}s:60:\"\/\/visualfy.acceseo.dev\/wp-content\/uploads\/2025\/02\/esteve.svg\";a:1:{s:9:\"timestamp\";i:1744268012;}s:60:\"\/\/visualfy.acceseo.dev\/wp-content\/uploads\/2025\/02\/fesord.svg\";a:1:{s:9:\"timestamp\";i:1744268012;}s:76:\"\/\/visualfy.acceseo.dev\/wp-content\/uploads\/2025\/02\/generalitat-valenciana.svg\";a:1:{s:9:\"timestamp\";i:1744268012;}s:66:\"\/\/visualfy.acceseo.dev\/wp-content\/uploads\/2025\/02\/horizon-2020.svg\";a:1:{s:9:\"timestamp\";i:1744268012;}s:59:\"\/\/visualfy.acceseo.dev\/wp-content\/uploads\/2025\/02\/ivace.svg\";a:1:{s:9:\"timestamp\";i:1744268012;}s:62:\"\/\/visualfy.acceseo.dev\/wp-content\/uploads\/2025\/02\/montsant.svg\";a:1:{s:9:\"timestamp\";i:1744268012;}s:69:\"\/\/visualfy.acceseo.dev\/wp-content\/uploads\/2025\/02\/naciones-unidas.svg\";a:1:{s:9:\"timestamp\";i:1744268012;}s:62:\"\/\/visualfy.acceseo.dev\/wp-content\/uploads\/2025\/02\/randstad.svg\";a:1:{s:9:\"timestamp\";i:1744268012;}s:64:\"\/\/visualfy.acceseo.dev\/wp-content\/uploads\/2025\/02\/telefonica.svg\";a:1:{s:9:\"timestamp\";i:1744268012;}s:66:\"\/\/visualfy.acceseo.dev\/wp-content\/uploads\/2025\/02\/wingstoclaim.svg\";a:1:{s:9:\"timestamp\";i:1744268012;}s:84:\"\/\/visualfy.acceseo.dev\/wp-content\/uploads\/2025\/02\/influencers-perdida-auditiva-1.jpg\";a:1:{s:9:\"timestamp\";i:1742976546;}s:92:\"\/\/visualfy.acceseo.dev\/wp-content\/uploads\/2025\/02\/cropped-campanas-visibilizacin-sordera.jpg\";a:1:{s:9:\"timestamp\";i:1742976546;}s:80:\"\/\/visualfy.acceseo.dev\/wp-content\/uploads\/2025\/02\/certificado-discapacidad-1.jpg\";a:1:{s:9:\"timestamp\";i:1742976546;}s:81:\"\/\/visualfy.acceseo.dev\/wp-content\/uploads\/2025\/02\/sordera-hereditaria-monge-1.jpg\";a:1:{s:9:\"timestamp\";i:1742976546;}s:78:\"\/\/visualfy.acceseo.dev\/wp-content\/uploads\/2025\/02\/hipoacusia-profesional-1.jpg\";a:1:{s:9:\"timestamp\";i:1742976546;}s:98:\"\/\/visualfy.acceseo.dev\/wp-content\/uploads\/2025\/02\/nino-sordo-durmiendo-en-brazos-de-su-madre-1.jpg\";a:1:{s:9:\"timestamp\";i:1742976546;}s:89:\"\/\/visualfy.acceseo.dev\/wp-content\/uploads\/2025\/02\/La-sordera-sobrevenida-en-adultos-1.jpg\";a:1:{s:9:\"timestamp\";i:1742976546;}s:71:\"\/\/visualfy.acceseo.dev\/wp-content\/uploads\/2025\/02\/nietos-sordos-2-3.jpg\";a:1:{s:9:\"timestamp\";i:1742976546;}s:69:\"\/\/visualfy.acceseo.dev\/wp-content\/uploads\/2025\/02\/a-quiet-place-1.jpg\";a:1:{s:9:\"timestamp\";i:1742976546;}}"],"_yoast_wpseo_opengraph-title":[""],"_yoast_wpseo_opengraph-description":[""],"_yst_prominent_words_version":["1"],"_yoast_wpseo_video_meta":[""],"_yoast_wpseo_videositemap-duration":[""],"_yoast_wpseo_videositemap-rating":[""],"_yoast_wpseo_metadesc":["A continuaci\u00f3n veremos algunos artistas con un objetivo com\u00fan: celebrar los valores culturales de las personas sordas y reivindicar su lugar en la sociedad."],"_yoast_wpseo_focuskw":[""],"_yoast_wpseo_content_score":[""],"cmplz_hide_cookiebanner":[""],"_wpml_location_migration_done":["1"],"_fgj2wp_old_id":[""],"_yoast_wpseo_metakeywords":[""],"_bsf_post_type":[""],"_yoast_wpseo_meta-robots-noindex":[""],"_fgj2wp_translation_association_key":[""],"_product_image_gallery":[""],"_wp_old_slug":[""],"_yoast_wpseo_title":["Descubrir la sordera a trav\u00e9s del arte y sus creadores"],"slide_template":[""],"_yoast_wpseo_opengraph-image":[""],"_yoast_wpseo_opengraph-image-id":[""],"_wp_old_date":[""],"_bsf_article_image":[""],"_bsf_article_name":[""],"_bsf_article_desc":[""],"_bsf_article_author":[""],"_bsf_article_publisher":[""],"_bsf_article_publisher_logo":[""],"_yoast_wpseo_meta-robots-nofollow":[""],"amp_status":[""],"_cmplz_scanned_post":["1"],"_encloseme":["1"],"_last_translation_edit_mode":[""],"_yoast_wpseo_twitter-title":[""],"_yoast_wpseo_twitter-description":[""],"_yoast_wpseo_twitter-image":[""],"_yoast_wpseo_twitter-image-id":[""],"_yoast_wpseo_linkdex":[""],"_thumbnail_id":["5813"],"_pingme":["1"],"_edit_last":["1"],"_oembed_b4814074d788c513c9941953391c715d":["<iframe title=\"La sordera a trav\u00e9s del arte - Visualfy\" width=\"500\" height=\"281\" src=\"https:\/\/www.youtube.com\/embed\/hV1D9RWW0nk?feature=oembed\" frameborder=\"0\" allow=\"accelerometer; autoplay; clipboard-write; encrypted-media; gyroscope; picture-in-picture; web-share\" referrerpolicy=\"strict-origin-when-cross-origin\" allowfullscreen><\/iframe>"],"_oembed_time_b4814074d788c513c9941953391c715d":["1740567264"],"_oembed_982c9ca625d83b2f9f300c2cbbb56cde":["<iframe title=\"Poesia visual de Miguel \u00c1ngel Sampedro\" width=\"500\" height=\"281\" src=\"https:\/\/www.youtube.com\/embed\/1mJbEIaulPg?feature=oembed\" frameborder=\"0\" allow=\"accelerometer; autoplay; clipboard-write; encrypted-media; gyroscope; picture-in-picture; web-share\" referrerpolicy=\"strict-origin-when-cross-origin\" allowfullscreen><\/iframe>"],"_oembed_time_982c9ca625d83b2f9f300c2cbbb56cde":["1740567264"],"_edit_lock":["1740567264:1"],"rank_math_seo_score":["22"],"rank_math_primary_category":["30"],"_uag_custom_page_level_css":[""],"footnotes":[""],"lse_enlace":["https:\/\/youtu.be\/hV1D9RWW0nk"],"_lse_enlace":["field_67b5db1d9d4ca"],"_betterdocs_reusable_block_ids":["a:0:{}"],"copied_media_ids":["a:6:{i:0;i:2872;i:1;i:2870;i:2;i:2866;i:3;i:2875;i:4;i:2877;i:5;i:6845;}"],"referenced_media_ids":["a:1:{i:0;i:5813;}"]},"uagb_featured_image_src":{"full":["https:\/\/www.visualfy.com\/wp-content\/uploads\/2025\/02\/chuck-baird-2.jpg",1200,921,false],"thumbnail":["https:\/\/www.visualfy.com\/wp-content\/uploads\/2025\/02\/chuck-baird-2-150x150.jpg",150,150,true],"medium":["https:\/\/www.visualfy.com\/wp-content\/uploads\/2025\/02\/chuck-baird-2-300x230.jpg",300,230,true],"medium_large":["https:\/\/www.visualfy.com\/wp-content\/uploads\/2025\/02\/chuck-baird-2-768x589.jpg",768,589,true],"large":["https:\/\/www.visualfy.com\/wp-content\/uploads\/2025\/02\/chuck-baird-2-1024x786.jpg",1024,786,true],"1536x1536":["https:\/\/www.visualfy.com\/wp-content\/uploads\/2025\/02\/chuck-baird-2.jpg",1200,921,false],"2048x2048":["https:\/\/www.visualfy.com\/wp-content\/uploads\/2025\/02\/chuck-baird-2.jpg",1200,921,false]},"uagb_author_info":{"display_name":"visualfy","author_link":"https:\/\/www.visualfy.com\/es\/author\/visualfy\/"},"uagb_comment_info":0,"uagb_excerpt":"Vicente Marzal, Nancy Rourke o Isabel de las Heras son algunos de los artistas sordos que han encontrado en el arte un medio en el que expresar sus vivencias y reivindicar el papel de las personas sordas en la sociedad. En este post veremos c\u00f3mo ellos y otros artistas cuentan sus experiencias como personas sordas&hellip;","_links":{"self":[{"href":"https:\/\/www.visualfy.com\/es\/wp-json\/wp\/v2\/posts\/6843","targetHints":{"allow":["GET"]}}],"collection":[{"href":"https:\/\/www.visualfy.com\/es\/wp-json\/wp\/v2\/posts"}],"about":[{"href":"https:\/\/www.visualfy.com\/es\/wp-json\/wp\/v2\/types\/post"}],"author":[{"embeddable":true,"href":"https:\/\/www.visualfy.com\/es\/wp-json\/wp\/v2\/users\/2"}],"replies":[{"embeddable":true,"href":"https:\/\/www.visualfy.com\/es\/wp-json\/wp\/v2\/comments?post=6843"}],"version-history":[{"count":0,"href":"https:\/\/www.visualfy.com\/es\/wp-json\/wp\/v2\/posts\/6843\/revisions"}],"wp:featuredmedia":[{"embeddable":true,"href":"https:\/\/www.visualfy.com\/es\/wp-json\/wp\/v2\/media\/5813"}],"wp:attachment":[{"href":"https:\/\/www.visualfy.com\/es\/wp-json\/wp\/v2\/media?parent=6843"}],"wp:term":[{"taxonomy":"category","embeddable":true,"href":"https:\/\/www.visualfy.com\/es\/wp-json\/wp\/v2\/categories?post=6843"},{"taxonomy":"post_tag","embeddable":true,"href":"https:\/\/www.visualfy.com\/es\/wp-json\/wp\/v2\/tags?post=6843"}],"curies":[{"name":"wp","href":"https:\/\/api.w.org\/{rel}","templated":true}]}}