{"id":6824,"date":"2020-07-09T15:44:55","date_gmt":"2020-07-09T15:44:55","guid":{"rendered":"https:\/\/www.visualfy.com\/sellos-accesibilidad\/"},"modified":"2025-02-26T11:20:34","modified_gmt":"2025-02-26T11:20:34","slug":"sellos-accesibilidad","status":"publish","type":"post","link":"https:\/\/www.visualfy.com\/es\/sellos-accesibilidad\/","title":{"rendered":"Qu\u00e9 son los sellos de accesibilidad universal y por qu\u00e9 ayudan a las organizaciones a ser inclusivas"},"content":{"rendered":"\n<p><strong>Garantizar la accesibilidad de espacios, servicios y productos es un requerimiento legal para empresas e instituciones, y cada vez m\u00e1s parte de sus valores corporativos. Pero la ley es imprecisa y, sin ayuda, resulta dif\u00edcil elegir las medidas y tecnolog\u00edas m\u00e1s adecuadas para adaptarse a las necesidades de las personas con discapacidad, un colectivo diverso, y hacerlo en un marco organizado y auditable. Diferentes empresas en Espa\u00f1a como CERMI, Predif o Ilunion asesoran a otras organizaciones para crear e implementar planes de accesibilidad incluyendo, entre otras, tecnolog\u00edas innovadoras como el reconocimiento de sonidos mediante inteligencia artificial de Visualfy.&nbsp;<\/strong><\/p>\n\n\n\n<p>Los sellos de accesibilidad certifican en qu\u00e9 medida un espacio, un servicio o un producto puede ser usado con mayor o menor facilidad. Para alcanzar los est\u00e1ndares exigidos las entidades certificadoras ofrecen a las organizaciones servicios de auditor\u00eda y asesoramiento de expertos en materia de accesibilidad e incluso cuentan con un seguimiento personalizado una vez finalizado el proceso.&nbsp;&nbsp;<\/p>\n\n\n\n<h2 class=\"wp-block-heading\"><strong>Usabilidad y accesibilidad: Espacios c\u00f3modos y seguros para todos<\/strong><\/h2>\n\n\n\n<p>M\u00e1s de 3 millones de personas con discapacidad en Espa\u00f1a se encuentran barreras en su d\u00eda a d\u00eda a la hora de usar servicios, productos o espacios. Facilitar su accesibilidad <a href=\"https:\/\/www.boe.es\/buscar\/pdf\/2015\/BOE-A-2015-2604-consolidado.pdf\" target=\"_blank\" rel=\"noreferrer noopener\">es obligado por ley<\/a>, pero no todas las empresas e instituciones la cumplen, impidiendo que una parte importante de la sociedad pueda participar con autonom\u00eda en actividades cotidianas. Para conseguir una sociedad inclusiva es necesario apostar al 100% por la accesibilidad e implementar todas aquellas medidas necesarias para garantizar la igualdad de oportunidades.&nbsp;<\/p>\n\n\n\n<figure class=\"wp-block-image size-full\"><img decoding=\"async\" width=\"1000\" height=\"562\" src=\"https:\/\/www.visualfy.com\/wp-content\/uploads\/2025\/02\/sellos-accesibilidad.jpg\" alt=\"Sellos accesibilidad\" class=\"wp-image-5715\" srcset=\"https:\/\/www.visualfy.com\/wp-content\/uploads\/2025\/02\/sellos-accesibilidad.jpg 1000w, https:\/\/www.visualfy.com\/wp-content\/uploads\/2025\/02\/sellos-accesibilidad-300x169.jpg 300w, https:\/\/www.visualfy.com\/wp-content\/uploads\/2025\/02\/sellos-accesibilidad-768x432.jpg 768w\" sizes=\"(max-width: 1000px) 100vw, 1000px\" \/><\/figure>\n\n\n\n<p>En <a href=\"https:\/\/www.visualfy.com\/es\/para-entidades\/\" target=\"_blank\" rel=\"noreferrer noopener\">Visualfy<\/a> somos conscientes de que comenzar no es f\u00e1cil y, adem\u00e1s de poner a tu disposici\u00f3n tecnolog\u00eda para mejorar la accesibilidad de las personas sordas, uno de los colectivos que con m\u00e1s frecuencia se olvida en los planes de accesibilidad, te queremos ayudar a elegir el sello que mejor se adapta a tus necesidades.&nbsp;<\/p>\n\n\n\n<h2 class=\"wp-block-heading\">Auditor\u00eda, asesoramiento y seguimiento: el proceso de obtenci\u00f3n del sello de accesibilidad<\/h2>\n\n\n\n<p>Las entidades certificadoras ofrecen un marco para trabajar el plan de accesibilidad de las empresas. Aunque cada entidad tiene una metodolog\u00eda, el proceso comienza con una auditor\u00eda en la que se determina el grado de cumplimiento de los est\u00e1ndares de accesibilidad universal de la compa\u00f1\u00eda. Tras el an\u00e1lisis se elabora un informe con recomendaciones y pautas a seguir para mejorar. A continuaci\u00f3n se inicia un proceso de mejora bajo el asesoramiento de los t\u00e9cnicos especializados, acompa\u00f1ado de seguimiento para verificar que los est\u00e1ndares de accesibilidad, y por tanto el sello, se mantienen.&nbsp;&nbsp;<\/p>\n\n\n<span class='bctt-click-to-tweet'><span class='bctt-ctt-text'><a href=\"https:\/\/x.com\/intent\/tweet?url=https%3A%2F%2Fwww.visualfy.com%2Fes%2Fsellos-accesibilidad%2F&#038;text=Para%20conseguir%20una%20sociedad%20inclusiva%20es%20necesario%20apostar%20al%20100%25%20por%20la%20accesibilidad%20e%20implementar%20todas%20aquellas%20medidas%20necesarias%20para%20garantizar%20la%20igualdad%20de%20oportunidades.%C2%A0&#038;via=visualfy&#038;related=visualfy\" target=\"_blank\" rel=\"noopener noreferrer\">Para conseguir una sociedad inclusiva es necesario apostar al 100% por la accesibilidad e implementar todas aquellas medidas necesarias para garantizar la igualdad de oportunidades.\u00a0 <\/a><\/span><a href=\"https:\/\/x.com\/intent\/tweet?url=https%3A%2F%2Fwww.visualfy.com%2Fes%2Fsellos-accesibilidad%2F&#038;text=Para%20conseguir%20una%20sociedad%20inclusiva%20es%20necesario%20apostar%20al%20100%25%20por%20la%20accesibilidad%20e%20implementar%20todas%20aquellas%20medidas%20necesarias%20para%20garantizar%20la%20igualdad%20de%20oportunidades.%C2%A0&#038;via=visualfy&#038;related=visualfy\" target=\"_blank\" class=\"bctt-ctt-btn\" rel=\"noopener noreferrer\">Compartir en X<\/a><\/span>\n\n\n<h2 class=\"wp-block-heading\">\u00bfQu\u00e9 sello ser\u00eda el adecuado para mi organizaci\u00f3n? Sellos seg\u00fan el campo de actuaci\u00f3n en materia de accesibilidad<\/h2>\n\n\n\n<p>La accesibilidad debe cubrir todas las interacciones del usuario con la compa\u00f1\u00eda:&nbsp; espacios, productos y servicios, plataformas digitales\u2026etc, de ah\u00ed la variedad de sellos presentes en el mercado. En este apartado te ampliamos informaci\u00f3n sobre algunos de ellos:&nbsp;<\/p>\n\n\n\n<p><strong>Sello Bequal, para organizaciones y espacios. <\/strong>El sello Bequal fue fundado por instituciones clave en la lucha por los derechos de las personas con discapacidad como CERMI y la Fundaci\u00f3n ONCE. Este sello distingue a las organizaciones comprometidas con la discapacidad ofreci\u00e9ndoles herramientas para integrar pol\u00edticas inclusivas en las diferentes \u00e1reas de la empresa. Entre las empresas certificadas con este sello se encuentran PWC, Pelayo, Accenture o FREMAP, entre otras. <a href=\"http:\/\/www.bequal.es\/empezamos\" target=\"_blank\" rel=\"noreferrer noopener\">Aqu\u00ed te explican paso a paso el proceso para obtenerlo<\/a>.&nbsp;<\/p>\n\n\n\n<p><strong>Sello AENOR, para transportes, edificios, servicios digitales.<\/strong> Por otro lado, tenemos el sello AENOR, una empresa que ofrece servicios orientados a ayudar a las organizaciones a ser m\u00e1s competitivas. AENOR ofrece diferentes sellos, entre ellos tres certificados de accesibilidad, dos de ellos orientados a la accesibilidad web y la Certificaci\u00f3n de Accesibilidad Universal UNE 170001, que garantiza a todas las personas, con independencia de su edad o discapacidad, las mismas posibilidades de acceso a cualquier parte del entorno construido, transporte o urbanismo y al uso y disfrute de los servicios en ellos prestados con la mayor autonom\u00eda posible en su utilizaci\u00f3n.&nbsp; <a href=\"https:\/\/www.aenor.com\/certificacion\/responsabilidad-social\/gestion-accesibilidad-universal\" target=\"_blank\" rel=\"noreferrer noopener\">Aqu\u00ed tienes m\u00e1s informaci\u00f3n<\/a>.&nbsp;<\/p>\n\n\n<span class='bctt-click-to-tweet'><span class='bctt-ctt-text'><a href=\"https:\/\/x.com\/intent\/tweet?url=https%3A%2F%2Fwww.visualfy.com%2Fes%2Fsellos-accesibilidad%2F&#038;text=Para%20alcanzar%20los%20est%C3%A1ndares%20exigidos%20las%20entidades%20certificadoras%20ofrecen%20a%20las%20organizaciones%20servicios%20de%20auditor%C3%ADa%20y%20asesoramiento%20de%20expertos%20en%20materia%20de%20accesibilidad.&#038;via=visualfy&#038;related=visualfy\" target=\"_blank\" rel=\"noopener noreferrer\">Para alcanzar los est\u00e1ndares exigidos las entidades certificadoras ofrecen a las organizaciones servicios de auditor\u00eda y asesoramiento de expertos en materia de accesibilidad. <\/a><\/span><a href=\"https:\/\/x.com\/intent\/tweet?url=https%3A%2F%2Fwww.visualfy.com%2Fes%2Fsellos-accesibilidad%2F&#038;text=Para%20alcanzar%20los%20est%C3%A1ndares%20exigidos%20las%20entidades%20certificadoras%20ofrecen%20a%20las%20organizaciones%20servicios%20de%20auditor%C3%ADa%20y%20asesoramiento%20de%20expertos%20en%20materia%20de%20accesibilidad.&#038;via=visualfy&#038;related=visualfy\" target=\"_blank\" class=\"bctt-ctt-btn\" rel=\"noopener noreferrer\">Compartir en X<\/a><\/span>\n\n\n<p><strong>Certificado Ilunion de Accesibilidad Web, para p\u00e1ginas web y servicios digitales.<\/strong> Desde Ilunion llevan a\u00f1os trabajando para ayudar a otras empresas a eliminar las barreras de accesibilidad de sus servicios digitales. Realizan diagn\u00f3sticos de accesibilidad y apoyan a los equipos t\u00e9cnicos en la implementaci\u00f3n de mejoras a trav\u00e9s de consultor\u00eda y formaci\u00f3n. Para asegurar que una web es 100% accesible siguen las Pautas de Accesibilidad al Contenido en la Web 2.0 (WCAG 2.0), que es la referencia t\u00e9cnica a tener en cuenta para asegurar que una web sea accesible. <a href=\"https:\/\/ilunionaccesibilidad.com\/certificaciones\" target=\"_blank\" rel=\"noreferrer noopener\">Aqu\u00ed tienes m\u00e1s informaci\u00f3n sobre todos los servicios que ofrecen<\/a>.&nbsp;<\/p>\n\n\n\n<div class=\"wp-block-columns is-layout-flex wp-container-core-columns-is-layout-28f84493 wp-block-columns-is-layout-flex\">\n<div class=\"wp-block-column is-layout-flow wp-block-column-is-layout-flow\" style=\"flex-basis:75%\">\n<p><strong>Sello Turismo Accesible de Predif. <\/strong>M\u00e1s de 4.000 establecimientos tur\u00edsticos de todas Espa\u00f1a ya han trabajado junto a Predif para mejorar su accesibilidad. Ofrecen asesor\u00eda, consultor\u00eda y la elaboraci\u00f3n de planes estrat\u00e9gicos a empresas p\u00fablicas y privadas. La entidad cuenta con un protocolo de accesibilidad elaborado a partir de la normativa existente y la colaboraci\u00f3n de las instituciones m\u00e1s representativas de la discapacidad en Espa\u00f1a como FIAPAS, CNSE, CEAPAT, Plena Inclusi\u00f3n y la ONCE. Todas las empresas certificadas como accesibles reciben el distintivo de Turismo Accesible y aparecen en diferentes gu\u00edas y publicaciones sobre turismo inclusivo. Tambi\u00e9n se incluyen en la app TUR4ALL que cuenta con recomendaciones de establecimientos accesibles. <a href=\"https:\/\/www.tur4all.com\/es\/que-hacemos\/programa-de-turismo-inclusivo\" target=\"_blank\" rel=\"noreferrer noopener\">Encuentra m\u00e1s informaci\u00f3n aqu\u00ed<\/a>.&nbsp;<\/p>\n<\/div>\n\n\n\n<div class=\"wp-block-column is-layout-flow wp-block-column-is-layout-flow\" style=\"flex-basis:25%\">\n<figure class=\"wp-block-image alignright size-full is-resized\"><img decoding=\"async\" width=\"684\" height=\"684\" src=\"https:\/\/www.visualfy.com\/wp-content\/uploads\/2025\/02\/sello-turismo-accesible.jpg\" alt=\"Sello turismo\" class=\"wp-image-3020\" style=\"width:226px;height:226px\" srcset=\"https:\/\/www.visualfy.com\/wp-content\/uploads\/2025\/02\/sello-turismo-accesible.jpg 684w, https:\/\/www.visualfy.com\/wp-content\/uploads\/2025\/02\/sello-turismo-accesible-300x300.jpg 300w, https:\/\/www.visualfy.com\/wp-content\/uploads\/2025\/02\/sello-turismo-accesible-150x150.jpg 150w\" sizes=\"(max-width: 684px) 100vw, 684px\" \/><\/figure>\n<\/div>\n<\/div>\n\n\n\n<p><strong>Sello Am\u00f3vil de Fundaci\u00f3n Once.<\/strong> Recientemente Fundaci\u00f3n Once ha presentado el sello \u00c1movil para certificar aquellos dispositivos m\u00f3viles accesibles tambi\u00e9n para las personas con discapacidad. Est\u00e1 basado en la norma europea EN 301 549 que certifica que un dispositivo m\u00f3vil es accesible para uno o m\u00e1s de los siguientes perfiles de usuario: personas con visi\u00f3n nula o parcial; audici\u00f3n nula o parcial; dificultad severa o moderada para la manipulaci\u00f3n; dificultad para la comprensi\u00f3n; dificultad para ver colores, y dificultad de habla. <a href=\"http:\/\/www.amovil.es\/es\" target=\"_blank\" rel=\"noreferrer noopener\">Encuentra aqu\u00ed m\u00e1s informaci\u00f3n<\/a>. <\/p>\n\n\n\n<p><strong>Sistema Indicador de Accesibilidad (AIS), para productos (desarrollados y que est\u00e1n en proceso de creaci\u00f3n), instalaciones y servicios. <\/strong>Siguiendo criterios de usabilidad, confort y seguridad el sistema AIS certifica el grado de accesibilidad de servicios, instalaciones y productos.&nbsp; La metodolog\u00eda de certificaci\u00f3n AIS es totalmente transparente y pone al alcance de la organizaci\u00f3n un listado de T\u00e9cnicos Homologados p\u00fablico para que elija libremente. <a href=\"https:\/\/www.aiscertificacion.com\/ais\/\" target=\"_blank\" rel=\"noopener\">Consulta aqu\u00ed para m\u00e1s informaci\u00f3n.<\/a>&nbsp;<\/p>\n\n\n\n<p>Estos son solo algunos de los sellos y certificaciones a tu disposici\u00f3n si has decidido ser un referente en inclusi\u00f3n y accesibilidad. Si necesitas m\u00e1s informaci\u00f3n o deseas recibir asesoramiento no dudes en <a href=\"https:\/\/www.visualfy.com\/es\/soporte\/\">ponerte en contacto con nosotros<\/a>. Te atenderemos encantados y sin compromiso.&nbsp;<\/p>\n\n\n\n<figure class=\"wp-block-image size-full\"><a href=\"https:\/\/www.visualfy.com\/es\/visualfy-places\/\" target=\"_blank\" rel=\" noreferrer noopener\"><img decoding=\"async\" width=\"960\" height=\"240\" src=\"https:\/\/www.visualfy.com\/wp-content\/uploads\/2020\/10\/banner-asesor-accesibilidad.jpg\" alt=\"Banner asesor accesibilidad\" class=\"wp-image-8650\" srcset=\"https:\/\/www.visualfy.com\/wp-content\/uploads\/2020\/10\/banner-asesor-accesibilidad.jpg 960w, https:\/\/www.visualfy.com\/wp-content\/uploads\/2020\/10\/banner-asesor-accesibilidad-300x75.jpg 300w, https:\/\/www.visualfy.com\/wp-content\/uploads\/2020\/10\/banner-asesor-accesibilidad-768x192.jpg 768w\" sizes=\"(max-width: 960px) 100vw, 960px\" \/><\/a><\/figure>\n","protected":false},"excerpt":{"rendered":"<p>Garantizar la accesibilidad de espacios, servicios y productos es un requerimiento legal para empresas e instituciones, y cada vez m\u00e1s parte de sus valores corporativos. Pero la ley es imprecisa y, sin ayuda, resulta dif\u00edcil elegir las medidas y tecnolog\u00edas m\u00e1s adecuadas para adaptarse a las necesidades de las personas con discapacidad, un colectivo diverso, [&hellip;]<\/p>\n","protected":false},"author":2,"featured_media":5715,"comment_status":"open","ping_status":"open","sticky":false,"template":"","format":"standard","meta":{"_acf_changed":false,"content-type":"","_uag_custom_page_level_css":"","footnotes":""},"categories":[29],"tags":[],"class_list":["post-6824","post","type-post","status-publish","format-standard","has-post-thumbnail","hentry","category-accesibilidad-espacios-publicos"],"acf":[],"spectra_custom_meta":{"_wp_page_template":["default"],"rank_math_internal_links_processed":["1"],"_wpml_word_count":["1255"],"_yoast_wpseo_primary_category":["5348"],"_yoast_wpseo_keywordsynonyms":["[\"\"]"],"_wpml_media_duplicate":["1"],"_wpml_media_featured":["1"],"_yoast_wpseo_focuskeywords":["[]"],"_et_monarch_override":[""],"amazonS3_cache":["a:61:{s:72:\"\/\/www.visualfy.com\/wp-content\/uploads\/2020\/07\/sellos-accesibilidad-1.jpg\";i:34054;s:49:\"\/\/cdn.visualfy.com\/img\/sellos-accesibilidad-1.jpg\";i:34054;s:73:\"\/\/www.visualfy.com\/wp-content\/uploads\/2020\/07\/sello-turismo-accesible.jpg\";i:34050;s:50:\"\/\/cdn.visualfy.com\/img\/sello-turismo-accesible.jpg\";i:34050;s:74:\"\/\/visualfy.acceseo.dev\/wp-content\/uploads\/2025\/02\/sellos-accesibilidad.jpg\";a:1:{s:9:\"timestamp\";i:1744268145;}s:77:\"\/\/visualfy.acceseo.dev\/wp-content\/uploads\/2025\/02\/sello-turismo-accesible.jpg\";a:1:{s:9:\"timestamp\";i:1744268145;}s:81:\"\/\/visualfy.acceseo.dev\/wp-content\/uploads\/2020\/10\/banner-asesor-accesibilidad.jpg\";a:1:{s:9:\"timestamp\";i:1744268145;}s:69:\"\/\/visualfy.acceseo.dev\/wp-content\/uploads\/2025\/02\/lse-icon-button.svg\";a:1:{s:9:\"timestamp\";i:1744268145;}s:81:\"\/\/visualfy.acceseo.dev\/wp-content\/uploads\/2025\/02\/visualfy-places-placeholder.jpg\";a:1:{s:9:\"timestamp\";i:1744268145;}s:66:\"\/\/visualfy.acceseo.dev\/wp-content\/uploads\/2025\/01\/computer_404.svg\";a:1:{s:9:\"timestamp\";i:1744268145;}s:63:\"\/\/visualfy.acceseo.dev\/wp-content\/uploads\/2025\/01\/user-icon.svg\";a:1:{s:9:\"timestamp\";i:1744268145;}s:58:\"\/\/visualfy.acceseo.dev\/wp-content\/uploads\/2025\/01\/menu.svg\";a:1:{s:9:\"timestamp\";i:1744268145;}s:67:\"\/\/visualfy.acceseo.dev\/wp-content\/uploads\/2025\/01\/logo-visualfy.svg\";a:1:{s:9:\"timestamp\";i:1744268145;}s:65:\"\/\/visualfy.acceseo.dev\/wp-content\/uploads\/2025\/01\/logo-footer.svg\";a:1:{s:9:\"timestamp\";i:1744268145;}s:88:\"\/\/visualfy.acceseo.dev\/wp-content\/uploads\/2025\/01\/union-europea-ministerio-industria.png\";a:1:{s:9:\"timestamp\";i:1744268145;}s:78:\"\/\/visualfy.acceseo.dev\/wp-content\/uploads\/2025\/01\/fondo-europeo-innovacion.png\";a:1:{s:9:\"timestamp\";i:1744268145;}s:77:\"\/\/visualfy.acceseo.dev\/wp-content\/uploads\/2025\/01\/generalitat-ivace-feder.png\";a:1:{s:9:\"timestamp\";i:1744268145;}s:85:\"\/\/visualfy.acceseo.dev\/wp-content\/uploads\/2025\/01\/generalita-ivace-cofinanciacion.png\";a:1:{s:9:\"timestamp\";i:1744268145;}s:82:\"\/\/visualfy.acceseo.dev\/wp-content\/uploads\/2025\/02\/sellos-accesibilidad-300x169.jpg\";a:1:{s:9:\"timestamp\";i:1744268145;}s:82:\"\/\/visualfy.acceseo.dev\/wp-content\/uploads\/2025\/02\/sellos-accesibilidad-768x432.jpg\";a:1:{s:9:\"timestamp\";i:1744268145;}s:85:\"\/\/visualfy.acceseo.dev\/wp-content\/uploads\/2025\/02\/sello-turismo-accesible-300x300.jpg\";a:1:{s:9:\"timestamp\";i:1744268145;}s:85:\"\/\/visualfy.acceseo.dev\/wp-content\/uploads\/2025\/02\/sello-turismo-accesible-150x150.jpg\";a:1:{s:9:\"timestamp\";i:1744268145;}s:88:\"\/\/visualfy.acceseo.dev\/wp-content\/uploads\/2020\/10\/banner-asesor-accesibilidad-300x75.jpg\";a:1:{s:9:\"timestamp\";i:1744268145;}s:89:\"\/\/visualfy.acceseo.dev\/wp-content\/uploads\/2020\/10\/banner-asesor-accesibilidad-768x192.jpg\";a:1:{s:9:\"timestamp\";i:1744268145;}s:61:\"\/\/visualfy.acceseo.dev\/wp-content\/uploads\/2025\/02\/Sem-3-1.png\";a:1:{s:9:\"timestamp\";i:1744268145;}s:69:\"\/\/visualfy.acceseo.dev\/wp-content\/uploads\/2025\/02\/Sem-3-1-300x176.png\";a:1:{s:9:\"timestamp\";i:1744268145;}s:70:\"\/\/visualfy.acceseo.dev\/wp-content\/uploads\/2025\/02\/Sem-3-1-1024x600.png\";a:1:{s:9:\"timestamp\";i:1744268145;}s:69:\"\/\/visualfy.acceseo.dev\/wp-content\/uploads\/2025\/02\/Sem-3-1-768x450.png\";a:1:{s:9:\"timestamp\";i:1744268145;}s:70:\"\/\/visualfy.acceseo.dev\/wp-content\/uploads\/2025\/02\/Sem-3-1-1536x900.png\";a:1:{s:9:\"timestamp\";i:1744268145;}s:71:\"\/\/visualfy.acceseo.dev\/wp-content\/uploads\/2025\/02\/Sem-3-1-2048x1200.png\";a:1:{s:9:\"timestamp\";i:1744268145;}s:63:\"\/\/visualfy.acceseo.dev\/wp-content\/uploads\/2025\/02\/Sem-2-3-1.jpg\";a:1:{s:9:\"timestamp\";i:1744268145;}s:71:\"\/\/visualfy.acceseo.dev\/wp-content\/uploads\/2025\/02\/Sem-2-3-1-300x169.jpg\";a:1:{s:9:\"timestamp\";i:1744268145;}s:72:\"\/\/visualfy.acceseo.dev\/wp-content\/uploads\/2025\/02\/Sem-2-3-1-1024x576.jpg\";a:1:{s:9:\"timestamp\";i:1744268145;}s:71:\"\/\/visualfy.acceseo.dev\/wp-content\/uploads\/2025\/02\/Sem-2-3-1-768x432.jpg\";a:1:{s:9:\"timestamp\";i:1744268145;}s:72:\"\/\/visualfy.acceseo.dev\/wp-content\/uploads\/2025\/02\/Sem-2-3-1-1536x864.jpg\";a:1:{s:9:\"timestamp\";i:1744268145;}s:63:\"\/\/visualfy.acceseo.dev\/wp-content\/uploads\/2025\/02\/Sem-1-2-1.png\";a:1:{s:9:\"timestamp\";i:1744268145;}s:71:\"\/\/visualfy.acceseo.dev\/wp-content\/uploads\/2025\/02\/Sem-1-2-1-300x157.png\";a:1:{s:9:\"timestamp\";i:1744268145;}s:72:\"\/\/visualfy.acceseo.dev\/wp-content\/uploads\/2025\/02\/Sem-1-2-1-1024x535.png\";a:1:{s:9:\"timestamp\";i:1744268145;}s:71:\"\/\/visualfy.acceseo.dev\/wp-content\/uploads\/2025\/02\/Sem-1-2-1-768x401.png\";a:1:{s:9:\"timestamp\";i:1744268145;}s:67:\"\/\/visualfy.acceseo.dev\/wp-content\/uploads\/2025\/02\/caixa-popular.svg\";a:1:{s:9:\"timestamp\";i:1744268145;}s:58:\"\/\/visualfy.acceseo.dev\/wp-content\/uploads\/2025\/02\/cdti.svg\";a:1:{s:9:\"timestamp\";i:1744268145;}s:58:\"\/\/visualfy.acceseo.dev\/wp-content\/uploads\/2025\/02\/cnse.svg\";a:1:{s:9:\"timestamp\";i:1744268145;}s:60:\"\/\/visualfy.acceseo.dev\/wp-content\/uploads\/2025\/02\/esteve.svg\";a:1:{s:9:\"timestamp\";i:1744268145;}s:60:\"\/\/visualfy.acceseo.dev\/wp-content\/uploads\/2025\/02\/fesord.svg\";a:1:{s:9:\"timestamp\";i:1744268145;}s:76:\"\/\/visualfy.acceseo.dev\/wp-content\/uploads\/2025\/02\/generalitat-valenciana.svg\";a:1:{s:9:\"timestamp\";i:1744268145;}s:66:\"\/\/visualfy.acceseo.dev\/wp-content\/uploads\/2025\/02\/horizon-2020.svg\";a:1:{s:9:\"timestamp\";i:1744268145;}s:59:\"\/\/visualfy.acceseo.dev\/wp-content\/uploads\/2025\/02\/ivace.svg\";a:1:{s:9:\"timestamp\";i:1744268145;}s:62:\"\/\/visualfy.acceseo.dev\/wp-content\/uploads\/2025\/02\/montsant.svg\";a:1:{s:9:\"timestamp\";i:1744268145;}s:69:\"\/\/visualfy.acceseo.dev\/wp-content\/uploads\/2025\/02\/naciones-unidas.svg\";a:1:{s:9:\"timestamp\";i:1744268145;}s:62:\"\/\/visualfy.acceseo.dev\/wp-content\/uploads\/2025\/02\/randstad.svg\";a:1:{s:9:\"timestamp\";i:1744268145;}s:64:\"\/\/visualfy.acceseo.dev\/wp-content\/uploads\/2025\/02\/telefonica.svg\";a:1:{s:9:\"timestamp\";i:1744268145;}s:66:\"\/\/visualfy.acceseo.dev\/wp-content\/uploads\/2025\/02\/wingstoclaim.svg\";a:1:{s:9:\"timestamp\";i:1744268145;}s:107:\"\/\/visualfy.acceseo.dev\/wp-content\/uploads\/2025\/02\/cropped-herramientas-accesibilidad-universal-espacios.jpg\";a:1:{s:9:\"timestamp\";i:1742976659;}s:88:\"\/\/visualfy.acceseo.dev\/wp-content\/uploads\/2025\/02\/cropped-cte-accesibilidad-auditiva.jpg\";a:1:{s:9:\"timestamp\";i:1742976659;}s:77:\"\/\/visualfy.acceseo.dev\/wp-content\/uploads\/2025\/02\/accesibilidad-universal.jpg\";a:1:{s:9:\"timestamp\";i:1742976659;}s:89:\"\/\/visualfy.acceseo.dev\/wp-content\/uploads\/2025\/02\/visualfy-rivera-salud-accesibilidad.png\";a:1:{s:9:\"timestamp\";i:1742976659;}s:76:\"\/\/visualfy.acceseo.dev\/wp-content\/uploads\/2025\/02\/visualfy-jornada-ceddd.png\";a:1:{s:9:\"timestamp\";i:1742976659;}s:79:\"\/\/visualfy.acceseo.dev\/wp-content\/uploads\/2025\/02\/cropped-visualfy-places-1.jpg\";a:1:{s:9:\"timestamp\";i:1742976659;}s:76:\"\/\/visualfy.acceseo.dev\/wp-content\/uploads\/2025\/02\/bibliotecas-visualfy-2.jpg\";a:1:{s:9:\"timestamp\";i:1742976659;}s:98:\"\/\/visualfy.acceseo.dev\/wp-content\/uploads\/2025\/02\/espacios-espanoles-seguros-personas-sordas-1.jpg\";a:1:{s:9:\"timestamp\";i:1742976659;}s:80:\"\/\/visualfy.acceseo.dev\/wp-content\/uploads\/2025\/02\/accesibilidad-tecnologia-2.jpg\";a:1:{s:9:\"timestamp\";i:1742976659;}}"],"_yoast_wpseo_opengraph-title":[""],"_yoast_wpseo_opengraph-description":["En este post te contamos qu\u00e9 son los sellos de accesibilidad, en qu\u00e9 consiste el proceso para obtenerlos y resumimos los m\u00e1s destacados en Espa\u00f1a."],"_yst_prominent_words_version":["1"],"_yoast_wpseo_video_meta":[""],"_yoast_wpseo_videositemap-duration":[""],"_yoast_wpseo_videositemap-rating":[""],"_yoast_wpseo_metadesc":["En este post te contamos qu\u00e9 son los sellos de accesibilidad, en qu\u00e9 consiste el proceso para obtenerlos y resumimos los m\u00e1s destacados en Espa\u00f1a."],"_yoast_wpseo_focuskw":[""],"_yoast_wpseo_content_score":["30"],"cmplz_hide_cookiebanner":[""],"_wpml_location_migration_done":["1"],"_fgj2wp_old_id":[""],"_yoast_wpseo_metakeywords":[""],"_bsf_post_type":[""],"_yoast_wpseo_meta-robots-noindex":[""],"_fgj2wp_translation_association_key":[""],"_product_image_gallery":[""],"_wp_old_slug":[""],"_yoast_wpseo_title":["Qu\u00e9 son los sellos de accesibilidad y por qu\u00e9 favorecen la inclusi\u00f3n"],"slide_template":[""],"_yoast_wpseo_opengraph-image":["https:\/\/cdn.visualfy.com\/img\/sellos-accesibilidad.jpg"],"_yoast_wpseo_opengraph-image-id":["34046"],"_wp_old_date":[""],"_bsf_article_image":[""],"_bsf_article_name":[""],"_bsf_article_desc":[""],"_bsf_article_author":[""],"_bsf_article_publisher":[""],"_bsf_article_publisher_logo":[""],"_yoast_wpseo_meta-robots-nofollow":[""],"amp_status":[""],"_cmplz_scanned_post":["1"],"_encloseme":["1"],"_last_translation_edit_mode":[""],"_yoast_wpseo_twitter-title":[""],"_yoast_wpseo_twitter-description":["En este post te contamos qu\u00e9 son los sellos de accesibilidad, en qu\u00e9 consiste el proceso para obtenerlos y resumimos los m\u00e1s destacados en Espa\u00f1a."],"_yoast_wpseo_twitter-image":[""],"_yoast_wpseo_twitter-image-id":[""],"_yoast_wpseo_linkdex":[""],"_thumbnail_id":["5715"],"_pingme":["1"],"_edit_last":["1"],"_oembed_c9335b29c42e3d7d69d8d275870d83de":["<iframe title=\"Qu\u00e9 son los sellos de accesibilidad universal - Visualfy\" width=\"500\" height=\"281\" src=\"https:\/\/www.youtube.com\/embed\/JwiQVOlfTTE?feature=oembed\" frameborder=\"0\" allow=\"accelerometer; autoplay; clipboard-write; encrypted-media; gyroscope; picture-in-picture; web-share\" referrerpolicy=\"strict-origin-when-cross-origin\" allowfullscreen><\/iframe>"],"_oembed_time_c9335b29c42e3d7d69d8d275870d83de":["1740568706"],"_edit_lock":["1740568834:1"],"rank_math_primary_category":["29"],"rank_math_seo_score":["23"],"_uag_custom_page_level_css":[""],"footnotes":[""],"lse_enlace":["https:\/\/youtu.be\/JwiQVOlfTTE"],"_lse_enlace":["field_67b5db1d9d4ca"],"_betterdocs_reusable_block_ids":["a:0:{}"],"copied_media_ids":["a:3:{i:0;i:5715;i:1;i:3020;i:2;i:8650;}"],"referenced_media_ids":["a:1:{i:0;i:5715;}"]},"uagb_featured_image_src":{"full":["https:\/\/www.visualfy.com\/wp-content\/uploads\/2025\/02\/sellos-accesibilidad.jpg",1000,562,false],"thumbnail":["https:\/\/www.visualfy.com\/wp-content\/uploads\/2025\/02\/sellos-accesibilidad-150x150.jpg",150,150,true],"medium":["https:\/\/www.visualfy.com\/wp-content\/uploads\/2025\/02\/sellos-accesibilidad-300x169.jpg",300,169,true],"medium_large":["https:\/\/www.visualfy.com\/wp-content\/uploads\/2025\/02\/sellos-accesibilidad-768x432.jpg",768,432,true],"large":["https:\/\/www.visualfy.com\/wp-content\/uploads\/2025\/02\/sellos-accesibilidad.jpg",1000,562,false],"1536x1536":["https:\/\/www.visualfy.com\/wp-content\/uploads\/2025\/02\/sellos-accesibilidad.jpg",1000,562,false],"2048x2048":["https:\/\/www.visualfy.com\/wp-content\/uploads\/2025\/02\/sellos-accesibilidad.jpg",1000,562,false]},"uagb_author_info":{"display_name":"visualfy","author_link":"https:\/\/www.visualfy.com\/es\/author\/visualfy\/"},"uagb_comment_info":0,"uagb_excerpt":"Garantizar la accesibilidad de espacios, servicios y productos es un requerimiento legal para empresas e instituciones, y cada vez m\u00e1s parte de sus valores corporativos. Pero la ley es imprecisa y, sin ayuda, resulta dif\u00edcil elegir las medidas y tecnolog\u00edas m\u00e1s adecuadas para adaptarse a las necesidades de las personas con discapacidad, un colectivo diverso,&hellip;","_links":{"self":[{"href":"https:\/\/www.visualfy.com\/es\/wp-json\/wp\/v2\/posts\/6824","targetHints":{"allow":["GET"]}}],"collection":[{"href":"https:\/\/www.visualfy.com\/es\/wp-json\/wp\/v2\/posts"}],"about":[{"href":"https:\/\/www.visualfy.com\/es\/wp-json\/wp\/v2\/types\/post"}],"author":[{"embeddable":true,"href":"https:\/\/www.visualfy.com\/es\/wp-json\/wp\/v2\/users\/2"}],"replies":[{"embeddable":true,"href":"https:\/\/www.visualfy.com\/es\/wp-json\/wp\/v2\/comments?post=6824"}],"version-history":[{"count":0,"href":"https:\/\/www.visualfy.com\/es\/wp-json\/wp\/v2\/posts\/6824\/revisions"}],"wp:featuredmedia":[{"embeddable":true,"href":"https:\/\/www.visualfy.com\/es\/wp-json\/wp\/v2\/media\/5715"}],"wp:attachment":[{"href":"https:\/\/www.visualfy.com\/es\/wp-json\/wp\/v2\/media?parent=6824"}],"wp:term":[{"taxonomy":"category","embeddable":true,"href":"https:\/\/www.visualfy.com\/es\/wp-json\/wp\/v2\/categories?post=6824"},{"taxonomy":"post_tag","embeddable":true,"href":"https:\/\/www.visualfy.com\/es\/wp-json\/wp\/v2\/tags?post=6824"}],"curies":[{"name":"wp","href":"https:\/\/api.w.org\/{rel}","templated":true}]}}