{"id":6792,"date":"2020-01-30T14:13:38","date_gmt":"2020-01-30T14:13:38","guid":{"rendered":"https:\/\/www.visualfy.com\/entrevista-olga-babarro\/"},"modified":"2025-02-27T07:46:33","modified_gmt":"2025-02-27T07:46:33","slug":"entrevista-olga-babarro","status":"publish","type":"post","link":"https:\/\/www.visualfy.com\/es\/entrevista-olga-babarro\/","title":{"rendered":"\u201cLa accesibilidad es tarea de todos\u201d, Olga Babarro primera Gu\u00eda de Turismo Oficial en Espa\u00f1a con la Lengua de Signos."},"content":{"rendered":"\n<p><strong>Olga Babarro acababa de finalizar sus estudios en Turismo cuando apareci\u00f3 su vocaci\u00f3n: ser gu\u00eda. Para ella no fue f\u00e1cil. De nuevo, la falta de accesibilidad trat\u00f3 de ponerle trabas en su camino hasta conseguirlo. A\u00f1os despu\u00e9s, tras mucho esfuerzo y dedicaci\u00f3n hoy dice con orgullo que es la primera Gu\u00eda de Turismo Oficial en Espa\u00f1a con la Lengua de Signos. Pese a ello, el acceso a la cultura apenas ha cambiado. Sigue habiendo barreras que impiden el acceso a la cultura de las personas sordas y con p\u00e9rdida auditiva. Lee la entrevista que le hemos hecho a Olga Babarro y descubre qu\u00e9 opina como profesional del turismo y la cultura.   <\/strong><\/p>\n\n\n\n<figure class=\"wp-block-image size-full\"><img decoding=\"async\" width=\"1024\" height=\"808\" src=\"https:\/\/www.visualfy.com\/wp-content\/uploads\/2025\/02\/olga-babarro-1-1.jpg\" alt=\"Olga Babarro\" class=\"wp-image-5550\" srcset=\"https:\/\/www.visualfy.com\/wp-content\/uploads\/2025\/02\/olga-babarro-1-1.jpg 1024w, https:\/\/www.visualfy.com\/wp-content\/uploads\/2025\/02\/olga-babarro-1-1-300x237.jpg 300w, https:\/\/www.visualfy.com\/wp-content\/uploads\/2025\/02\/olga-babarro-1-1-768x606.jpg 768w\" sizes=\"(max-width: 1024px) 100vw, 1024px\" \/><\/figure>\n\n\n\n<p><strong>Hola Olga, cu\u00e9ntanos un poco de ti, \u00bfpor qu\u00e9 decidiste convertirte en gu\u00eda?<\/strong><\/p>\n\n\n\n<p>Decid\u00ed convertirme en gu\u00eda porque era la profesi\u00f3n que m\u00e1s se adaptaba a mi forma de ser y a mis aspiraciones y proyectos a realizar.  <\/p>\n\n\n\n<p>Fue mucho despu\u00e9s de acabar la carrera de Turismo, cuando mi sue\u00f1o era trabajar en una agencia de viajes, pero tras ver las dificultades de trabajar en una de ellas por la hipoacusia que padezco y tras ver el c\u00f3mo realmente es trabajar en una agencia despu\u00e9s de 6 meses, mi opini\u00f3n cambi\u00f3.  <\/p>\n\n\n\n<p>\nA\u00f1os despu\u00e9s consider\u00e9 que el trabajo de\ngu\u00eda era el adecuado a mi perfil, experiencia e inquietudes. Se\nconvirti\u00f3 en todo un reto para m\u00ed.<\/p>\n\n\n\n<p>\n<strong>Trabajas en la Comunidad de Madrid, \u00bfqu\u00e9\nlugares es posible visitar contigo?<\/strong><\/p>\n\n\n\n<p>\nS\u00ed, trabajo en todo el territorio de la\nComunidad de Madrid y alrededores de la provincia de la Comunidad de\nMadrid, como, por ejemplo, Toledo. \n<\/p>\n\n\n\n<p>\nTodos los museos, palacios, monumentos, rutas\nguiadas a pie y monasterios se pueden visitar conmigo. Por eso soy\nuna gu\u00eda completamente accesible para las personas sordas.<\/p>\n\n\n\n<p>\nEn cualquier parte de Espa\u00f1a tambi\u00e9n se\npodr\u00eda visitar conmigo, con tiempo de antelaci\u00f3n para organizarme.<\/p>\n\n\n\n<p>\n<strong>\u00bfQu\u00e9 destacar\u00edas de tu trabajo como gu\u00eda?<\/strong><\/p>\n\n\n\n<p>\nDestacar\u00eda la libertad de elegir qu\u00e9 trabajos\nde gu\u00eda podr\u00eda elegir seg\u00fan el momento, la libertad de\norganizarlo, estudiarlo a mi ritmo y ver la satisfacci\u00f3n que esto\ngenera tras el resultado final despu\u00e9s de la visita en los grupos.<\/p>\n\n\n\n<p>\n<strong>A la hora de visitar un museo o un\nmonumento, \u00bfen qu\u00e9 se diferencia la experiencia de una persona\nsorda de la de una oyente?<\/strong><\/p>\n\n\n\n<p>\nEs totalmente diferente la experiencia de una\npersona sorda de la de una oyente. \n<\/p>\n\n\n\n<p>La experiencia de una persona sorda es plenamente visual, necesita asimilar la informaci\u00f3n de forma visual, a trav\u00e9s de la lengua de signos, o a trav\u00e9s de la lectura labial, y adaptar a otro ritmo y mayor margen de tiempo para asimilar con la percepci\u00f3n visual, lo que una persona oyente lo hace de forma sonora.<\/p>\n\n\n\n<p>\n<strong>\u00bfC\u00f3mo es la accesibilidad de los museos\nque visitas? \u00bfLa facilitan tambi\u00e9n para las personas sordas?<\/strong><\/p>\n\n\n\n<p> Todav\u00eda queda mucho por hacer con la accesibilidad en los museos en general. No s\u00f3lo con la accesibilidad en el arte y la cultura, sino tambi\u00e9n con la arquitectura en los museos, como, por ejemplo, algo tan vital como es colocar avisadores lum\u00ednicos de emergencias para personas sordas o sordociegas, tanto en las salas principales como en los ba\u00f1os. Nunca se puede saber en qu\u00e9 momento puede surgir una emergencia y no o\u00edrlo la persona sorda, ya estando dentro de un ba\u00f1o o en una sala ajena a todo esto. Son muchos detalles que no se perciben a simple vista, pero son totalmente necesarios e imprescindibles. Y, adem\u00e1s, es obligatorio aplicar estas medidas.<\/p>\n\n\n<span class='bctt-click-to-tweet'><span class='bctt-ctt-text'><a href='https:\/\/x.com\/intent\/tweet?url=https%3A%2F%2Fwww.visualfy.com%2Fes%2Fentrevista-olga-babarro%2F&#038;text=No%20s%C3%B3lo%20con%20la%20accesibilidad%20en%20el%20arte%20y%20la%20cultura%2C%20sino%20tambi%C3%A9n%20con%20la%20arquitectura%20en%20los%20museos%2C%20como%2C%20por%20ejemplo%2C%20algo%20tan%20vital%20como%20es%20colocar%20avisadores%20lum%C3%ADnicos%20de%20emergencias%20para%20personas%20sordas.%20%23OlgaBabarro&#038;via=visualfy&#038;related=visualfy' target='_blank'rel=\"noopener noreferrer\">No s\u00f3lo con la accesibilidad en el arte y la cultura, sino tambi\u00e9n con la arquitectura en los museos, como, por ejemplo, algo tan vital como es colocar avisadores lum\u00ednicos de emergencias para personas sordas. #OlgaBabarro <\/a><\/span><a href='https:\/\/x.com\/intent\/tweet?url=https%3A%2F%2Fwww.visualfy.com%2Fes%2Fentrevista-olga-babarro%2F&#038;text=No%20s%C3%B3lo%20con%20la%20accesibilidad%20en%20el%20arte%20y%20la%20cultura%2C%20sino%20tambi%C3%A9n%20con%20la%20arquitectura%20en%20los%20museos%2C%20como%2C%20por%20ejemplo%2C%20algo%20tan%20vital%20como%20es%20colocar%20avisadores%20lum%C3%ADnicos%20de%20emergencias%20para%20personas%20sordas.%20%23OlgaBabarro&#038;via=visualfy&#038;related=visualfy' target='_blank' class='bctt-ctt-btn'rel=\"noopener noreferrer\">Compartir en X<\/a><\/span>\n\n\n<p>\nLos principales museos estatales facilitan a\nlas personas sordas con signogu\u00edas, (son unos dispositivos similares\na los audiogu\u00edas que facilitan informaci\u00f3n en lengua de signos y\nsubtitulado, con s\u00f3lo algunas de las obras de todo un museo), con\nfolletos de lectura f\u00e1cil de algunas obras, con alg\u00fan int\u00e9rprete\ntraduciendo a un educador del museo, conferencias sobre exposiciones\ny arte, con int\u00e9rpretes en lengua de signos.<\/p>\n\n\n\n<p>\nEn caso de los museos municipales o en los\npueblos, no suelen contar con ning\u00fan tipo de accesibilidad para las\npersonas sordas.<\/p>\n\n\n\n<p>\n<strong>\u00bfPara ti qu\u00e9 tendr\u00eda que tener un museo\npara ser totalmente accesible e inclusivo para las personas sordas?<\/strong><\/p>\n\n\n\n<p>\nPara m\u00ed est\u00e1 muy claro este concepto que no\ndebemos obviar. Igualdad es dar a todos lo mismo y Equidad es dar a\ncada uno lo que necesita. \n<\/p>\n\n\n\n<p> Las personas sordas necesitan de la lengua de signos de forma totalmente directa, que es lo que hago, para que toda la informaci\u00f3n les llegue de forma directa, sin perder un \u00e1pice de informaci\u00f3n, para que puedan disfrutar en igualdad de condiciones que las personas oyentes.<\/p>\n\n\n<span class='bctt-click-to-tweet'><span class='bctt-ctt-text'><a href='https:\/\/x.com\/intent\/tweet?url=https%3A%2F%2Fwww.visualfy.com%2Fes%2Fentrevista-olga-babarro%2F&#038;text=Las%20personas%20sordas%20necesitan%20de%20la%20lengua%20de%20signos%20de%20forma%20totalmente%20directa%2C%20que%20es%20lo%20que%20hago%2C%20para%20que%20toda%20la%20informaci%C3%B3n%20les%20llegue%20de%20forma%20directa.%20%23OlgaBabarro&#038;via=visualfy&#038;related=visualfy' target='_blank'rel=\"noopener noreferrer\">Las personas sordas necesitan de la lengua de signos de forma totalmente directa, que es lo que hago, para que toda la informaci\u00f3n les llegue de forma directa. #OlgaBabarro <\/a><\/span><a href='https:\/\/x.com\/intent\/tweet?url=https%3A%2F%2Fwww.visualfy.com%2Fes%2Fentrevista-olga-babarro%2F&#038;text=Las%20personas%20sordas%20necesitan%20de%20la%20lengua%20de%20signos%20de%20forma%20totalmente%20directa%2C%20que%20es%20lo%20que%20hago%2C%20para%20que%20toda%20la%20informaci%C3%B3n%20les%20llegue%20de%20forma%20directa.%20%23OlgaBabarro&#038;via=visualfy&#038;related=visualfy' target='_blank' class='bctt-ctt-btn'rel=\"noopener noreferrer\">Compartir en X<\/a><\/span>\n\n\n<p>\nY lo mismo con personas sordas oralistas, que\nprecisan de la lengua oral para comunicarse, siendo tambi\u00e9n de forma\ndirecta, que tambi\u00e9n lo hago.<\/p>\n\n\n\n<p>\nEsto ser\u00eda un gran paso decisivo para que un\nmuseo pueda ser totalmente accesible, teniendo en cuenta tambi\u00e9n a\nlas otras personas con capacidades diferentes, por supuesto, e\ninclusivo para las personas sordas.<\/p>\n\n\n\n<p>\n<strong>Eres la primera Gu\u00eda de Turismo Oficial en\nEspa\u00f1a con la Lengua de Signos para personas sordas, \u00bfconoces a\notras personas que se est\u00e9n formando para acreditarse como gu\u00edas en\nLengua de Signos?<\/strong><\/p>\n\n\n\n<p>\nS\u00ed, soy la primera Gu\u00eda de Turismo Oficial en\nEspa\u00f1a con la Lengua de Signos para personas sordas, y para m\u00ed es\ntodo un orgullo decirlo. De momento, he conocido a personas que\nquer\u00edan considerarlo, pero a\u00fan no han dado ese paso para formarse\ncomo gu\u00edas en Lengua de Signos.<\/p>\n\n\n\n<p>\n<strong>\u00bfQu\u00e9 le dir\u00edas a una persona que se lo\nest\u00e9 planteando?<\/strong><\/p>\n\n\n\n<p>\nQue no es nada f\u00e1cil porque se necesita de\nmucho tiempo, preparaci\u00f3n, paciencia y suerte porque es muy\ncomplicado y muy dif\u00edcil mantenerse como gu\u00eda en lengua de signos\npara personas sordas. \n<\/p>\n\n\n\n<p><strong>Para terminar, \u00bfqu\u00e9 crees que es necesario hacer para que la cultura sea completamente accesible para todos?<\/strong><\/p>\n\n\n\n<p>\nPara m\u00ed ser\u00eda muy necesario y muy importante\ncontar con muchos m\u00e1s apoyos y colaboraciones por parte de\nentidades, asociaciones, museos, empresas, instituciones y\nfundaciones, para que esta cultura accesible se haga realidad. \n<\/p>\n\n\n\n<p>\nMi labor requiere de mucho esfuerzo,\nconstancia, perseverancia y motivaci\u00f3n para continuar e intentar\nestabilizarse, ya que me ha costado mucha lucha y tes\u00f3n para llegar\nhasta donde he llegado. Por lo que me encantar\u00eda poder continuar con\nesta labor que tanto me apasiona y me ilusiona. \n<\/p>\n\n\n\n<p>\nLa accesibilidad es tarea de todos, es cuesti\u00f3n\nde poner cada uno de todos nosotros, un granito cada d\u00eda, durante\ntodo el a\u00f1o, para ver resultados y beneficios para todos.<\/p>\n\n\n\n<p><strong>Gracias Olga y enhorabuena por haber conseguido tu objetivo de convertirte en Gu\u00eda Oficial con la Lengua de Signos. El acceso a la cultura es imprescindible y como t\u00fa bien dices es tarea de todos poner cada uno de nuestra parte para conseguir incluirnos a todos. <\/strong> <\/p>\n\n\n\n<p> <strong>Si quer\u00e9is contactar con Olga y disfrutar de una visita 100% accesible, no dud\u00e9is en poneros en contacto con Olga (<\/strong><a href=\"mailto:obabarro@yahoo.es\"><strong>obabarro@yahoo.es<\/strong><\/a><strong>). Su web es: www.guiaturismoparasordos.com.<\/strong><\/p>\n","protected":false},"excerpt":{"rendered":"<p>Olga Babarro acababa de finalizar sus estudios en Turismo cuando apareci\u00f3 su vocaci\u00f3n: ser gu\u00eda. Para ella no fue f\u00e1cil. De nuevo, la falta de accesibilidad trat\u00f3 de ponerle trabas en su camino hasta conseguirlo. A\u00f1os despu\u00e9s, tras mucho esfuerzo y dedicaci\u00f3n hoy dice con orgullo que es la primera Gu\u00eda de Turismo Oficial en [&hellip;]<\/p>\n","protected":false},"author":2,"featured_media":5550,"comment_status":"open","ping_status":"open","sticky":false,"template":"","format":"standard","meta":{"_acf_changed":false,"content-type":"","_uag_custom_page_level_css":"","footnotes":""},"categories":[29],"tags":[],"class_list":["post-6792","post","type-post","status-publish","format-standard","has-post-thumbnail","hentry","category-accesibilidad-espacios-publicos"],"acf":[],"spectra_custom_meta":{"_wp_page_template":["default"],"rank_math_internal_links_processed":["1"],"_wpml_word_count":["1156"],"_yoast_wpseo_primary_category":["5348"],"_yoast_wpseo_keywordsynonyms":["[\"\"]"],"_wpml_media_duplicate":["0"],"_wpml_media_featured":["0"],"_yoast_wpseo_focuskeywords":["[]"],"_et_monarch_override":[""],"amazonS3_cache":["a:46:{s:62:\"\/\/www.visualfy.com\/wp-content\/uploads\/2020\/01\/olga-babarro.png\";i:30564;s:39:\"\/\/cdn.visualfy.com\/img\/olga-babarro.png\";i:30564;s:64:\"\/\/www.visualfy.com\/wp-content\/uploads\/2020\/01\/olga-babarro-1.jpg\";i:30570;s:41:\"\/\/cdn.visualfy.com\/img\/olga-babarro-1.jpg\";i:30570;s:70:\"\/\/visualfy.acceseo.dev\/wp-content\/uploads\/2025\/02\/olga-babarro-1-1.jpg\";a:1:{s:9:\"timestamp\";i:1744268149;}s:69:\"\/\/visualfy.acceseo.dev\/wp-content\/uploads\/2025\/02\/lse-icon-button.svg\";a:1:{s:9:\"timestamp\";i:1744268148;}s:81:\"\/\/visualfy.acceseo.dev\/wp-content\/uploads\/2025\/02\/visualfy-places-placeholder.jpg\";a:1:{s:9:\"timestamp\";i:1744268148;}s:66:\"\/\/visualfy.acceseo.dev\/wp-content\/uploads\/2025\/01\/computer_404.svg\";a:1:{s:9:\"timestamp\";i:1744268148;}s:63:\"\/\/visualfy.acceseo.dev\/wp-content\/uploads\/2025\/01\/user-icon.svg\";a:1:{s:9:\"timestamp\";i:1744268148;}s:58:\"\/\/visualfy.acceseo.dev\/wp-content\/uploads\/2025\/01\/menu.svg\";a:1:{s:9:\"timestamp\";i:1744268148;}s:67:\"\/\/visualfy.acceseo.dev\/wp-content\/uploads\/2025\/01\/logo-visualfy.svg\";a:1:{s:9:\"timestamp\";i:1744268148;}s:65:\"\/\/visualfy.acceseo.dev\/wp-content\/uploads\/2025\/01\/logo-footer.svg\";a:1:{s:9:\"timestamp\";i:1744268148;}s:88:\"\/\/visualfy.acceseo.dev\/wp-content\/uploads\/2025\/01\/union-europea-ministerio-industria.png\";a:1:{s:9:\"timestamp\";i:1744268148;}s:78:\"\/\/visualfy.acceseo.dev\/wp-content\/uploads\/2025\/01\/fondo-europeo-innovacion.png\";a:1:{s:9:\"timestamp\";i:1744268148;}s:77:\"\/\/visualfy.acceseo.dev\/wp-content\/uploads\/2025\/01\/generalitat-ivace-feder.png\";a:1:{s:9:\"timestamp\";i:1744268148;}s:85:\"\/\/visualfy.acceseo.dev\/wp-content\/uploads\/2025\/01\/generalita-ivace-cofinanciacion.png\";a:1:{s:9:\"timestamp\";i:1744268148;}s:78:\"\/\/visualfy.acceseo.dev\/wp-content\/uploads\/2025\/02\/olga-babarro-1-1-300x237.jpg\";a:1:{s:9:\"timestamp\";i:1744268149;}s:78:\"\/\/visualfy.acceseo.dev\/wp-content\/uploads\/2025\/02\/olga-babarro-1-1-768x606.jpg\";a:1:{s:9:\"timestamp\";i:1744268149;}s:61:\"\/\/visualfy.acceseo.dev\/wp-content\/uploads\/2025\/02\/Sem-3-1.png\";a:1:{s:9:\"timestamp\";i:1744268149;}s:69:\"\/\/visualfy.acceseo.dev\/wp-content\/uploads\/2025\/02\/Sem-3-1-300x176.png\";a:1:{s:9:\"timestamp\";i:1744268149;}s:70:\"\/\/visualfy.acceseo.dev\/wp-content\/uploads\/2025\/02\/Sem-3-1-1024x600.png\";a:1:{s:9:\"timestamp\";i:1744268149;}s:69:\"\/\/visualfy.acceseo.dev\/wp-content\/uploads\/2025\/02\/Sem-3-1-768x450.png\";a:1:{s:9:\"timestamp\";i:1744268149;}s:70:\"\/\/visualfy.acceseo.dev\/wp-content\/uploads\/2025\/02\/Sem-3-1-1536x900.png\";a:1:{s:9:\"timestamp\";i:1744268149;}s:71:\"\/\/visualfy.acceseo.dev\/wp-content\/uploads\/2025\/02\/Sem-3-1-2048x1200.png\";a:1:{s:9:\"timestamp\";i:1744268149;}s:63:\"\/\/visualfy.acceseo.dev\/wp-content\/uploads\/2025\/02\/Sem-2-3-1.jpg\";a:1:{s:9:\"timestamp\";i:1744268149;}s:71:\"\/\/visualfy.acceseo.dev\/wp-content\/uploads\/2025\/02\/Sem-2-3-1-300x169.jpg\";a:1:{s:9:\"timestamp\";i:1744268149;}s:72:\"\/\/visualfy.acceseo.dev\/wp-content\/uploads\/2025\/02\/Sem-2-3-1-1024x576.jpg\";a:1:{s:9:\"timestamp\";i:1744268149;}s:71:\"\/\/visualfy.acceseo.dev\/wp-content\/uploads\/2025\/02\/Sem-2-3-1-768x432.jpg\";a:1:{s:9:\"timestamp\";i:1744268149;}s:72:\"\/\/visualfy.acceseo.dev\/wp-content\/uploads\/2025\/02\/Sem-2-3-1-1536x864.jpg\";a:1:{s:9:\"timestamp\";i:1744268149;}s:63:\"\/\/visualfy.acceseo.dev\/wp-content\/uploads\/2025\/02\/Sem-1-2-1.png\";a:1:{s:9:\"timestamp\";i:1744268149;}s:71:\"\/\/visualfy.acceseo.dev\/wp-content\/uploads\/2025\/02\/Sem-1-2-1-300x157.png\";a:1:{s:9:\"timestamp\";i:1744268149;}s:72:\"\/\/visualfy.acceseo.dev\/wp-content\/uploads\/2025\/02\/Sem-1-2-1-1024x535.png\";a:1:{s:9:\"timestamp\";i:1744268149;}s:71:\"\/\/visualfy.acceseo.dev\/wp-content\/uploads\/2025\/02\/Sem-1-2-1-768x401.png\";a:1:{s:9:\"timestamp\";i:1744268149;}s:67:\"\/\/visualfy.acceseo.dev\/wp-content\/uploads\/2025\/02\/caixa-popular.svg\";a:1:{s:9:\"timestamp\";i:1744268149;}s:58:\"\/\/visualfy.acceseo.dev\/wp-content\/uploads\/2025\/02\/cdti.svg\";a:1:{s:9:\"timestamp\";i:1744268149;}s:58:\"\/\/visualfy.acceseo.dev\/wp-content\/uploads\/2025\/02\/cnse.svg\";a:1:{s:9:\"timestamp\";i:1744268149;}s:60:\"\/\/visualfy.acceseo.dev\/wp-content\/uploads\/2025\/02\/esteve.svg\";a:1:{s:9:\"timestamp\";i:1744268149;}s:60:\"\/\/visualfy.acceseo.dev\/wp-content\/uploads\/2025\/02\/fesord.svg\";a:1:{s:9:\"timestamp\";i:1744268149;}s:76:\"\/\/visualfy.acceseo.dev\/wp-content\/uploads\/2025\/02\/generalitat-valenciana.svg\";a:1:{s:9:\"timestamp\";i:1744268149;}s:66:\"\/\/visualfy.acceseo.dev\/wp-content\/uploads\/2025\/02\/horizon-2020.svg\";a:1:{s:9:\"timestamp\";i:1744268149;}s:59:\"\/\/visualfy.acceseo.dev\/wp-content\/uploads\/2025\/02\/ivace.svg\";a:1:{s:9:\"timestamp\";i:1744268149;}s:62:\"\/\/visualfy.acceseo.dev\/wp-content\/uploads\/2025\/02\/montsant.svg\";a:1:{s:9:\"timestamp\";i:1744268149;}s:69:\"\/\/visualfy.acceseo.dev\/wp-content\/uploads\/2025\/02\/naciones-unidas.svg\";a:1:{s:9:\"timestamp\";i:1744268149;}s:62:\"\/\/visualfy.acceseo.dev\/wp-content\/uploads\/2025\/02\/randstad.svg\";a:1:{s:9:\"timestamp\";i:1744268149;}s:64:\"\/\/visualfy.acceseo.dev\/wp-content\/uploads\/2025\/02\/telefonica.svg\";a:1:{s:9:\"timestamp\";i:1744268149;}s:66:\"\/\/visualfy.acceseo.dev\/wp-content\/uploads\/2025\/02\/wingstoclaim.svg\";a:1:{s:9:\"timestamp\";i:1744268149;}}"],"_yoast_wpseo_opengraph-title":[""],"_yoast_wpseo_opengraph-description":[""],"_yst_prominent_words_version":["1"],"_yoast_wpseo_video_meta":["a:14:{s:2:\"id\";s:11:\"I56ScIoV7P8\";s:4:\"type\";s:7:\"youtube\";s:3:\"url\";s:28:\"https:\/\/youtu.be\/I56ScIoV7P8\";s:7:\"post_id\";s:5:\"30560\";s:5:\"title\";s:70:\"Entrevista a la primera Gu\u00eda de Turismo Oficial en Espa\u00f1a con la LSE\";s:16:\"publication_date\";s:25:\"2020-01-30T14:13:38+00:00\";s:11:\"description\";s:141:\"Olga Babarro, la primera Gu\u00eda de Turismo Oficial en Espa\u00f1a con la Lengua de Signos nos cuenta qu\u00e9 opina de la accesibilidad en la cultura.\";s:10:\"player_loc\";s:41:\"https:\/\/www.youtube.com\/embed\/I56ScIoV7P8\";s:13:\"thumbnail_loc\";s:44:\"https:\/\/cdn.visualfy.com\/img\/i56sciov7p8.jpg\";s:8:\"duration\";s:3:\"734\";s:5:\"width\";s:3:\"480\";s:6:\"height\";s:3:\"270\";s:8:\"category\";s:32:\"Accesibilidad espacios p\u00fablicos\";s:3:\"tag\";a:0:{}}"],"_yoast_wpseo_videositemap-duration":[""],"_yoast_wpseo_videositemap-rating":[""],"_yoast_wpseo_metadesc":["Olga Babarro, la primera Gu\u00eda de Turismo Oficial en Espa\u00f1a con la Lengua de Signos nos cuenta qu\u00e9 opina de la accesibilidad en la cultura."],"_yoast_wpseo_focuskw":[""],"_yoast_wpseo_content_score":[""],"cmplz_hide_cookiebanner":[""],"_wpml_location_migration_done":["1"],"_fgj2wp_old_id":[""],"_yoast_wpseo_metakeywords":[""],"_bsf_post_type":[""],"_yoast_wpseo_meta-robots-noindex":[""],"_fgj2wp_translation_association_key":[""],"_product_image_gallery":[""],"_wp_old_slug":[""],"_yoast_wpseo_title":["Entrevista a la primera Gu\u00eda de Turismo Oficial en Espa\u00f1a con la LSE"],"slide_template":[""],"_yoast_wpseo_opengraph-image":["https:\/\/cdn.visualfy.com\/img\/olga-babarro-1.jpg"],"_yoast_wpseo_opengraph-image-id":["30570"],"_wp_old_date":[""],"_bsf_article_image":[""],"_bsf_article_name":[""],"_bsf_article_desc":[""],"_bsf_article_author":[""],"_bsf_article_publisher":[""],"_bsf_article_publisher_logo":[""],"_yoast_wpseo_meta-robots-nofollow":[""],"amp_status":[""],"_cmplz_scanned_post":["1"],"_encloseme":["1"],"_last_translation_edit_mode":[""],"_yoast_wpseo_twitter-title":[""],"_yoast_wpseo_twitter-description":[""],"_yoast_wpseo_twitter-image":[""],"_yoast_wpseo_twitter-image-id":[""],"_yoast_wpseo_linkdex":[""],"_thumbnail_id":["5550"],"_pingme":["1"],"_edit_last":["1"],"_oembed_00e91d81afb0665307c051696d8af4b9":["<iframe title=\"Entrevista a la primera Gu\u00eda de Turismo Oficial en Espa\u00f1a con la Lengua de Signos - Visualfy\" width=\"500\" height=\"281\" src=\"https:\/\/www.youtube.com\/embed\/I56ScIoV7P8?feature=oembed\" frameborder=\"0\" allow=\"accelerometer; autoplay; clipboard-write; encrypted-media; gyroscope; picture-in-picture; web-share\" referrerpolicy=\"strict-origin-when-cross-origin\" allowfullscreen><\/iframe>"],"_oembed_time_00e91d81afb0665307c051696d8af4b9":["1740642089"],"_edit_lock":["1740642394:1"],"rank_math_seo_score":["15"],"rank_math_primary_category":["29"],"_uag_custom_page_level_css":[""],"footnotes":[""],"lse_enlace":["https:\/\/youtu.be\/I56ScIoV7P8"],"_lse_enlace":["field_67b5db1d9d4ca"],"_betterdocs_reusable_block_ids":["a:0:{}"],"copied_media_ids":["a:1:{i:0;i:6794;}"],"referenced_media_ids":["a:1:{i:0;i:5550;}"]},"uagb_featured_image_src":{"full":["https:\/\/www.visualfy.com\/wp-content\/uploads\/2025\/02\/olga-babarro-1-1.jpg",1024,808,false],"thumbnail":["https:\/\/www.visualfy.com\/wp-content\/uploads\/2025\/02\/olga-babarro-1-1-150x150.jpg",150,150,true],"medium":["https:\/\/www.visualfy.com\/wp-content\/uploads\/2025\/02\/olga-babarro-1-1-300x237.jpg",300,237,true],"medium_large":["https:\/\/www.visualfy.com\/wp-content\/uploads\/2025\/02\/olga-babarro-1-1-768x606.jpg",768,606,true],"large":["https:\/\/www.visualfy.com\/wp-content\/uploads\/2025\/02\/olga-babarro-1-1.jpg",1024,808,false],"1536x1536":["https:\/\/www.visualfy.com\/wp-content\/uploads\/2025\/02\/olga-babarro-1-1.jpg",1024,808,false],"2048x2048":["https:\/\/www.visualfy.com\/wp-content\/uploads\/2025\/02\/olga-babarro-1-1.jpg",1024,808,false]},"uagb_author_info":{"display_name":"visualfy","author_link":"https:\/\/www.visualfy.com\/es\/author\/visualfy\/"},"uagb_comment_info":0,"uagb_excerpt":"Olga Babarro acababa de finalizar sus estudios en Turismo cuando apareci\u00f3 su vocaci\u00f3n: ser gu\u00eda. Para ella no fue f\u00e1cil. De nuevo, la falta de accesibilidad trat\u00f3 de ponerle trabas en su camino hasta conseguirlo. A\u00f1os despu\u00e9s, tras mucho esfuerzo y dedicaci\u00f3n hoy dice con orgullo que es la primera Gu\u00eda de Turismo Oficial en&hellip;","_links":{"self":[{"href":"https:\/\/www.visualfy.com\/es\/wp-json\/wp\/v2\/posts\/6792","targetHints":{"allow":["GET"]}}],"collection":[{"href":"https:\/\/www.visualfy.com\/es\/wp-json\/wp\/v2\/posts"}],"about":[{"href":"https:\/\/www.visualfy.com\/es\/wp-json\/wp\/v2\/types\/post"}],"author":[{"embeddable":true,"href":"https:\/\/www.visualfy.com\/es\/wp-json\/wp\/v2\/users\/2"}],"replies":[{"embeddable":true,"href":"https:\/\/www.visualfy.com\/es\/wp-json\/wp\/v2\/comments?post=6792"}],"version-history":[{"count":0,"href":"https:\/\/www.visualfy.com\/es\/wp-json\/wp\/v2\/posts\/6792\/revisions"}],"wp:featuredmedia":[{"embeddable":true,"href":"https:\/\/www.visualfy.com\/es\/wp-json\/wp\/v2\/media\/5550"}],"wp:attachment":[{"href":"https:\/\/www.visualfy.com\/es\/wp-json\/wp\/v2\/media?parent=6792"}],"wp:term":[{"taxonomy":"category","embeddable":true,"href":"https:\/\/www.visualfy.com\/es\/wp-json\/wp\/v2\/categories?post=6792"},{"taxonomy":"post_tag","embeddable":true,"href":"https:\/\/www.visualfy.com\/es\/wp-json\/wp\/v2\/tags?post=6792"}],"curies":[{"name":"wp","href":"https:\/\/api.w.org\/{rel}","templated":true}]}}