{"id":6754,"date":"2019-10-29T08:56:43","date_gmt":"2019-10-29T08:56:43","guid":{"rendered":"https:\/\/www.visualfy.com\/entrevista-gema-sala-coordinadora-accesibilidad-marq-alicante\/"},"modified":"2025-02-27T08:14:58","modified_gmt":"2025-02-27T08:14:58","slug":"entrevista-gema-sala-coordinadora-accesibilidad-marq-alicante","status":"publish","type":"post","link":"https:\/\/www.visualfy.com\/es\/entrevista-gema-sala-coordinadora-accesibilidad-marq-alicante\/","title":{"rendered":"\u201cCon mucho trabajo y esfuerzo, hemos conseguido dinamizar la vida cultural de muchos colectivos, configurando el MARQ como un espacio de di\u00e1logo y de crecimiento.\u201d"},"content":{"rendered":"\n<h2 class=\"wp-block-heading\">Entrevistamos Gema Sala, coordinadora de la Unidad de Did\u00e1ctica y Accesibilidad del Museo Arqueol\u00f3gico de Alicante (MARQ).<\/h2>\n\n\n\n<p>El <a href=\"https:\/\/www.marqalicante.com\/\" target=\"_blank\" rel=\"noopener\">MARQ<\/a> es uno de los museos arqueol\u00f3gicos espa\u00f1oles que m\u00e1s apuestan por la inclusi\u00f3n y la accesibilidad. Su amplia red de colaboraci\u00f3n con diferentes asociaciones, algunas de ellas de personas sordas como ASOCIDE o FESORD, le permite adecuarse bien a las necesidades espec\u00edficas de cada colectivo, organizando conjuntamente talleres, eventos y experiencias inclusivas. <strong>Entrevistamos para el blog de Visualfy a su coordinadora de Unidad Did\u00e1ctica y Accesibilidad, Gema Sala. <\/strong><\/p>\n\n\n\n<p><strong>Hola Gema, \u00bfpodr\u00edas presentarte a nuestros lectores?<\/strong><\/p>\n\n\n\n<p>Hola soy Gema Sala , coordinadora de la Unidad de Did\u00e1ctica y accesibilidad del MARQ, Museo Arqueol\u00f3gico de Alicante<\/p>\n\n\n\n<p><strong>Cu\u00e9ntanos acerca del MARQ, \u00bfqu\u00e9 pueden encontrarse los visitantes en \u00e9l?<\/strong><\/p>\n\n\n\n<p>El MARQ cuenta con los restos materiales, etnogr\u00e1ficos y suntuarios dispuestos en cinco salas permanentes que nos permiten comprender las diferentes culturas que poblaron la provincia de Alicante: Prehistoria, Cultura Ibera, Cultura Romana, Edad Media y Sala Moderna y Contempor\u00e1nea. En estas salas se exponen las mejores piezas de nuestra Arqueolog\u00eda, ilustradas con m\u00e1s de doscientos veinticinco dibujos, complementados con diversas reconstrucciones o maquetas en las que se reproducen  abrigos de arte rupestre, tumbas romanas o el mihrab de la R\u00e1bita Isl\u00e1mica de Guardamar.<\/p>\n\n\n\n<figure class=\"wp-block-image size-full\"><img decoding=\"async\" width=\"900\" height=\"559\" src=\"https:\/\/www.visualfy.com\/wp-content\/uploads\/2025\/02\/marq-alicante-accesibilidad-1.jpg\" alt=\"marq-alicante-accesibilidad\" class=\"wp-image-5352\" srcset=\"https:\/\/www.visualfy.com\/wp-content\/uploads\/2025\/02\/marq-alicante-accesibilidad-1.jpg 900w, https:\/\/www.visualfy.com\/wp-content\/uploads\/2025\/02\/marq-alicante-accesibilidad-1-300x186.jpg 300w, https:\/\/www.visualfy.com\/wp-content\/uploads\/2025\/02\/marq-alicante-accesibilidad-1-768x477.jpg 768w\" sizes=\"(max-width: 900px) 100vw, 900px\" \/><\/figure>\n\n\n\n<p>Este recorrido cronol\u00f3gico se complementa con tres salas tem\u00e1ticas donde los escolares van a percibir c\u00f3mo los arque\u00f3logos desarrollan su trabajo en tres escenarios distintos y atractivos, como es una cueva ( Arqueolog\u00eda de campo); un pecio en las profundidades del mar ( Arqueolog\u00eda Subacu\u00e1tica) y un edificio g\u00f3tico en la ciudad (Arqueolog\u00eda Urbana y de la Arquitectura). Todo ello complementado con tres potentes audiovisuales en infograf\u00eda virtual sobre la historia de la navegaci\u00f3n, el desarrollo del urbanismo desde los primeros poblados de la Edad de Bronce y la evoluci\u00f3n del medio ambiente desde hace 120.000 a\u00f1os hasta la actualidad. Todo ello acompa\u00f1ado de las pantallas t\u00e1ctiles y documentales, y complementado con las bandejas did\u00e1cticas de la Arqueolog\u00eda y las ciencias auxiliares.<\/p>\n\n\n\n<p>El museo adem\u00e1s cuenta con uno de los mejores programas de exposiciones temporales de toda Espa\u00f1a.<\/p>\n\n\n\n<p><strong>\u00bfQu\u00e9 servicios de accesibilidad ofrec\u00e9is?<\/strong><\/p>\n\n\n\n<p>Ofrecemos visitas guiadas descriptivas para personas ciegas o con visi\u00f3n reducida. Tambi\u00e9n visitas guiadas en Lengua de Signos. Disponemos de signogu\u00edas did\u00e1cticas e interactivas en la exposici\u00f3n permanente. Id\u00f3neas para que las personas con diversidad funcional sensorial auditiva puedan acceder al conocimiento y el saber que atesora el museo. Tambi\u00e9n de gu\u00edas multimedia, de manejo sencillo y, pensadas para mejorar la calidad de la visita de las personas mayores a las salas de exposici\u00f3n, ofreciendo una informaci\u00f3n adaptada a sus propias demandas. Las gu\u00edas tem\u00e1ticas espec\u00edficas est\u00e1n destinadas a los ni\u00f1os\/as para que visiten el museo en formato multimedia adaptando esta aplicaci\u00f3n aquellos que tienen discapacidad auditiva. Gu\u00edas en lectura f\u00e1cil y Braille. Adem\u00e1s, las personas con discapacidad tienen entrada gratuita. <\/p>\n\n\n\n<p><strong>En el museo tambi\u00e9n organiz\u00e1is talleres, \u00bfofrec\u00e9is alguno que sea accesible a las personas sordas?<\/strong><\/p>\n\n\n\n<p>Todos los talleres que ofrecemos , avisando con quince d\u00edas , se pueden realizar tambi\u00e9n en LS.<\/p>\n\n\n\n<p><strong>\u00bfEn qu\u00e9 consiste vuestra iniciativa \u2018En museo para todos\u2019?<\/strong><\/p>\n\n\n\n<p>La accesibilidad en el MARQ est\u00e1 enfocada y orientada a desarrollar programas dirigidos a difundir el contenido del museo y de sus yacimientos entre todo tipo de p\u00fablico.<\/p>\n\n\n\n<p>Uno de los grandes logros del museo en materia de accesibilidad e inclusi\u00f3n, y que ha marcado la l\u00ednea de trabajo hasta el momento, ha sido la creaci\u00f3n de redes de colaboraci\u00f3n con diferentes asociaciones, instituciones y colectivos de \u00e1mbito local y regional. Esto nos ha permitido la suscripci\u00f3n de convenios de colaboraci\u00f3n y el establecimiento de espacios de trabajo com\u00fan, integrados por profesionales de estas asociaciones, t\u00e9cnicos del MARQ y un componente primordial, los propios usuarios. Todo ello nos permite consensuar el dise\u00f1o y la coordinaci\u00f3n de actuaciones conjuntas, y evaluar y mejorar las ya realizadas en la materia. La ilusi\u00f3n, la responsabilidad, el convencimiento y el compromiso entre todos los agentes implicados, ha hecho posible que los convenios suscritos con las diferentes asociaciones hayan supuesto una mejora de las actuaciones en materia de accesibilidad e inclusi\u00f3n. Equipos multidisciplinares que suman, aportando la experiencia y profesionalidad de cada uno de ellos en beneficio del usuario. Equipos que se van ampliando y creciendo fruto del compromiso del MARQ con la inclusi\u00f3n.<\/p>\n\n\n\n<p>Poco a poco, y con mucho trabajo y esfuerzo, hemos conseguido dinamizar la vida cultural de muchos colectivos, configurando el MARQ como un espacio de di\u00e1logo y de crecimiento, un lugar de encuentro que ha despertado inquietudes y, en definitiva, ha actuado como verdadero eje patrimonial en el desarrollo con la comunidad, como veremos al describir los proyectos llevados a cabo. Hemos conseguido que el MARQ se convierta en un revulsivo para los miembros de muchas asociaciones, tanto a nivel particular como general Con estas acciones se promueve la participaci\u00f3n social y, por lo tanto, el fortalecimiento comunitario.<\/p>\n\n\n<span class='bctt-click-to-tweet'><span class='bctt-ctt-text'><a href=\"https:\/\/x.com\/intent\/tweet?url=https%3A%2F%2Fwww.visualfy.com%2Fes%2Fentrevista-gema-sala-coordinadora-accesibilidad-marq-alicante%2F&#038;text=La%20accesibilidad%20en%20el%20MARQ%20est%C3%A1%20enfocada%20y%20orientada%20a%20desarrollar%20programas%20dirigidos%20a%20difundir%20el%20contenido%20del%20museo%20y%20de%20sus%20yacimientos%20entre%20todo%20tipo%20de%20p%C3%BAblico.&#038;via=visualfy&#038;related=visualfy\" target=\"_blank\" rel=\"noopener noreferrer\">La accesibilidad en el MARQ est\u00e1 enfocada y orientada a desarrollar programas dirigidos a difundir el contenido del museo y de sus yacimientos entre todo tipo de p\u00fablico. <\/a><\/span><a href=\"https:\/\/x.com\/intent\/tweet?url=https%3A%2F%2Fwww.visualfy.com%2Fes%2Fentrevista-gema-sala-coordinadora-accesibilidad-marq-alicante%2F&#038;text=La%20accesibilidad%20en%20el%20MARQ%20est%C3%A1%20enfocada%20y%20orientada%20a%20desarrollar%20programas%20dirigidos%20a%20difundir%20el%20contenido%20del%20museo%20y%20de%20sus%20yacimientos%20entre%20todo%20tipo%20de%20p%C3%BAblico.&#038;via=visualfy&#038;related=visualfy\" target=\"_blank\" class=\"bctt-ctt-btn\" rel=\"noopener noreferrer\">Compartir en X<\/a><\/span>\n\n\n<p>Actualmente colaboramos con numerosas asociaciones e instituciones, pero nuestro objetivo es seguir a\u00f1adiendo nuevos miembros a este \u00abclub\u00bb, ideando nuevos proyectos con otras asociaciones y colectivos, creando sinergias que realmente se impregnen de la realidad social y promoviendo la participaci\u00f3n ciudadana y el fortalecimiento comunitario.<\/p>\n\n\n\n<p><strong>Colabor\u00e1is con algunas asociaciones, entre ellas FESORD y ASOCIDE, \u00bfqu\u00e9 proyectos hab\u00e9is puesto en marcha en conjunto?<\/strong><\/p>\n\n\n\n<p>\u201cGu\u00eda por un gu\u00eda sordo en el MARQ\u201d, visitas teatralizadas en LS realizadas por asociados de FESORD, visitas y talleres did\u00e1cticos para ASOCIDE y cursos en LS realizados por FESORD para trabajadores del museo.<\/p>\n\n\n\n<p><strong>Adem\u00e1s de los servicios de accesibilidad disponibles en el museo tambi\u00e9n organiz\u00e1is eventos junto a colectivos espec\u00edficos, uno de ellos fue por el D\u00eda de las Personas Sordas el junio pasado, \u00bfen qu\u00e9 consisti\u00f3?<\/strong><\/p>\n\n\n\n<p>Hicimos charlas para los escolares que acuden al museo para que conocieran la Lengua de Signos.<\/p>\n\n\n\n<p><strong>\u00bfTen\u00e9is previsto organizar pr\u00f3ximos eventos o talleres para las personas sordas?<\/strong><\/p>\n\n\n\n<p>S\u00ed , el fin de semana cercano al D\u00eda de la Discapacidad y la visita guiada en LS  a la pr\u00f3xima exposici\u00f3n \u201c \u00eddolos. Miradas Milenarias\u201d.<\/p>\n\n\n\n<p><strong>Por \u00faltimo, \u00bfqu\u00e9 crees que deber\u00eda ofrecer un museo para ser accesible?<\/strong><\/p>\n\n\n\n<p>Todos los recursos necesarios para que las personas con discapacidad pudieran acceder al museo en igualdad de condiciones que los dem\u00e1s visitantes: Lectura f\u00e1cil, Lengua de signos, 3D, braille, audiodescripciones, textos accesibles, etc.<\/p>\n\n\n\n<p><strong>Gracias Gema por contarnos todo lo que el MARQ est\u00e1 haciendo para acercar el apasionante mundo de la arqueolog\u00eda a las personas sordas. \u00a1Seguro que nuestros lectores se animan a visitarlo! <\/strong><\/p>\n","protected":false},"excerpt":{"rendered":"<p>Entrevistamos Gema Sala, coordinadora de la Unidad de Did\u00e1ctica y Accesibilidad del Museo Arqueol\u00f3gico de Alicante (MARQ). El MARQ es uno de los museos arqueol\u00f3gicos espa\u00f1oles que m\u00e1s apuestan por la inclusi\u00f3n y la accesibilidad. Su amplia red de colaboraci\u00f3n con diferentes asociaciones, algunas de ellas de personas sordas como ASOCIDE o FESORD, le permite [&hellip;]<\/p>\n","protected":false},"author":2,"featured_media":5352,"comment_status":"open","ping_status":"open","sticky":false,"template":"","format":"standard","meta":{"_acf_changed":false,"content-type":"","_uag_custom_page_level_css":"","footnotes":""},"categories":[29],"tags":[],"class_list":["post-6754","post","type-post","status-publish","format-standard","has-post-thumbnail","hentry","category-accesibilidad-espacios-publicos"],"acf":[],"spectra_custom_meta":{"_wp_page_template":["default"],"rank_math_internal_links_processed":["1"],"_wpml_word_count":["1251"],"_yoast_wpseo_primary_category":["5348"],"_yoast_wpseo_keywordsynonyms":["[\"\"]"],"_wpml_media_duplicate":["0"],"_wpml_media_featured":["0"],"_yoast_wpseo_focuskeywords":["[]"],"_et_monarch_override":[""],"amazonS3_cache":["a:44:{s:77:\"\/\/www.visualfy.com\/wp-content\/uploads\/2019\/10\/marq-alicante-accesibilidad.jpg\";i:28657;s:54:\"\/\/cdn.visualfy.com\/img\/marq-alicante-accesibilidad.jpg\";i:28657;s:83:\"\/\/visualfy.acceseo.dev\/wp-content\/uploads\/2025\/02\/marq-alicante-accesibilidad-1.jpg\";a:1:{s:9:\"timestamp\";i:1744269462;}s:69:\"\/\/visualfy.acceseo.dev\/wp-content\/uploads\/2025\/02\/lse-icon-button.svg\";a:1:{s:9:\"timestamp\";i:1744268140;}s:81:\"\/\/visualfy.acceseo.dev\/wp-content\/uploads\/2025\/02\/visualfy-places-placeholder.jpg\";a:1:{s:9:\"timestamp\";i:1744268140;}s:66:\"\/\/visualfy.acceseo.dev\/wp-content\/uploads\/2025\/01\/computer_404.svg\";a:1:{s:9:\"timestamp\";i:1744268140;}s:63:\"\/\/visualfy.acceseo.dev\/wp-content\/uploads\/2025\/01\/user-icon.svg\";a:1:{s:9:\"timestamp\";i:1744268140;}s:58:\"\/\/visualfy.acceseo.dev\/wp-content\/uploads\/2025\/01\/menu.svg\";a:1:{s:9:\"timestamp\";i:1744268140;}s:67:\"\/\/visualfy.acceseo.dev\/wp-content\/uploads\/2025\/01\/logo-visualfy.svg\";a:1:{s:9:\"timestamp\";i:1744268140;}s:65:\"\/\/visualfy.acceseo.dev\/wp-content\/uploads\/2025\/01\/logo-footer.svg\";a:1:{s:9:\"timestamp\";i:1744268141;}s:88:\"\/\/visualfy.acceseo.dev\/wp-content\/uploads\/2025\/01\/union-europea-ministerio-industria.png\";a:1:{s:9:\"timestamp\";i:1744268141;}s:78:\"\/\/visualfy.acceseo.dev\/wp-content\/uploads\/2025\/01\/fondo-europeo-innovacion.png\";a:1:{s:9:\"timestamp\";i:1744268141;}s:77:\"\/\/visualfy.acceseo.dev\/wp-content\/uploads\/2025\/01\/generalitat-ivace-feder.png\";a:1:{s:9:\"timestamp\";i:1744268141;}s:85:\"\/\/visualfy.acceseo.dev\/wp-content\/uploads\/2025\/01\/generalita-ivace-cofinanciacion.png\";a:1:{s:9:\"timestamp\";i:1744268141;}s:91:\"\/\/visualfy.acceseo.dev\/wp-content\/uploads\/2025\/02\/marq-alicante-accesibilidad-1-300x186.jpg\";a:1:{s:9:\"timestamp\";i:1744268141;}s:91:\"\/\/visualfy.acceseo.dev\/wp-content\/uploads\/2025\/02\/marq-alicante-accesibilidad-1-768x477.jpg\";a:1:{s:9:\"timestamp\";i:1744268141;}s:61:\"\/\/visualfy.acceseo.dev\/wp-content\/uploads\/2025\/02\/Sem-3-1.png\";a:1:{s:9:\"timestamp\";i:1744268141;}s:69:\"\/\/visualfy.acceseo.dev\/wp-content\/uploads\/2025\/02\/Sem-3-1-300x176.png\";a:1:{s:9:\"timestamp\";i:1744268141;}s:70:\"\/\/visualfy.acceseo.dev\/wp-content\/uploads\/2025\/02\/Sem-3-1-1024x600.png\";a:1:{s:9:\"timestamp\";i:1744268141;}s:69:\"\/\/visualfy.acceseo.dev\/wp-content\/uploads\/2025\/02\/Sem-3-1-768x450.png\";a:1:{s:9:\"timestamp\";i:1744268141;}s:70:\"\/\/visualfy.acceseo.dev\/wp-content\/uploads\/2025\/02\/Sem-3-1-1536x900.png\";a:1:{s:9:\"timestamp\";i:1744268141;}s:71:\"\/\/visualfy.acceseo.dev\/wp-content\/uploads\/2025\/02\/Sem-3-1-2048x1200.png\";a:1:{s:9:\"timestamp\";i:1744268141;}s:63:\"\/\/visualfy.acceseo.dev\/wp-content\/uploads\/2025\/02\/Sem-2-3-1.jpg\";a:1:{s:9:\"timestamp\";i:1744268141;}s:71:\"\/\/visualfy.acceseo.dev\/wp-content\/uploads\/2025\/02\/Sem-2-3-1-300x169.jpg\";a:1:{s:9:\"timestamp\";i:1744268141;}s:72:\"\/\/visualfy.acceseo.dev\/wp-content\/uploads\/2025\/02\/Sem-2-3-1-1024x576.jpg\";a:1:{s:9:\"timestamp\";i:1744268141;}s:71:\"\/\/visualfy.acceseo.dev\/wp-content\/uploads\/2025\/02\/Sem-2-3-1-768x432.jpg\";a:1:{s:9:\"timestamp\";i:1744268141;}s:72:\"\/\/visualfy.acceseo.dev\/wp-content\/uploads\/2025\/02\/Sem-2-3-1-1536x864.jpg\";a:1:{s:9:\"timestamp\";i:1744268141;}s:63:\"\/\/visualfy.acceseo.dev\/wp-content\/uploads\/2025\/02\/Sem-1-2-1.png\";a:1:{s:9:\"timestamp\";i:1744268141;}s:71:\"\/\/visualfy.acceseo.dev\/wp-content\/uploads\/2025\/02\/Sem-1-2-1-300x157.png\";a:1:{s:9:\"timestamp\";i:1744268141;}s:72:\"\/\/visualfy.acceseo.dev\/wp-content\/uploads\/2025\/02\/Sem-1-2-1-1024x535.png\";a:1:{s:9:\"timestamp\";i:1744268141;}s:71:\"\/\/visualfy.acceseo.dev\/wp-content\/uploads\/2025\/02\/Sem-1-2-1-768x401.png\";a:1:{s:9:\"timestamp\";i:1744268141;}s:67:\"\/\/visualfy.acceseo.dev\/wp-content\/uploads\/2025\/02\/caixa-popular.svg\";a:1:{s:9:\"timestamp\";i:1744268141;}s:58:\"\/\/visualfy.acceseo.dev\/wp-content\/uploads\/2025\/02\/cdti.svg\";a:1:{s:9:\"timestamp\";i:1744268141;}s:58:\"\/\/visualfy.acceseo.dev\/wp-content\/uploads\/2025\/02\/cnse.svg\";a:1:{s:9:\"timestamp\";i:1744268141;}s:60:\"\/\/visualfy.acceseo.dev\/wp-content\/uploads\/2025\/02\/esteve.svg\";a:1:{s:9:\"timestamp\";i:1744268141;}s:60:\"\/\/visualfy.acceseo.dev\/wp-content\/uploads\/2025\/02\/fesord.svg\";a:1:{s:9:\"timestamp\";i:1744268141;}s:76:\"\/\/visualfy.acceseo.dev\/wp-content\/uploads\/2025\/02\/generalitat-valenciana.svg\";a:1:{s:9:\"timestamp\";i:1744268141;}s:66:\"\/\/visualfy.acceseo.dev\/wp-content\/uploads\/2025\/02\/horizon-2020.svg\";a:1:{s:9:\"timestamp\";i:1744268141;}s:59:\"\/\/visualfy.acceseo.dev\/wp-content\/uploads\/2025\/02\/ivace.svg\";a:1:{s:9:\"timestamp\";i:1744268141;}s:62:\"\/\/visualfy.acceseo.dev\/wp-content\/uploads\/2025\/02\/montsant.svg\";a:1:{s:9:\"timestamp\";i:1744268141;}s:69:\"\/\/visualfy.acceseo.dev\/wp-content\/uploads\/2025\/02\/naciones-unidas.svg\";a:1:{s:9:\"timestamp\";i:1744268141;}s:62:\"\/\/visualfy.acceseo.dev\/wp-content\/uploads\/2025\/02\/randstad.svg\";a:1:{s:9:\"timestamp\";i:1744268141;}s:64:\"\/\/visualfy.acceseo.dev\/wp-content\/uploads\/2025\/02\/telefonica.svg\";a:1:{s:9:\"timestamp\";i:1744268141;}s:66:\"\/\/visualfy.acceseo.dev\/wp-content\/uploads\/2025\/02\/wingstoclaim.svg\";a:1:{s:9:\"timestamp\";i:1744268141;}}"],"_yoast_wpseo_opengraph-title":[""],"_yoast_wpseo_opengraph-description":[""],"_yst_prominent_words_version":["1"],"_yoast_wpseo_video_meta":["a:14:{s:2:\"id\";s:11:\"L_fDPsoGh_I\";s:4:\"type\";s:7:\"youtube\";s:3:\"url\";s:28:\"https:\/\/youtu.be\/L_fDPsoGh_I\";s:7:\"post_id\";s:5:\"28655\";s:5:\"title\";s:62:\"Entrevista a Gema Sala, coordinadora de Accesibilidad del MARQ\";s:16:\"publication_date\";s:25:\"2019-10-29T08:56:43+00:00\";s:11:\"description\";s:137:\"El Museo Arqueol\u00f3gico de Alicante es uno de los museos arqueol\u00f3gicos espa\u00f1oles que m\u00e1s apuestan por la inclusi\u00f3n y la accesibilidad.\";s:10:\"player_loc\";s:41:\"https:\/\/www.youtube.com\/embed\/L_fDPsoGh_I\";s:13:\"thumbnail_loc\";s:44:\"https:\/\/cdn.visualfy.com\/img\/l_fdpsogh_i.jpg\";s:8:\"duration\";s:3:\"818\";s:5:\"width\";s:3:\"480\";s:6:\"height\";s:3:\"270\";s:8:\"category\";s:32:\"Accesibilidad espacios p\u00fablicos\";s:3:\"tag\";a:0:{}}"],"_yoast_wpseo_videositemap-duration":[""],"_yoast_wpseo_videositemap-rating":[""],"_yoast_wpseo_metadesc":["El Museo Arqueol\u00f3gico de Alicante es uno de los museos arqueol\u00f3gicos espa\u00f1oles que m\u00e1s apuestan por la inclusi\u00f3n y la accesibilidad."],"_yoast_wpseo_focuskw":[""],"_yoast_wpseo_content_score":[""],"cmplz_hide_cookiebanner":[""],"_wpml_location_migration_done":["1"],"_fgj2wp_old_id":[""],"_yoast_wpseo_metakeywords":[""],"_bsf_post_type":[""],"_yoast_wpseo_meta-robots-noindex":[""],"_fgj2wp_translation_association_key":[""],"_product_image_gallery":[""],"_wp_old_slug":[""],"_yoast_wpseo_title":["Entrevista a Gema Sala, coordinadora de Accesibilidad del MARQ"],"slide_template":[""],"_yoast_wpseo_opengraph-image":["https:\/\/cdn.visualfy.com\/img\/marq-alicante-accesibilidad.jpg"],"_yoast_wpseo_opengraph-image-id":["28657"],"_wp_old_date":[""],"_bsf_article_image":[""],"_bsf_article_name":[""],"_bsf_article_desc":[""],"_bsf_article_author":[""],"_bsf_article_publisher":[""],"_bsf_article_publisher_logo":[""],"_yoast_wpseo_meta-robots-nofollow":[""],"amp_status":[""],"_cmplz_scanned_post":["1"],"_encloseme":[""],"_last_translation_edit_mode":[""],"_yoast_wpseo_twitter-title":[""],"_yoast_wpseo_twitter-description":[""],"_yoast_wpseo_twitter-image":[""],"_yoast_wpseo_twitter-image-id":[""],"_yoast_wpseo_linkdex":[""],"_thumbnail_id":["5352"],"_pingme":["1"],"_edit_last":["1"],"_oembed_c27473d40b8043c4698c8be390c5a394":["<iframe title=\"Entrevista a Gema Sala, coordinadora de accesibilidad del MARQ de Alicante - Visualfy\" width=\"500\" height=\"281\" src=\"https:\/\/www.youtube.com\/embed\/L_fDPsoGh_I?feature=oembed\" frameborder=\"0\" allow=\"accelerometer; autoplay; clipboard-write; encrypted-media; gyroscope; picture-in-picture; web-share\" referrerpolicy=\"strict-origin-when-cross-origin\" allowfullscreen><\/iframe>"],"_oembed_time_c27473d40b8043c4698c8be390c5a394":["1740643930"],"_edit_lock":["1740644133:1"],"rank_math_primary_category":["29"],"rank_math_seo_score":["13"],"_uag_custom_page_level_css":[""],"footnotes":[""],"lse_enlace":["https:\/\/youtu.be\/L_fDPsoGh_I"],"_lse_enlace":["field_67b5db1d9d4ca"],"_betterdocs_reusable_block_ids":["a:0:{}"],"copied_media_ids":["a:1:{i:0;i:6756;}"],"referenced_media_ids":["a:1:{i:0;i:5352;}"]},"uagb_featured_image_src":{"full":["https:\/\/www.visualfy.com\/wp-content\/uploads\/2025\/02\/marq-alicante-accesibilidad-1.jpg",900,559,false],"thumbnail":["https:\/\/www.visualfy.com\/wp-content\/uploads\/2025\/02\/marq-alicante-accesibilidad-1-150x150.jpg",150,150,true],"medium":["https:\/\/www.visualfy.com\/wp-content\/uploads\/2025\/02\/marq-alicante-accesibilidad-1-300x186.jpg",300,186,true],"medium_large":["https:\/\/www.visualfy.com\/wp-content\/uploads\/2025\/02\/marq-alicante-accesibilidad-1-768x477.jpg",768,477,true],"large":["https:\/\/www.visualfy.com\/wp-content\/uploads\/2025\/02\/marq-alicante-accesibilidad-1.jpg",900,559,false],"1536x1536":["https:\/\/www.visualfy.com\/wp-content\/uploads\/2025\/02\/marq-alicante-accesibilidad-1.jpg",900,559,false],"2048x2048":["https:\/\/www.visualfy.com\/wp-content\/uploads\/2025\/02\/marq-alicante-accesibilidad-1.jpg",900,559,false]},"uagb_author_info":{"display_name":"visualfy","author_link":"https:\/\/www.visualfy.com\/es\/author\/visualfy\/"},"uagb_comment_info":0,"uagb_excerpt":"Entrevistamos Gema Sala, coordinadora de la Unidad de Did\u00e1ctica y Accesibilidad del Museo Arqueol\u00f3gico de Alicante (MARQ). El MARQ es uno de los museos arqueol\u00f3gicos espa\u00f1oles que m\u00e1s apuestan por la inclusi\u00f3n y la accesibilidad. Su amplia red de colaboraci\u00f3n con diferentes asociaciones, algunas de ellas de personas sordas como ASOCIDE o FESORD, le permite&hellip;","_links":{"self":[{"href":"https:\/\/www.visualfy.com\/es\/wp-json\/wp\/v2\/posts\/6754","targetHints":{"allow":["GET"]}}],"collection":[{"href":"https:\/\/www.visualfy.com\/es\/wp-json\/wp\/v2\/posts"}],"about":[{"href":"https:\/\/www.visualfy.com\/es\/wp-json\/wp\/v2\/types\/post"}],"author":[{"embeddable":true,"href":"https:\/\/www.visualfy.com\/es\/wp-json\/wp\/v2\/users\/2"}],"replies":[{"embeddable":true,"href":"https:\/\/www.visualfy.com\/es\/wp-json\/wp\/v2\/comments?post=6754"}],"version-history":[{"count":0,"href":"https:\/\/www.visualfy.com\/es\/wp-json\/wp\/v2\/posts\/6754\/revisions"}],"wp:featuredmedia":[{"embeddable":true,"href":"https:\/\/www.visualfy.com\/es\/wp-json\/wp\/v2\/media\/5352"}],"wp:attachment":[{"href":"https:\/\/www.visualfy.com\/es\/wp-json\/wp\/v2\/media?parent=6754"}],"wp:term":[{"taxonomy":"category","embeddable":true,"href":"https:\/\/www.visualfy.com\/es\/wp-json\/wp\/v2\/categories?post=6754"},{"taxonomy":"post_tag","embeddable":true,"href":"https:\/\/www.visualfy.com\/es\/wp-json\/wp\/v2\/tags?post=6754"}],"curies":[{"name":"wp","href":"https:\/\/api.w.org\/{rel}","templated":true}]}}