{"id":6752,"date":"2019-10-24T08:39:21","date_gmt":"2019-10-24T08:39:21","guid":{"rendered":"https:\/\/www.visualfy.com\/las-bibliotecas-mas-accesibles-de-espana\/"},"modified":"2025-02-27T08:15:35","modified_gmt":"2025-02-27T08:15:35","slug":"las-bibliotecas-mas-accesibles-de-espana","status":"publish","type":"post","link":"https:\/\/www.visualfy.com\/es\/las-bibliotecas-mas-accesibles-de-espana\/","title":{"rendered":"Las bibliotecas m\u00e1s accesibles de Espa\u00f1a"},"content":{"rendered":"\n<h2 class=\"wp-block-heading\">Con motivo del D\u00eda Internacional de las Bibliotecas hacemos un repaso por las espa\u00f1olas que han decidido apostar por la accesibilidad auditiva en sus instalaciones.<\/h2>\n\n\n\n<p>Las bibliotecas p\u00fablicas juegan un papel muy importante en la democratizaci\u00f3n de la informaci\u00f3n. Son una fuente esencial de conocimiento para la ciudadan\u00eda, a las que cualquiera deber\u00eda poder acceder libremente en cualquier momento, incluidas las <strong>personas con limitaciones f\u00edsicas o cognitivas<\/strong>, que habitualmente se encuentran <strong>barreras<\/strong> en su entorno. <\/p>\n\n\n\n<p><strong>Las bibliotecas, como cualquier otro ente p\u00fablico, adem\u00e1s deber\u00edan ser ejemplo de inclusi\u00f3n en todos los aspectos. <\/strong>Mejorar la accesibilidad de las personas sordas y con p\u00e9rdida auditiva en los edificios es imprescindible, pero tambi\u00e9n lo es <strong>facilitar el acceso auditivo a todos los contenidos que en ellas se ofrece poniendo a disposici\u00f3n de los usuarios libros y documentos adaptados, instalando bucles magn\u00e9ticos y sistemas de alarmas accesibles<\/strong>, entre otras soluciones. En el post de hoy hacemos un repaso por <strong>las bibliotecas espa\u00f1olas m\u00e1s comprometidas con la accesibilidad.  <\/strong><\/p>\n\n\n\n<h2 class=\"wp-block-heading\">Bibliotecas espa\u00f1olas que se han convertido en referentes de accesibilidad para personas sordas y con p\u00e9rdida auditiva<\/h2>\n\n\n\n<h3 class=\"wp-block-heading\">Biblioteca Luis Rosales (Carabanchel, Madrid)<\/h3>\n\n\n\n<p>La <a href=\"http:\/\/www.madrid.org\/cs\/Satellite?cid=1354380829018&amp;language=es&amp;pagename=PortalLector%2FPage%2FPLEC_contenidoFinalNavegable\" target=\"_blank\" rel=\"noopener\">biblioteca Luis Rosales situada en el barrio de Carabanchel<\/a> en Madrid es una de las m\u00e1s accesibles. Dispone de bucle magn\u00e9tico para facilitar la accesibilidad en conferencias, charlas y talleres. Adem\u00e1s, cuenta con una secci\u00f3n dedicada a los contenidos en lengua de signos llamado del mismo modo \u201cLengua de signos\u201d que ofrece una amplia variedad de pel\u00edculas interpretadas en lengua de signos y material did\u00e1ctico para el aprendizaje como libros adaptados.<\/p>\n\n\n\n<h2 class=\"wp-block-heading\">Biblioteca Miguel de Cervantes (M\u00e1laga)<\/h2>\n\n\n\n<p>En esta biblioteca andaluza hay un <a href=\"http:\/\/bibliotecas.malaga.eu\/es\/servicios\/seccion-orientada-a-las-personas-con-discapacidad-auditiva-en-la-biblioteca-miguel-de-cervantes\/#prettyPhoto\" target=\"_blank\" rel=\"noopener\">proyecto espec\u00edfico para mejorar la accesibilidad de las personas sordas<\/a> con un objetivo:  que las personas sordas formen parte inclusivamente de los servicios bibliotecarios. Para conseguirlo desde la biblioteca llevan a cabo actividades y ofrecen diferentes servicios accesibles en colaboraci\u00f3n con la&nbsp;<strong>Sociedad Federada de Personas Sordas de M\u00e1laga<\/strong>.<\/p>\n\n\n\n<h3 class=\"wp-block-heading\">Biblioteca de Signos Virtual Miguel de Cervantes (Alicante)<\/h3>\n\n\n\n<p>La <a href=\"https:\/\/www.visualfy.com\/es\/ruben-nogueira-director-academico-biblioteca-signos-virtual-miguel-cervantes\/\">biblioteca Virtual Miguel de Cervantes<\/a>, famosa por su amplio cat\u00e1logo de obras panhisp\u00e1nicas en formato digital, es tambi\u00e9n conocida por ser la primera biblioteca de lenguas de signos virtual. Como ya te contamos en el post en el que entrevistamos a su director, se cre\u00f3 en el a\u00f1o 1998 con el fin de eliminar las barreras en el acceso a la informaci\u00f3n de las personas sordas y de conseguir que la LSE fuera considerada socialmente como una lengua m\u00e1s, con una identidad cultural propia.<\/p>\n\n\n\n<p>Entre los contenidos que hay disponibles para su consulta en la Biblioteca de Signos Virtual se incluyen <strong>proyectos de investigaci\u00f3n de la LSE, secciones con informaci\u00f3n sobre la educaci\u00f3n biling\u00fce y bicultural, diccionarios hist\u00f3ricos, cuentos cl\u00e1sicos y obras literarias de gran valor hist\u00f3rico<\/strong> como Don Quijote de la Mancha o la poes\u00eda de Pablo Neruda o Ra\u00fal Zurita, entre otros. <\/p>\n\n\n\n<h3 class=\"wp-block-heading\">La telebiblioteca (Madrid)<\/h3>\n\n\n\n<p>La <a href=\"http:\/\/www.madrid.org\/cs\/Satellite?cid=1343065588714&amp;language=es&amp;pagename=PortalLector%2FPage%2FPLEC_contenidoFinal\" target=\"_blank\" rel=\"noopener\">telebiblioteca<\/a> es un servicio que ofrece la comunidad de Madrid a personas con una discapacidad igual o mayor al 33% y a personas mayores de 70 a\u00f1os que tienen dificultades para acudir o acceder a las bibliotecas. <strong>Tras acreditar la discapacidad y rellenar un formulario puedes solicitar hasta 6 documentos para que te los env\u00eden a casa y acudan a recogerlos al finalizar el pr\u00e9stamo. <\/strong> <\/p>\n\n\n\n<h3 class=\"wp-block-heading\">Biblioteca Sagrada Fam\u00edlia-Josep M. Ainaud de Lasarte (Barcelona)<\/h3>\n\n\n\n<p>La <a href=\"http:\/\/ajuntament.barcelona.cat\/biblioteques\/bibsagradafamilia\/es\" target=\"_blank\" rel=\"noopener\">biblioteca Sagrada Familia<\/a> es una de las m\u00e1s accesibles de Catalu\u00f1a. Cuenta con diferentes soluciones para facilitar la accesibilidad a sus contenidos a personas con dificultades auditivas, y de visi\u00f3n y movilidad reducidas. Dispone de libros y documentos impresos con lectura f\u00e1cil, as\u00ed como un servicio de traducci\u00f3n en lengua de signos, cuentos y pel\u00edculas en lengua de signos y sistemas de bucles magn\u00e9tico en los diferentes espacios. <\/p>\n\n\n\n<h2 class=\"wp-block-heading\">Ofrecer servicios y recursos adaptados, claves para mejorar la accesibilidad auditiva en bibliotecas<\/h2>\n\n\n\n<p>Las bibliotecas que hemos visto anteriormente son consideradas referentes no solo por cumplir la normativa vigente en materia de accesibilidad auditiva (<a href=\"https:\/\/www.visualfy.com\/es\/codigo-tecnico-edificacion-accesibilidad-perdida-auditiva\/\">que te resumimos aqu\u00ed<\/a>), sino por tambi\u00e9n ofrecer recursos y servicios adicionales adaptados a las necesidades auditivas de los usuarios. Los m\u00e1s destacados son: documentos y libros de lectura f\u00e1cil, ordenadores adaptados, salas de estudio y de conferencias con bucles magn\u00e9ticos, signogu\u00edas, contenido escrito y\/o audiovisual adaptado en lengua de signos, informaci\u00f3n visual, charlas y talleres personalizadas, servicio de int\u00e9rpretes y atenci\u00f3n personalizada, etc. <\/p>\n\n\n\n<p>Tambi\u00e9n es necesario subrayar la <strong>importancia de adecuar los avisos de emergencia para que tambi\u00e9n sean accesibles. <\/strong>Las personas hipoac\u00fasicas son las que m\u00e1s informaci\u00f3n se pierden en este aspecto. Optar por un sistema de alarmas adaptado o la combinaci\u00f3n de alarmas ac\u00fasticas y alertas visuales accesibles como las que ofrece nuestro sistema <a href=\"https:\/\/www.visualfy.com\/es\/para-entidades\/\">Visualfy Places<\/a> puede ayudar a hacerlas m\u00e1s efectivas. <\/p>\n\n\n\n<figure class=\"wp-block-image size-full\"><a href=\"https:\/\/www.visualfy.com\/es\/visualfy-places\/\" target=\"_blank\" rel=\" noreferrer noopener\"><img decoding=\"async\" width=\"960\" height=\"240\" src=\"https:\/\/www.visualfy.com\/wp-content\/uploads\/2020\/10\/banner-asesor-accesibilidad.jpg\" alt=\"Banner asesor accesibilidad\" class=\"wp-image-8650\" srcset=\"https:\/\/www.visualfy.com\/wp-content\/uploads\/2020\/10\/banner-asesor-accesibilidad.jpg 960w, https:\/\/www.visualfy.com\/wp-content\/uploads\/2020\/10\/banner-asesor-accesibilidad-300x75.jpg 300w, https:\/\/www.visualfy.com\/wp-content\/uploads\/2020\/10\/banner-asesor-accesibilidad-768x192.jpg 768w\" sizes=\"(max-width: 960px) 100vw, 960px\" \/><\/a><\/figure>\n","protected":false},"excerpt":{"rendered":"<p>Con motivo del D\u00eda Internacional de las Bibliotecas hacemos un repaso por las espa\u00f1olas que han decidido apostar por la accesibilidad auditiva en sus instalaciones. Las bibliotecas p\u00fablicas juegan un papel muy importante en la democratizaci\u00f3n de la informaci\u00f3n. Son una fuente esencial de conocimiento para la ciudadan\u00eda, a las que cualquiera deber\u00eda poder acceder [&hellip;]<\/p>\n","protected":false},"author":2,"featured_media":5347,"comment_status":"open","ping_status":"open","sticky":false,"template":"","format":"standard","meta":{"_acf_changed":false,"content-type":"","_uag_custom_page_level_css":"","footnotes":""},"categories":[29],"tags":[],"class_list":["post-6752","post","type-post","status-publish","format-standard","has-post-thumbnail","hentry","category-accesibilidad-espacios-publicos"],"acf":[],"spectra_custom_meta":{"_wp_page_template":["default"],"rank_math_internal_links_processed":["1"],"_wpml_word_count":["891"],"_yoast_wpseo_primary_category":["5348"],"_yoast_wpseo_keywordsynonyms":["[\"\"]"],"_wpml_media_duplicate":["0"],"_wpml_media_featured":["0"],"_yoast_wpseo_focuskeywords":["[]"],"_et_monarch_override":[""],"amazonS3_cache":["a:43:{s:81:\"\/\/visualfy.acceseo.dev\/wp-content\/uploads\/2020\/10\/banner-asesor-accesibilidad.jpg\";a:1:{s:9:\"timestamp\";i:1744269462;}s:83:\"\/\/visualfy.acceseo.dev\/wp-content\/uploads\/2025\/02\/bibliotecas-accesibles-espana.jpg\";a:1:{s:9:\"timestamp\";i:1744269462;}s:69:\"\/\/visualfy.acceseo.dev\/wp-content\/uploads\/2025\/02\/lse-icon-button.svg\";a:1:{s:9:\"timestamp\";i:1744268140;}s:81:\"\/\/visualfy.acceseo.dev\/wp-content\/uploads\/2025\/02\/visualfy-places-placeholder.jpg\";a:1:{s:9:\"timestamp\";i:1744268140;}s:66:\"\/\/visualfy.acceseo.dev\/wp-content\/uploads\/2025\/01\/computer_404.svg\";a:1:{s:9:\"timestamp\";i:1744268140;}s:63:\"\/\/visualfy.acceseo.dev\/wp-content\/uploads\/2025\/01\/user-icon.svg\";a:1:{s:9:\"timestamp\";i:1744268140;}s:58:\"\/\/visualfy.acceseo.dev\/wp-content\/uploads\/2025\/01\/menu.svg\";a:1:{s:9:\"timestamp\";i:1744268140;}s:67:\"\/\/visualfy.acceseo.dev\/wp-content\/uploads\/2025\/01\/logo-visualfy.svg\";a:1:{s:9:\"timestamp\";i:1744268140;}s:65:\"\/\/visualfy.acceseo.dev\/wp-content\/uploads\/2025\/01\/logo-footer.svg\";a:1:{s:9:\"timestamp\";i:1744268140;}s:88:\"\/\/visualfy.acceseo.dev\/wp-content\/uploads\/2025\/01\/union-europea-ministerio-industria.png\";a:1:{s:9:\"timestamp\";i:1744268140;}s:78:\"\/\/visualfy.acceseo.dev\/wp-content\/uploads\/2025\/01\/fondo-europeo-innovacion.png\";a:1:{s:9:\"timestamp\";i:1744268140;}s:77:\"\/\/visualfy.acceseo.dev\/wp-content\/uploads\/2025\/01\/generalitat-ivace-feder.png\";a:1:{s:9:\"timestamp\";i:1744268140;}s:85:\"\/\/visualfy.acceseo.dev\/wp-content\/uploads\/2025\/01\/generalita-ivace-cofinanciacion.png\";a:1:{s:9:\"timestamp\";i:1744268140;}s:88:\"\/\/visualfy.acceseo.dev\/wp-content\/uploads\/2020\/10\/banner-asesor-accesibilidad-300x75.jpg\";a:1:{s:9:\"timestamp\";i:1744268140;}s:89:\"\/\/visualfy.acceseo.dev\/wp-content\/uploads\/2020\/10\/banner-asesor-accesibilidad-768x192.jpg\";a:1:{s:9:\"timestamp\";i:1744268140;}s:61:\"\/\/visualfy.acceseo.dev\/wp-content\/uploads\/2025\/02\/Sem-3-1.png\";a:1:{s:9:\"timestamp\";i:1744268140;}s:69:\"\/\/visualfy.acceseo.dev\/wp-content\/uploads\/2025\/02\/Sem-3-1-300x176.png\";a:1:{s:9:\"timestamp\";i:1744268140;}s:70:\"\/\/visualfy.acceseo.dev\/wp-content\/uploads\/2025\/02\/Sem-3-1-1024x600.png\";a:1:{s:9:\"timestamp\";i:1744268140;}s:69:\"\/\/visualfy.acceseo.dev\/wp-content\/uploads\/2025\/02\/Sem-3-1-768x450.png\";a:1:{s:9:\"timestamp\";i:1744268140;}s:70:\"\/\/visualfy.acceseo.dev\/wp-content\/uploads\/2025\/02\/Sem-3-1-1536x900.png\";a:1:{s:9:\"timestamp\";i:1744268140;}s:71:\"\/\/visualfy.acceseo.dev\/wp-content\/uploads\/2025\/02\/Sem-3-1-2048x1200.png\";a:1:{s:9:\"timestamp\";i:1744268140;}s:63:\"\/\/visualfy.acceseo.dev\/wp-content\/uploads\/2025\/02\/Sem-2-3-1.jpg\";a:1:{s:9:\"timestamp\";i:1744268140;}s:71:\"\/\/visualfy.acceseo.dev\/wp-content\/uploads\/2025\/02\/Sem-2-3-1-300x169.jpg\";a:1:{s:9:\"timestamp\";i:1744268140;}s:72:\"\/\/visualfy.acceseo.dev\/wp-content\/uploads\/2025\/02\/Sem-2-3-1-1024x576.jpg\";a:1:{s:9:\"timestamp\";i:1744268140;}s:71:\"\/\/visualfy.acceseo.dev\/wp-content\/uploads\/2025\/02\/Sem-2-3-1-768x432.jpg\";a:1:{s:9:\"timestamp\";i:1744268140;}s:72:\"\/\/visualfy.acceseo.dev\/wp-content\/uploads\/2025\/02\/Sem-2-3-1-1536x864.jpg\";a:1:{s:9:\"timestamp\";i:1744268140;}s:63:\"\/\/visualfy.acceseo.dev\/wp-content\/uploads\/2025\/02\/Sem-1-2-1.png\";a:1:{s:9:\"timestamp\";i:1744268140;}s:71:\"\/\/visualfy.acceseo.dev\/wp-content\/uploads\/2025\/02\/Sem-1-2-1-300x157.png\";a:1:{s:9:\"timestamp\";i:1744268140;}s:72:\"\/\/visualfy.acceseo.dev\/wp-content\/uploads\/2025\/02\/Sem-1-2-1-1024x535.png\";a:1:{s:9:\"timestamp\";i:1744268140;}s:71:\"\/\/visualfy.acceseo.dev\/wp-content\/uploads\/2025\/02\/Sem-1-2-1-768x401.png\";a:1:{s:9:\"timestamp\";i:1744268140;}s:67:\"\/\/visualfy.acceseo.dev\/wp-content\/uploads\/2025\/02\/caixa-popular.svg\";a:1:{s:9:\"timestamp\";i:1744268140;}s:58:\"\/\/visualfy.acceseo.dev\/wp-content\/uploads\/2025\/02\/cdti.svg\";a:1:{s:9:\"timestamp\";i:1744268140;}s:58:\"\/\/visualfy.acceseo.dev\/wp-content\/uploads\/2025\/02\/cnse.svg\";a:1:{s:9:\"timestamp\";i:1744268140;}s:60:\"\/\/visualfy.acceseo.dev\/wp-content\/uploads\/2025\/02\/esteve.svg\";a:1:{s:9:\"timestamp\";i:1744268140;}s:60:\"\/\/visualfy.acceseo.dev\/wp-content\/uploads\/2025\/02\/fesord.svg\";a:1:{s:9:\"timestamp\";i:1744268140;}s:76:\"\/\/visualfy.acceseo.dev\/wp-content\/uploads\/2025\/02\/generalitat-valenciana.svg\";a:1:{s:9:\"timestamp\";i:1744268140;}s:66:\"\/\/visualfy.acceseo.dev\/wp-content\/uploads\/2025\/02\/horizon-2020.svg\";a:1:{s:9:\"timestamp\";i:1744268140;}s:59:\"\/\/visualfy.acceseo.dev\/wp-content\/uploads\/2025\/02\/ivace.svg\";a:1:{s:9:\"timestamp\";i:1744268140;}s:62:\"\/\/visualfy.acceseo.dev\/wp-content\/uploads\/2025\/02\/montsant.svg\";a:1:{s:9:\"timestamp\";i:1744268140;}s:69:\"\/\/visualfy.acceseo.dev\/wp-content\/uploads\/2025\/02\/naciones-unidas.svg\";a:1:{s:9:\"timestamp\";i:1744268140;}s:62:\"\/\/visualfy.acceseo.dev\/wp-content\/uploads\/2025\/02\/randstad.svg\";a:1:{s:9:\"timestamp\";i:1744268140;}s:64:\"\/\/visualfy.acceseo.dev\/wp-content\/uploads\/2025\/02\/telefonica.svg\";a:1:{s:9:\"timestamp\";i:1744268140;}s:66:\"\/\/visualfy.acceseo.dev\/wp-content\/uploads\/2025\/02\/wingstoclaim.svg\";a:1:{s:9:\"timestamp\";i:1744268140;}}"],"_yoast_wpseo_opengraph-title":[""],"_yoast_wpseo_opengraph-description":[""],"_yst_prominent_words_version":["1"],"_yoast_wpseo_video_meta":[""],"_yoast_wpseo_videositemap-duration":[""],"_yoast_wpseo_videositemap-rating":[""],"_yoast_wpseo_metadesc":["Repasamos las bibliotecas espa\u00f1olas que m\u00e1s apuestan por facilitar la accesibilidad auditiva en sus instalaciones y en sus recursos."],"_yoast_wpseo_focuskw":[""],"_yoast_wpseo_content_score":[""],"cmplz_hide_cookiebanner":[""],"_wpml_location_migration_done":["1"],"_fgj2wp_old_id":[""],"_yoast_wpseo_metakeywords":[""],"_bsf_post_type":[""],"_yoast_wpseo_meta-robots-noindex":[""],"_fgj2wp_translation_association_key":[""],"_product_image_gallery":[""],"_wp_old_slug":[""],"_yoast_wpseo_title":[""],"slide_template":[""],"_yoast_wpseo_opengraph-image":["https:\/\/cdn.visualfy.com\/img\/bibliotecas-accesibles-espana.jpg"],"_yoast_wpseo_opengraph-image-id":["28577"],"_wp_old_date":[""],"_bsf_article_image":[""],"_bsf_article_name":[""],"_bsf_article_desc":[""],"_bsf_article_author":[""],"_bsf_article_publisher":[""],"_bsf_article_publisher_logo":[""],"_yoast_wpseo_meta-robots-nofollow":[""],"amp_status":[""],"_cmplz_scanned_post":["1"],"_encloseme":[""],"_last_translation_edit_mode":[""],"_yoast_wpseo_twitter-title":[""],"_yoast_wpseo_twitter-description":[""],"_yoast_wpseo_twitter-image":[""],"_yoast_wpseo_twitter-image-id":[""],"_yoast_wpseo_linkdex":[""],"_thumbnail_id":["5347"],"_pingme":["1"],"_edit_last":["1"],"_edit_lock":["1740644138:1"],"rank_math_seo_score":["19"],"rank_math_primary_category":["29"],"lse_enlace":[""],"_lse_enlace":["field_67b5db1d9d4ca"],"_betterdocs_reusable_block_ids":["a:0:{}"],"copied_media_ids":["a:1:{i:0;i:8650;}"],"referenced_media_ids":["a:1:{i:0;i:5347;}"]},"uagb_featured_image_src":{"full":["https:\/\/www.visualfy.com\/wp-content\/uploads\/2025\/02\/bibliotecas-accesibles-espana.jpg",900,600,false],"thumbnail":["https:\/\/www.visualfy.com\/wp-content\/uploads\/2025\/02\/bibliotecas-accesibles-espana-150x150.jpg",150,150,true],"medium":["https:\/\/www.visualfy.com\/wp-content\/uploads\/2025\/02\/bibliotecas-accesibles-espana-300x200.jpg",300,200,true],"medium_large":["https:\/\/www.visualfy.com\/wp-content\/uploads\/2025\/02\/bibliotecas-accesibles-espana-768x512.jpg",768,512,true],"large":["https:\/\/www.visualfy.com\/wp-content\/uploads\/2025\/02\/bibliotecas-accesibles-espana.jpg",900,600,false],"1536x1536":["https:\/\/www.visualfy.com\/wp-content\/uploads\/2025\/02\/bibliotecas-accesibles-espana.jpg",900,600,false],"2048x2048":["https:\/\/www.visualfy.com\/wp-content\/uploads\/2025\/02\/bibliotecas-accesibles-espana.jpg",900,600,false]},"uagb_author_info":{"display_name":"visualfy","author_link":"https:\/\/www.visualfy.com\/es\/author\/visualfy\/"},"uagb_comment_info":0,"uagb_excerpt":"Con motivo del D\u00eda Internacional de las Bibliotecas hacemos un repaso por las espa\u00f1olas que han decidido apostar por la accesibilidad auditiva en sus instalaciones. Las bibliotecas p\u00fablicas juegan un papel muy importante en la democratizaci\u00f3n de la informaci\u00f3n. Son una fuente esencial de conocimiento para la ciudadan\u00eda, a las que cualquiera deber\u00eda poder acceder&hellip;","_links":{"self":[{"href":"https:\/\/www.visualfy.com\/es\/wp-json\/wp\/v2\/posts\/6752","targetHints":{"allow":["GET"]}}],"collection":[{"href":"https:\/\/www.visualfy.com\/es\/wp-json\/wp\/v2\/posts"}],"about":[{"href":"https:\/\/www.visualfy.com\/es\/wp-json\/wp\/v2\/types\/post"}],"author":[{"embeddable":true,"href":"https:\/\/www.visualfy.com\/es\/wp-json\/wp\/v2\/users\/2"}],"replies":[{"embeddable":true,"href":"https:\/\/www.visualfy.com\/es\/wp-json\/wp\/v2\/comments?post=6752"}],"version-history":[{"count":0,"href":"https:\/\/www.visualfy.com\/es\/wp-json\/wp\/v2\/posts\/6752\/revisions"}],"wp:featuredmedia":[{"embeddable":true,"href":"https:\/\/www.visualfy.com\/es\/wp-json\/wp\/v2\/media\/5347"}],"wp:attachment":[{"href":"https:\/\/www.visualfy.com\/es\/wp-json\/wp\/v2\/media?parent=6752"}],"wp:term":[{"taxonomy":"category","embeddable":true,"href":"https:\/\/www.visualfy.com\/es\/wp-json\/wp\/v2\/categories?post=6752"},{"taxonomy":"post_tag","embeddable":true,"href":"https:\/\/www.visualfy.com\/es\/wp-json\/wp\/v2\/tags?post=6752"}],"curies":[{"name":"wp","href":"https:\/\/api.w.org\/{rel}","templated":true}]}}