{"id":6721,"date":"2019-08-27T07:10:55","date_gmt":"2019-08-27T07:10:55","guid":{"rendered":"https:\/\/www.visualfy.com\/tecnologias-para-la-accesibilidad-universal-en-espacios-publicos-y-privados\/"},"modified":"2025-02-27T08:34:40","modified_gmt":"2025-02-27T08:34:40","slug":"tecnologias-para-la-accesibilidad-universal-en-espacios-publicos-y-privados","status":"publish","type":"post","link":"https:\/\/www.visualfy.com\/es\/tecnologias-para-la-accesibilidad-universal-en-espacios-publicos-y-privados\/","title":{"rendered":"Las mejores tecnolog\u00edas para la accesibilidad universal en espacios p\u00fablicos y privados"},"content":{"rendered":"\n<p>\n<strong>La accesibilidad universal<\/strong> es como un buen \u00e1rbitro: debe\nestar presente, cumplir sus funciones a la perfecci\u00f3n, pero <strong>sin\nque se note su presencia<\/strong>. O, al menos, as\u00ed deber\u00eda ser.<\/p>\n\n\n\n<p>Un espacio adaptado a los principios de la accesibilidad universal, adem\u00e1s de cumplir con la normativa legal<a href=\"https:\/\/www.visualfy.com\/es\/codigo-tecnico-edificacion-accesibilidad-perdida-auditiva\/\"> <\/a>vigente en el CTE (<a href=\"https:\/\/www.visualfy.com\/es\/codigo-tecnico-edificacion-accesibilidad-perdida-auditiva\/\">aqu\u00ed te lo explicamos con detalle<\/a>), proporciona al usuario la mejor experiencia posible, independientemente de sus circunstancias.  <\/p>\n\n\n\n<p>Las personas que visitan un museo, un hotel o una biblioteca quieren disfrutar de sus obras de arte, de un viaje maravilloso o de la mejor literatura. A nadie le gusta tener que hablar de las malas condiciones de accesibilidad de un edificio al terminar su visita; igual que nadie quiere hablar de lo mal que lo ha hecho un \u00e1rbitro al finalizar el partido.<\/p>\n\n\n<span class='bctt-click-to-tweet'><span class='bctt-ctt-text'><a href='https:\/\/x.com\/intent\/tweet?url=https%3A%2F%2Fwww.visualfy.com%2Fes%2Ftecnologias-para-la-accesibilidad-universal-en-espacios-publicos-y-privados%2F&#038;text=La%20accesibilidad%20universal%20es%20como%20un%20buen%20%C3%A1rbitro%3A%20debe%20estar%20presente%2C%20cumplir%20sus%20funciones%20a%20la%20perfecci%C3%B3n%2C%20pero%20sin%20que%20se%20note%20su%20presencia.%20&#038;via=visualfy&#038;related=visualfy' target='_blank'rel=\"noopener noreferrer\">La accesibilidad universal es como un buen \u00e1rbitro: debe estar presente, cumplir sus funciones a la perfecci\u00f3n, pero sin que se note su presencia.  <\/a><\/span><a href='https:\/\/x.com\/intent\/tweet?url=https%3A%2F%2Fwww.visualfy.com%2Fes%2Ftecnologias-para-la-accesibilidad-universal-en-espacios-publicos-y-privados%2F&#038;text=La%20accesibilidad%20universal%20es%20como%20un%20buen%20%C3%A1rbitro%3A%20debe%20estar%20presente%2C%20cumplir%20sus%20funciones%20a%20la%20perfecci%C3%B3n%2C%20pero%20sin%20que%20se%20note%20su%20presencia.%20&#038;via=visualfy&#038;related=visualfy' target='_blank' class='bctt-ctt-btn'rel=\"noopener noreferrer\">Compartir en X<\/a><\/span>\n\n\n<h2 class=\"wp-block-heading\">La accesibilidad universal<\/h2>\n\n\n\n<p>Un espacio se considera totalmente accesible cuando puede ser utilizado por todas las personas que lo transitan, con independencia de sus circunstancias personales o de si tienen alguna discapacidad, con comodidad y plenitud de uso. El cumplimiento de los principios de <a href=\"https:\/\/www.mscbs.gob.es\/ssi\/discapacidad\/informacion\/accesibilidadUniversal.htm\" target=\"_blank\" rel=\"noopener\">accesibilidad universal<\/a><strong> facilita la experiencia de usuario y, en general, la calidad de vida y bienestar de las personas, en tanto mejora su relaci\u00f3n con el entorno.<\/strong><\/p>\n\n\n\n<p>Actualmente, <strong>la normativa obliga a\nque los espacios sean lo m\u00e1s accesibles posible<\/strong>, pero puedes ir\nm\u00e1s all\u00e1 de las exigencias legales y contribuir a mejorar la vida\nde las personas conociendo y aplicando los <a href=\"https:\/\/www.discapnet.es\/areas-tematicas\/nuestos-derechos\/preguntas-y-respuestas\/igualdad-de-oportunidades-no-discriminacion-y-accesibilidad-universal\" target=\"_blank\" rel=\"noopener\">principios\nde accesi<\/a><a href=\"https:\/\/www.discapnet.es\/areas-tematicas\/nuestos-derechos\/preguntas-y-respuestas\/igualdad-de-oportunidades-no-discriminacion-y-accesibilidad-universal\" target=\"_blank\" rel=\"noopener\">bilidad\nuniversal<\/a>.<\/p>\n\n\n\n<p>A continuaci\u00f3n te mostramos <strong>5 tecnolog\u00edas que te ayudar\u00e1n a crear espacios accesibles, acordes con este esp\u00edritu de accesibilidad universal. <\/strong> <\/p>\n\n\n\n<h2 class=\"wp-block-heading\"> 5 tecnolog\u00edas para la accesibilidad universal<\/h2>\n\n\n\n<h3 class=\"wp-block-heading\"><strong>1. Geofencing: <\/strong>tecnolog\u00eda que establece l\u00edmites virtuales en una zona concreta.<\/h3>\n\n\n\n<p>Aunque parezca algo propio de pel\u00edculas de ciencia ficci\u00f3n, el geofencing es una realidad desde hace algunos a\u00f1os, y consiste en <strong>crear zonas determinadas donde se puede interactuar de una manera concreta con el usuario<\/strong>. Imagina que est\u00e1s en un museo y tienes activada la geolocalizaci\u00f3n. En ese momento el museo, a trav\u00e9s de esta tecnolog\u00eda, sabe que est\u00e1s all\u00ed y te propone experiencias adecuadas a tus gustos y necesidades. Por ejemplo, una audio gu\u00eda con la descripci\u00f3n de sus obras para personas ciegas, una signogu\u00eda para usuarios de lengua de signos o la mejor ruta de evacuaci\u00f3n en caso de emergencia.<\/p>\n\n\n\n<h3 class=\"wp-block-heading\"><strong>2. Visualfy Places:<\/strong> adapta el espacio a personas sordas o con p\u00e9rdida auditiva.<\/h3>\n\n\n\n<p>Visualfy utiliza la<strong> inteligencia artificial<\/strong> para reconocer los sonidos relevantes del entorno y mostrarlos en forma de alertas luminosas y notificaciones en dispositivos inteligentes como bombillas, sistema de se\u00f1al\u00e9tica, m\u00f3viles o smartbands.<\/p>\n\n\n\n<figure class=\"wp-block-image aligncenter size-full\"><img decoding=\"async\" width=\"721\" height=\"406\" src=\"https:\/\/www.visualfy.com\/wp-content\/uploads\/2025\/02\/cropped-visualfy-places-1.jpg\" alt=\"Luces de alerta\" class=\"wp-image-5859\" srcset=\"https:\/\/www.visualfy.com\/wp-content\/uploads\/2025\/02\/cropped-visualfy-places-1.jpg 721w, https:\/\/www.visualfy.com\/wp-content\/uploads\/2025\/02\/cropped-visualfy-places-1-300x169.jpg 300w\" sizes=\"(max-width: 721px) 100vw, 721px\" \/><\/figure>\n\n\n\n<p>De este modo, <strong>cualquier persona en hoteles, edificios p\u00fablicos, puestos de trabajo, etc., est\u00e1 informada de los sonidos m\u00e1s importantes que suceden a su alrededor<\/strong> como, por ejemplo, la alarma de evacuaci\u00f3n, incendios, un timbre o un tel\u00e9fono. El sistema no requiere de instalaciones e incluye actualizaciones y futuras funcionalidades. Adem\u00e1s, se puede complementar con signo-gu\u00edas y bucles magn\u00e9ticos. Puedes consultar m\u00e1s detalles de su funcionamiento en la <a href=\"https:\/\/www.visualfy.com\/es\/\">web<\/a>.<\/p>\n\n\n\n<h3 class=\"wp-block-heading\"> <strong>3.Accessible books:<\/strong> libros para personas con discapacidad visual.<\/h3>\n\n\n\n<p> A todos nos gusta disfrutar de una buena lectura o necesitamos consultar informaci\u00f3n en alg\u00fan libro. Pero un gesto tan cotidiano como este, no es posible para un amplio colectivo de personas ciegas, con discapacidad visual o con dificultades para acceder a texto impreso. Para resolver este problema se han creado <a href=\"https:\/\/www.accessiblebooksconsortium.org\/portal\/en\/index.html\" target=\"_blank\" rel=\"noopener\">los libros accesibles<\/a>: libros con formatos como el braile, audiolibro, texto electr\u00f3nico y caracteres grandes, que permiten su lectura a personas con alg\u00fan tipo de discapacidad visual.<\/p>\n\n\n\n<h3 class=\"wp-block-heading\"><strong>4. Bucle magn\u00e9tico: <\/strong>para personas con implante coclear y aud\u00edfonos.<\/h3>\n\n\n\n<p>\nEl bucle magn\u00e9tico permite a aquellas personas que tienen aud\u00edfonos\no implantes cocleares, recibir el sonido con mayor claridad,\ndirectamente a sus ayudas t\u00e9cnicas. Los hay fijos, por ejemplo para\nla recepci\u00f3n de un hotel o una sala de conferencias, y tambi\u00e9n los\nhay m\u00f3viles, como los que utilizan los gu\u00edas de turismo. De este\nmodo, un gu\u00eda que lleve un bucle magn\u00e9tico port\u00e1til facilita que\nuna <strong>persona con aud\u00edfono o implante coclear, escuche sus\nexplicaciones. <\/strong>\n<\/p>\n\n\n\n<h3 class=\"wp-block-heading\"><strong>5. V\u00eddeo interpretaci\u00f3n en tiempo real:<\/strong> SVisual \/ SignVideo<\/h3>\n\n\n\n<p> <a href=\"https:\/\/www.visualfy.com\/es\/svisual-ayuda-tecnica-personas-sordas-video-interpretacion\/\">SVisual<\/a> y su equivalente brit\u00e1nico SignVideo, permiten realizar llamadas en las que se requiere un int\u00e9rprete en lengua de signos. Las llamadas se pueden realizar desde la propia plataforma, o bien desde las webs de las marcas que tienen implementado el servicio. SignVideo opera en todo el Reino Unido y permite la interpretaci\u00f3n de ingl\u00e9s a British Sign Language (BSL); y SVisual facilita la comunicaci\u00f3n en Espa\u00f1a para los usuarios de Lengua de Signos Espa\u00f1ola (LSE). Tienes m\u00e1s detalles de c\u00f3mo funcionan en las web de <a href=\"http:\/\/www.svisual.org\/\" target=\"_blank\" rel=\"noopener\">Svisual <\/a>y <a href=\"https:\/\/www.signvideo.co.uk\/\" target=\"_blank\" rel=\"noopener\">SignVideo<\/a>.<\/p>\n\n\n\n<h2 class=\"wp-block-heading\">Los espacios deben adaptarse a las personas, no las personas a los espacios<\/h2>\n\n\n\n<p> Las personas con discapacidad deben enfrentarse a diario con todo tipo de obst\u00e1culos que dificultan la igualdad de oportunidades. Las causas que originan la desigualdad de las personas con discapacidad son comunicativas y arquitect\u00f3nicas, pero tambi\u00e9n son sociales. Por lo tanto, para que la adaptaci\u00f3n del espacio a este colectivo sea del todo \u00fatil y exitosa, siempre debe estar acompa\u00f1ada de la m\u00e1s importante de las tecnolog\u00edas: la actitud humana, el conocimiento y la empat\u00eda.<\/p>\n\n\n\n<figure class=\"wp-block-image size-full\"><a href=\"https:\/\/www.visualfy.com\/es\/visualfy-places\/\" target=\"_blank\" rel=\" noreferrer noopener\"><img decoding=\"async\" width=\"960\" height=\"240\" src=\"https:\/\/www.visualfy.com\/wp-content\/uploads\/2020\/10\/banner-asesor-accesibilidad.jpg\" alt=\"Banner asesor accesibilidad\" class=\"wp-image-8650\" srcset=\"https:\/\/www.visualfy.com\/wp-content\/uploads\/2020\/10\/banner-asesor-accesibilidad.jpg 960w, https:\/\/www.visualfy.com\/wp-content\/uploads\/2020\/10\/banner-asesor-accesibilidad-300x75.jpg 300w, https:\/\/www.visualfy.com\/wp-content\/uploads\/2020\/10\/banner-asesor-accesibilidad-768x192.jpg 768w\" sizes=\"(max-width: 960px) 100vw, 960px\" \/><\/a><\/figure>\n","protected":false},"excerpt":{"rendered":"<p>La accesibilidad universal es como un buen \u00e1rbitro: debe estar presente, cumplir sus funciones a la perfecci\u00f3n, pero sin que se note su presencia. O, al menos, as\u00ed deber\u00eda ser. Un espacio adaptado a los principios de la accesibilidad universal, adem\u00e1s de cumplir con la normativa legal vigente en el CTE (aqu\u00ed te lo explicamos [&hellip;]<\/p>\n","protected":false},"author":2,"featured_media":5221,"comment_status":"open","ping_status":"open","sticky":false,"template":"","format":"standard","meta":{"_acf_changed":false,"content-type":"","_uag_custom_page_level_css":"","footnotes":""},"categories":[39,29],"tags":[],"class_list":["post-6721","post","type-post","status-publish","format-standard","has-post-thumbnail","hentry","category-tecnologia-accesibilidad","category-accesibilidad-espacios-publicos"],"acf":[],"spectra_custom_meta":{"_wp_page_template":["default"],"rank_math_internal_links_processed":["1"],"_wpml_word_count":["945"],"_yoast_wpseo_primary_category":["295"],"_yoast_wpseo_keywordsynonyms":["[\"\"]"],"_wpml_media_duplicate":["0"],"_wpml_media_featured":["0"],"_yoast_wpseo_focuskeywords":["[]"],"_et_monarch_override":[""],"amazonS3_cache":["a:49:{s:74:\"\/\/www.mscbs.gob.es\/ssi\/discapacidad\/informacion\/accesibilidadUniversal.htm\";a:1:{s:9:\"timestamp\";i:1566892187;}s:74:\"\/\/www.visualfy.com\/wp-content\/uploads\/2019\/08\/visualfy-places-espacios.jpg\";i:27370;s:51:\"\/\/cdn.visualfy.com\/img\/visualfy-places-espacios.jpg\";i:27370;s:56:\"\/\/www.accessiblebooksconsortium.org\/portal\/en\/index.html\";a:1:{s:9:\"timestamp\";i:1566892187;}s:81:\"\/\/visualfy.acceseo.dev\/wp-content\/uploads\/2020\/10\/banner-asesor-accesibilidad.jpg\";a:1:{s:9:\"timestamp\";i:1744269464;}s:79:\"\/\/visualfy.acceseo.dev\/wp-content\/uploads\/2025\/02\/cropped-visualfy-places-1.jpg\";a:1:{s:9:\"timestamp\";i:1744269464;}s:107:\"\/\/visualfy.acceseo.dev\/wp-content\/uploads\/2025\/02\/cropped-herramientas-accesibilidad-universal-espacios.jpg\";a:1:{s:9:\"timestamp\";i:1744269464;}s:69:\"\/\/visualfy.acceseo.dev\/wp-content\/uploads\/2025\/02\/lse-icon-button.svg\";a:1:{s:9:\"timestamp\";i:1744268138;}s:81:\"\/\/visualfy.acceseo.dev\/wp-content\/uploads\/2025\/02\/visualfy-places-placeholder.jpg\";a:1:{s:9:\"timestamp\";i:1744268138;}s:66:\"\/\/visualfy.acceseo.dev\/wp-content\/uploads\/2025\/01\/computer_404.svg\";a:1:{s:9:\"timestamp\";i:1744268138;}s:63:\"\/\/visualfy.acceseo.dev\/wp-content\/uploads\/2025\/01\/user-icon.svg\";a:1:{s:9:\"timestamp\";i:1744268138;}s:58:\"\/\/visualfy.acceseo.dev\/wp-content\/uploads\/2025\/01\/menu.svg\";a:1:{s:9:\"timestamp\";i:1744268138;}s:67:\"\/\/visualfy.acceseo.dev\/wp-content\/uploads\/2025\/01\/logo-visualfy.svg\";a:1:{s:9:\"timestamp\";i:1744268138;}s:65:\"\/\/visualfy.acceseo.dev\/wp-content\/uploads\/2025\/01\/logo-footer.svg\";a:1:{s:9:\"timestamp\";i:1744268139;}s:88:\"\/\/visualfy.acceseo.dev\/wp-content\/uploads\/2025\/01\/union-europea-ministerio-industria.png\";a:1:{s:9:\"timestamp\";i:1744268139;}s:78:\"\/\/visualfy.acceseo.dev\/wp-content\/uploads\/2025\/01\/fondo-europeo-innovacion.png\";a:1:{s:9:\"timestamp\";i:1744268139;}s:77:\"\/\/visualfy.acceseo.dev\/wp-content\/uploads\/2025\/01\/generalitat-ivace-feder.png\";a:1:{s:9:\"timestamp\";i:1744268139;}s:85:\"\/\/visualfy.acceseo.dev\/wp-content\/uploads\/2025\/01\/generalita-ivace-cofinanciacion.png\";a:1:{s:9:\"timestamp\";i:1744268139;}s:87:\"\/\/visualfy.acceseo.dev\/wp-content\/uploads\/2025\/02\/cropped-visualfy-places-1-300x169.jpg\";a:1:{s:9:\"timestamp\";i:1744268139;}s:88:\"\/\/visualfy.acceseo.dev\/wp-content\/uploads\/2020\/10\/banner-asesor-accesibilidad-300x75.jpg\";a:1:{s:9:\"timestamp\";i:1744268139;}s:89:\"\/\/visualfy.acceseo.dev\/wp-content\/uploads\/2020\/10\/banner-asesor-accesibilidad-768x192.jpg\";a:1:{s:9:\"timestamp\";i:1744268139;}s:61:\"\/\/visualfy.acceseo.dev\/wp-content\/uploads\/2025\/02\/Sem-3-1.png\";a:1:{s:9:\"timestamp\";i:1744268139;}s:69:\"\/\/visualfy.acceseo.dev\/wp-content\/uploads\/2025\/02\/Sem-3-1-300x176.png\";a:1:{s:9:\"timestamp\";i:1744268139;}s:70:\"\/\/visualfy.acceseo.dev\/wp-content\/uploads\/2025\/02\/Sem-3-1-1024x600.png\";a:1:{s:9:\"timestamp\";i:1744268139;}s:69:\"\/\/visualfy.acceseo.dev\/wp-content\/uploads\/2025\/02\/Sem-3-1-768x450.png\";a:1:{s:9:\"timestamp\";i:1744268139;}s:70:\"\/\/visualfy.acceseo.dev\/wp-content\/uploads\/2025\/02\/Sem-3-1-1536x900.png\";a:1:{s:9:\"timestamp\";i:1744268139;}s:71:\"\/\/visualfy.acceseo.dev\/wp-content\/uploads\/2025\/02\/Sem-3-1-2048x1200.png\";a:1:{s:9:\"timestamp\";i:1744268139;}s:63:\"\/\/visualfy.acceseo.dev\/wp-content\/uploads\/2025\/02\/Sem-2-3-1.jpg\";a:1:{s:9:\"timestamp\";i:1744268139;}s:71:\"\/\/visualfy.acceseo.dev\/wp-content\/uploads\/2025\/02\/Sem-2-3-1-300x169.jpg\";a:1:{s:9:\"timestamp\";i:1744268139;}s:72:\"\/\/visualfy.acceseo.dev\/wp-content\/uploads\/2025\/02\/Sem-2-3-1-1024x576.jpg\";a:1:{s:9:\"timestamp\";i:1744268139;}s:71:\"\/\/visualfy.acceseo.dev\/wp-content\/uploads\/2025\/02\/Sem-2-3-1-768x432.jpg\";a:1:{s:9:\"timestamp\";i:1744268139;}s:72:\"\/\/visualfy.acceseo.dev\/wp-content\/uploads\/2025\/02\/Sem-2-3-1-1536x864.jpg\";a:1:{s:9:\"timestamp\";i:1744268139;}s:63:\"\/\/visualfy.acceseo.dev\/wp-content\/uploads\/2025\/02\/Sem-1-2-1.png\";a:1:{s:9:\"timestamp\";i:1744268139;}s:71:\"\/\/visualfy.acceseo.dev\/wp-content\/uploads\/2025\/02\/Sem-1-2-1-300x157.png\";a:1:{s:9:\"timestamp\";i:1744268139;}s:72:\"\/\/visualfy.acceseo.dev\/wp-content\/uploads\/2025\/02\/Sem-1-2-1-1024x535.png\";a:1:{s:9:\"timestamp\";i:1744268139;}s:71:\"\/\/visualfy.acceseo.dev\/wp-content\/uploads\/2025\/02\/Sem-1-2-1-768x401.png\";a:1:{s:9:\"timestamp\";i:1744268139;}s:67:\"\/\/visualfy.acceseo.dev\/wp-content\/uploads\/2025\/02\/caixa-popular.svg\";a:1:{s:9:\"timestamp\";i:1744268139;}s:58:\"\/\/visualfy.acceseo.dev\/wp-content\/uploads\/2025\/02\/cdti.svg\";a:1:{s:9:\"timestamp\";i:1744268139;}s:58:\"\/\/visualfy.acceseo.dev\/wp-content\/uploads\/2025\/02\/cnse.svg\";a:1:{s:9:\"timestamp\";i:1744268139;}s:60:\"\/\/visualfy.acceseo.dev\/wp-content\/uploads\/2025\/02\/esteve.svg\";a:1:{s:9:\"timestamp\";i:1744268139;}s:60:\"\/\/visualfy.acceseo.dev\/wp-content\/uploads\/2025\/02\/fesord.svg\";a:1:{s:9:\"timestamp\";i:1744268139;}s:76:\"\/\/visualfy.acceseo.dev\/wp-content\/uploads\/2025\/02\/generalitat-valenciana.svg\";a:1:{s:9:\"timestamp\";i:1744268139;}s:66:\"\/\/visualfy.acceseo.dev\/wp-content\/uploads\/2025\/02\/horizon-2020.svg\";a:1:{s:9:\"timestamp\";i:1744268139;}s:59:\"\/\/visualfy.acceseo.dev\/wp-content\/uploads\/2025\/02\/ivace.svg\";a:1:{s:9:\"timestamp\";i:1744268139;}s:62:\"\/\/visualfy.acceseo.dev\/wp-content\/uploads\/2025\/02\/montsant.svg\";a:1:{s:9:\"timestamp\";i:1744268139;}s:69:\"\/\/visualfy.acceseo.dev\/wp-content\/uploads\/2025\/02\/naciones-unidas.svg\";a:1:{s:9:\"timestamp\";i:1744268139;}s:62:\"\/\/visualfy.acceseo.dev\/wp-content\/uploads\/2025\/02\/randstad.svg\";a:1:{s:9:\"timestamp\";i:1744268139;}s:64:\"\/\/visualfy.acceseo.dev\/wp-content\/uploads\/2025\/02\/telefonica.svg\";a:1:{s:9:\"timestamp\";i:1744268139;}s:66:\"\/\/visualfy.acceseo.dev\/wp-content\/uploads\/2025\/02\/wingstoclaim.svg\";a:1:{s:9:\"timestamp\";i:1744268139;}}"],"_yoast_wpseo_opengraph-title":[""],"_yoast_wpseo_opengraph-description":[""],"_yst_prominent_words_version":["1"],"_yoast_wpseo_video_meta":["a:14:{s:2:\"id\";s:11:\"jwKNi8WRHJg\";s:4:\"type\";s:7:\"youtube\";s:3:\"url\";s:28:\"https:\/\/youtu.be\/jwKNi8WRHJg\";s:7:\"post_id\";s:5:\"27366\";s:5:\"title\";s:56:\"Tecnolog\u00edas para la accesibilidad universal en espacios\";s:16:\"publication_date\";s:25:\"2019-08-27T07:10:55+00:00\";s:11:\"description\";s:154:\"La accesibilidad universal es como un buen \u00e1rbitro: debe estar presente, cumplir sus funciones a la perfecci\u00f3n, pero sin que se note su presencia. O, al\";s:10:\"player_loc\";s:41:\"https:\/\/www.youtube.com\/embed\/jwKNi8WRHJg\";s:13:\"thumbnail_loc\";s:44:\"https:\/\/cdn.visualfy.com\/img\/jwkni8wrhjg.jpg\";s:8:\"duration\";s:3:\"596\";s:5:\"width\";s:3:\"480\";s:6:\"height\";s:3:\"270\";s:8:\"category\";s:32:\"Accesibilidad espacios p\u00fablicos\";s:3:\"tag\";a:0:{}}"],"_yoast_wpseo_videositemap-duration":["596"],"_yoast_wpseo_videositemap-rating":["0"],"_yoast_wpseo_metadesc":[""],"_yoast_wpseo_focuskw":[""],"_yoast_wpseo_content_score":[""],"cmplz_hide_cookiebanner":[""],"_wpml_location_migration_done":["1"],"_fgj2wp_old_id":[""],"_yoast_wpseo_metakeywords":[""],"_bsf_post_type":[""],"_yoast_wpseo_meta-robots-noindex":[""],"_fgj2wp_translation_association_key":[""],"_product_image_gallery":[""],"_wp_old_slug":[""],"_yoast_wpseo_title":["Tecnolog\u00edas para la accesibilidad universal en espacios"],"slide_template":[""],"_yoast_wpseo_opengraph-image":["https:\/\/cdn.visualfy.com\/img\/herramientas-accesibilidad-universal-espacios.jpg"],"_yoast_wpseo_opengraph-image-id":["27374"],"_wp_old_date":[""],"_bsf_article_image":[""],"_bsf_article_name":[""],"_bsf_article_desc":[""],"_bsf_article_author":[""],"_bsf_article_publisher":[""],"_bsf_article_publisher_logo":[""],"_yoast_wpseo_meta-robots-nofollow":[""],"amp_status":[""],"_cmplz_scanned_post":["1"],"_encloseme":[""],"_last_translation_edit_mode":[""],"_yoast_wpseo_twitter-title":[""],"_yoast_wpseo_twitter-description":[""],"_yoast_wpseo_twitter-image":[""],"_yoast_wpseo_twitter-image-id":[""],"_yoast_wpseo_linkdex":[""],"_thumbnail_id":["5221"],"_pingme":["1"],"_edit_last":["1"],"_oembed_9db7502763ea0d2335989ef5dfc1a8b0":["<iframe title=\"Las mejores tecnologi\u0301as para la accesibilidad universal - Visualfy\" width=\"500\" height=\"281\" src=\"https:\/\/www.youtube.com\/embed\/jwKNi8WRHJg?feature=oembed\" frameborder=\"0\" allow=\"accelerometer; autoplay; clipboard-write; encrypted-media; gyroscope; picture-in-picture; web-share\" referrerpolicy=\"strict-origin-when-cross-origin\" allowfullscreen><\/iframe>"],"_oembed_time_9db7502763ea0d2335989ef5dfc1a8b0":["1740645089"],"_edit_lock":["1740645407:1"],"rank_math_seo_score":["17"],"rank_math_primary_category":["39"],"_uag_custom_page_level_css":[""],"footnotes":[""],"lse_enlace":["https:\/\/youtu.be\/jwKNi8WRHJg"],"_lse_enlace":["field_67b5db1d9d4ca"],"_betterdocs_reusable_block_ids":["a:0:{}"],"copied_media_ids":["a:2:{i:0;i:8650;i:1;i:7567;}"],"referenced_media_ids":["a:1:{i:0;i:5221;}"]},"uagb_featured_image_src":{"full":["https:\/\/www.visualfy.com\/wp-content\/uploads\/2025\/02\/cropped-herramientas-accesibilidad-universal-espacios.jpg",800,450,false],"thumbnail":["https:\/\/www.visualfy.com\/wp-content\/uploads\/2025\/02\/cropped-herramientas-accesibilidad-universal-espacios-150x150.jpg",150,150,true],"medium":["https:\/\/www.visualfy.com\/wp-content\/uploads\/2025\/02\/cropped-herramientas-accesibilidad-universal-espacios-300x169.jpg",300,169,true],"medium_large":["https:\/\/www.visualfy.com\/wp-content\/uploads\/2025\/02\/cropped-herramientas-accesibilidad-universal-espacios-768x432.jpg",768,432,true],"large":["https:\/\/www.visualfy.com\/wp-content\/uploads\/2025\/02\/cropped-herramientas-accesibilidad-universal-espacios.jpg",800,450,false],"1536x1536":["https:\/\/www.visualfy.com\/wp-content\/uploads\/2025\/02\/cropped-herramientas-accesibilidad-universal-espacios.jpg",800,450,false],"2048x2048":["https:\/\/www.visualfy.com\/wp-content\/uploads\/2025\/02\/cropped-herramientas-accesibilidad-universal-espacios.jpg",800,450,false]},"uagb_author_info":{"display_name":"visualfy","author_link":"https:\/\/www.visualfy.com\/es\/author\/visualfy\/"},"uagb_comment_info":0,"uagb_excerpt":"La accesibilidad universal es como un buen \u00e1rbitro: debe estar presente, cumplir sus funciones a la perfecci\u00f3n, pero sin que se note su presencia. O, al menos, as\u00ed deber\u00eda ser. Un espacio adaptado a los principios de la accesibilidad universal, adem\u00e1s de cumplir con la normativa legal vigente en el CTE (aqu\u00ed te lo explicamos&hellip;","_links":{"self":[{"href":"https:\/\/www.visualfy.com\/es\/wp-json\/wp\/v2\/posts\/6721","targetHints":{"allow":["GET"]}}],"collection":[{"href":"https:\/\/www.visualfy.com\/es\/wp-json\/wp\/v2\/posts"}],"about":[{"href":"https:\/\/www.visualfy.com\/es\/wp-json\/wp\/v2\/types\/post"}],"author":[{"embeddable":true,"href":"https:\/\/www.visualfy.com\/es\/wp-json\/wp\/v2\/users\/2"}],"replies":[{"embeddable":true,"href":"https:\/\/www.visualfy.com\/es\/wp-json\/wp\/v2\/comments?post=6721"}],"version-history":[{"count":0,"href":"https:\/\/www.visualfy.com\/es\/wp-json\/wp\/v2\/posts\/6721\/revisions"}],"wp:featuredmedia":[{"embeddable":true,"href":"https:\/\/www.visualfy.com\/es\/wp-json\/wp\/v2\/media\/5221"}],"wp:attachment":[{"href":"https:\/\/www.visualfy.com\/es\/wp-json\/wp\/v2\/media?parent=6721"}],"wp:term":[{"taxonomy":"category","embeddable":true,"href":"https:\/\/www.visualfy.com\/es\/wp-json\/wp\/v2\/categories?post=6721"},{"taxonomy":"post_tag","embeddable":true,"href":"https:\/\/www.visualfy.com\/es\/wp-json\/wp\/v2\/tags?post=6721"}],"curies":[{"name":"wp","href":"https:\/\/api.w.org\/{rel}","templated":true}]}}