{"id":6714,"date":"2019-08-13T07:15:32","date_gmt":"2019-08-13T07:15:32","guid":{"rendered":"https:\/\/www.visualfy.com\/accesibilidad-museo-nacional-ciencias-naturales-madrid\/"},"modified":"2025-02-27T08:40:56","modified_gmt":"2025-02-27T08:40:56","slug":"accesibilidad-museo-nacional-ciencias-naturales-madrid","status":"publish","type":"post","link":"https:\/\/www.visualfy.com\/es\/accesibilidad-museo-nacional-ciencias-naturales-madrid\/","title":{"rendered":"\u201cEs muy divertido y emocionante acercar las ciencias naturales a personas que antes no hab\u00edan tenido oportunidad de acceder a este mundo.\u201d"},"content":{"rendered":"\n<p><strong>Entrevistamos a Marta Fern\u00e1ndez, una de las responsables del programa de accesibilidad del<br>Museo Nacional de Ciencias Naturales (MNCN).<\/strong><\/p>\n\n\n\n<p> El MNCN, adem\u00e1s de ser uno de los centros de investigaci\u00f3n cient\u00edfica m\u00e1s importantes de Espa\u00f1a, es un referente de accesibilidad. Su proyecto <a href=\"http:\/\/www.mncn.csic.es\/Menu\/Actividades\/Grupos\/Otrasactividades_2018_MNCN_accesible\/seccion=1255&amp;idioma=es_ES&amp;id=2010071213520001&amp;activo=11.do\" target=\"_blank\" rel=\"noopener\">\u2018<\/a><em><a href=\"http:\/\/www.mncn.csic.es\/Menu\/Actividades\/Grupos\/Otrasactividades_2018_MNCN_accesible\/seccion=1255&amp;idioma=es_ES&amp;id=2010071213520001&amp;activo=11.do\" target=\"_blank\" rel=\"noopener\">Ver con las manos, escuchar con la mirada, sentir con los recuerdos y aprender sin limitaciones. El MNCN, un museo accesible\u2019<\/a> <\/em>aproxima las ciencias naturales a personas con discapacidad auditiva, visual, intelectual y a personas con enfermedades neurodegenerativas.<\/p>\n\n\n\n<p>\nCon imaginaci\u00f3n, pero sobretodo experiencia, Marta Fern\u00e1ndez y el\nresto del equipo de la Vicedirecci\u00f3n de Comunicaci\u00f3n y Cultura\nCient\u00edfica del museo han desarrollado una nueva forma de aprender\ndisfrutando en talleres, visitas guiadas y actividades adaptadas. Lee\nla entrevista y descubre otra forma de sumergirse en el apasionante\nmundo de las ciencias naturales.<\/p>\n\n\n\n<p> <strong>Hola Marta, para empezar nos gustar\u00eda que te presentaras a nuestros lectores, \u00bfnos podr\u00edas contar en qu\u00e9 consiste tu trabajo en el Museo y qu\u00e9 pueden encontrar los visitantes en \u00e9l?<\/strong><\/p>\n\n\n\n<div class=\"wp-block-columns is-layout-flex wp-container-core-columns-is-layout-28f84493 wp-block-columns-is-layout-flex\">\n<div class=\"wp-block-column is-layout-flow wp-block-column-is-layout-flow\" style=\"flex-basis:25%\">\n<figure class=\"wp-block-image alignleft size-full is-resized\"><img decoding=\"async\" width=\"998\" height=\"1024\" src=\"https:\/\/www.visualfy.com\/wp-content\/uploads\/2025\/02\/mncn-accesibilidad-1.jpg\" alt=\"mncn-accesibilidad\" class=\"wp-image-5188\" style=\"width:338px;height:345px\" srcset=\"https:\/\/www.visualfy.com\/wp-content\/uploads\/2025\/02\/mncn-accesibilidad-1.jpg 998w, https:\/\/www.visualfy.com\/wp-content\/uploads\/2025\/02\/mncn-accesibilidad-1-292x300.jpg 292w, https:\/\/www.visualfy.com\/wp-content\/uploads\/2025\/02\/mncn-accesibilidad-1-768x788.jpg 768w\" sizes=\"(max-width: 998px) 100vw, 998px\" \/><\/figure>\n<\/div>\n\n\n\n<div class=\"wp-block-column is-layout-flow wp-block-column-is-layout-flow\" style=\"flex-basis:75%\">\n<p>\nHola, soy Marta Fern\u00e1ndez y\ntrabajo en la Vicedirecci\u00f3n de Comunicaci\u00f3n y Cultura Cient\u00edfica\ndel Museo Nacional de Ciencias Naturales (MNCN-CSIC). El MNCN es uno\nde los centros de investigaci\u00f3n en ciencias naturales m\u00e1s\nimportante a nivel nacional y alberga una valios\u00edsima colecci\u00f3n con\nm\u00e1s de 6 millones de ejemplares. Adem\u00e1s, el museo est\u00e1 muy\ncomprometido con la educaci\u00f3n, comunicaci\u00f3n y divulgaci\u00f3n de la\nciencia a trav\u00e9s de sus exposiciones, notas de prensa, redes\nsociales y actividades.<\/p>\n<\/div>\n<\/div>\n\n\n\n<p>\nEn el museo trabajo mano a\nmano con mis compa\u00f1eros de la Vicedirecci\u00f3n de Comunicaci\u00f3n y\nCultura Cient\u00edfica en la mejora de la accesibilidad de las\ninstalaciones del museo y de sus actividades. En mi d\u00eda a d\u00eda me\ndedico a gestionar la incorporaci\u00f3n de elementos accesibles en el\nmuseo como estaciones t\u00e1ctiles o carteler\u00eda adaptada, siempre con\nel asesoramiento de entidades especializadas como la Organizaci\u00f3n\nNacional de Ciegos Espa\u00f1oles (ONCE), la Confederaci\u00f3n Estatal de\nPersonas Sordas (CNSE) o Plena Inclusi\u00f3n. Sin embargo, una de las\ncosas que m\u00e1s disfruto de mi trabajo es la b\u00fasqueda de formas de\nadaptar nuestras actividades, proceso en el que todo el equipo pone\nsu ingenio, creatividad y experiencia. Adem\u00e1s, tengo la suerte de\ntrabajar como educadora realizando las actividades con los grupos que\nvienen a visitarnos. Es muy divertido y emocionante acercar las\nciencias naturales a personas que antes no hab\u00edan tenido oportunidad\nde acceder a este mundo y, en cada visita, yo tambi\u00e9n aprendo algo\nnuevo.<\/p>\n\n\n\n<p><strong>El Museo de Ciencias Naturales de Madrid es muy conocido por su accesibilidad, \u00bfqu\u00e9<br>servicios o adaptaciones ofrec\u00e9is para hacer las colecciones m\u00e1s accesibles?<\/strong><\/p>\n\n\n\n<p>\nNuestro objetivo es acercar\nlas colecciones, la investigaci\u00f3n y la ciencia en general a todo el\np\u00fablico. En los a\u00f1os 2018 y 2019, gracias al proyecto concedido por\nla Fundaci\u00f3n Espa\u00f1ola para la Ciencia y la Tecnolog\u00eda (FECYT) <em>Ver\ncon las manos, escuchar con la mirada, sentir con los recuerdos y\naprender sin limitaciones. El MNCN, un museo accesible<\/em>,\nhemos podido continuar con las acciones iniciadas por la\nvicedirectora de Comunicaci\u00f3n y Cultura Cient\u00edfica, Pilar L\u00f3pez\nGarc\u00eda-Gallo, para hacer el museo accesible.<\/p>\n\n\n\n<p>\nPor un lado, hemos incorporado\nun sistema de bucles magn\u00e9ticos en los puestos de Informaci\u00f3n y\nTaquilla y en un aula educativa del museo. Adem\u00e1s, hemos creado una\nestaci\u00f3n t\u00e1ctil con modelos 3D a escala de los cr\u00e1neos de cinco\nespecies de dinosaurios, incorporando cartelas en tinta y braille y\nuna audiodescripci\u00f3n de cada pieza. Tambi\u00e9n contamos con carteler\u00eda\nen Lectura F\u00e1cil en la exposici\u00f3n <em>Parque\nNacional de la Sierra de Guadarrama<\/em>\ny ocho signogu\u00edas (v\u00eddeos signados, locutados y subtitulados) que\nestar\u00e1n disponibles pr\u00f3ximamente en la exposici\u00f3n <em>Minerales,\nf\u00f3siles y evoluci\u00f3n humana<\/em>.<\/p>\n\n\n\n<p><strong>En MNCN Accesible las personas sordas y con p\u00e9rdida auditiva, las personas con discapacidad visual, intelectual, personas mayores con Alzheimer o enfermedades neurodegenerativas disfrutan participando en talleres y aprendiendo. \u00bfNos podr\u00edas contar un poco m\u00e1s sobre las actividades que ofrec\u00e9is?<\/strong><\/p>\n\n\n\n<p>\nEl proyecto FECYT <em>Ver\ncon las manos, escuchar con la mirada, sentir con los recuerdos y\naprender sin limitaciones. El MNCN, un museo accesible<\/em>,\ntiene un t\u00edtulo largo pero bonito y muy significativo. En esta\niniciativa se han desarrollado acciones para adaptar el museo a\npersonas con discapacidad auditiva, visual, intelectual y a personas\ncon enfermedades neurodegenerativas. Como he mencionado\nanteriormente, con estas acciones se han incorporado una serie de\nmejoras en las instalaciones del museo pero tambi\u00e9n, en todas ellas,\nse han adaptado algunas de nuestras actividades educativas, que han\npodido disfrutar de forma gratuita grupos de colegios, centros y\nasociaciones.<\/p>\n\n\n\n<p> En nuestra actividad <em>\u00a1Cu\u00e1ntos animales!<\/em>, los asistentes han podido ver y tocar algunas de las piezas de nuestras colecciones, aprendiendo c\u00f3mo se conservan los animales del museo y c\u00f3mo clasificarlos. Para ello se han utilizado materiales educativos adaptados a personas con discapacidad intelectual. En otras actividades los participantes se han acercado al mundo de la paleontolog\u00eda, los f\u00f3siles y los dinosaurios en actividades que ofrec\u00edan una educadora en Lengua de Signos Espa\u00f1ola (LSE) y materiales t\u00e1ctiles adaptados a personas con discapacidad visual. Tambi\u00e9n tratamos de evocar recuerdos a trav\u00e9s de una visita adaptada a personas con enfermedades neurodegenerativas como el Alzheimer o demencias.<\/p>\n\n\n\n<figure class=\"wp-block-embed is-type-video is-provider-youtube wp-block-embed-youtube wp-embed-aspect-16-9 wp-has-aspect-ratio\"><div class=\"wp-block-embed__wrapper\">\n<iframe title=\"El MNCN, un museo accesible.\" width=\"500\" height=\"281\" src=\"https:\/\/www.youtube.com\/embed\/eZd_2W2aVSU?feature=oembed\" frameborder=\"0\" allow=\"accelerometer; autoplay; clipboard-write; encrypted-media; gyroscope; picture-in-picture; web-share\" referrerpolicy=\"strict-origin-when-cross-origin\" allowfullscreen><\/iframe>\n<\/div><\/figure>\n\n\n\n<p><strong>\u00bfC\u00f3mo ha sido la acogida de la iniciativa MNCN Accesible?<\/strong><\/p>\n\n\n\n<p>\nEl proyecto ha tenido una gran\nacogida tanto por parte de los grupos que han realizado las\nactividades como por parte de instituciones especializadas y medios\nde comunicaci\u00f3n.<\/p>\n\n\n\n<p> En las actividades han participado m\u00e1s de 1500 personas de colegios de integraci\u00f3n, de centros de d\u00eda y asociaciones. Muchos de estos centros han repetido y todos nos han agradecido la iniciativa, pidiendo su continuaci\u00f3n el pr\u00f3ximo curso. Adem\u00e1s, el Ministerio de Ciencia, Innovaci\u00f3n y Universidades ha dado difusi\u00f3n al proyecto a trav\u00e9s de sus redes sociales en varias ocasiones y hemos aparecido en distintos medios de comunicaci\u00f3n como el programa \u201cEn Lengua de Signos\u201d de RTVE.<\/p>\n\n\n<span class='bctt-click-to-tweet'><span class='bctt-ctt-text'><a href=\"https:\/\/x.com\/intent\/tweet?url=https%3A%2F%2Fwww.visualfy.com%2Fes%2Faccesibilidad-museo-nacional-ciencias-naturales-madrid%2F&#038;text=En%20Ver%20con%20las%20manos%2C%20escuchar%20con%20la%20mirada%2C%20sentir%20con%20los%20recuerdos%20y%20aprender%20sin%20limitaciones.%20han%20desarrollado%20acciones%20para%20adaptar%20el%20museo%20a%20personas%20con%20discapacidad%20auditiva%2C%20visual%2C%20intelectual%20y%20a%20personas%20con%20enfermedades%E2%80%A6&#038;via=visualfy&#038;related=visualfy\" target=\"_blank\" rel=\"noopener noreferrer\">En Ver con las manos, escuchar con la mirada, sentir con los recuerdos y aprender sin limitaciones. han desarrollado acciones para adaptar el museo a personas con discapacidad auditiva, visual, intelectual y a personas con enfermedades\u2026 <\/a><\/span><a href=\"https:\/\/x.com\/intent\/tweet?url=https%3A%2F%2Fwww.visualfy.com%2Fes%2Faccesibilidad-museo-nacional-ciencias-naturales-madrid%2F&#038;text=En%20Ver%20con%20las%20manos%2C%20escuchar%20con%20la%20mirada%2C%20sentir%20con%20los%20recuerdos%20y%20aprender%20sin%20limitaciones.%20han%20desarrollado%20acciones%20para%20adaptar%20el%20museo%20a%20personas%20con%20discapacidad%20auditiva%2C%20visual%2C%20intelectual%20y%20a%20personas%20con%20enfermedades%E2%80%A6&#038;via=visualfy&#038;related=visualfy\" target=\"_blank\" class=\"bctt-ctt-btn\" rel=\"noopener noreferrer\">Compartir en X<\/a><\/span>\n\n\n<p><strong>Muchas de las actividades del proyecto finalizaron con el inicio del verano en junio, \u00bften\u00e9is<br>previsto continuar con el programa en septiembre? Si es as\u00ed, \u00bfQu\u00e9 ten\u00e9is pensado para la nueva temporada?<\/strong><\/p>\n\n\n\n<p>\nS\u00ed, nuestra intenci\u00f3n es\ncontinuar con las actividades a partir de septiembre. Mantendremos\nlas actividades que hemos desarrollado este a\u00f1o mejor\u00e1ndolas\natendiendo a las sugerencias y recomendaciones de las personas que ya\nlas han realizado. Adem\u00e1s, estamos desarrollando una nueva actividad\nen la que queremos incorporar m\u00e1s elementos sensoriales que puedan\nservir para todos los p\u00fablicos. Tambi\u00e9n barajaremos la posibilidad\nde ofrecer actividades para familias en fines de semana, pero a\u00fan no\npodemos contar m\u00e1s. Anunciaremos las nuevas actividades y mejoras en\nla accesibilidad del museo en nuestra p\u00e1gina web y nuestras redes\nsociales as\u00ed que&#8230; \u00a1estad atentos!<\/p>\n\n\n\n<p><strong>Para verano, muchos museos y centros culturales organizan actividades para que los ni\u00f1os se diviertan aprendiendo en su tiempo libre, \u00bfofrec\u00e9is servicios para hacerlos tambi\u00e9n accesibles a los peque\u00f1os con discapacidad?<\/strong><\/p>\n\n\n\n<p>\nEn el Museo de Ciencias\nNaturales tambi\u00e9n tenemos un campamento de verano durante los meses\nde julio y agosto para ni\u00f1os de 5 a 12 a\u00f1os. Aunque algunas\nactividades podr\u00edan ser accesibles para ni\u00f1os con discapacidad, el\ncampamento no est\u00e1 totalmente adaptado, por lo que es una tarea\npendiente del museo en la que trabajaremos para futuras ediciones.<\/p>\n\n\n\n<p><strong>Para finalizar, \u00bfqu\u00e9 crees que es imprescindible en un museo para que sea accesible? \u00bfQu\u00e9<br>recomendar\u00edas a otros museos que quieren mejorar en accesibilidad?<\/strong><\/p>\n\n\n\n<p>\nCreo que, en primer lugar, es\nimprescindible que el equipo del museo est\u00e9 concienciado de la\nimportancia de hacer accesible la cultura y el patrimonio a todas las\npersonas. Teniendo esto en mente, cada vez que se vaya a dise\u00f1ar una\nactividad o una exposici\u00f3n se deber\u00eda pensar en la mejor manera de\nque todos los visitantes puedan disfrutarla, siempre pensando desde\nel Dise\u00f1o Universal. Adem\u00e1s, es muy importante contar con el\nasesoramiento y la opini\u00f3n de entidades especializadas en los\ndistintos tipos de discapacidad y de las propias personas a las que\nvan dirigidas las adaptaciones.<\/p>\n\n\n\n<p> Yo recomendar\u00eda a otros museos que, aunque no tengan suficiente financiaci\u00f3n, traten de utilizar los recursos de los que disponen para hacer peque\u00f1as acciones que hagan su museo m\u00e1s accesible y que siempre acudan a personas expertas porque, no solo se van a implicar en sus proyectos, sino que adem\u00e1s van a agradecer mucho cualquier mejora que propongan. Con tan solo un peque\u00f1o cambio, se pueden hacer grandes cosas.<\/p>\n\n\n<span class='bctt-click-to-tweet'><span class='bctt-ctt-text'><a href=\"https:\/\/x.com\/intent\/tweet?url=https%3A%2F%2Fwww.visualfy.com%2Fes%2Faccesibilidad-museo-nacional-ciencias-naturales-madrid%2F&#038;text=Yo%20recomendar%C3%ADa%20a%20otros%20museos%20que%2C%20aunque%20no%20tengan%20suficiente%20financiaci%C3%B3n%2C%20traten%20de%20utilizar%20los%20recursos%20de%20los%20que%20disponen%20para%20hacer%20peque%C3%B1as%20acciones%20que%20hagan%20su%20museo%20m%C3%A1s%20accesible.&#038;via=visualfy&#038;related=visualfy\" target=\"_blank\" rel=\"noopener noreferrer\">Yo recomendar\u00eda a otros museos que, aunque no tengan suficiente financiaci\u00f3n, traten de utilizar los recursos de los que disponen para hacer peque\u00f1as acciones que hagan su museo m\u00e1s accesible. <\/a><\/span><a href=\"https:\/\/x.com\/intent\/tweet?url=https%3A%2F%2Fwww.visualfy.com%2Fes%2Faccesibilidad-museo-nacional-ciencias-naturales-madrid%2F&#038;text=Yo%20recomendar%C3%ADa%20a%20otros%20museos%20que%2C%20aunque%20no%20tengan%20suficiente%20financiaci%C3%B3n%2C%20traten%20de%20utilizar%20los%20recursos%20de%20los%20que%20disponen%20para%20hacer%20peque%C3%B1as%20acciones%20que%20hagan%20su%20museo%20m%C3%A1s%20accesible.&#038;via=visualfy&#038;related=visualfy\" target=\"_blank\" class=\"bctt-ctt-btn\" rel=\"noopener noreferrer\">Compartir en X<\/a><\/span>\n\n\n<p> <strong>Gracias Marta por contarnos m\u00e1s acerca del emocionante proyecto de accesibilidad que ten\u00e9is en el MNCN. Desde Visualfy queremos daros la enhorabuena por la originalidad de las actividades que ofrec\u00e9is y por contribuir a facilitar la accesibilidad cultural. Ojal\u00e1 m\u00e1s museos os tomen de ejemplo para acercar la cultura y la ciencia a todo el mundo. <\/strong><\/p>\n","protected":false},"excerpt":{"rendered":"<p>Entrevistamos a Marta Fern\u00e1ndez, una de las responsables del programa de accesibilidad delMuseo Nacional de Ciencias Naturales (MNCN). El MNCN, adem\u00e1s de ser uno de los centros de investigaci\u00f3n cient\u00edfica m\u00e1s importantes de Espa\u00f1a, es un referente de accesibilidad. Su proyecto \u2018Ver con las manos, escuchar con la mirada, sentir con los recuerdos y aprender [&hellip;]<\/p>\n","protected":false},"author":2,"featured_media":5187,"comment_status":"open","ping_status":"open","sticky":false,"template":"","format":"standard","meta":{"_acf_changed":false,"content-type":"","_uag_custom_page_level_css":"","footnotes":""},"categories":[29],"tags":[],"class_list":["post-6714","post","type-post","status-publish","format-standard","has-post-thumbnail","hentry","category-accesibilidad-espacios-publicos"],"acf":[],"spectra_custom_meta":{"_wp_page_template":["default"],"rank_math_internal_links_processed":["1"],"_wpml_word_count":["1628"],"_yoast_wpseo_primary_category":["5348"],"_yoast_wpseo_keywordsynonyms":["[\"\"]"],"_wpml_media_duplicate":["0"],"_wpml_media_featured":["0"],"_yoast_wpseo_focuskeywords":["[]"],"_et_monarch_override":[""],"amazonS3_cache":["a:48:{s:68:\"\/\/www.visualfy.com\/wp-content\/uploads\/2019\/08\/mncn-accesibilidad.jpg\";i:27007;s:77:\"\/\/www.visualfy.com\/wp-content\/uploads\/2019\/08\/mncn-accesibilidad-998x1024.jpg\";i:27007;s:45:\"\/\/cdn.visualfy.com\/img\/mncn-accesibilidad.jpg\";i:27007;s:54:\"\/\/cdn.visualfy.com\/img\/mncn-accesibilidad-998x1024.jpg\";i:27007;s:150:\"\/\/www.mncn.csic.es\/Menu\/Actividades\/Grupos\/Otrasactividades_2018_MNCN_accesible\/seccion=1255&amp;idioma=es_ES&amp;id=2010071213520001&amp;activo=11.do\";a:1:{s:9:\"timestamp\";i:1565680884;}s:74:\"\/\/visualfy.acceseo.dev\/wp-content\/uploads\/2025\/02\/mncn-accesibilidad-1.jpg\";a:1:{s:9:\"timestamp\";i:1744269464;}s:91:\"\/\/visualfy.acceseo.dev\/wp-content\/uploads\/2025\/02\/cropped-programa-accesibilidad-mncn-1.jpg\";a:1:{s:9:\"timestamp\";i:1744269464;}s:69:\"\/\/visualfy.acceseo.dev\/wp-content\/uploads\/2025\/02\/lse-icon-button.svg\";a:1:{s:9:\"timestamp\";i:1744268141;}s:81:\"\/\/visualfy.acceseo.dev\/wp-content\/uploads\/2025\/02\/visualfy-places-placeholder.jpg\";a:1:{s:9:\"timestamp\";i:1744268141;}s:66:\"\/\/visualfy.acceseo.dev\/wp-content\/uploads\/2025\/01\/computer_404.svg\";a:1:{s:9:\"timestamp\";i:1744268141;}s:63:\"\/\/visualfy.acceseo.dev\/wp-content\/uploads\/2025\/01\/user-icon.svg\";a:1:{s:9:\"timestamp\";i:1744268141;}s:58:\"\/\/visualfy.acceseo.dev\/wp-content\/uploads\/2025\/01\/menu.svg\";a:1:{s:9:\"timestamp\";i:1744268141;}s:67:\"\/\/visualfy.acceseo.dev\/wp-content\/uploads\/2025\/01\/logo-visualfy.svg\";a:1:{s:9:\"timestamp\";i:1744268141;}s:65:\"\/\/visualfy.acceseo.dev\/wp-content\/uploads\/2025\/01\/logo-footer.svg\";a:1:{s:9:\"timestamp\";i:1744268141;}s:88:\"\/\/visualfy.acceseo.dev\/wp-content\/uploads\/2025\/01\/union-europea-ministerio-industria.png\";a:1:{s:9:\"timestamp\";i:1744268141;}s:78:\"\/\/visualfy.acceseo.dev\/wp-content\/uploads\/2025\/01\/fondo-europeo-innovacion.png\";a:1:{s:9:\"timestamp\";i:1744268141;}s:77:\"\/\/visualfy.acceseo.dev\/wp-content\/uploads\/2025\/01\/generalitat-ivace-feder.png\";a:1:{s:9:\"timestamp\";i:1744268141;}s:85:\"\/\/visualfy.acceseo.dev\/wp-content\/uploads\/2025\/01\/generalita-ivace-cofinanciacion.png\";a:1:{s:9:\"timestamp\";i:1744268141;}s:82:\"\/\/visualfy.acceseo.dev\/wp-content\/uploads\/2025\/02\/mncn-accesibilidad-1-292x300.jpg\";a:1:{s:9:\"timestamp\";i:1744268142;}s:82:\"\/\/visualfy.acceseo.dev\/wp-content\/uploads\/2025\/02\/mncn-accesibilidad-1-768x788.jpg\";a:1:{s:9:\"timestamp\";i:1744268142;}s:61:\"\/\/visualfy.acceseo.dev\/wp-content\/uploads\/2025\/02\/Sem-3-1.png\";a:1:{s:9:\"timestamp\";i:1744268142;}s:69:\"\/\/visualfy.acceseo.dev\/wp-content\/uploads\/2025\/02\/Sem-3-1-300x176.png\";a:1:{s:9:\"timestamp\";i:1744268142;}s:70:\"\/\/visualfy.acceseo.dev\/wp-content\/uploads\/2025\/02\/Sem-3-1-1024x600.png\";a:1:{s:9:\"timestamp\";i:1744268142;}s:69:\"\/\/visualfy.acceseo.dev\/wp-content\/uploads\/2025\/02\/Sem-3-1-768x450.png\";a:1:{s:9:\"timestamp\";i:1744268142;}s:70:\"\/\/visualfy.acceseo.dev\/wp-content\/uploads\/2025\/02\/Sem-3-1-1536x900.png\";a:1:{s:9:\"timestamp\";i:1744268142;}s:71:\"\/\/visualfy.acceseo.dev\/wp-content\/uploads\/2025\/02\/Sem-3-1-2048x1200.png\";a:1:{s:9:\"timestamp\";i:1744268142;}s:63:\"\/\/visualfy.acceseo.dev\/wp-content\/uploads\/2025\/02\/Sem-2-3-1.jpg\";a:1:{s:9:\"timestamp\";i:1744268142;}s:71:\"\/\/visualfy.acceseo.dev\/wp-content\/uploads\/2025\/02\/Sem-2-3-1-300x169.jpg\";a:1:{s:9:\"timestamp\";i:1744268142;}s:72:\"\/\/visualfy.acceseo.dev\/wp-content\/uploads\/2025\/02\/Sem-2-3-1-1024x576.jpg\";a:1:{s:9:\"timestamp\";i:1744268142;}s:71:\"\/\/visualfy.acceseo.dev\/wp-content\/uploads\/2025\/02\/Sem-2-3-1-768x432.jpg\";a:1:{s:9:\"timestamp\";i:1744268142;}s:72:\"\/\/visualfy.acceseo.dev\/wp-content\/uploads\/2025\/02\/Sem-2-3-1-1536x864.jpg\";a:1:{s:9:\"timestamp\";i:1744268142;}s:63:\"\/\/visualfy.acceseo.dev\/wp-content\/uploads\/2025\/02\/Sem-1-2-1.png\";a:1:{s:9:\"timestamp\";i:1744268142;}s:71:\"\/\/visualfy.acceseo.dev\/wp-content\/uploads\/2025\/02\/Sem-1-2-1-300x157.png\";a:1:{s:9:\"timestamp\";i:1744268142;}s:72:\"\/\/visualfy.acceseo.dev\/wp-content\/uploads\/2025\/02\/Sem-1-2-1-1024x535.png\";a:1:{s:9:\"timestamp\";i:1744268142;}s:71:\"\/\/visualfy.acceseo.dev\/wp-content\/uploads\/2025\/02\/Sem-1-2-1-768x401.png\";a:1:{s:9:\"timestamp\";i:1744268142;}s:67:\"\/\/visualfy.acceseo.dev\/wp-content\/uploads\/2025\/02\/caixa-popular.svg\";a:1:{s:9:\"timestamp\";i:1744268142;}s:58:\"\/\/visualfy.acceseo.dev\/wp-content\/uploads\/2025\/02\/cdti.svg\";a:1:{s:9:\"timestamp\";i:1744268142;}s:58:\"\/\/visualfy.acceseo.dev\/wp-content\/uploads\/2025\/02\/cnse.svg\";a:1:{s:9:\"timestamp\";i:1744268142;}s:60:\"\/\/visualfy.acceseo.dev\/wp-content\/uploads\/2025\/02\/esteve.svg\";a:1:{s:9:\"timestamp\";i:1744268142;}s:60:\"\/\/visualfy.acceseo.dev\/wp-content\/uploads\/2025\/02\/fesord.svg\";a:1:{s:9:\"timestamp\";i:1744268142;}s:76:\"\/\/visualfy.acceseo.dev\/wp-content\/uploads\/2025\/02\/generalitat-valenciana.svg\";a:1:{s:9:\"timestamp\";i:1744268142;}s:66:\"\/\/visualfy.acceseo.dev\/wp-content\/uploads\/2025\/02\/horizon-2020.svg\";a:1:{s:9:\"timestamp\";i:1744268142;}s:59:\"\/\/visualfy.acceseo.dev\/wp-content\/uploads\/2025\/02\/ivace.svg\";a:1:{s:9:\"timestamp\";i:1744268142;}s:62:\"\/\/visualfy.acceseo.dev\/wp-content\/uploads\/2025\/02\/montsant.svg\";a:1:{s:9:\"timestamp\";i:1744268142;}s:69:\"\/\/visualfy.acceseo.dev\/wp-content\/uploads\/2025\/02\/naciones-unidas.svg\";a:1:{s:9:\"timestamp\";i:1744268142;}s:62:\"\/\/visualfy.acceseo.dev\/wp-content\/uploads\/2025\/02\/randstad.svg\";a:1:{s:9:\"timestamp\";i:1744268142;}s:64:\"\/\/visualfy.acceseo.dev\/wp-content\/uploads\/2025\/02\/telefonica.svg\";a:1:{s:9:\"timestamp\";i:1744268142;}s:66:\"\/\/visualfy.acceseo.dev\/wp-content\/uploads\/2025\/02\/wingstoclaim.svg\";a:1:{s:9:\"timestamp\";i:1744268142;}}"],"_yoast_wpseo_opengraph-title":["Accesibilidad en el Museo Nacional de Ciencias Naturales de Madrid"],"_yoast_wpseo_opengraph-description":["Entrevistamos a Marta Fern\u00e1ndez, una de las responsables del programa de accesibilidad del Museo Nacional de Ciencias Naturales (MNCN)."],"_yst_prominent_words_version":["1"],"_yoast_wpseo_video_meta":["a:15:{s:2:\"id\";s:11:\"y3zJmwM0kFs\";s:4:\"type\";s:7:\"youtube\";s:3:\"url\";s:28:\"https:\/\/youtu.be\/y3zJmwM0kFs\";s:7:\"post_id\";s:5:\"27005\";s:5:\"title\";s:66:\"Accesibilidad en el Museo Nacional de Ciencias Naturales de Madrid\";s:16:\"publication_date\";s:25:\"2019-08-13T07:15:32+00:00\";s:11:\"description\";s:136:\"Entrevistamos a Marta Fern\u00e1ndez, una de las responsables del programa de accesibilidad del Museo Nacional de Ciencias Naturales (MNCN).\";s:10:\"player_loc\";s:41:\"https:\/\/www.youtube.com\/embed\/y3zJmwM0kFs\";s:13:\"thumbnail_loc\";s:44:\"https:\/\/cdn.visualfy.com\/img\/y3zjmwm0kfs.jpg\";s:8:\"duration\";s:3:\"909\";s:10:\"view_count\";s:1:\"1\";s:5:\"width\";s:3:\"480\";s:6:\"height\";s:3:\"270\";s:8:\"category\";s:32:\"Accesibilidad espacios p\u00fablicos\";s:3:\"tag\";a:0:{}}"],"_yoast_wpseo_videositemap-duration":[""],"_yoast_wpseo_videositemap-rating":[""],"_yoast_wpseo_metadesc":["Entrevistamos a Marta Fern\u00e1ndez, una de las responsables del programa de accesibilidad del Museo Nacional de Ciencias Naturales (MNCN)."],"_yoast_wpseo_focuskw":[""],"_yoast_wpseo_content_score":[""],"cmplz_hide_cookiebanner":[""],"_wpml_location_migration_done":["1"],"_fgj2wp_old_id":[""],"_yoast_wpseo_metakeywords":[""],"_bsf_post_type":[""],"_yoast_wpseo_meta-robots-noindex":[""],"_fgj2wp_translation_association_key":[""],"_product_image_gallery":[""],"_wp_old_slug":[""],"_yoast_wpseo_title":["Accesibilidad en el Museo Nacional de Ciencias Naturales de Madrid"],"slide_template":[""],"_yoast_wpseo_opengraph-image":["https:\/\/cdn.visualfy.com\/img\/programa-accesibilidad-mncn.jpg"],"_yoast_wpseo_opengraph-image-id":["27019"],"_wp_old_date":[""],"_bsf_article_image":[""],"_bsf_article_name":[""],"_bsf_article_desc":[""],"_bsf_article_author":[""],"_bsf_article_publisher":[""],"_bsf_article_publisher_logo":[""],"_yoast_wpseo_meta-robots-nofollow":[""],"amp_status":[""],"_cmplz_scanned_post":["1"],"_encloseme":[""],"_last_translation_edit_mode":[""],"_yoast_wpseo_twitter-title":[""],"_yoast_wpseo_twitter-description":[""],"_yoast_wpseo_twitter-image":[""],"_yoast_wpseo_twitter-image-id":[""],"_yoast_wpseo_linkdex":[""],"_thumbnail_id":["5187"],"_pingme":["1"],"_edit_last":["1"],"_oembed_fe21b31a97c590777c9c744ee0422a7b":["<iframe title=\"Entrevista a Marta Fern\u00e1ndez, Directora de Accesibilidad del MNCN -Visualfy\" width=\"500\" height=\"281\" src=\"https:\/\/www.youtube.com\/embed\/y3zJmwM0kFs?feature=oembed\" frameborder=\"0\" allow=\"accelerometer; autoplay; clipboard-write; encrypted-media; gyroscope; picture-in-picture; web-share\" referrerpolicy=\"strict-origin-when-cross-origin\" allowfullscreen><\/iframe>"],"_oembed_time_fe21b31a97c590777c9c744ee0422a7b":["1740645101"],"_oembed_244a32da475a3a97c0a659d5918d6fa5":["<iframe title=\"El MNCN, un museo accesible.\" width=\"500\" height=\"281\" src=\"https:\/\/www.youtube.com\/embed\/eZd_2W2aVSU?feature=oembed\" frameborder=\"0\" allow=\"accelerometer; autoplay; clipboard-write; encrypted-media; gyroscope; picture-in-picture; web-share\" referrerpolicy=\"strict-origin-when-cross-origin\" allowfullscreen><\/iframe>"],"_oembed_time_244a32da475a3a97c0a659d5918d6fa5":["1740645657"],"_edit_lock":["1740645657:1"],"rank_math_seo_score":["14"],"rank_math_primary_category":["29"],"_uag_custom_page_level_css":[""],"footnotes":[""],"lse_enlace":["https:\/\/youtu.be\/y3zJmwM0kFs"],"_lse_enlace":["field_67b5db1d9d4ca"],"_betterdocs_reusable_block_ids":["a:0:{}"],"copied_media_ids":["a:1:{i:0;i:6717;}"],"referenced_media_ids":["a:1:{i:0;i:5187;}"]},"uagb_featured_image_src":{"full":["https:\/\/www.visualfy.com\/wp-content\/uploads\/2025\/02\/cropped-programa-accesibilidad-mncn-1.jpg",900,506,false],"thumbnail":["https:\/\/www.visualfy.com\/wp-content\/uploads\/2025\/02\/cropped-programa-accesibilidad-mncn-1-150x150.jpg",150,150,true],"medium":["https:\/\/www.visualfy.com\/wp-content\/uploads\/2025\/02\/cropped-programa-accesibilidad-mncn-1-300x169.jpg",300,169,true],"medium_large":["https:\/\/www.visualfy.com\/wp-content\/uploads\/2025\/02\/cropped-programa-accesibilidad-mncn-1-768x432.jpg",768,432,true],"large":["https:\/\/www.visualfy.com\/wp-content\/uploads\/2025\/02\/cropped-programa-accesibilidad-mncn-1.jpg",900,506,false],"1536x1536":["https:\/\/www.visualfy.com\/wp-content\/uploads\/2025\/02\/cropped-programa-accesibilidad-mncn-1.jpg",900,506,false],"2048x2048":["https:\/\/www.visualfy.com\/wp-content\/uploads\/2025\/02\/cropped-programa-accesibilidad-mncn-1.jpg",900,506,false]},"uagb_author_info":{"display_name":"visualfy","author_link":"https:\/\/www.visualfy.com\/es\/author\/visualfy\/"},"uagb_comment_info":0,"uagb_excerpt":"Entrevistamos a Marta Fern\u00e1ndez, una de las responsables del programa de accesibilidad delMuseo Nacional de Ciencias Naturales (MNCN). El MNCN, adem\u00e1s de ser uno de los centros de investigaci\u00f3n cient\u00edfica m\u00e1s importantes de Espa\u00f1a, es un referente de accesibilidad. Su proyecto \u2018Ver con las manos, escuchar con la mirada, sentir con los recuerdos y aprender&hellip;","_links":{"self":[{"href":"https:\/\/www.visualfy.com\/es\/wp-json\/wp\/v2\/posts\/6714","targetHints":{"allow":["GET"]}}],"collection":[{"href":"https:\/\/www.visualfy.com\/es\/wp-json\/wp\/v2\/posts"}],"about":[{"href":"https:\/\/www.visualfy.com\/es\/wp-json\/wp\/v2\/types\/post"}],"author":[{"embeddable":true,"href":"https:\/\/www.visualfy.com\/es\/wp-json\/wp\/v2\/users\/2"}],"replies":[{"embeddable":true,"href":"https:\/\/www.visualfy.com\/es\/wp-json\/wp\/v2\/comments?post=6714"}],"version-history":[{"count":0,"href":"https:\/\/www.visualfy.com\/es\/wp-json\/wp\/v2\/posts\/6714\/revisions"}],"wp:featuredmedia":[{"embeddable":true,"href":"https:\/\/www.visualfy.com\/es\/wp-json\/wp\/v2\/media\/5187"}],"wp:attachment":[{"href":"https:\/\/www.visualfy.com\/es\/wp-json\/wp\/v2\/media?parent=6714"}],"wp:term":[{"taxonomy":"category","embeddable":true,"href":"https:\/\/www.visualfy.com\/es\/wp-json\/wp\/v2\/categories?post=6714"},{"taxonomy":"post_tag","embeddable":true,"href":"https:\/\/www.visualfy.com\/es\/wp-json\/wp\/v2\/tags?post=6714"}],"curies":[{"name":"wp","href":"https:\/\/api.w.org\/{rel}","templated":true}]}}