{"id":6674,"date":"2019-02-14T09:28:44","date_gmt":"2019-02-14T09:28:44","guid":{"rendered":"https:\/\/www.visualfy.com\/premio-ciudad-accesible-ayuda-personas-discapacidad\/"},"modified":"2025-02-26T09:24:08","modified_gmt":"2025-02-26T09:24:08","slug":"premio-ciudad-accesible-ayuda-personas-discapacidad","status":"publish","type":"post","link":"https:\/\/www.visualfy.com\/es\/premio-ciudad-accesible-ayuda-personas-discapacidad\/","title":{"rendered":"\u00bfQu\u00e9 es el Premio Ciudad Accesible y c\u00f3mo ayuda a las personas con discapacidad auditiva?"},"content":{"rendered":"\n<p>Existen m\u00e1s de ochenta millones de europeos con discapacidad y, obviamente, muchos de ellos con <a href=\"https:\/\/www.visualfy.com\/es\/volar-con-implantes-cocleares\/\">ganas de viajar<\/a> o desplazarse a otro pa\u00eds. En muchas ocasiones las ciudades no est\u00e1n preparadas para recibirlas y, gracias a iniciativas europeas como el <strong>Premio de Ciudad Accesible,<\/strong> empieza a ser posible.  <\/p>\n\n\n\n<p><strong>Una ciudad es accesible cuando todo el mundo puede vivir en ella, desplazarse y utilizar todos los servicios sin dificultad.<\/strong> Es accesible cuando, por ejemplo, todo el mundo puede coger el metro o autob\u00fas para ir a trabajar, sacar billetes de una m\u00e1quina expendedora, desplazarse por las calles y acceder a los edificios p\u00fablicos y\/o obtener informaci\u00f3n que sea f\u00e1cil de leer y comprender porque, ni todos tenemos las mismas necesidades, ni todos viajamos de la misma forma.<\/p>\n\n\n\n<h2 class=\"wp-block-heading\">En qu\u00e9 consiste el Premio de Ciudad Accesible<\/h2>\n\n\n\n<p><strong>El premio de Ciudad Accesible es una distinci\u00f3n especial que se da cada a\u00f1o a las ciudades europeas que se esfuerzan por ser accesibles para todo el mundo.<\/strong>  Est\u00e1 organizado por la Comisi\u00f3n Europea y el Foro Europeo de Discapacidad y es una de las acciones contempladas en la <a href=\"https:\/\/ec.europa.eu\/social\/main.jsp?catId=1137&amp;langId=es\" target=\"_blank\" rel=\"noopener\">Estrategia Europea sobre Discapacidad 2010-2020<\/a> para crear una Europa sin barreras. <\/p>\n\n\n\n<p>Para poder participar en el Premio de Ciudad Accesible, <strong>las ciudades deben tener m\u00e1s de 50.000 habitantes y han de demostrar que han mejorado la accesibilidad de la vida urbana de forma clara y sostenible<\/strong>, y que tienen planes concretos para seguir haci\u00e9ndolo. <\/p>\n\n\n\n<p>Ciudades como <strong>Lyon, Berl\u00edn, Chester, Mil\u00e1n o \u00c1vila, ya han recibido este premio en anteriores ediciones<\/strong>. Este a\u00f1o el premio de &#8216;Ciudad Accesible de 2019&#8217; recae en <a href=\"http:\/\/europa.eu\/rapid\/press-release_IP-18-6630_es.htm\" target=\"_blank\" rel=\"noopener\">Breda (Pa\u00edses Bajos)<\/a> por las siguientes razones: porque lugares p\u00fablicos como parques y tiendas son accesibles para todos, porque las tecnolog\u00edas digitales garantizan el uso del transporte p\u00fablico a todo el mundo y porque el turismo prospera gracias al a la inversi\u00f3n y el compromiso por la inclusi\u00f3n. <\/p>\n\n\n\n<h2 class=\"wp-block-heading\">\u00bfQu\u00e9 iniciativas se promueven para mejorar la accesibilidad de las personas con discapacidad auditiva? <\/h2>\n\n\n\n<p>Las personas sordas tambi\u00e9n encuentran servicios accesibles en muchas ciudades europeas. <strong>Un claro ejemplo de ello es la ciudad de Liubliana<\/strong>, en Eslovenia que,<strong> gracias a los medios electr\u00f3nicos y a avisos p\u00fablicos visuales que se utilizan en la ciudad, la vida all\u00ed es mucho m\u00e1s f\u00e1cil para las personas con discapacidad auditiv<\/strong>a. Incluso as\u00ed lo ha reconocido p\u00fablicamente la Asociaci\u00f3n Local de sordos de Liubliana. <\/p>\n\n\n\n<p>Tambi\u00e9n en Liubliana, y con el objetivo de hacer m\u00e1s accesible la vida cultural de la ciudad, se ha optado por incorporar la Lengua de Signos en los teatros, exposiciones, mapas t\u00e1ctiles, v\u00eddeos adaptados y gu\u00edas multisensoriales. Un buen destino para irnos de vacaciones este a\u00f1o \u00bfno crees?<\/p>\n\n\n\n<figure class=\"wp-block-image\"><img decoding=\"async\" src=\"https:\/\/www.visualfy.com\/wp-content\/uploads\/2025\/02\/ciudad-accesible-1.jpg\" alt=\"\" class=\"wp-image-22066\"\/><\/figure>\n\n\n\n<p>En ciudades como Lyon, se han celebrado quince conferencias y exposiciones con servicios de interpretaci\u00f3n de Lengua de Signos entre los a\u00f1os 2016 y 2017. Luxemburgo tambi\u00e9n se une a la accesibilidad y podr\u00edamos mencionar que, <strong>adem\u00e1s de disponer de se\u00f1ales visuales en todos los autobuses de piso bajo, disponen de un servicio de traducci\u00f3n de todos los debates del Ayuntamiento a Lengua de Signos<\/strong>, consiguiendo as\u00ed la participaci\u00f3n ciudadana sin exclusi\u00f3n. Adem\u00e1s, tres veces al a\u00f1o, se imparten en esta ciudad cursos de Lengua de Signos Alemana en distintos niveles y para el p\u00fablico en general. <\/p>\n\n\n\n<p>En otras ciudades, medidas como favorecer la contrataci\u00f3n de personal con discapacidad en la comunidad, <strong>el compromiso a ofrecer empleo a personas con discapacidad o la sencilla posibilidad de informar de problemas en la ciudad mediante internet, tambi\u00e9n son medidas que ayudan a una ciudad a ser m\u00e1s accesible<\/strong>. <\/p>\n\n\n\n<h2 class=\"wp-block-heading\">El futuro de las ciudades y la accesibilidad <\/h2>\n\n\n\n<p><strong>La accesibilidad no es siempre cuesti\u00f3n de grandes inversiones.<\/strong> La accesibilidad de calidad es aquella que se centra en comprender las verdaderas necesidades de las personas con discapacidad y sacar el mejor partido posible de los recursos disponibles. <\/p>\n\n\n<span class='bctt-click-to-tweet'><span class='bctt-ctt-text'><a href=\"https:\/\/x.com\/intent\/tweet?url=https%3A%2F%2Fwww.visualfy.com%2Fes%2Fpremio-ciudad-accesible-ayuda-personas-discapacidad%2F&#038;text=El%20premio%20de%20Ciudad%20Accesible%20es%20una%20distinci%C3%B3n%20especial%20que%20se%20da%20cada%20a%C3%B1o%20a%20las%20ciudades%20europeas%20que%20se%20esfuerzan%20por%20ser%20accesibles%20para%20todo%20el%20mundo.&#038;via=visualfy&#038;related=visualfy\" target=\"_blank\" rel=\"noopener noreferrer\">El premio de Ciudad Accesible es una distinci\u00f3n especial que se da cada a\u00f1o a las ciudades europeas que se esfuerzan por ser accesibles para todo el mundo. <\/a><\/span><a href=\"https:\/\/x.com\/intent\/tweet?url=https%3A%2F%2Fwww.visualfy.com%2Fes%2Fpremio-ciudad-accesible-ayuda-personas-discapacidad%2F&#038;text=El%20premio%20de%20Ciudad%20Accesible%20es%20una%20distinci%C3%B3n%20especial%20que%20se%20da%20cada%20a%C3%B1o%20a%20las%20ciudades%20europeas%20que%20se%20esfuerzan%20por%20ser%20accesibles%20para%20todo%20el%20mundo.&#038;via=visualfy&#038;related=visualfy\" target=\"_blank\" class=\"bctt-ctt-btn\" rel=\"noopener noreferrer\">Compartir en X<\/a><\/span>\n\n\n<p><strong>El Premio de la Ciudad Accesible no es solo un reconocimiento europeo, es tambi\u00e9n una ocasi\u00f3n para revisar la actual situaci\u00f3n y medir as\u00ed el progreso en materia de accesibilidad de una ciudad<\/strong>. Muchas son las iniciativas que est\u00e1n surgiendo y que poco a poco se est\u00e1n implementando en las ciudades para hacerlas m\u00e1s accesibles.<\/p>\n\n\n\n<p><strong>En Visualfy hemos creado un algoritmo de inteligencia artificial, capaz de detectar sonidos de diferente tipo y convertirlos en alertas visuales y sensoriales, en cualquier dispositivo conectado<\/strong>.<strong> Visualfy Public Spaces<\/strong> es nuestra soluci\u00f3n para la accesibilidad de espacios p\u00fablicos, que permite a trabajadores y ciudadanos disfrutar de una experiencia de usuario similar a la de cualquier otro ciudadano<\/p>\n\n\n\n<p>Ojal\u00e1 m\u00e1s ciudades se animen a llevar a cabo iniciativas accesibles que favorezcan la inclusi\u00f3n y la integraci\u00f3n de las personas con discapacidad. Mientras tanto, invitamos a las ciudades galardonadas con el \u201cPremio Ciudad Accesible\u201d a incorporar la inteligencia artificial entre sus propuestas de accesibilidad. <\/p>\n","protected":false},"excerpt":{"rendered":"<p>Existen m\u00e1s de ochenta millones de europeos con discapacidad y, obviamente, muchos de ellos con ganas de viajar o desplazarse a otro pa\u00eds. En muchas ocasiones las ciudades no est\u00e1n preparadas para recibirlas y, gracias a iniciativas europeas como el Premio de Ciudad Accesible, empieza a ser posible. Una ciudad es accesible cuando todo el [&hellip;]<\/p>\n","protected":false},"author":2,"featured_media":4817,"comment_status":"open","ping_status":"open","sticky":false,"template":"","format":"standard","meta":{"_acf_changed":false,"content-type":"","_uag_custom_page_level_css":"","footnotes":""},"categories":[29],"tags":[],"class_list":["post-6674","post","type-post","status-publish","format-standard","has-post-thumbnail","hentry","category-accesibilidad-espacios-publicos"],"acf":[],"spectra_custom_meta":{"_wp_page_template":["default"],"rank_math_internal_links_processed":["1"],"_wpml_word_count":["{\"total\":909,\"to_translate\":{\"en\":909}}"],"_yoast_wpseo_primary_category":["5348"],"_yoast_wpseo_keywordsynonyms":["[\"\"]"],"_wpml_media_duplicate":["0"],"_wpml_media_featured":["0"],"_yoast_wpseo_focuskeywords":["[]"],"_et_monarch_override":[""],"amazonS3_cache":["a:45:{s:66:\"\/\/www.visualfy.com\/wp-content\/uploads\/2019\/02\/ciudad-accesible.jpg\";i:22066;s:43:\"\/\/cdn.visualfy.com\/img\/ciudad-accesible.jpg\";i:22066;s:30:\"\/\/ec.europa.eu\/social\/main.jsp\";a:1:{s:9:\"timestamp\";i:1557492028;}s:49:\"\/\/europa.eu\/rapid\/press-release_IP-18-6630_es.htm\";a:1:{s:9:\"timestamp\";i:1557492028;}s:72:\"\/\/visualfy.acceseo.dev\/wp-content\/uploads\/2025\/02\/ciudad-accesible-1.jpg\";a:1:{s:9:\"timestamp\";i:1744269470;}s:72:\"\/\/visualfy.acceseo.dev\/wp-content\/uploads\/2025\/02\/ciudad-accesible-2.jpg\";a:1:{s:9:\"timestamp\";i:1744269470;}s:69:\"\/\/visualfy.acceseo.dev\/wp-content\/uploads\/2025\/02\/lse-icon-button.svg\";a:1:{s:9:\"timestamp\";i:1744268297;}s:81:\"\/\/visualfy.acceseo.dev\/wp-content\/uploads\/2025\/02\/visualfy-places-placeholder.jpg\";a:1:{s:9:\"timestamp\";i:1744268297;}s:66:\"\/\/visualfy.acceseo.dev\/wp-content\/uploads\/2025\/01\/computer_404.svg\";a:1:{s:9:\"timestamp\";i:1744268297;}s:63:\"\/\/visualfy.acceseo.dev\/wp-content\/uploads\/2025\/01\/user-icon.svg\";a:1:{s:9:\"timestamp\";i:1744268297;}s:58:\"\/\/visualfy.acceseo.dev\/wp-content\/uploads\/2025\/01\/menu.svg\";a:1:{s:9:\"timestamp\";i:1744268297;}s:67:\"\/\/visualfy.acceseo.dev\/wp-content\/uploads\/2025\/01\/logo-visualfy.svg\";a:1:{s:9:\"timestamp\";i:1744268297;}s:65:\"\/\/visualfy.acceseo.dev\/wp-content\/uploads\/2025\/01\/logo-footer.svg\";a:1:{s:9:\"timestamp\";i:1744268297;}s:88:\"\/\/visualfy.acceseo.dev\/wp-content\/uploads\/2025\/01\/union-europea-ministerio-industria.png\";a:1:{s:9:\"timestamp\";i:1744268297;}s:78:\"\/\/visualfy.acceseo.dev\/wp-content\/uploads\/2025\/01\/fondo-europeo-innovacion.png\";a:1:{s:9:\"timestamp\";i:1744268297;}s:77:\"\/\/visualfy.acceseo.dev\/wp-content\/uploads\/2025\/01\/generalitat-ivace-feder.png\";a:1:{s:9:\"timestamp\";i:1744268297;}s:85:\"\/\/visualfy.acceseo.dev\/wp-content\/uploads\/2025\/01\/generalita-ivace-cofinanciacion.png\";a:1:{s:9:\"timestamp\";i:1744268297;}s:61:\"\/\/visualfy.acceseo.dev\/wp-content\/uploads\/2025\/02\/Sem-3-1.png\";a:1:{s:9:\"timestamp\";i:1744268297;}s:69:\"\/\/visualfy.acceseo.dev\/wp-content\/uploads\/2025\/02\/Sem-3-1-300x176.png\";a:1:{s:9:\"timestamp\";i:1744268297;}s:70:\"\/\/visualfy.acceseo.dev\/wp-content\/uploads\/2025\/02\/Sem-3-1-1024x600.png\";a:1:{s:9:\"timestamp\";i:1744268297;}s:69:\"\/\/visualfy.acceseo.dev\/wp-content\/uploads\/2025\/02\/Sem-3-1-768x450.png\";a:1:{s:9:\"timestamp\";i:1744268297;}s:70:\"\/\/visualfy.acceseo.dev\/wp-content\/uploads\/2025\/02\/Sem-3-1-1536x900.png\";a:1:{s:9:\"timestamp\";i:1744268297;}s:71:\"\/\/visualfy.acceseo.dev\/wp-content\/uploads\/2025\/02\/Sem-3-1-2048x1200.png\";a:1:{s:9:\"timestamp\";i:1744268297;}s:63:\"\/\/visualfy.acceseo.dev\/wp-content\/uploads\/2025\/02\/Sem-2-3-1.jpg\";a:1:{s:9:\"timestamp\";i:1744268297;}s:71:\"\/\/visualfy.acceseo.dev\/wp-content\/uploads\/2025\/02\/Sem-2-3-1-300x169.jpg\";a:1:{s:9:\"timestamp\";i:1744268297;}s:72:\"\/\/visualfy.acceseo.dev\/wp-content\/uploads\/2025\/02\/Sem-2-3-1-1024x576.jpg\";a:1:{s:9:\"timestamp\";i:1744268297;}s:71:\"\/\/visualfy.acceseo.dev\/wp-content\/uploads\/2025\/02\/Sem-2-3-1-768x432.jpg\";a:1:{s:9:\"timestamp\";i:1744268297;}s:72:\"\/\/visualfy.acceseo.dev\/wp-content\/uploads\/2025\/02\/Sem-2-3-1-1536x864.jpg\";a:1:{s:9:\"timestamp\";i:1744268297;}s:63:\"\/\/visualfy.acceseo.dev\/wp-content\/uploads\/2025\/02\/Sem-1-2-1.png\";a:1:{s:9:\"timestamp\";i:1744268297;}s:71:\"\/\/visualfy.acceseo.dev\/wp-content\/uploads\/2025\/02\/Sem-1-2-1-300x157.png\";a:1:{s:9:\"timestamp\";i:1744268297;}s:72:\"\/\/visualfy.acceseo.dev\/wp-content\/uploads\/2025\/02\/Sem-1-2-1-1024x535.png\";a:1:{s:9:\"timestamp\";i:1744268297;}s:71:\"\/\/visualfy.acceseo.dev\/wp-content\/uploads\/2025\/02\/Sem-1-2-1-768x401.png\";a:1:{s:9:\"timestamp\";i:1744268297;}s:67:\"\/\/visualfy.acceseo.dev\/wp-content\/uploads\/2025\/02\/caixa-popular.svg\";a:1:{s:9:\"timestamp\";i:1744268297;}s:58:\"\/\/visualfy.acceseo.dev\/wp-content\/uploads\/2025\/02\/cdti.svg\";a:1:{s:9:\"timestamp\";i:1744268297;}s:58:\"\/\/visualfy.acceseo.dev\/wp-content\/uploads\/2025\/02\/cnse.svg\";a:1:{s:9:\"timestamp\";i:1744268297;}s:60:\"\/\/visualfy.acceseo.dev\/wp-content\/uploads\/2025\/02\/esteve.svg\";a:1:{s:9:\"timestamp\";i:1744268297;}s:60:\"\/\/visualfy.acceseo.dev\/wp-content\/uploads\/2025\/02\/fesord.svg\";a:1:{s:9:\"timestamp\";i:1744268297;}s:76:\"\/\/visualfy.acceseo.dev\/wp-content\/uploads\/2025\/02\/generalitat-valenciana.svg\";a:1:{s:9:\"timestamp\";i:1744268297;}s:66:\"\/\/visualfy.acceseo.dev\/wp-content\/uploads\/2025\/02\/horizon-2020.svg\";a:1:{s:9:\"timestamp\";i:1744268297;}s:59:\"\/\/visualfy.acceseo.dev\/wp-content\/uploads\/2025\/02\/ivace.svg\";a:1:{s:9:\"timestamp\";i:1744268297;}s:62:\"\/\/visualfy.acceseo.dev\/wp-content\/uploads\/2025\/02\/montsant.svg\";a:1:{s:9:\"timestamp\";i:1744268297;}s:69:\"\/\/visualfy.acceseo.dev\/wp-content\/uploads\/2025\/02\/naciones-unidas.svg\";a:1:{s:9:\"timestamp\";i:1744268297;}s:62:\"\/\/visualfy.acceseo.dev\/wp-content\/uploads\/2025\/02\/randstad.svg\";a:1:{s:9:\"timestamp\";i:1744268297;}s:64:\"\/\/visualfy.acceseo.dev\/wp-content\/uploads\/2025\/02\/telefonica.svg\";a:1:{s:9:\"timestamp\";i:1744268297;}s:66:\"\/\/visualfy.acceseo.dev\/wp-content\/uploads\/2025\/02\/wingstoclaim.svg\";a:1:{s:9:\"timestamp\";i:1744268297;}}"],"_yoast_wpseo_opengraph-title":[""],"_yoast_wpseo_opengraph-description":["El premio de Ciudad Accesible es una distinci\u00f3n especial que se da cada a\u00f1o a las ciudades europeas que se esfuerzan por ser accesibles para todo el mundo."],"_yst_prominent_words_version":["1"],"_yoast_wpseo_video_meta":["a:15:{s:2:\"id\";s:11:\"e8g8YLpt8YY\";s:4:\"type\";s:7:\"youtube\";s:3:\"url\";s:28:\"https:\/\/youtu.be\/e8g8YLpt8YY\";s:7:\"post_id\";s:5:\"22062\";s:5:\"title\";s:70:\"\u00bfEn qu\u00e9 consiste el premio Ciudad Accesible que se otorga cada a\u00f1o?\";s:16:\"publication_date\";s:25:\"2019-02-14T09:28:44+00:00\";s:11:\"description\";s:157:\"El Premio Ciudad Accesible favorece la accesibilidad de las personas con discapacidad en las ciudades. Cada vez son m\u00e1s las que optan a este reconocimiento.\";s:10:\"player_loc\";s:41:\"https:\/\/www.youtube.com\/embed\/e8g8YLpt8YY\";s:13:\"thumbnail_loc\";s:44:\"https:\/\/cdn.visualfy.com\/img\/e8g8ylpt8yy.jpg\";s:8:\"duration\";s:3:\"412\";s:10:\"view_count\";s:1:\"4\";s:5:\"width\";s:3:\"480\";s:6:\"height\";s:3:\"270\";s:8:\"category\";s:32:\"Accesibilidad espacios p\u00fablicos\";s:3:\"tag\";a:0:{}}"],"_yoast_wpseo_videositemap-duration":["412"],"_yoast_wpseo_videositemap-rating":["0"],"_yoast_wpseo_metadesc":["El Premio Ciudad Accesible favorece la accesibilidad de las personas con discapacidad en las ciudades. Cada vez son m\u00e1s las que optan a este reconocimiento."],"_yoast_wpseo_focuskw":[""],"_yoast_wpseo_content_score":[""],"cmplz_hide_cookiebanner":[""],"_wpml_location_migration_done":["1"],"_fgj2wp_old_id":[""],"_yoast_wpseo_metakeywords":[""],"_bsf_post_type":[""],"_yoast_wpseo_meta-robots-noindex":["2"],"_fgj2wp_translation_association_key":[""],"_product_image_gallery":[""],"_wp_old_slug":[""],"_yoast_wpseo_title":["\u00bfEn qu\u00e9 consiste el premio Ciudad Accesible que se otorga cada a\u00f1o?"],"slide_template":[""],"_yoast_wpseo_opengraph-image":["https:\/\/cdn.visualfy.com\/img\/ciudad-accesible.jpg"],"_yoast_wpseo_opengraph-image-id":["22066"],"_wp_old_date":[""],"_bsf_article_image":[""],"_bsf_article_name":[""],"_bsf_article_desc":[""],"_bsf_article_author":[""],"_bsf_article_publisher":[""],"_bsf_article_publisher_logo":[""],"_yoast_wpseo_meta-robots-nofollow":[""],"amp_status":[""],"_cmplz_scanned_post":["1"],"_encloseme":[""],"_last_translation_edit_mode":[""],"_yoast_wpseo_twitter-title":["\u00bfQu\u00e9 es el premio Ciudad Accesible?"],"_yoast_wpseo_twitter-description":["El premio de Ciudad Accesible es una distinci\u00f3n especial que se da cada a\u00f1o a las ciudades europeas que se esfuerzan por ser accesibles."],"_yoast_wpseo_twitter-image":[""],"_yoast_wpseo_twitter-image-id":[""],"_yoast_wpseo_linkdex":[""],"_thumbnail_id":["4817"],"_oembed_68811710da1cf58a3c79ab74600c876b":["<iframe title=\"\u00bfQu\u00e9 es el Premio Ciudad Accesible y c\u00f3mo ayuda a las personas con discapacidad? -Visualfy\" width=\"500\" height=\"281\" src=\"https:\/\/www.youtube.com\/embed\/e8g8YLpt8YY?feature=oembed\" frameborder=\"0\" allow=\"accelerometer; autoplay; clipboard-write; encrypted-media; gyroscope; picture-in-picture; web-share\" referrerpolicy=\"strict-origin-when-cross-origin\" allowfullscreen><\/iframe>"],"_oembed_time_68811710da1cf58a3c79ab74600c876b":["1740561738"],"_edit_lock":["1740561848:1"],"rank_math_seo_score":["16"],"rank_math_primary_category":["29"],"_pingme":["1"],"_uag_custom_page_level_css":[""],"footnotes":[""],"_edit_last":["1"],"lse_enlace":["https:\/\/youtu.be\/e8g8YLpt8YY"],"_lse_enlace":["field_67b5db1d9d4ca"],"_betterdocs_reusable_block_ids":["a:0:{}"],"copied_media_ids":["a:1:{i:0;i:4815;}"],"referenced_media_ids":["a:1:{i:0;i:4817;}"]},"uagb_featured_image_src":{"full":["https:\/\/www.visualfy.com\/wp-content\/uploads\/2025\/02\/ciudad-accesible-2.jpg",900,600,false],"thumbnail":["https:\/\/www.visualfy.com\/wp-content\/uploads\/2025\/02\/ciudad-accesible-2-150x150.jpg",150,150,true],"medium":["https:\/\/www.visualfy.com\/wp-content\/uploads\/2025\/02\/ciudad-accesible-2-300x200.jpg",300,200,true],"medium_large":["https:\/\/www.visualfy.com\/wp-content\/uploads\/2025\/02\/ciudad-accesible-2-768x512.jpg",768,512,true],"large":["https:\/\/www.visualfy.com\/wp-content\/uploads\/2025\/02\/ciudad-accesible-2.jpg",900,600,false],"1536x1536":["https:\/\/www.visualfy.com\/wp-content\/uploads\/2025\/02\/ciudad-accesible-2.jpg",900,600,false],"2048x2048":["https:\/\/www.visualfy.com\/wp-content\/uploads\/2025\/02\/ciudad-accesible-2.jpg",900,600,false]},"uagb_author_info":{"display_name":"visualfy","author_link":"https:\/\/www.visualfy.com\/es\/author\/visualfy\/"},"uagb_comment_info":0,"uagb_excerpt":"Existen m\u00e1s de ochenta millones de europeos con discapacidad y, obviamente, muchos de ellos con ganas de viajar o desplazarse a otro pa\u00eds. En muchas ocasiones las ciudades no est\u00e1n preparadas para recibirlas y, gracias a iniciativas europeas como el Premio de Ciudad Accesible, empieza a ser posible. Una ciudad es accesible cuando todo el&hellip;","_links":{"self":[{"href":"https:\/\/www.visualfy.com\/es\/wp-json\/wp\/v2\/posts\/6674","targetHints":{"allow":["GET"]}}],"collection":[{"href":"https:\/\/www.visualfy.com\/es\/wp-json\/wp\/v2\/posts"}],"about":[{"href":"https:\/\/www.visualfy.com\/es\/wp-json\/wp\/v2\/types\/post"}],"author":[{"embeddable":true,"href":"https:\/\/www.visualfy.com\/es\/wp-json\/wp\/v2\/users\/2"}],"replies":[{"embeddable":true,"href":"https:\/\/www.visualfy.com\/es\/wp-json\/wp\/v2\/comments?post=6674"}],"version-history":[{"count":0,"href":"https:\/\/www.visualfy.com\/es\/wp-json\/wp\/v2\/posts\/6674\/revisions"}],"wp:featuredmedia":[{"embeddable":true,"href":"https:\/\/www.visualfy.com\/es\/wp-json\/wp\/v2\/media\/4817"}],"wp:attachment":[{"href":"https:\/\/www.visualfy.com\/es\/wp-json\/wp\/v2\/media?parent=6674"}],"wp:term":[{"taxonomy":"category","embeddable":true,"href":"https:\/\/www.visualfy.com\/es\/wp-json\/wp\/v2\/categories?post=6674"},{"taxonomy":"post_tag","embeddable":true,"href":"https:\/\/www.visualfy.com\/es\/wp-json\/wp\/v2\/tags?post=6674"}],"curies":[{"name":"wp","href":"https:\/\/api.w.org\/{rel}","templated":true}]}}