{"id":6528,"date":"2018-05-09T15:01:04","date_gmt":"2018-05-09T15:01:04","guid":{"rendered":"https:\/\/www.visualfy.com\/mamas-y-papas-sordos-hijos-oyentes-consejos-para-la-aventura-de-ser-padres\/"},"modified":"2025-03-03T09:35:18","modified_gmt":"2025-03-03T09:35:18","slug":"mamas-y-papas-sordos-hijos-oyentes-consejos-para-la-aventura-de-ser-padres","status":"publish","type":"post","link":"https:\/\/www.visualfy.com\/es\/mamas-y-papas-sordos-hijos-oyentes-consejos-para-la-aventura-de-ser-padres\/","title":{"rendered":"Mam\u00e1s y pap\u00e1s sordos, hijos oyentes: la aventura de ser padres"},"content":{"rendered":"\n<p>Ser padre siempre es un reto pero, si adem\u00e1s eres pap\u00e1 o mam\u00e1 sordo y tu hijo es oyente, el reto se multiplica, convirti\u00e9ndose en una aut\u00e9ntica aventura. <strong>En Visualfy hemos entrevistado a padres y especialistas y todos coinciden en que, con la orientaci\u00f3n adecuada, el ni\u00f1o oyente de pap\u00e1s sordos no solo se desarrolla intelectual y emocionalmente como el resto<\/strong>, sino que, adem\u00e1s, junto con la lengua de signos, adquirir\u00e1 habilidades comunicativas y emocionales que le ayudar\u00e1n en su futuro.<\/p>\n\n\n\n<p>Estas, entre otras, son las preguntas que se hacen en un primer momento: \u00bf<strong>C\u00f3mo me las arreglar\u00e9 para criar a mi hijo si no puedo o\u00edr nada? \u00bfC\u00f3mo escuchar\u00e9 a mi beb\u00e9 cuando llora? \u00bfC\u00f3mo le ayudar\u00e9 aprender a hablar? \u00bfRetrasar\u00e1 su habla que nosotros seamos sordos?<\/strong><\/p>\n\n\n<span class='bctt-click-to-tweet'><span class='bctt-ctt-text'><a href='https:\/\/x.com\/intent\/tweet?url=https%3A%2F%2Fwww.visualfy.com%2Fes%2Fmamas-y-papas-sordos-hijos-oyentes-consejos-para-la-aventura-de-ser-padres%2F&#038;text=Padres%20y%20especialistas%20coinciden%20en%20que%20con%20la%20orientaci%C3%B3n%20adecuada%2C%20el%20ni%C3%B1o%20oyente%20de%20pap%C3%A1s%20sordos%20no%20solo%20se%20desarrolla%20intelectual%20y%20emocionalmente%20como%20el%20resto%2C%20sino%20que%2C%20adem%C3%A1s%2C%20junto%20con%20la%20lengua%20de%20signos%2C%20adquirir%C3%A1%20habilidades%E2%80%A6&#038;via=visualfy&#038;related=visualfy' target='_blank'rel=\"noopener noreferrer\">Padres y especialistas coinciden en que con la orientaci\u00f3n adecuada, el ni\u00f1o oyente de pap\u00e1s sordos no solo se desarrolla intelectual y emocionalmente como el resto, sino que, adem\u00e1s, junto con la lengua de signos, adquirir\u00e1 habilidades\u2026 <\/a><\/span><a href='https:\/\/x.com\/intent\/tweet?url=https%3A%2F%2Fwww.visualfy.com%2Fes%2Fmamas-y-papas-sordos-hijos-oyentes-consejos-para-la-aventura-de-ser-padres%2F&#038;text=Padres%20y%20especialistas%20coinciden%20en%20que%20con%20la%20orientaci%C3%B3n%20adecuada%2C%20el%20ni%C3%B1o%20oyente%20de%20pap%C3%A1s%20sordos%20no%20solo%20se%20desarrolla%20intelectual%20y%20emocionalmente%20como%20el%20resto%2C%20sino%20que%2C%20adem%C3%A1s%2C%20junto%20con%20la%20lengua%20de%20signos%2C%20adquirir%C3%A1%20habilidades%E2%80%A6&#038;via=visualfy&#038;related=visualfy' target='_blank' class='bctt-ctt-btn'rel=\"noopener noreferrer\">Compartir en X<\/a><\/span>\n\n\n\n<p>Aunque en un primer momento lo habitual es que a los pap\u00e1s les invada el miedo y la incertidumbre, los especialistas coinciden en que <strong>los ni\u00f1os oyentes criados en familias de pap\u00e1s sordos crecen biling\u00fces<\/strong>, con todas las ventajas que ello comporta: m\u00e1s agilidad mental, m\u00e1s facilidad para procesar informaci\u00f3n y un mejor razonamiento l\u00f3gico, entre otras ventajas. Adem\u00e1s, adquieren un tercer idioma de manera m\u00e1s sencilla y se muestran m\u00e1s sensibles y respetuosos con la diferencia.<\/p>\n\n\n\n<h3 class=\"wp-block-heading\">David y Mar\u00eda son dos pap\u00e1s sordos de 3 hijos. Su segundo hijo, de 6 a\u00f1os, es oyente:<\/h3>\n\n\n\n<p><em>\u00abMi segundo hijo es oyente y con \u00e9l tambi\u00e9n hemos utilizado gestos o signos sueltos y con el tiempo nos iba entendiendo. Hemos utilizado signos como \u201cbiber\u00f3n\u201d, \u201cchupete\u201d o los colores, se\u00f1alando y mostr\u00e1ndole cosas de ese color para que lo asociara. Todo esto es para que no se frustre y no encuentre barreras comunicativas con nosotros.<\/em><br><em> Ahora s\u00ed que es verdad que al ser oyente con el tiempo utiliza m\u00e1s la lengua oral, pero sabe c\u00f3mo adaptarse para comunicarse con personas sordas. Vocaliza, sabe c\u00f3mo llamarnos, mira a la cara y no habla por la espalda\u00bb.<\/em><\/p>\n\n\n\n<h3 class=\"wp-block-heading\">Marisa y Ram\u00f3n tambi\u00e9n son pap\u00e1s sordos y Zaira, su beb\u00e9 de 4 meses, es oyente:<\/h3>\n\n\n\n<p><em>\u00abMi experiencia con mi beb\u00e9 sinceramente es escasa ya que tiene 4 meses y no reproduce todav\u00eda la Lengua de Signos. Yo s\u00ed que utilizo la voz y la LSE y s\u00ed que me entiende algo. Por ejemplo, le digo mam\u00e1, pop\u00f3, ella sabe lo que le digo y se r\u00ede. Le ense\u00f1o el pa\u00f1al y le digo \u201cesto es pop\u00f3\u201d y el color y \u00e9l se acuerda, con el pip\u00ed lo mismo\u00bb.<\/em><\/p>\n\n\n\n<figure class=\"wp-block-image\"><img decoding=\"async\" src=\"https:\/\/www.visualfy.com\/wp-content\/uploads\/2025\/02\/papas-sordos-hijos-oyentes.jpg\" alt=\"Pap\u00e1s sordos, hijos oyentes\" class=\"wp-image-12542\" title=\"Pap\u00e1s sordos, hijos oyentes\"\/><\/figure>\n\n\n\n<p><strong>Los signos permiten expresar al beb\u00e9 cosas concretas: lo que necesita, lo que piensa, lo que ve, lo que siente, adem\u00e1s de fortalecer el v\u00ednculo-afectivo entre padres e hijos.<\/strong><\/p>\n\n\n\n<p>Pasado el primer momento de inseguridad,<\/p>\n\n\n\n<h2 class=\"wp-block-heading\">\u00bfC\u00f3mo podemos acompa\u00f1ar a nuestro hijo en su desarrollo si somos pap\u00e1s sordos?<\/h2>\n\n\n\n<p>En Visualfy hemos hablado con otros pap\u00e1s para averiguarlo. Es totalmente razonable que los pap\u00e1s sordos se hagan estas preguntas, pero como en toda etapa nueva en la vida, hay que empezar a andar y poquito a poco, las dudas se disipan. <strong>Estos son algunos de los consejos que los pap\u00e1s que ya han pasado por la experiencia nos ofrecen:<\/strong><\/p>\n\n\n\n<h3 class=\"wp-block-heading\">Pepi y Roberto:<\/h3>\n\n\n\n<p>\u00ab<em>Pues mi consejo es que lo mejor es que utilicen la Lengua de Signos que es visual. Es muy importante que sea muy visual y la facilidad y sencillez de los signos que se usan todos los d\u00edas, signos como \u201cagua\u201d, leche\u201d, \u201ccomer\u201d, etc\u2026Tambi\u00e9n es importante poder mostrarle las cosas, por ejemplo, un juguete, y decirle el signo, y repet\u00edrselo muchas veces. Si es muy peque\u00f1o cuando se vaya haciendo grande lo ir\u00e1 entendiendo, a partir de los 4 meses empiezan a entender m\u00e1s o menos. Es importante la parte visual y que puedan tocar, poco a poco van evolucionando\u00bb.<\/em><\/p>\n\n\n\n<figure class=\"wp-block-image\"><img decoding=\"async\" src=\"https:\/\/www.visualfy.com\/wp-content\/uploads\/2025\/02\/padres-sordos-educar-hijos-oyentes.jpg\" alt=\"Como educan los padres sordos a sus hijos oyentes\" class=\"wp-image-12551\" title=\"Como educan los padres sordos a sus hijos oyentes\"\/><\/figure>\n\n\n\n<h2 class=\"wp-block-heading\">Consejos<\/h2>\n\n\n\n<p>Adem\u00e1s,<strong> toma nota tambi\u00e9n de estos consejos que nos brindan algunas asociaciones de personas sordas y familiares<\/strong>:<\/p>\n\n\n\n<ul class=\"wp-block-list\">\n<li>En primer lugar, conf\u00eda en tus capacidades para ser pap\u00e1 y mam\u00e1.<\/li>\n\n\n\n<li>Si\u00e9ntete orgulloso como persona sorda. Refu\u00e9rzalo y comp\u00e1rtelo en todos tus \u00e1mbitos. Las personas sordas tienen mucho que decir.<\/li>\n\n\n\n<li>Contacta con <a href=\"https:\/\/www.visualfy.com\/es\/sobreproteger-a-un-nino-sordo-es-poner-barreras-a-todo-lo-que-puede-conseguir\/\">otros pap\u00e1s sordos<\/a> que hayan pasado por la misma situaci\u00f3n que t\u00fa. Hay multitud de federaciones, asociaciones y entidades en las que te puedes relacionar con personas y familias que han vivido situaciones similares a la tuya.<\/li>\n\n\n\n<li>Tienes ayudas t\u00e9cnicas a tu disposici\u00f3n, como <a href=\"https:\/\/www.visualfy.com\/es\/tienda\/visualfyhome\/\">vigilabeb\u00e9s adaptados. Visualfy<\/a> es uno de ellos. Nuestro producto Visualfy Home, convierte los sonidos de tu casa en alertas visuales. La alerta beb\u00e9 es una de nuestras favoritas.<\/li>\n\n\n\n<li>Acude a las asociaciones y servicios profesionales de interpretaci\u00f3n en lengua de signos si necesitas ayuda en situaciones como la visita al pediatra, las tutor\u00edas en el colegio\u2026 etc.<\/li>\n\n\n\n<li>Evita que tu hijo oyente se convierta o asuma un rol no deseado como ser int\u00e9rprete dentro de la familia.<\/li>\n<\/ul>\n\n\n\n<h3 class=\"wp-block-heading\">Al final ser pap\u00e1 o mam\u00e1 es una aventura en s\u00ed misma, no importa en qu\u00e9 situaci\u00f3n te encuentres, y ning\u00fan ni\u00f1o nace con un manual de instrucciones. Hay muchos retos a los que nos vamos a tener que enfrentar y seguro que los resolveremos f\u00e1cilmente si confiamos en nosotros mismos.<\/h3>\n","protected":false},"excerpt":{"rendered":"<p>Ser padre siempre es un reto pero, si adem\u00e1s eres pap\u00e1 o mam\u00e1 sordo y tu hijo es oyente, el reto se multiplica, convirti\u00e9ndose en una aut\u00e9ntica aventura. En Visualfy hemos entrevistado a padres y especialistas y todos coinciden en que, con la orientaci\u00f3n adecuada, el ni\u00f1o oyente de pap\u00e1s sordos no solo se desarrolla [&hellip;]<\/p>\n","protected":false},"author":2,"featured_media":4013,"comment_status":"open","ping_status":"open","sticky":false,"template":"","format":"standard","meta":{"_acf_changed":false,"content-type":"","_uag_custom_page_level_css":"","footnotes":""},"categories":[32],"tags":[],"class_list":["post-6528","post","type-post","status-publish","format-standard","has-post-thumbnail","hentry","category-escuela-de-padres"],"acf":[],"spectra_custom_meta":{"_wp_page_template":["default"],"rank_math_internal_links_processed":["1"],"_wpml_word_count":["{\"total\":922,\"to_translate\":{\"en\":922}}"],"_yoast_wpseo_primary_category":[""],"_yoast_wpseo_keywordsynonyms":["[\"\"]"],"_wpml_media_duplicate":["0"],"_wpml_media_featured":["0"],"_yoast_wpseo_focuskeywords":["[]"],"_et_monarch_override":[""],"amazonS3_cache":["a:51:{s:76:\"\/\/dev.visualfy.com\/wp-content\/uploads\/2018\/05\/papas-sordos-hijos-oyentes.jpg\";i:12542;s:53:\"\/\/cdn.visualfy.com\/img\/papas-sordos-hijos-oyentes.jpg\";i:12542;s:84:\"\/\/dev.visualfy.com\/wp-content\/uploads\/2018\/05\/padres-sordos-educar-hijos-oyentes.jpg\";i:12551;s:61:\"\/\/cdn.visualfy.com\/img\/padres-sordos-educar-hijos-oyentes.jpg\";i:12551;s:61:\"\/\/dev.visualfy.com\/wp-content\/uploads\/2018\/05\/7xowmzbe-wc.jpg\";i:12573;s:38:\"\/\/cdn.visualfy.com\/img\/7xowmzbe-wc.jpg\";i:12573;s:76:\"\/\/www.visualfy.com\/wp-content\/uploads\/2018\/05\/papas-sordos-hijos-oyentes.jpg\";i:12542;s:84:\"\/\/www.visualfy.com\/wp-content\/uploads\/2018\/05\/padres-sordos-educar-hijos-oyentes.jpg\";i:12551;s:61:\"\/\/www.visualfy.com\/wp-content\/uploads\/2018\/05\/7xowmzbe-wc.jpg\";i:12573;s:80:\"\/\/visualfy.acceseo.dev\/wp-content\/uploads\/2025\/02\/papas-sordos-hijos-oyentes.jpg\";a:1:{s:9:\"timestamp\";i:1744269475;}s:88:\"\/\/visualfy.acceseo.dev\/wp-content\/uploads\/2025\/02\/padres-sordos-educar-hijos-oyentes.jpg\";a:1:{s:9:\"timestamp\";i:1744269475;}s:90:\"\/\/visualfy.acceseo.dev\/wp-content\/uploads\/2025\/02\/padres-sordos-educar-hijos-oyentes-1.jpg\";a:1:{s:9:\"timestamp\";i:1744269475;}s:69:\"\/\/visualfy.acceseo.dev\/wp-content\/uploads\/2025\/02\/lse-icon-button.svg\";a:1:{s:9:\"timestamp\";i:1744268263;}s:81:\"\/\/visualfy.acceseo.dev\/wp-content\/uploads\/2025\/02\/visualfy-places-placeholder.jpg\";a:1:{s:9:\"timestamp\";i:1744268263;}s:66:\"\/\/visualfy.acceseo.dev\/wp-content\/uploads\/2025\/01\/computer_404.svg\";a:1:{s:9:\"timestamp\";i:1744268263;}s:63:\"\/\/visualfy.acceseo.dev\/wp-content\/uploads\/2025\/01\/user-icon.svg\";a:1:{s:9:\"timestamp\";i:1744268263;}s:58:\"\/\/visualfy.acceseo.dev\/wp-content\/uploads\/2025\/01\/menu.svg\";a:1:{s:9:\"timestamp\";i:1744268263;}s:67:\"\/\/visualfy.acceseo.dev\/wp-content\/uploads\/2025\/01\/logo-visualfy.svg\";a:1:{s:9:\"timestamp\";i:1744268263;}s:65:\"\/\/visualfy.acceseo.dev\/wp-content\/uploads\/2025\/01\/logo-footer.svg\";a:1:{s:9:\"timestamp\";i:1744268263;}s:88:\"\/\/visualfy.acceseo.dev\/wp-content\/uploads\/2025\/01\/union-europea-ministerio-industria.png\";a:1:{s:9:\"timestamp\";i:1744268263;}s:78:\"\/\/visualfy.acceseo.dev\/wp-content\/uploads\/2025\/01\/fondo-europeo-innovacion.png\";a:1:{s:9:\"timestamp\";i:1744268263;}s:77:\"\/\/visualfy.acceseo.dev\/wp-content\/uploads\/2025\/01\/generalitat-ivace-feder.png\";a:1:{s:9:\"timestamp\";i:1744268263;}s:85:\"\/\/visualfy.acceseo.dev\/wp-content\/uploads\/2025\/01\/generalita-ivace-cofinanciacion.png\";a:1:{s:9:\"timestamp\";i:1744268263;}s:61:\"\/\/visualfy.acceseo.dev\/wp-content\/uploads\/2025\/02\/Sem-3-1.png\";a:1:{s:9:\"timestamp\";i:1744268263;}s:69:\"\/\/visualfy.acceseo.dev\/wp-content\/uploads\/2025\/02\/Sem-3-1-300x176.png\";a:1:{s:9:\"timestamp\";i:1744268263;}s:70:\"\/\/visualfy.acceseo.dev\/wp-content\/uploads\/2025\/02\/Sem-3-1-1024x600.png\";a:1:{s:9:\"timestamp\";i:1744268263;}s:69:\"\/\/visualfy.acceseo.dev\/wp-content\/uploads\/2025\/02\/Sem-3-1-768x450.png\";a:1:{s:9:\"timestamp\";i:1744268263;}s:70:\"\/\/visualfy.acceseo.dev\/wp-content\/uploads\/2025\/02\/Sem-3-1-1536x900.png\";a:1:{s:9:\"timestamp\";i:1744268263;}s:71:\"\/\/visualfy.acceseo.dev\/wp-content\/uploads\/2025\/02\/Sem-3-1-2048x1200.png\";a:1:{s:9:\"timestamp\";i:1744268263;}s:63:\"\/\/visualfy.acceseo.dev\/wp-content\/uploads\/2025\/02\/Sem-2-3-1.jpg\";a:1:{s:9:\"timestamp\";i:1744268263;}s:71:\"\/\/visualfy.acceseo.dev\/wp-content\/uploads\/2025\/02\/Sem-2-3-1-300x169.jpg\";a:1:{s:9:\"timestamp\";i:1744268263;}s:72:\"\/\/visualfy.acceseo.dev\/wp-content\/uploads\/2025\/02\/Sem-2-3-1-1024x576.jpg\";a:1:{s:9:\"timestamp\";i:1744268263;}s:71:\"\/\/visualfy.acceseo.dev\/wp-content\/uploads\/2025\/02\/Sem-2-3-1-768x432.jpg\";a:1:{s:9:\"timestamp\";i:1744268263;}s:72:\"\/\/visualfy.acceseo.dev\/wp-content\/uploads\/2025\/02\/Sem-2-3-1-1536x864.jpg\";a:1:{s:9:\"timestamp\";i:1744268263;}s:63:\"\/\/visualfy.acceseo.dev\/wp-content\/uploads\/2025\/02\/Sem-1-2-1.png\";a:1:{s:9:\"timestamp\";i:1744268263;}s:71:\"\/\/visualfy.acceseo.dev\/wp-content\/uploads\/2025\/02\/Sem-1-2-1-300x157.png\";a:1:{s:9:\"timestamp\";i:1744268263;}s:72:\"\/\/visualfy.acceseo.dev\/wp-content\/uploads\/2025\/02\/Sem-1-2-1-1024x535.png\";a:1:{s:9:\"timestamp\";i:1744268263;}s:71:\"\/\/visualfy.acceseo.dev\/wp-content\/uploads\/2025\/02\/Sem-1-2-1-768x401.png\";a:1:{s:9:\"timestamp\";i:1744268263;}s:67:\"\/\/visualfy.acceseo.dev\/wp-content\/uploads\/2025\/02\/caixa-popular.svg\";a:1:{s:9:\"timestamp\";i:1744268263;}s:58:\"\/\/visualfy.acceseo.dev\/wp-content\/uploads\/2025\/02\/cdti.svg\";a:1:{s:9:\"timestamp\";i:1744268263;}s:58:\"\/\/visualfy.acceseo.dev\/wp-content\/uploads\/2025\/02\/cnse.svg\";a:1:{s:9:\"timestamp\";i:1744268263;}s:60:\"\/\/visualfy.acceseo.dev\/wp-content\/uploads\/2025\/02\/esteve.svg\";a:1:{s:9:\"timestamp\";i:1744268263;}s:60:\"\/\/visualfy.acceseo.dev\/wp-content\/uploads\/2025\/02\/fesord.svg\";a:1:{s:9:\"timestamp\";i:1744268263;}s:76:\"\/\/visualfy.acceseo.dev\/wp-content\/uploads\/2025\/02\/generalitat-valenciana.svg\";a:1:{s:9:\"timestamp\";i:1744268263;}s:66:\"\/\/visualfy.acceseo.dev\/wp-content\/uploads\/2025\/02\/horizon-2020.svg\";a:1:{s:9:\"timestamp\";i:1744268263;}s:59:\"\/\/visualfy.acceseo.dev\/wp-content\/uploads\/2025\/02\/ivace.svg\";a:1:{s:9:\"timestamp\";i:1744268263;}s:62:\"\/\/visualfy.acceseo.dev\/wp-content\/uploads\/2025\/02\/montsant.svg\";a:1:{s:9:\"timestamp\";i:1744268263;}s:69:\"\/\/visualfy.acceseo.dev\/wp-content\/uploads\/2025\/02\/naciones-unidas.svg\";a:1:{s:9:\"timestamp\";i:1744268263;}s:62:\"\/\/visualfy.acceseo.dev\/wp-content\/uploads\/2025\/02\/randstad.svg\";a:1:{s:9:\"timestamp\";i:1744268263;}s:64:\"\/\/visualfy.acceseo.dev\/wp-content\/uploads\/2025\/02\/telefonica.svg\";a:1:{s:9:\"timestamp\";i:1744268263;}s:66:\"\/\/visualfy.acceseo.dev\/wp-content\/uploads\/2025\/02\/wingstoclaim.svg\";a:1:{s:9:\"timestamp\";i:1744268263;}}"],"_yoast_wpseo_opengraph-title":[""],"_yoast_wpseo_opengraph-description":[""],"_yst_prominent_words_version":["1"],"_yoast_wpseo_video_meta":["a:15:{s:2:\"id\";s:11:\"7XowmZBe-wc\";s:4:\"type\";s:7:\"youtube\";s:3:\"url\";s:43:\"https:\/\/www.youtube.com\/watch?v=7XowmZBe-wc\";s:7:\"post_id\";i:12523;s:5:\"title\";s:85:\"Mam\u00e1s y pap\u00e1s sordos, hijos oyentes: la aventura de ser padres &amp;#8902; Visualfy\";s:16:\"publication_date\";s:25:\"2018-05-09T15:01:04+00:00\";s:11:\"description\";s:248:\"Si eres pap\u00e1 o mam\u00e1 sordo y tu hijo es oyente, el reto se multiplica, convirti\u00e9ndose en una aut\u00e9ntica aventura. Hemos entrevistado a padres y especialistas y todos coinciden en que, con la orientaci\u00f3n adecuada, el ni\u00f1o oyente de pap\u00e1s sordos\";s:10:\"player_loc\";s:41:\"https:\/\/www.youtube.com\/embed\/7XowmZBe-wc\";s:13:\"thumbnail_loc\";s:44:\"https:\/\/cdn.visualfy.com\/img\/7xowmzbe-wc.jpg\";s:8:\"duration\";i:380;s:10:\"view_count\";i:1311;s:5:\"width\";i:480;s:6:\"height\";i:270;s:8:\"category\";s:17:\"Escuela de padres\";s:3:\"tag\";a:0:{}}"],"_yoast_wpseo_videositemap-duration":["380"],"_yoast_wpseo_videositemap-rating":["0"],"_yoast_wpseo_metadesc":["Si eres pap\u00e1 o mam\u00e1 sordo y tu hijo es oyente, el reto se multiplica, convirti\u00e9ndose en una aut\u00e9ntica aventura. Hemos entrevistado a padres y especialistas y todos coinciden en que, con la orientaci\u00f3n adecuada, el ni\u00f1o oyente de pap\u00e1s sordos"],"_yoast_wpseo_focuskw":[""],"_yoast_wpseo_content_score":[""],"cmplz_hide_cookiebanner":[""],"_wpml_location_migration_done":["1"],"_fgj2wp_old_id":[""],"_yoast_wpseo_metakeywords":[""],"_bsf_post_type":["0"],"_yoast_wpseo_meta-robots-noindex":[""],"_fgj2wp_translation_association_key":[""],"_product_image_gallery":[""],"_wp_old_slug":[""],"_yoast_wpseo_title":[""],"slide_template":[""],"_yoast_wpseo_opengraph-image":[""],"_yoast_wpseo_opengraph-image-id":[""],"_wp_old_date":[""],"_bsf_article_image":[""],"_bsf_article_name":[""],"_bsf_article_desc":[""],"_bsf_article_author":[""],"_bsf_article_publisher":[""],"_bsf_article_publisher_logo":[""],"_yoast_wpseo_meta-robots-nofollow":[""],"amp_status":[""],"_cmplz_scanned_post":[""],"_encloseme":[""],"_last_translation_edit_mode":[""],"_yoast_wpseo_twitter-title":[""],"_yoast_wpseo_twitter-description":[""],"_yoast_wpseo_twitter-image":[""],"_yoast_wpseo_twitter-image-id":[""],"_yoast_wpseo_linkdex":[""],"_thumbnail_id":["4013"],"_oembed_37573ae75007ba00e6cb7145c00d300a":["<iframe title=\"Consejos para mam\u00e1s y pap\u00e1s sordos con hijos oyentes  - Visualfy\" width=\"500\" height=\"281\" src=\"https:\/\/www.youtube.com\/embed\/7XowmZBe-wc?feature=oembed\" frameborder=\"0\" allow=\"accelerometer; autoplay; clipboard-write; encrypted-media; gyroscope; picture-in-picture; web-share\" referrerpolicy=\"strict-origin-when-cross-origin\" allowfullscreen><\/iframe>"],"_oembed_time_37573ae75007ba00e6cb7145c00d300a":["1740992747"],"_edit_lock":["1740994518:1"],"rank_math_seo_score":["18"],"rank_math_primary_category":["32"],"_pingme":["1"],"_uag_custom_page_level_css":[""],"footnotes":[""],"_edit_last":["1"],"lse_enlace":["https:\/\/www.youtube.com\/watch?v=7XowmZBe-wc"],"_lse_enlace":["field_67b5db1d9d4ca"],"_betterdocs_reusable_block_ids":["a:0:{}"],"copied_media_ids":["a:2:{i:0;i:4010;i:1;i:4011;}"],"referenced_media_ids":["a:1:{i:0;i:4013;}"]},"uagb_featured_image_src":{"full":["https:\/\/www.visualfy.com\/wp-content\/uploads\/2025\/02\/padres-sordos-educar-hijos-oyentes-1.jpg",800,544,false],"thumbnail":["https:\/\/www.visualfy.com\/wp-content\/uploads\/2025\/02\/padres-sordos-educar-hijos-oyentes-1-150x150.jpg",150,150,true],"medium":["https:\/\/www.visualfy.com\/wp-content\/uploads\/2025\/02\/padres-sordos-educar-hijos-oyentes-1-300x204.jpg",300,204,true],"medium_large":["https:\/\/www.visualfy.com\/wp-content\/uploads\/2025\/02\/padres-sordos-educar-hijos-oyentes-1-768x522.jpg",768,522,true],"large":["https:\/\/www.visualfy.com\/wp-content\/uploads\/2025\/02\/padres-sordos-educar-hijos-oyentes-1.jpg",800,544,false],"1536x1536":["https:\/\/www.visualfy.com\/wp-content\/uploads\/2025\/02\/padres-sordos-educar-hijos-oyentes-1.jpg",800,544,false],"2048x2048":["https:\/\/www.visualfy.com\/wp-content\/uploads\/2025\/02\/padres-sordos-educar-hijos-oyentes-1.jpg",800,544,false]},"uagb_author_info":{"display_name":"visualfy","author_link":"https:\/\/www.visualfy.com\/es\/author\/visualfy\/"},"uagb_comment_info":0,"uagb_excerpt":"Ser padre siempre es un reto pero, si adem\u00e1s eres pap\u00e1 o mam\u00e1 sordo y tu hijo es oyente, el reto se multiplica, convirti\u00e9ndose en una aut\u00e9ntica aventura. En Visualfy hemos entrevistado a padres y especialistas y todos coinciden en que, con la orientaci\u00f3n adecuada, el ni\u00f1o oyente de pap\u00e1s sordos no solo se desarrolla&hellip;","_links":{"self":[{"href":"https:\/\/www.visualfy.com\/es\/wp-json\/wp\/v2\/posts\/6528","targetHints":{"allow":["GET"]}}],"collection":[{"href":"https:\/\/www.visualfy.com\/es\/wp-json\/wp\/v2\/posts"}],"about":[{"href":"https:\/\/www.visualfy.com\/es\/wp-json\/wp\/v2\/types\/post"}],"author":[{"embeddable":true,"href":"https:\/\/www.visualfy.com\/es\/wp-json\/wp\/v2\/users\/2"}],"replies":[{"embeddable":true,"href":"https:\/\/www.visualfy.com\/es\/wp-json\/wp\/v2\/comments?post=6528"}],"version-history":[{"count":0,"href":"https:\/\/www.visualfy.com\/es\/wp-json\/wp\/v2\/posts\/6528\/revisions"}],"wp:featuredmedia":[{"embeddable":true,"href":"https:\/\/www.visualfy.com\/es\/wp-json\/wp\/v2\/media\/4013"}],"wp:attachment":[{"href":"https:\/\/www.visualfy.com\/es\/wp-json\/wp\/v2\/media?parent=6528"}],"wp:term":[{"taxonomy":"category","embeddable":true,"href":"https:\/\/www.visualfy.com\/es\/wp-json\/wp\/v2\/categories?post=6528"},{"taxonomy":"post_tag","embeddable":true,"href":"https:\/\/www.visualfy.com\/es\/wp-json\/wp\/v2\/tags?post=6528"}],"curies":[{"name":"wp","href":"https:\/\/api.w.org\/{rel}","templated":true}]}}