{"id":6419,"date":"2017-07-27T15:00:00","date_gmt":"2017-07-27T15:00:00","guid":{"rendered":"https:\/\/www.visualfy.com\/aprendizaje-basico-de-ls-en-ceuta\/"},"modified":"2025-02-27T12:01:00","modified_gmt":"2025-02-27T12:01:00","slug":"aprendizaje-basico-de-ls-en-ceuta","status":"publish","type":"post","link":"https:\/\/www.visualfy.com\/es\/aprendizaje-basico-de-ls-en-ceuta\/","title":{"rendered":"Aprendizaje b\u00e1sico de LS en Ceuta"},"content":{"rendered":"<p>Para el pr\u00f3ximo curso escolar 2017-2018, la Consejer\u00eda de Educaci\u00f3n y Cultura de Ceuta ha elaborado una iniciativa para el aprendizaje b\u00e1sico de la<strong> Lengua de Signos<\/strong> a trav\u00e9s de la <strong>Asociaci\u00f3n Ceut\u00ed de Padres y Amigos de los Sordos (ACEPAS)<\/strong>.<\/p>\n<p>El curso se impartir\u00e1 para los alumnos de Educaci\u00f3n Infantil de 4 y 5 a\u00f1os y para los cursos de 1.\u00ba y 2.\u00ba de Educaci\u00f3n Primaria para fomentar la lectura entre los ni\u00f1os en general, pero sobre todo para los ni\u00f1os con p\u00e9rdida auditiva.<\/p>\n<p>Adem\u00e1s, dentro de esta propuesta de actividad tambi\u00e9n se trabajar\u00e1n valores como la<strong> igualdad, solidaridad, convivencia y responsabilidad.<\/strong><\/p>\n<p>En el \u00faltimo pleno del mes de marzo ya se propuso la necesidad de aumentar los recursos y las campa\u00f1as de sensibilizaci\u00f3n para normalizar y conocer qu\u00e9 es la p\u00e9rdida auditiva, sobre todo en ni\u00f1os, y tambi\u00e9n que la Administraci\u00f3n pusiera las medidas necesarias para conseguir la igualdad de oportunidades, la inclusi\u00f3n, la toleraci\u00f3n y la educaci\u00f3n en valores.<\/p>\n","protected":false},"excerpt":{"rendered":"<p>Para el pr\u00f3ximo curso escolar 2017-2018, la Consejer\u00eda de Educaci\u00f3n y Cultura de Ceuta ha elaborado una iniciativa para el aprendizaje b\u00e1sico de la Lengua de Signos a trav\u00e9s de la Asociaci\u00f3n Ceut\u00ed de Padres y Amigos de los Sordos (ACEPAS). El curso se impartir\u00e1 para los alumnos de Educaci\u00f3n Infantil de 4 y 5 [&hellip;]<\/p>\n","protected":false},"author":2,"featured_media":3584,"comment_status":"open","ping_status":"open","sticky":false,"template":"","format":"standard","meta":{"_acf_changed":false,"content-type":"","_uag_custom_page_level_css":"","footnotes":""},"categories":[31],"tags":[],"class_list":["post-6419","post","type-post","status-publish","format-standard","has-post-thumbnail","hentry","category-en-lengua-de-signos"],"acf":[],"spectra_custom_meta":{"_wp_page_template":["default"],"rank_math_internal_links_processed":["1"],"_wpml_word_count":["{\"total\":231,\"to_translate\":{\"en\":231}}"],"_yoast_wpseo_primary_category":["5347"],"_yoast_wpseo_keywordsynonyms":[""],"_wpml_media_duplicate":["0"],"_wpml_media_featured":["0"],"_yoast_wpseo_focuskeywords":["[]"],"_et_monarch_override":[""],"amazonS3_cache":["a:43:{s:61:\"\/\/dev.visualfy.com\/wp-content\/uploads\/2017\/07\/dznunkwedjk.jpg\";i:10475;s:38:\"\/\/cdn.visualfy.com\/img\/dznunkwedjk.jpg\";i:10475;s:61:\"\/\/www.visualfy.com\/wp-content\/uploads\/2017\/07\/dznunkwedjk.jpg\";i:10475;s:60:\"\/\/visualfy.acceseo.dev\/wp-content\/uploads\/2025\/02\/acepas.jpg\";a:1:{s:9:\"timestamp\";i:1744269466;}s:69:\"\/\/visualfy.acceseo.dev\/wp-content\/uploads\/2025\/02\/lse-icon-button.svg\";a:1:{s:9:\"timestamp\";i:1744268107;}s:81:\"\/\/visualfy.acceseo.dev\/wp-content\/uploads\/2025\/02\/visualfy-places-placeholder.jpg\";a:1:{s:9:\"timestamp\";i:1744268107;}s:66:\"\/\/visualfy.acceseo.dev\/wp-content\/uploads\/2025\/01\/computer_404.svg\";a:1:{s:9:\"timestamp\";i:1744268107;}s:63:\"\/\/visualfy.acceseo.dev\/wp-content\/uploads\/2025\/01\/user-icon.svg\";a:1:{s:9:\"timestamp\";i:1744268107;}s:58:\"\/\/visualfy.acceseo.dev\/wp-content\/uploads\/2025\/01\/menu.svg\";a:1:{s:9:\"timestamp\";i:1744268107;}s:67:\"\/\/visualfy.acceseo.dev\/wp-content\/uploads\/2025\/01\/logo-visualfy.svg\";a:1:{s:9:\"timestamp\";i:1744268107;}s:65:\"\/\/visualfy.acceseo.dev\/wp-content\/uploads\/2025\/01\/logo-footer.svg\";a:1:{s:9:\"timestamp\";i:1744268108;}s:88:\"\/\/visualfy.acceseo.dev\/wp-content\/uploads\/2025\/01\/union-europea-ministerio-industria.png\";a:1:{s:9:\"timestamp\";i:1744268108;}s:78:\"\/\/visualfy.acceseo.dev\/wp-content\/uploads\/2025\/01\/fondo-europeo-innovacion.png\";a:1:{s:9:\"timestamp\";i:1744268108;}s:77:\"\/\/visualfy.acceseo.dev\/wp-content\/uploads\/2025\/01\/generalitat-ivace-feder.png\";a:1:{s:9:\"timestamp\";i:1744268108;}s:85:\"\/\/visualfy.acceseo.dev\/wp-content\/uploads\/2025\/01\/generalita-ivace-cofinanciacion.png\";a:1:{s:9:\"timestamp\";i:1744268108;}s:61:\"\/\/visualfy.acceseo.dev\/wp-content\/uploads\/2025\/02\/Sem-3-1.png\";a:1:{s:9:\"timestamp\";i:1744268108;}s:69:\"\/\/visualfy.acceseo.dev\/wp-content\/uploads\/2025\/02\/Sem-3-1-300x176.png\";a:1:{s:9:\"timestamp\";i:1744268108;}s:70:\"\/\/visualfy.acceseo.dev\/wp-content\/uploads\/2025\/02\/Sem-3-1-1024x600.png\";a:1:{s:9:\"timestamp\";i:1744268108;}s:69:\"\/\/visualfy.acceseo.dev\/wp-content\/uploads\/2025\/02\/Sem-3-1-768x450.png\";a:1:{s:9:\"timestamp\";i:1744268108;}s:70:\"\/\/visualfy.acceseo.dev\/wp-content\/uploads\/2025\/02\/Sem-3-1-1536x900.png\";a:1:{s:9:\"timestamp\";i:1744268108;}s:71:\"\/\/visualfy.acceseo.dev\/wp-content\/uploads\/2025\/02\/Sem-3-1-2048x1200.png\";a:1:{s:9:\"timestamp\";i:1744268108;}s:63:\"\/\/visualfy.acceseo.dev\/wp-content\/uploads\/2025\/02\/Sem-2-3-1.jpg\";a:1:{s:9:\"timestamp\";i:1744268108;}s:71:\"\/\/visualfy.acceseo.dev\/wp-content\/uploads\/2025\/02\/Sem-2-3-1-300x169.jpg\";a:1:{s:9:\"timestamp\";i:1744268108;}s:72:\"\/\/visualfy.acceseo.dev\/wp-content\/uploads\/2025\/02\/Sem-2-3-1-1024x576.jpg\";a:1:{s:9:\"timestamp\";i:1744268108;}s:71:\"\/\/visualfy.acceseo.dev\/wp-content\/uploads\/2025\/02\/Sem-2-3-1-768x432.jpg\";a:1:{s:9:\"timestamp\";i:1744268108;}s:72:\"\/\/visualfy.acceseo.dev\/wp-content\/uploads\/2025\/02\/Sem-2-3-1-1536x864.jpg\";a:1:{s:9:\"timestamp\";i:1744268108;}s:63:\"\/\/visualfy.acceseo.dev\/wp-content\/uploads\/2025\/02\/Sem-1-2-1.png\";a:1:{s:9:\"timestamp\";i:1744268108;}s:71:\"\/\/visualfy.acceseo.dev\/wp-content\/uploads\/2025\/02\/Sem-1-2-1-300x157.png\";a:1:{s:9:\"timestamp\";i:1744268108;}s:72:\"\/\/visualfy.acceseo.dev\/wp-content\/uploads\/2025\/02\/Sem-1-2-1-1024x535.png\";a:1:{s:9:\"timestamp\";i:1744268108;}s:71:\"\/\/visualfy.acceseo.dev\/wp-content\/uploads\/2025\/02\/Sem-1-2-1-768x401.png\";a:1:{s:9:\"timestamp\";i:1744268108;}s:67:\"\/\/visualfy.acceseo.dev\/wp-content\/uploads\/2025\/02\/caixa-popular.svg\";a:1:{s:9:\"timestamp\";i:1744268108;}s:58:\"\/\/visualfy.acceseo.dev\/wp-content\/uploads\/2025\/02\/cdti.svg\";a:1:{s:9:\"timestamp\";i:1744268108;}s:58:\"\/\/visualfy.acceseo.dev\/wp-content\/uploads\/2025\/02\/cnse.svg\";a:1:{s:9:\"timestamp\";i:1744268108;}s:60:\"\/\/visualfy.acceseo.dev\/wp-content\/uploads\/2025\/02\/esteve.svg\";a:1:{s:9:\"timestamp\";i:1744268108;}s:60:\"\/\/visualfy.acceseo.dev\/wp-content\/uploads\/2025\/02\/fesord.svg\";a:1:{s:9:\"timestamp\";i:1744268108;}s:76:\"\/\/visualfy.acceseo.dev\/wp-content\/uploads\/2025\/02\/generalitat-valenciana.svg\";a:1:{s:9:\"timestamp\";i:1744268108;}s:66:\"\/\/visualfy.acceseo.dev\/wp-content\/uploads\/2025\/02\/horizon-2020.svg\";a:1:{s:9:\"timestamp\";i:1744268108;}s:59:\"\/\/visualfy.acceseo.dev\/wp-content\/uploads\/2025\/02\/ivace.svg\";a:1:{s:9:\"timestamp\";i:1744268108;}s:62:\"\/\/visualfy.acceseo.dev\/wp-content\/uploads\/2025\/02\/montsant.svg\";a:1:{s:9:\"timestamp\";i:1744268108;}s:69:\"\/\/visualfy.acceseo.dev\/wp-content\/uploads\/2025\/02\/naciones-unidas.svg\";a:1:{s:9:\"timestamp\";i:1744268108;}s:62:\"\/\/visualfy.acceseo.dev\/wp-content\/uploads\/2025\/02\/randstad.svg\";a:1:{s:9:\"timestamp\";i:1744268108;}s:64:\"\/\/visualfy.acceseo.dev\/wp-content\/uploads\/2025\/02\/telefonica.svg\";a:1:{s:9:\"timestamp\";i:1744268108;}s:66:\"\/\/visualfy.acceseo.dev\/wp-content\/uploads\/2025\/02\/wingstoclaim.svg\";a:1:{s:9:\"timestamp\";i:1744268108;}}"],"_yoast_wpseo_opengraph-title":[""],"_yoast_wpseo_opengraph-description":[""],"_yst_prominent_words_version":["1"],"_yoast_wpseo_video_meta":["a:15:{s:2:\"id\";s:11:\"DznuNkWEDjk\";s:4:\"type\";s:7:\"youtube\";s:3:\"url\";s:43:\"https:\/\/www.youtube.com\/watch?v=DznuNkWEDjk\";s:7:\"post_id\";i:4437;s:5:\"title\";s:55:\"Aprendizaje b\u00e1sico de LS en Ceuta &amp;#8902; Visualfy\";s:16:\"publication_date\";s:25:\"2017-07-27T15:00:00+00:00\";s:11:\"description\";s:154:\"Para el pr\u00f3ximo curso escolar 2017-2018, la Consejer\u00eda de Educaci\u00f3n y Cultura de Ceuta ha elaborado una iniciativa para el aprendizaje b\u00e1sico de la LS\";s:10:\"player_loc\";s:41:\"https:\/\/www.youtube.com\/embed\/DznuNkWEDjk\";s:13:\"thumbnail_loc\";s:44:\"https:\/\/cdn.visualfy.com\/img\/dznunkwedjk.jpg\";s:8:\"duration\";i:100;s:10:\"view_count\";i:27;s:5:\"width\";i:480;s:6:\"height\";i:270;s:8:\"category\";s:19:\"En Lengua de Signos\";s:3:\"tag\";a:0:{}}"],"_yoast_wpseo_videositemap-duration":["100"],"_yoast_wpseo_videositemap-rating":["0"],"_yoast_wpseo_metadesc":["Para el pr\u00f3ximo curso escolar 2017-2018, la Consejer\u00eda de Educaci\u00f3n y Cultura de Ceuta ha elaborado una iniciativa para el aprendizaje b\u00e1sico de la LS"],"_yoast_wpseo_focuskw":[""],"_yoast_wpseo_content_score":["30"],"cmplz_hide_cookiebanner":[""],"_wpml_location_migration_done":[""],"_fgj2wp_old_id":["707"],"_yoast_wpseo_metakeywords":["comunidad sorda"],"_bsf_post_type":["0"],"_yoast_wpseo_meta-robots-noindex":[""],"_fgj2wp_translation_association_key":[""],"_product_image_gallery":[""],"_wp_old_slug":[""],"_yoast_wpseo_title":[""],"slide_template":[""],"_yoast_wpseo_opengraph-image":[""],"_yoast_wpseo_opengraph-image-id":[""],"_wp_old_date":[""],"_bsf_article_image":[""],"_bsf_article_name":[""],"_bsf_article_desc":[""],"_bsf_article_author":[""],"_bsf_article_publisher":[""],"_bsf_article_publisher_logo":[""],"_yoast_wpseo_meta-robots-nofollow":[""],"amp_status":[""],"_cmplz_scanned_post":[""],"_encloseme":[""],"_last_translation_edit_mode":[""],"_yoast_wpseo_twitter-title":[""],"_yoast_wpseo_twitter-description":[""],"_yoast_wpseo_twitter-image":[""],"_yoast_wpseo_twitter-image-id":[""],"_yoast_wpseo_linkdex":[""],"_thumbnail_id":["3584"],"_oembed_5407c8e61099875b35845129aff44c7f":["<iframe title=\"Aprendizaje b\u00e1sico de LS en Ceuta - Visualfy.es\" width=\"500\" height=\"281\" src=\"https:\/\/www.youtube.com\/embed\/DznuNkWEDjk?feature=oembed\" frameborder=\"0\" allow=\"accelerometer; autoplay; clipboard-write; encrypted-media; gyroscope; picture-in-picture; web-share\" referrerpolicy=\"strict-origin-when-cross-origin\" allowfullscreen><\/iframe>"],"_oembed_time_5407c8e61099875b35845129aff44c7f":["1740568885"],"_edit_lock":["1740657660:1"],"_oembed_e87cb6b25aac5afc64cc5fb33549378d":["<iframe title=\"Aprendizaje b\u00e1sico de LS en Ceuta - Visualfy.es\" width=\"992\" height=\"558\" src=\"https:\/\/www.youtube.com\/embed\/DznuNkWEDjk?feature=oembed\" frameborder=\"0\" allow=\"accelerometer; autoplay; clipboard-write; encrypted-media; gyroscope; picture-in-picture; web-share\" referrerpolicy=\"strict-origin-when-cross-origin\" allowfullscreen><\/iframe>"],"_oembed_time_e87cb6b25aac5afc64cc5fb33549378d":["1740568889"],"rank_math_primary_category":["31"],"rank_math_seo_score":["8"],"_pingme":["1"],"_uag_custom_page_level_css":[""],"footnotes":[""],"_edit_last":["1"],"lse_enlace":["https:\/\/www.youtube.com\/watch?v=DznuNkWEDjk"],"_lse_enlace":["field_67b5db1d9d4ca"],"rank_math_description":["Para el pr\u00f3ximo curso escolar 2017-2018, la Consejer\u00eda de Educaci\u00f3n y Cultura de Ceuta ha elaborado una iniciativa para el aprendizaje b\u00e1sico de la LS"],"_betterdocs_reusable_block_ids":["a:0:{}"],"copied_media_ids":["a:0:{}"],"referenced_media_ids":["a:1:{i:0;i:3584;}"]},"uagb_featured_image_src":{"full":["https:\/\/www.visualfy.com\/wp-content\/uploads\/2025\/02\/acepas.jpg",640,316,false],"thumbnail":["https:\/\/www.visualfy.com\/wp-content\/uploads\/2025\/02\/acepas-150x150.jpg",150,150,true],"medium":["https:\/\/www.visualfy.com\/wp-content\/uploads\/2025\/02\/acepas-300x148.jpg",300,148,true],"medium_large":["https:\/\/www.visualfy.com\/wp-content\/uploads\/2025\/02\/acepas.jpg",640,316,false],"large":["https:\/\/www.visualfy.com\/wp-content\/uploads\/2025\/02\/acepas.jpg",640,316,false],"1536x1536":["https:\/\/www.visualfy.com\/wp-content\/uploads\/2025\/02\/acepas.jpg",640,316,false],"2048x2048":["https:\/\/www.visualfy.com\/wp-content\/uploads\/2025\/02\/acepas.jpg",640,316,false]},"uagb_author_info":{"display_name":"visualfy","author_link":"https:\/\/www.visualfy.com\/es\/author\/visualfy\/"},"uagb_comment_info":0,"uagb_excerpt":"Para el pr\u00f3ximo curso escolar 2017-2018, la Consejer\u00eda de Educaci\u00f3n y Cultura de Ceuta ha elaborado una iniciativa para el aprendizaje b\u00e1sico de la Lengua de Signos a trav\u00e9s de la Asociaci\u00f3n Ceut\u00ed de Padres y Amigos de los Sordos (ACEPAS). El curso se impartir\u00e1 para los alumnos de Educaci\u00f3n Infantil de 4 y 5&hellip;","_links":{"self":[{"href":"https:\/\/www.visualfy.com\/es\/wp-json\/wp\/v2\/posts\/6419","targetHints":{"allow":["GET"]}}],"collection":[{"href":"https:\/\/www.visualfy.com\/es\/wp-json\/wp\/v2\/posts"}],"about":[{"href":"https:\/\/www.visualfy.com\/es\/wp-json\/wp\/v2\/types\/post"}],"author":[{"embeddable":true,"href":"https:\/\/www.visualfy.com\/es\/wp-json\/wp\/v2\/users\/2"}],"replies":[{"embeddable":true,"href":"https:\/\/www.visualfy.com\/es\/wp-json\/wp\/v2\/comments?post=6419"}],"version-history":[{"count":0,"href":"https:\/\/www.visualfy.com\/es\/wp-json\/wp\/v2\/posts\/6419\/revisions"}],"wp:featuredmedia":[{"embeddable":true,"href":"https:\/\/www.visualfy.com\/es\/wp-json\/wp\/v2\/media\/3584"}],"wp:attachment":[{"href":"https:\/\/www.visualfy.com\/es\/wp-json\/wp\/v2\/media?parent=6419"}],"wp:term":[{"taxonomy":"category","embeddable":true,"href":"https:\/\/www.visualfy.com\/es\/wp-json\/wp\/v2\/categories?post=6419"},{"taxonomy":"post_tag","embeddable":true,"href":"https:\/\/www.visualfy.com\/es\/wp-json\/wp\/v2\/tags?post=6419"}],"curies":[{"name":"wp","href":"https:\/\/api.w.org\/{rel}","templated":true}]}}