{"id":6404,"date":"2017-06-14T04:00:00","date_gmt":"2017-06-14T04:00:00","guid":{"rendered":"https:\/\/www.visualfy.com\/dia-nacional-de-las-lenguas-de-signos-espanolas\/"},"modified":"2025-02-27T15:39:21","modified_gmt":"2025-02-27T15:39:21","slug":"dia-nacional-de-las-lenguas-de-signos-espanolas","status":"publish","type":"post","link":"https:\/\/www.visualfy.com\/es\/dia-nacional-de-las-lenguas-de-signos-espanolas\/","title":{"rendered":"D\u00eda Nacional de las Lenguas de Signos Espa\u00f1olas"},"content":{"rendered":"<p><span style=\"font-size: revert; color: var(--wp--preset--color--contrast); font-family: var(--wp--preset--font-family--nexa-font); letter-spacing: -0.1px;\">Ya sab\u00e9is que hoy es un d\u00eda muy importante para la Comunidad Sorda. Por eso, desde Visualfy queremos desearos un muy feliz D\u00eda Nacional de las Lenguas de Signos Espa\u00f1olas.<\/span><\/p>\n<p>En nuestro equipo nos comunicamos en Lengua de Signos y ahora, cada uno de ellos os regalar\u00e1 un signo relacionado con Visualfy.<\/p>\n<h2>Feliz D\u00eda Nacional de las Lenguas de Signos Espa\u00f1olas.<\/h2>\n<p>[bg_collapse view=\u00bbbutton-blue\u00bb color=\u00bb#ffffff\u00bb icon=\u00bbeye\u00bb expand_text=\u00bbVer post en LSE\u00bb collapse_text=\u00bbCerrar\u00bb ]<\/p>\n<p><iframe title=\"Historia D\u00eda Nacional LSE - Visualfy.es\" width=\"500\" height=\"281\" src=\"https:\/\/www.youtube.com\/embed\/zi7xYMn0UXs?feature=oembed\" frameborder=\"0\" allow=\"accelerometer; autoplay; clipboard-write; encrypted-media; gyroscope; picture-in-picture; web-share\" referrerpolicy=\"strict-origin-when-cross-origin\" allowfullscreen><\/iframe><\/p>\n<p>[\/bg_collapse]<\/p>\n<h2>Historia sobre el D\u00eda Nacional de las Lenguas de Signos Espa\u00f1olas<\/h2>\n<p>Ya hemos visto por la redes sociales, que el <strong>14 de Junio<\/strong>, c\u00f3mo se est\u00e1 celebrando el <strong>D\u00eda Nacional de las Lenguas de Signos Espa\u00f1olas<\/strong>, \u00a1qu\u00e9 bonito!<\/p>\n<p>Aprovechando este d\u00eda tan especial, nos gustar\u00eda hacer una breve explicaci\u00f3n sobre la historia de la <a href=\"https:\/\/www.visualfy.com\/es\/lengua-o-lenguaje-de-signos-como-se-dice\/\">Lengua de Signos.<\/a><\/p>\n<p>Hasta el siglo XVI,<strong> las Personas Sordas no tuvieron derechos como ciudadanos<\/strong> y la Lengua de Signos no estuvo bien vista. Pero, gracias a monjes como <strong>Fray Pedro Ponce de Le\u00f3n<\/strong>, la Lengua de Signos comenz\u00f3 a incluirse en la educaci\u00f3n de los ni\u00f1os sordos con la dactilolog\u00eda, la lectura y el habla.<\/p>\n<p>A partir de entonces, se produjo un cambio de mentalidad en la sociedad y se publicaron libros muy importantes para la Comunidad Sorda gracias a <strong>Pablo Bonet y al abad L\u2019Ep\u00e9e<\/strong>, quienes introdujeron algunos signos en sus m\u00e9todos educativos. <strong>Adem\u00e1s, en 1779, se public\u00f3 el primer libro en defensa de la Lengua de Signos<\/strong>, escrito por <strong>Pierre Desloges<\/strong>, una <strong>Persona Sorda<\/strong>.<\/p>\n<p>En Espa\u00f1a, <strong>en 1795 se cre\u00f3 el primer colegio para sordos y se defendi\u00f3 una <a href=\"https:\/\/www.visualfy.com\/es\/debate-de-educacion-personas-sordas\/\">educaci\u00f3n en Lengua de Signos<\/a> para las Personas Sordas<\/strong>. En 1851, se public\u00f3, por primera vez, un diccionario de Lengua de Signos en Espa\u00f1a. Pero, en 1880, con el Congreso de Mil\u00e1n se produjo un gran retroceso: se prohibi\u00f3 la Lengua de Signos en los colegios y se defend\u00eda un modelo oralista, pero las Personas Sordas continuaron luchando muchos a\u00f1os hasta conseguir que su lengua materna fuera reconocida en la <a href=\"https:\/\/www.visualfy.com\/es\/ley-27-2007-reconocimiento-de-las-lse\/\"><strong>Ley 27\/2007<\/strong><\/a>, con la que se reconocen la Lengua de Signos Espa\u00f1ola y Lengua de Signos Catalana.<\/p>\n<p>Adem\u00e1s, desde hace 2 a\u00f1os <strong>se empez\u00f3 a celebrar el D\u00eda Nacional de las Lenguas de Signos Espa\u00f1olas<\/strong>, con las que se incluye a todas las variantes que existen. Este d\u00eda, <strong>14 de junio,<\/strong> fue elegido porque ese mismo d\u00eda, en 1936, fue constituida la CNSE. Esperamos que durante el d\u00eda de hoy se hayan derribado barreras y se haya dado una imagen positiva de las Lenguas de Signos y de las Personas Sordas y Sordociegas.<\/p>\n","protected":false},"excerpt":{"rendered":"<p>Ya sab\u00e9is que hoy es un d\u00eda muy importante para la Comunidad Sorda. Por eso, desde Visualfy queremos desearos un muy feliz D\u00eda Nacional de las Lenguas de Signos Espa\u00f1olas. En nuestro equipo nos comunicamos en Lengua de Signos y ahora, cada uno de ellos os regalar\u00e1 un signo relacionado con Visualfy. Feliz D\u00eda Nacional [&hellip;]<\/p>\n","protected":false},"author":2,"featured_media":3513,"comment_status":"open","ping_status":"open","sticky":false,"template":"","format":"standard","meta":{"_acf_changed":false,"content-type":"","_uag_custom_page_level_css":"","footnotes":""},"categories":[31],"tags":[],"class_list":["post-6404","post","type-post","status-publish","format-standard","has-post-thumbnail","hentry","category-en-lengua-de-signos"],"acf":[],"spectra_custom_meta":{"_wp_page_template":["default"],"rank_math_internal_links_processed":["1"],"_wpml_word_count":["{\"total\":481,\"to_translate\":{\"en\":481}}"],"_yoast_wpseo_primary_category":["296"],"_yoast_wpseo_keywordsynonyms":[""],"_wpml_media_duplicate":["1"],"_wpml_media_featured":["1"],"_yoast_wpseo_focuskeywords":["[]"],"_et_monarch_override":[""],"amazonS3_cache":["a:43:{s:61:\"\/\/dev.visualfy.com\/wp-content\/uploads\/2017\/06\/yg2g3rejmoi.jpg\";i:10511;s:38:\"\/\/cdn.visualfy.com\/img\/yg2g3rejmoi.jpg\";i:10511;s:61:\"\/\/www.visualfy.com\/wp-content\/uploads\/2017\/06\/yg2g3rejmoi.jpg\";i:10511;s:71:\"\/\/visualfy.acceseo.dev\/wp-content\/uploads\/2025\/02\/dia-lengua-signos.jpg\";a:1:{s:9:\"timestamp\";i:1744269419;}s:69:\"\/\/visualfy.acceseo.dev\/wp-content\/uploads\/2025\/02\/lse-icon-button.svg\";a:1:{s:9:\"timestamp\";i:1744269419;}s:81:\"\/\/visualfy.acceseo.dev\/wp-content\/uploads\/2025\/02\/visualfy-places-placeholder.jpg\";a:1:{s:9:\"timestamp\";i:1744269419;}s:66:\"\/\/visualfy.acceseo.dev\/wp-content\/uploads\/2025\/01\/computer_404.svg\";a:1:{s:9:\"timestamp\";i:1744269419;}s:63:\"\/\/visualfy.acceseo.dev\/wp-content\/uploads\/2025\/01\/user-icon.svg\";a:1:{s:9:\"timestamp\";i:1744269419;}s:58:\"\/\/visualfy.acceseo.dev\/wp-content\/uploads\/2025\/01\/menu.svg\";a:1:{s:9:\"timestamp\";i:1744269419;}s:67:\"\/\/visualfy.acceseo.dev\/wp-content\/uploads\/2025\/01\/logo-visualfy.svg\";a:1:{s:9:\"timestamp\";i:1744269419;}s:65:\"\/\/visualfy.acceseo.dev\/wp-content\/uploads\/2025\/01\/logo-footer.svg\";a:1:{s:9:\"timestamp\";i:1744269419;}s:88:\"\/\/visualfy.acceseo.dev\/wp-content\/uploads\/2025\/01\/union-europea-ministerio-industria.png\";a:1:{s:9:\"timestamp\";i:1744269419;}s:78:\"\/\/visualfy.acceseo.dev\/wp-content\/uploads\/2025\/01\/fondo-europeo-innovacion.png\";a:1:{s:9:\"timestamp\";i:1744269419;}s:77:\"\/\/visualfy.acceseo.dev\/wp-content\/uploads\/2025\/01\/generalitat-ivace-feder.png\";a:1:{s:9:\"timestamp\";i:1744269419;}s:85:\"\/\/visualfy.acceseo.dev\/wp-content\/uploads\/2025\/01\/generalita-ivace-cofinanciacion.png\";a:1:{s:9:\"timestamp\";i:1744269419;}s:61:\"\/\/visualfy.acceseo.dev\/wp-content\/uploads\/2025\/02\/Sem-3-1.png\";a:1:{s:9:\"timestamp\";i:1744269419;}s:69:\"\/\/visualfy.acceseo.dev\/wp-content\/uploads\/2025\/02\/Sem-3-1-300x176.png\";a:1:{s:9:\"timestamp\";i:1744269419;}s:70:\"\/\/visualfy.acceseo.dev\/wp-content\/uploads\/2025\/02\/Sem-3-1-1024x600.png\";a:1:{s:9:\"timestamp\";i:1744269419;}s:69:\"\/\/visualfy.acceseo.dev\/wp-content\/uploads\/2025\/02\/Sem-3-1-768x450.png\";a:1:{s:9:\"timestamp\";i:1744269419;}s:70:\"\/\/visualfy.acceseo.dev\/wp-content\/uploads\/2025\/02\/Sem-3-1-1536x900.png\";a:1:{s:9:\"timestamp\";i:1744269419;}s:71:\"\/\/visualfy.acceseo.dev\/wp-content\/uploads\/2025\/02\/Sem-3-1-2048x1200.png\";a:1:{s:9:\"timestamp\";i:1744269419;}s:63:\"\/\/visualfy.acceseo.dev\/wp-content\/uploads\/2025\/02\/Sem-2-3-1.jpg\";a:1:{s:9:\"timestamp\";i:1744269419;}s:71:\"\/\/visualfy.acceseo.dev\/wp-content\/uploads\/2025\/02\/Sem-2-3-1-300x169.jpg\";a:1:{s:9:\"timestamp\";i:1744269419;}s:72:\"\/\/visualfy.acceseo.dev\/wp-content\/uploads\/2025\/02\/Sem-2-3-1-1024x576.jpg\";a:1:{s:9:\"timestamp\";i:1744269419;}s:71:\"\/\/visualfy.acceseo.dev\/wp-content\/uploads\/2025\/02\/Sem-2-3-1-768x432.jpg\";a:1:{s:9:\"timestamp\";i:1744269419;}s:72:\"\/\/visualfy.acceseo.dev\/wp-content\/uploads\/2025\/02\/Sem-2-3-1-1536x864.jpg\";a:1:{s:9:\"timestamp\";i:1744269419;}s:63:\"\/\/visualfy.acceseo.dev\/wp-content\/uploads\/2025\/02\/Sem-1-2-1.png\";a:1:{s:9:\"timestamp\";i:1744269419;}s:71:\"\/\/visualfy.acceseo.dev\/wp-content\/uploads\/2025\/02\/Sem-1-2-1-300x157.png\";a:1:{s:9:\"timestamp\";i:1744269419;}s:72:\"\/\/visualfy.acceseo.dev\/wp-content\/uploads\/2025\/02\/Sem-1-2-1-1024x535.png\";a:1:{s:9:\"timestamp\";i:1744269419;}s:71:\"\/\/visualfy.acceseo.dev\/wp-content\/uploads\/2025\/02\/Sem-1-2-1-768x401.png\";a:1:{s:9:\"timestamp\";i:1744269419;}s:67:\"\/\/visualfy.acceseo.dev\/wp-content\/uploads\/2025\/02\/caixa-popular.svg\";a:1:{s:9:\"timestamp\";i:1744269419;}s:58:\"\/\/visualfy.acceseo.dev\/wp-content\/uploads\/2025\/02\/cdti.svg\";a:1:{s:9:\"timestamp\";i:1744269419;}s:58:\"\/\/visualfy.acceseo.dev\/wp-content\/uploads\/2025\/02\/cnse.svg\";a:1:{s:9:\"timestamp\";i:1744269419;}s:60:\"\/\/visualfy.acceseo.dev\/wp-content\/uploads\/2025\/02\/esteve.svg\";a:1:{s:9:\"timestamp\";i:1744269419;}s:60:\"\/\/visualfy.acceseo.dev\/wp-content\/uploads\/2025\/02\/fesord.svg\";a:1:{s:9:\"timestamp\";i:1744269419;}s:76:\"\/\/visualfy.acceseo.dev\/wp-content\/uploads\/2025\/02\/generalitat-valenciana.svg\";a:1:{s:9:\"timestamp\";i:1744269419;}s:66:\"\/\/visualfy.acceseo.dev\/wp-content\/uploads\/2025\/02\/horizon-2020.svg\";a:1:{s:9:\"timestamp\";i:1744269419;}s:59:\"\/\/visualfy.acceseo.dev\/wp-content\/uploads\/2025\/02\/ivace.svg\";a:1:{s:9:\"timestamp\";i:1744269419;}s:62:\"\/\/visualfy.acceseo.dev\/wp-content\/uploads\/2025\/02\/montsant.svg\";a:1:{s:9:\"timestamp\";i:1744269419;}s:69:\"\/\/visualfy.acceseo.dev\/wp-content\/uploads\/2025\/02\/naciones-unidas.svg\";a:1:{s:9:\"timestamp\";i:1744269419;}s:62:\"\/\/visualfy.acceseo.dev\/wp-content\/uploads\/2025\/02\/randstad.svg\";a:1:{s:9:\"timestamp\";i:1744269419;}s:64:\"\/\/visualfy.acceseo.dev\/wp-content\/uploads\/2025\/02\/telefonica.svg\";a:1:{s:9:\"timestamp\";i:1744269419;}s:66:\"\/\/visualfy.acceseo.dev\/wp-content\/uploads\/2025\/02\/wingstoclaim.svg\";a:1:{s:9:\"timestamp\";i:1744269419;}}"],"_yoast_wpseo_opengraph-title":[""],"_yoast_wpseo_opengraph-description":[""],"_yst_prominent_words_version":["1"],"_yoast_wpseo_video_meta":["a:15:{s:2:\"id\";s:11:\"YG2G3rejMoI\";s:4:\"type\";s:7:\"youtube\";s:3:\"url\";s:43:\"https:\/\/www.youtube.com\/watch?v=YG2G3rejMoI\";s:7:\"post_id\";i:4402;s:5:\"title\";s:70:\"D\u00eda Nacional de las Lenguas de Signos Espa\u00f1olas &amp;#8902; Visualfy\";s:16:\"publication_date\";s:25:\"2017-06-14T04:00:00+00:00\";s:11:\"description\";s:148:\"Hoy es un d\u00eda muy importante para la Comunidad Sorda. Por eso, desde Visualfy queremos desearos un muy feliz D\u00eda Nacional de las Lenguas de Signos\";s:10:\"player_loc\";s:41:\"https:\/\/www.youtube.com\/embed\/YG2G3rejMoI\";s:13:\"thumbnail_loc\";s:44:\"https:\/\/cdn.visualfy.com\/img\/yg2g3rejmoi.jpg\";s:8:\"duration\";i:60;s:10:\"view_count\";i:140;s:5:\"width\";i:480;s:6:\"height\";i:270;s:8:\"category\";s:19:\"En Lengua de Signos\";s:3:\"tag\";a:0:{}}"],"_yoast_wpseo_videositemap-duration":["60"],"_yoast_wpseo_videositemap-rating":["0"],"_yoast_wpseo_metadesc":["Hoy es un d\u00eda muy importante para la Comunidad Sorda. Por eso, desde Visualfy queremos desearos un muy feliz D\u00eda Nacional de las Lenguas de Signos"],"_yoast_wpseo_focuskw":[""],"_yoast_wpseo_content_score":[""],"cmplz_hide_cookiebanner":[""],"_wpml_location_migration_done":[""],"_fgj2wp_old_id":["676"],"_yoast_wpseo_metakeywords":["comunidad sorda"],"_bsf_post_type":["0"],"_yoast_wpseo_meta-robots-noindex":[""],"_fgj2wp_translation_association_key":[""],"_product_image_gallery":[""],"_wp_old_slug":[""],"_yoast_wpseo_title":[""],"slide_template":[""],"_yoast_wpseo_opengraph-image":[""],"_yoast_wpseo_opengraph-image-id":[""],"_wp_old_date":[""],"_bsf_article_image":[""],"_bsf_article_name":[""],"_bsf_article_desc":[""],"_bsf_article_author":[""],"_bsf_article_publisher":[""],"_bsf_article_publisher_logo":[""],"_yoast_wpseo_meta-robots-nofollow":[""],"amp_status":[""],"_cmplz_scanned_post":[""],"_encloseme":[""],"_last_translation_edit_mode":[""],"_yoast_wpseo_twitter-title":[""],"_yoast_wpseo_twitter-description":[""],"_yoast_wpseo_twitter-image":[""],"_yoast_wpseo_twitter-image-id":[""],"_yoast_wpseo_linkdex":[""],"_thumbnail_id":["3513"],"_edit_last":["1"],"_pingme":["1"],"_edit_lock":["1740670771:1"],"_oembed_5484ef55530ed89fdac7a33175f8217b":["<iframe title=\"D\u00eda Nacional LSE 14\/06\/2017 - Visualfy.es\" width=\"500\" height=\"281\" src=\"https:\/\/www.youtube.com\/embed\/YG2G3rejMoI?feature=oembed\" frameborder=\"0\" allow=\"accelerometer; autoplay; clipboard-write; encrypted-media; gyroscope; picture-in-picture; web-share\" referrerpolicy=\"strict-origin-when-cross-origin\" allowfullscreen><\/iframe>"],"_oembed_time_5484ef55530ed89fdac7a33175f8217b":["1740670551"],"_oembed_293741c3a8d67c7f8ebec052b869ca00":["<iframe title=\"Historia D\u00eda Nacional LSE - Visualfy.es\" width=\"500\" height=\"281\" src=\"https:\/\/www.youtube.com\/embed\/zi7xYMn0UXs?feature=oembed\" frameborder=\"0\" allow=\"accelerometer; autoplay; clipboard-write; encrypted-media; gyroscope; picture-in-picture; web-share\" referrerpolicy=\"strict-origin-when-cross-origin\" allowfullscreen><\/iframe>"],"_oembed_time_293741c3a8d67c7f8ebec052b869ca00":["1740670551"],"_oembed_308a7d8e48c566bf93fa60419465bd5e":["<iframe title=\"D\u00eda Nacional LSE 14\/06\/2017 - Visualfy.es\" width=\"992\" height=\"558\" src=\"https:\/\/www.youtube.com\/embed\/YG2G3rejMoI?feature=oembed\" frameborder=\"0\" allow=\"accelerometer; autoplay; clipboard-write; encrypted-media; gyroscope; picture-in-picture; web-share\" referrerpolicy=\"strict-origin-when-cross-origin\" allowfullscreen><\/iframe>"],"_oembed_time_308a7d8e48c566bf93fa60419465bd5e":["1740670557"],"_oembed_b918e99a6ffee8e72c05bb0927501e7c":["<iframe title=\"Historia D\u00eda Nacional LSE - Visualfy.es\" width=\"992\" height=\"558\" src=\"https:\/\/www.youtube.com\/embed\/zi7xYMn0UXs?feature=oembed\" frameborder=\"0\" allow=\"accelerometer; autoplay; clipboard-write; encrypted-media; gyroscope; picture-in-picture; web-share\" referrerpolicy=\"strict-origin-when-cross-origin\" allowfullscreen><\/iframe>"],"_oembed_time_b918e99a6ffee8e72c05bb0927501e7c":["1740670557"],"rank_math_primary_category":["31"],"rank_math_seo_score":["10"],"_uag_custom_page_level_css":[""],"footnotes":[""],"lse_enlace":["https:\/\/www.youtube.com\/watch?v=YG2G3rejMoI"],"_lse_enlace":["field_67b5db1d9d4ca"],"rank_math_description":["Hoy es un d\u00eda muy importante para la Comunidad Sorda. Por eso, desde Visualfy queremos desearos un muy feliz D\u00eda Nacional de las Lenguas de Signos"],"_betterdocs_reusable_block_ids":["a:0:{}"],"copied_media_ids":["a:0:{}"],"referenced_media_ids":["a:1:{i:0;i:3513;}"]},"uagb_featured_image_src":{"full":["https:\/\/www.visualfy.com\/wp-content\/uploads\/2025\/02\/dia-lengua-signos.jpg",800,534,false],"thumbnail":["https:\/\/www.visualfy.com\/wp-content\/uploads\/2025\/02\/dia-lengua-signos-150x150.jpg",150,150,true],"medium":["https:\/\/www.visualfy.com\/wp-content\/uploads\/2025\/02\/dia-lengua-signos-300x200.jpg",300,200,true],"medium_large":["https:\/\/www.visualfy.com\/wp-content\/uploads\/2025\/02\/dia-lengua-signos-768x513.jpg",768,513,true],"large":["https:\/\/www.visualfy.com\/wp-content\/uploads\/2025\/02\/dia-lengua-signos.jpg",800,534,false],"1536x1536":["https:\/\/www.visualfy.com\/wp-content\/uploads\/2025\/02\/dia-lengua-signos.jpg",800,534,false],"2048x2048":["https:\/\/www.visualfy.com\/wp-content\/uploads\/2025\/02\/dia-lengua-signos.jpg",800,534,false]},"uagb_author_info":{"display_name":"visualfy","author_link":"https:\/\/www.visualfy.com\/es\/author\/visualfy\/"},"uagb_comment_info":0,"uagb_excerpt":"Ya sab\u00e9is que hoy es un d\u00eda muy importante para la Comunidad Sorda. Por eso, desde Visualfy queremos desearos un muy feliz D\u00eda Nacional de las Lenguas de Signos Espa\u00f1olas. En nuestro equipo nos comunicamos en Lengua de Signos y ahora, cada uno de ellos os regalar\u00e1 un signo relacionado con Visualfy. Feliz D\u00eda Nacional&hellip;","_links":{"self":[{"href":"https:\/\/www.visualfy.com\/es\/wp-json\/wp\/v2\/posts\/6404","targetHints":{"allow":["GET"]}}],"collection":[{"href":"https:\/\/www.visualfy.com\/es\/wp-json\/wp\/v2\/posts"}],"about":[{"href":"https:\/\/www.visualfy.com\/es\/wp-json\/wp\/v2\/types\/post"}],"author":[{"embeddable":true,"href":"https:\/\/www.visualfy.com\/es\/wp-json\/wp\/v2\/users\/2"}],"replies":[{"embeddable":true,"href":"https:\/\/www.visualfy.com\/es\/wp-json\/wp\/v2\/comments?post=6404"}],"version-history":[{"count":0,"href":"https:\/\/www.visualfy.com\/es\/wp-json\/wp\/v2\/posts\/6404\/revisions"}],"wp:featuredmedia":[{"embeddable":true,"href":"https:\/\/www.visualfy.com\/es\/wp-json\/wp\/v2\/media\/3513"}],"wp:attachment":[{"href":"https:\/\/www.visualfy.com\/es\/wp-json\/wp\/v2\/media?parent=6404"}],"wp:term":[{"taxonomy":"category","embeddable":true,"href":"https:\/\/www.visualfy.com\/es\/wp-json\/wp\/v2\/categories?post=6404"},{"taxonomy":"post_tag","embeddable":true,"href":"https:\/\/www.visualfy.com\/es\/wp-json\/wp\/v2\/tags?post=6404"}],"curies":[{"name":"wp","href":"https:\/\/api.w.org\/{rel}","templated":true}]}}