{"id":6380,"date":"2017-04-07T17:00:00","date_gmt":"2017-04-07T17:00:00","guid":{"rendered":"https:\/\/www.visualfy.com\/noticias-visualfy-07-04-2017\/"},"modified":"2025-03-03T11:34:56","modified_gmt":"2025-03-03T11:34:56","slug":"noticias-visualfy-07-04-2017","status":"publish","type":"post","link":"https:\/\/www.visualfy.com\/es\/noticias-visualfy-07-04-2017\/","title":{"rendered":"La discapacidad desde lo m\u00e1s \u00edntimo \u00abSexualidad funcional\u00bb"},"content":{"rendered":"\n<p><span style=\"vertical-align: inherit;\"><span style=\"vertical-align: inherit;\">Hace cuatro meses se cre\u00f3 en Valencia un proyecto llamado <\/span><\/span><strong><span style=\"vertical-align: inherit;\"><span style=\"vertical-align: inherit;\">\u201cSexualidad funcional\u201d<\/span><\/span><\/strong><span style=\"vertical-align: inherit;\"><span style=\"vertical-align: inherit;\"> para <\/span><\/span><strong><span style=\"vertical-align: inherit;\"><span style=\"vertical-align: inherit;\">acercar el sexo a las <\/span><\/span><a href=\"https:\/\/www.visualfy.com\/es\/ca\/comunidad-sorda\/\"><span style=\"vertical-align: inherit;\"><span style=\"vertical-align: inherit;\">personas con diversidad funcional<\/span><\/span><\/a><\/strong><span style=\"vertical-align: inherit;\"><span style=\"vertical-align: inherit;\"> , que quiz\u00e1s jam\u00e1s hayan tenido una relaci\u00f3n \u00edntima, ya no solo sexual, sino que puede ser que <\/span><\/span><strong><span style=\"vertical-align: inherit;\"><span style=\"vertical-align: inherit;\">nunca hayan recibido un beso, una caricia<\/span><\/span><\/strong><span style=\"vertical-align: inherit;\"><span style=\"vertical-align: inherit;\"> , que alguien les mire con deseo y no con rechazo. O que nunca hayan tomado una copa en un bar ni paseado como cualquier pareja cogidas de la mano, d\u00e1ndose un beso.<\/span><\/span><\/p>\n\n\n\n<p><span style=\"vertical-align: inherit;\"><span style=\"vertical-align: inherit;\">Son cosas sencillas para cualquiera, <\/span><\/span><strong><span style=\"vertical-align: inherit;\"><span style=\"vertical-align: inherit;\">pero para este colectivo es un tema tab\u00fa<\/span><\/span><\/strong><span style=\"vertical-align: inherit;\"><span style=\"vertical-align: inherit;\"> . Normalmente, la asistencia b\u00e1sica, las necesidades de vivienda, de trabajo, salud o alimentaci\u00f3n est\u00e1n cubiertas, pero \u00bfd\u00f3nde queda el sexo?<\/span><\/span><\/p>\n\n\n\n<p><span style=\"vertical-align: inherit;\"><span style=\"vertical-align: inherit;\">El objetivo de este <\/span><\/span><strong><span style=\"vertical-align: inherit;\"><span style=\"vertical-align: inherit;\">proyecto es ofrecer asesoramiento, talleres y acompa\u00f1amiento \u00edntimos<\/span><\/span><\/strong><span style=\"vertical-align: inherit;\"><span style=\"vertical-align: inherit;\"> . El asesoramiento consiste en informar y orientar a los usuarios ya sus familias para que sepas c\u00f3mo se pueden cubrir las necesidades sexuales y c\u00f3mo hay que abordar el apetito sexual. Los talleres y actividades se realizan para tratar la afectividad, el erotismo, las relaciones, etc.<\/span><\/span><\/p>\n\n\n\n<p><span style=\"vertical-align: inherit;\"><span style=\"vertical-align: inherit;\">Los acompa\u00f1amientos \u00edntimos son la parte m\u00e1s complicada del proyecto. Para realizar hace unas semanas se realizaron unas jornadas introductorias donde 8 personas voluntarias recibieron la formaci\u00f3n necesaria y <\/span><\/span><strong><span style=\"vertical-align: inherit;\"><span style=\"vertical-align: inherit;\">hoy ya son acompa\u00f1antes \u00edntimos<\/span><\/span><\/strong><span style=\"vertical-align: inherit;\"><span style=\"vertical-align: inherit;\"> en la Comunidad Valenciana.<\/span><\/span><\/p>\n\n\n\n<p><span style=\"vertical-align: inherit;\"><span style=\"vertical-align: inherit;\">Primero, el usuario siempre es entrevistado para conocerlo mejor y as\u00ed buscarle un acompa\u00f1ante adecuado. <\/span><\/span><strong><span style=\"vertical-align: inherit;\"><span style=\"vertical-align: inherit;\">La primera cita entre ellos es solo para hablar y ah\u00ed pactan las normas<\/span><\/span><\/strong><span style=\"vertical-align: inherit;\"><span style=\"vertical-align: inherit;\"> , lo que quiere cada uno. Siempre hay un seguimiento para saber los resultados.<\/span><\/span><\/p>\n\n\n\n<p><span style=\"vertical-align: inherit;\"><span style=\"vertical-align: inherit;\">Este proyecto ya est\u00e1 funcionando y ya ha habido encuentros con los usuarios. Pero todav\u00eda quedan <\/span><\/span><a href=\"https:\/\/www.visualfy.com\/es\/profesionales-sordos-y-la-perdida-auditiva-en-el-ambito-laboral-consejos-para-que-nada-te-pare\/\"><span style=\"vertical-align: inherit;\"><span style=\"vertical-align: inherit;\">muchas barreras por superar<\/span><\/span><\/a><span style=\"vertical-align: inherit;\"><span style=\"vertical-align: inherit;\"> , pero este tipo de experiencias siempre humanas.<\/span><\/span><\/p>\n","protected":false},"excerpt":{"rendered":"<p>Hace cuatro meses se cre\u00f3 en Valencia un proyecto llamado \u201cSexualidad funcional\u201d para acercar el sexo a las personas con diversidad funcional , que quiz\u00e1s jam\u00e1s hayan tenido una relaci\u00f3n \u00edntima, ya no solo sexual, sino que puede ser que nunca hayan recibido un beso, una caricia , que alguien les mire con deseo y [&hellip;]<\/p>\n","protected":false},"author":2,"featured_media":3387,"comment_status":"open","ping_status":"open","sticky":false,"template":"","format":"standard","meta":{"_acf_changed":false,"content-type":"","_uag_custom_page_level_css":"","footnotes":""},"categories":[30],"tags":[],"class_list":["post-6380","post","type-post","status-publish","format-standard","has-post-thumbnail","hentry","category-comunidad-sorda"],"acf":[],"spectra_custom_meta":{"_wp_page_template":["default"],"rank_math_internal_links_processed":["1"],"_wpml_word_count":["{\"total\":339,\"to_translate\":{\"en\":339}}"],"_yoast_wpseo_primary_category":["296"],"_yoast_wpseo_keywordsynonyms":[""],"_wpml_media_duplicate":["0"],"_wpml_media_featured":["0"],"_yoast_wpseo_focuskeywords":["[]"],"_et_monarch_override":[""],"amazonS3_cache":["a:43:{s:61:\"\/\/dev.visualfy.com\/wp-content\/uploads\/2017\/04\/xh8igp-xx10.jpg\";i:10561;s:38:\"\/\/cdn.visualfy.com\/img\/xh8igp-xx10.jpg\";i:10561;s:61:\"\/\/www.visualfy.com\/wp-content\/uploads\/2017\/04\/xh8igp-xx10.jpg\";i:10561;s:76:\"\/\/visualfy.acceseo.dev\/wp-content\/uploads\/2025\/02\/intimidad-discapacidad.jpg\";a:1:{s:9:\"timestamp\";i:1744269444;}s:69:\"\/\/visualfy.acceseo.dev\/wp-content\/uploads\/2025\/02\/lse-icon-button.svg\";a:1:{s:9:\"timestamp\";i:1744268150;}s:81:\"\/\/visualfy.acceseo.dev\/wp-content\/uploads\/2025\/02\/visualfy-places-placeholder.jpg\";a:1:{s:9:\"timestamp\";i:1744268150;}s:66:\"\/\/visualfy.acceseo.dev\/wp-content\/uploads\/2025\/01\/computer_404.svg\";a:1:{s:9:\"timestamp\";i:1744268150;}s:63:\"\/\/visualfy.acceseo.dev\/wp-content\/uploads\/2025\/01\/user-icon.svg\";a:1:{s:9:\"timestamp\";i:1744268150;}s:58:\"\/\/visualfy.acceseo.dev\/wp-content\/uploads\/2025\/01\/menu.svg\";a:1:{s:9:\"timestamp\";i:1744268150;}s:67:\"\/\/visualfy.acceseo.dev\/wp-content\/uploads\/2025\/01\/logo-visualfy.svg\";a:1:{s:9:\"timestamp\";i:1744268150;}s:65:\"\/\/visualfy.acceseo.dev\/wp-content\/uploads\/2025\/01\/logo-footer.svg\";a:1:{s:9:\"timestamp\";i:1744268150;}s:88:\"\/\/visualfy.acceseo.dev\/wp-content\/uploads\/2025\/01\/union-europea-ministerio-industria.png\";a:1:{s:9:\"timestamp\";i:1744268150;}s:78:\"\/\/visualfy.acceseo.dev\/wp-content\/uploads\/2025\/01\/fondo-europeo-innovacion.png\";a:1:{s:9:\"timestamp\";i:1744268150;}s:77:\"\/\/visualfy.acceseo.dev\/wp-content\/uploads\/2025\/01\/generalitat-ivace-feder.png\";a:1:{s:9:\"timestamp\";i:1744268150;}s:85:\"\/\/visualfy.acceseo.dev\/wp-content\/uploads\/2025\/01\/generalita-ivace-cofinanciacion.png\";a:1:{s:9:\"timestamp\";i:1744268150;}s:61:\"\/\/visualfy.acceseo.dev\/wp-content\/uploads\/2025\/02\/Sem-3-1.png\";a:1:{s:9:\"timestamp\";i:1744268150;}s:69:\"\/\/visualfy.acceseo.dev\/wp-content\/uploads\/2025\/02\/Sem-3-1-300x176.png\";a:1:{s:9:\"timestamp\";i:1744268150;}s:70:\"\/\/visualfy.acceseo.dev\/wp-content\/uploads\/2025\/02\/Sem-3-1-1024x600.png\";a:1:{s:9:\"timestamp\";i:1744268150;}s:69:\"\/\/visualfy.acceseo.dev\/wp-content\/uploads\/2025\/02\/Sem-3-1-768x450.png\";a:1:{s:9:\"timestamp\";i:1744268150;}s:70:\"\/\/visualfy.acceseo.dev\/wp-content\/uploads\/2025\/02\/Sem-3-1-1536x900.png\";a:1:{s:9:\"timestamp\";i:1744268150;}s:71:\"\/\/visualfy.acceseo.dev\/wp-content\/uploads\/2025\/02\/Sem-3-1-2048x1200.png\";a:1:{s:9:\"timestamp\";i:1744268150;}s:63:\"\/\/visualfy.acceseo.dev\/wp-content\/uploads\/2025\/02\/Sem-2-3-1.jpg\";a:1:{s:9:\"timestamp\";i:1744268150;}s:71:\"\/\/visualfy.acceseo.dev\/wp-content\/uploads\/2025\/02\/Sem-2-3-1-300x169.jpg\";a:1:{s:9:\"timestamp\";i:1744268150;}s:72:\"\/\/visualfy.acceseo.dev\/wp-content\/uploads\/2025\/02\/Sem-2-3-1-1024x576.jpg\";a:1:{s:9:\"timestamp\";i:1744268150;}s:71:\"\/\/visualfy.acceseo.dev\/wp-content\/uploads\/2025\/02\/Sem-2-3-1-768x432.jpg\";a:1:{s:9:\"timestamp\";i:1744268150;}s:72:\"\/\/visualfy.acceseo.dev\/wp-content\/uploads\/2025\/02\/Sem-2-3-1-1536x864.jpg\";a:1:{s:9:\"timestamp\";i:1744268150;}s:63:\"\/\/visualfy.acceseo.dev\/wp-content\/uploads\/2025\/02\/Sem-1-2-1.png\";a:1:{s:9:\"timestamp\";i:1744268150;}s:71:\"\/\/visualfy.acceseo.dev\/wp-content\/uploads\/2025\/02\/Sem-1-2-1-300x157.png\";a:1:{s:9:\"timestamp\";i:1744268150;}s:72:\"\/\/visualfy.acceseo.dev\/wp-content\/uploads\/2025\/02\/Sem-1-2-1-1024x535.png\";a:1:{s:9:\"timestamp\";i:1744268150;}s:71:\"\/\/visualfy.acceseo.dev\/wp-content\/uploads\/2025\/02\/Sem-1-2-1-768x401.png\";a:1:{s:9:\"timestamp\";i:1744268150;}s:67:\"\/\/visualfy.acceseo.dev\/wp-content\/uploads\/2025\/02\/caixa-popular.svg\";a:1:{s:9:\"timestamp\";i:1744268150;}s:58:\"\/\/visualfy.acceseo.dev\/wp-content\/uploads\/2025\/02\/cdti.svg\";a:1:{s:9:\"timestamp\";i:1744268150;}s:58:\"\/\/visualfy.acceseo.dev\/wp-content\/uploads\/2025\/02\/cnse.svg\";a:1:{s:9:\"timestamp\";i:1744268150;}s:60:\"\/\/visualfy.acceseo.dev\/wp-content\/uploads\/2025\/02\/esteve.svg\";a:1:{s:9:\"timestamp\";i:1744268150;}s:60:\"\/\/visualfy.acceseo.dev\/wp-content\/uploads\/2025\/02\/fesord.svg\";a:1:{s:9:\"timestamp\";i:1744268150;}s:76:\"\/\/visualfy.acceseo.dev\/wp-content\/uploads\/2025\/02\/generalitat-valenciana.svg\";a:1:{s:9:\"timestamp\";i:1744268150;}s:66:\"\/\/visualfy.acceseo.dev\/wp-content\/uploads\/2025\/02\/horizon-2020.svg\";a:1:{s:9:\"timestamp\";i:1744268150;}s:59:\"\/\/visualfy.acceseo.dev\/wp-content\/uploads\/2025\/02\/ivace.svg\";a:1:{s:9:\"timestamp\";i:1744268150;}s:62:\"\/\/visualfy.acceseo.dev\/wp-content\/uploads\/2025\/02\/montsant.svg\";a:1:{s:9:\"timestamp\";i:1744268150;}s:69:\"\/\/visualfy.acceseo.dev\/wp-content\/uploads\/2025\/02\/naciones-unidas.svg\";a:1:{s:9:\"timestamp\";i:1744268150;}s:62:\"\/\/visualfy.acceseo.dev\/wp-content\/uploads\/2025\/02\/randstad.svg\";a:1:{s:9:\"timestamp\";i:1744268150;}s:64:\"\/\/visualfy.acceseo.dev\/wp-content\/uploads\/2025\/02\/telefonica.svg\";a:1:{s:9:\"timestamp\";i:1744268150;}s:66:\"\/\/visualfy.acceseo.dev\/wp-content\/uploads\/2025\/02\/wingstoclaim.svg\";a:1:{s:9:\"timestamp\";i:1744268150;}}"],"_yoast_wpseo_opengraph-title":[""],"_yoast_wpseo_opengraph-description":[""],"_yst_prominent_words_version":["1"],"_yoast_wpseo_video_meta":["a:15:{s:2:\"id\";s:11:\"Xh8IGP-xX10\";s:4:\"type\";s:7:\"youtube\";s:3:\"url\";s:43:\"https:\/\/www.youtube.com\/watch?v=Xh8IGP-xX10\";s:7:\"post_id\";i:4132;s:5:\"title\";s:91:\"La discapacidad desde lo m\u00e1s \u00edntimo &quot;Sexualidad funcional&quot; &amp;#8902; Visualfy\";s:16:\"publication_date\";s:25:\"2017-04-07T17:00:00+00:00\";s:11:\"description\";s:291:\"Proyecto llamado \u201cSexualidad funcional\u201d para acercar el sexo a las personas con diversidad funcional, que quiz\u00e1s jam\u00e1s han tenido una relaci\u00f3n \u00edntima, ya no solo sexual, sino que puede ser que nunca hayan recibido un beso, una caricia, que alguien les mire con deseo y no con rechazo\";s:10:\"player_loc\";s:41:\"https:\/\/www.youtube.com\/embed\/Xh8IGP-xX10\";s:13:\"thumbnail_loc\";s:44:\"https:\/\/cdn.visualfy.com\/img\/xh8igp-xx10.jpg\";s:8:\"duration\";i:418;s:10:\"view_count\";i:195;s:5:\"width\";i:480;s:6:\"height\";i:270;s:8:\"category\";s:15:\"Comunidad Sorda\";s:3:\"tag\";a:0:{}}"],"_yoast_wpseo_videositemap-duration":["418"],"_yoast_wpseo_videositemap-rating":["0"],"_yoast_wpseo_metadesc":["Proyecto llamado \u201cSexualidad funcional\u201d para acercar el sexo a las personas con diversidad funcional, que quiz\u00e1s jam\u00e1s han tenido una relaci\u00f3n \u00edntima, ya no solo sexual, sino que puede ser que nunca hayan recibido un beso, una caricia, que alguien les mire con deseo y no con rechazo"],"_yoast_wpseo_focuskw":[""],"_yoast_wpseo_content_score":["60"],"cmplz_hide_cookiebanner":[""],"_wpml_location_migration_done":["1"],"_fgj2wp_old_id":["562"],"_yoast_wpseo_metakeywords":["comunidad sorda"],"_bsf_post_type":["0"],"_yoast_wpseo_meta-robots-noindex":[""],"_fgj2wp_translation_association_key":[""],"_product_image_gallery":[""],"_wp_old_slug":[""],"_yoast_wpseo_title":[""],"slide_template":[""],"_yoast_wpseo_opengraph-image":[""],"_yoast_wpseo_opengraph-image-id":[""],"_wp_old_date":[""],"_bsf_article_image":[""],"_bsf_article_name":[""],"_bsf_article_desc":[""],"_bsf_article_author":[""],"_bsf_article_publisher":[""],"_bsf_article_publisher_logo":[""],"_yoast_wpseo_meta-robots-nofollow":[""],"amp_status":[""],"_cmplz_scanned_post":[""],"_encloseme":[""],"_last_translation_edit_mode":[""],"_yoast_wpseo_twitter-title":[""],"_yoast_wpseo_twitter-description":[""],"_yoast_wpseo_twitter-image":[""],"_yoast_wpseo_twitter-image-id":[""],"_yoast_wpseo_linkdex":[""],"_thumbnail_id":["3387"],"_oembed_ec57003133a054cba2ff64d5380713e2":["<iframe title=\"Intimidad y discapacidad en Noticias Visualfy\" width=\"500\" height=\"281\" src=\"https:\/\/www.youtube.com\/embed\/Xh8IGP-xX10?feature=oembed\" frameborder=\"0\" allow=\"accelerometer; autoplay; clipboard-write; encrypted-media; gyroscope; picture-in-picture; web-share\" referrerpolicy=\"strict-origin-when-cross-origin\" allowfullscreen><\/iframe>"],"_oembed_time_ec57003133a054cba2ff64d5380713e2":["1741001651"],"_edit_lock":["1741001697:1"],"_oembed_f312fba910e3948c6c5d3c1ed86c59d3":["<iframe title=\"Intimidad y discapacidad en Noticias Visualfy\" width=\"992\" height=\"558\" src=\"https:\/\/www.youtube.com\/embed\/Xh8IGP-xX10?feature=oembed\" frameborder=\"0\" allow=\"accelerometer; autoplay; clipboard-write; encrypted-media; gyroscope; picture-in-picture; web-share\" referrerpolicy=\"strict-origin-when-cross-origin\" allowfullscreen><\/iframe>"],"_oembed_time_f312fba910e3948c6c5d3c1ed86c59d3":["1741001658"],"rank_math_seo_score":["17"],"rank_math_primary_category":["30"],"_pingme":["1"],"_uag_custom_page_level_css":[""],"footnotes":[""],"_edit_last":["1"],"lse_enlace":["https:\/\/www.youtube.com\/watch?v=Xh8IGP-xX10"],"_lse_enlace":["field_67b5db1d9d4ca"],"_betterdocs_reusable_block_ids":["a:0:{}"],"copied_media_ids":["a:0:{}"],"referenced_media_ids":["a:1:{i:0;i:3387;}"]},"uagb_featured_image_src":{"full":["https:\/\/www.visualfy.com\/wp-content\/uploads\/2025\/02\/intimidad-discapacidad.jpg",800,533,false],"thumbnail":["https:\/\/www.visualfy.com\/wp-content\/uploads\/2025\/02\/intimidad-discapacidad-150x150.jpg",150,150,true],"medium":["https:\/\/www.visualfy.com\/wp-content\/uploads\/2025\/02\/intimidad-discapacidad-300x200.jpg",300,200,true],"medium_large":["https:\/\/www.visualfy.com\/wp-content\/uploads\/2025\/02\/intimidad-discapacidad-768x512.jpg",768,512,true],"large":["https:\/\/www.visualfy.com\/wp-content\/uploads\/2025\/02\/intimidad-discapacidad.jpg",800,533,false],"1536x1536":["https:\/\/www.visualfy.com\/wp-content\/uploads\/2025\/02\/intimidad-discapacidad.jpg",800,533,false],"2048x2048":["https:\/\/www.visualfy.com\/wp-content\/uploads\/2025\/02\/intimidad-discapacidad.jpg",800,533,false]},"uagb_author_info":{"display_name":"visualfy","author_link":"https:\/\/www.visualfy.com\/es\/author\/visualfy\/"},"uagb_comment_info":0,"uagb_excerpt":"Hace cuatro meses se cre\u00f3 en Valencia un proyecto llamado \u201cSexualidad funcional\u201d para acercar el sexo a las personas con diversidad funcional , que quiz\u00e1s jam\u00e1s hayan tenido una relaci\u00f3n \u00edntima, ya no solo sexual, sino que puede ser que nunca hayan recibido un beso, una caricia , que alguien les mire con deseo y&hellip;","_links":{"self":[{"href":"https:\/\/www.visualfy.com\/es\/wp-json\/wp\/v2\/posts\/6380","targetHints":{"allow":["GET"]}}],"collection":[{"href":"https:\/\/www.visualfy.com\/es\/wp-json\/wp\/v2\/posts"}],"about":[{"href":"https:\/\/www.visualfy.com\/es\/wp-json\/wp\/v2\/types\/post"}],"author":[{"embeddable":true,"href":"https:\/\/www.visualfy.com\/es\/wp-json\/wp\/v2\/users\/2"}],"replies":[{"embeddable":true,"href":"https:\/\/www.visualfy.com\/es\/wp-json\/wp\/v2\/comments?post=6380"}],"version-history":[{"count":0,"href":"https:\/\/www.visualfy.com\/es\/wp-json\/wp\/v2\/posts\/6380\/revisions"}],"wp:featuredmedia":[{"embeddable":true,"href":"https:\/\/www.visualfy.com\/es\/wp-json\/wp\/v2\/media\/3387"}],"wp:attachment":[{"href":"https:\/\/www.visualfy.com\/es\/wp-json\/wp\/v2\/media?parent=6380"}],"wp:term":[{"taxonomy":"category","embeddable":true,"href":"https:\/\/www.visualfy.com\/es\/wp-json\/wp\/v2\/categories?post=6380"},{"taxonomy":"post_tag","embeddable":true,"href":"https:\/\/www.visualfy.com\/es\/wp-json\/wp\/v2\/tags?post=6380"}],"curies":[{"name":"wp","href":"https:\/\/api.w.org\/{rel}","templated":true}]}}