{"id":6366,"date":"2017-02-28T16:00:00","date_gmt":"2017-02-28T16:00:00","guid":{"rendered":"https:\/\/www.visualfy.com\/noticias-visualfy-28-02-2017\/"},"modified":"2025-03-03T11:46:37","modified_gmt":"2025-03-03T11:46:37","slug":"noticias-visualfy-28-02-2017","status":"publish","type":"post","link":"https:\/\/www.visualfy.com\/es\/noticias-visualfy-28-02-2017\/","title":{"rendered":"Webserie Gallega en LSE compite en Hollywood"},"content":{"rendered":"\n<p>La&nbsp;webserie gallega <strong>\u00abM\u00edrame cuando te hablo\u00bb&nbsp;de Idendeaf<\/strong> ha sido seleccionada para participar en el&nbsp;festival Global de Hollywood. Se trata de la primera serie realizada en Espa\u00f1a en Lengua de Signos.<\/p>\n\n\n\n<p>La <strong>Asociaci\u00f3n Idendeaf<\/strong> se cre\u00f3 hace tres a\u00f1os en A Estrada (Pontevedra) gracias a que Veru Rodr\u00edguez, un chico oyente, decidi\u00f3 adaptar el entrenimiento visual para que sus padres sordos pudieran disfrutarlo en igualdad de condiciones que el resto de oyentes.<\/p>\n\n\n\n<p>Se trata de una comedia rodada en Lengua de Signos donde todos los actores que aparecen son personas sordas. Adem\u00e1s, tambi\u00e9n tiene subt\u00edtulos para ofrecer accesibilidad completa a todo el p\u00fablico y en ella se cuenta la historia de un grupo de compa\u00f1eros de piso con un toque de humor. La primera temporada apareci\u00f3 en el a\u00f1o 2014. Tuvo mucho \u00e9xito, llegando a unas 150.000 visualizaciones, por lo que decidieron producir la segunda, estrenada en 2016.<\/p>\n\n\n\n<p>No es la primera vez que esta serie es candidata en un festival internacional, pero el de Hollywood ha sido algo inesperado. El 8 de agosto de este a\u00f1o sabr\u00e1n si han sido los ganadores de alguno de los premios a los que est\u00e1n nominados.<\/p>\n\n\n\n<hr class=\"wp-block-separator has-alpha-channel-opacity\"\/>\n\n\n\n<h2 class=\"wp-block-heading\">Ratones sordos que vuelven a o\u00edr gracias a una terapia gen\u00e9tica.<\/h2>\n\n\n\n<p>La p\u00e9rdida auditiva de origen gen\u00e9tico aumenta cada vez m\u00e1s entre la poblaci\u00f3n. Por eso, los investigadores han decidido hacer uso de diferentes terapias para intentar encontrar la soluci\u00f3n ante estos casos que afectan a m\u00e1s de 125 millones de personas en el mundo.<\/p>\n\n\n\n<p>La revista \u201cNature Biotechnology\u201d ha publicado dos nuevos estudios que se han llevado a cabo a trav\u00e9s de terapia gen\u00e9tica, un tratamiento para corregir los defectos gen\u00e9ticos que provocan la p\u00e9rdida de audici\u00f3n.<\/p>\n\n\n\n<p>Por un lado, el primer estudio se ha realizado mediante la introducci\u00f3n del gen correcto en ratones totalmente sordos. No obstante, los cient\u00edficos se han encontrado con dificultades, ya que era complicado conducir el gen correcto hasta la zona del o\u00eddo afectada.<\/p>\n\n\n\n<p>Para la segunda investigaci\u00f3n se utilizaron los mismos genes pero, en este caso, para tratar a ratones reci\u00e9n nacidos con S\u00edndrome de Usher. Tras el tratamiento se descubri\u00f3 que estos ratones hab\u00edan recuperado la audici\u00f3n.<\/p>\n\n\n\n<p>Los dos estudios con ratones han dado muy buenos resultados, por lo que es posible que pronto se realicen m\u00e1s pruebas con animales m\u00e1s grandes antes de llevarlo a cabo con personas.<\/p>\n\n\n\n<hr class=\"wp-block-separator has-alpha-channel-opacity\"\/>\n\n\n\n<h2 class=\"wp-block-heading\">Implante coclear, mejor con Lengua de Signos<\/h2>\n\n\n\n<p>Dentro de poco se publicar\u00e1 una investigaci\u00f3n realizada por la Universidad de Ciencias M\u00e9dicas de Bagiyatallah (Ir\u00e1n) en colaboraci\u00f3n con departamentos de Otorrinolaringolog\u00eda, Pediatr\u00eda y Psicolog\u00eda. En este estudio se demuestra que los ni\u00f1os y ni\u00f1as sordos con implante coclear que son hijos de padres sordos obtuvieron mejores resultados en diferentes pruebas de inteligencia frente a quienes eran hijos de padres oyentes.<\/p>\n\n\n\n<p>Los ni\u00f1os del primer grupo, hijos de padres sordos, que se comunicaban en Lengua de Signos obtuvieron mejores niveles de inteligencia en todas las pruebas, excepto en las relacionadas con las tareas que suponen adquirir conocimientos.<\/p>\n\n\n\n<p>En conclusi\u00f3n, la investigaci\u00f3n demuestra que el aprendizaje temprano de la Lengua de Signos facilita el aprendizaje de la lengua oral y adem\u00e1s, proporciona un mejor desarrollo de la inteligencia. Por lo tanto, mediante este estudio se recomienda que los ni\u00f1os y ni\u00f1as con <a href=\"https:\/\/www.visualfy.com\/es\/volar-con-implantes-cocleares\/\"><strong>implante coclear<\/strong> aprendan Lengua de Signos<\/a>.<\/p>\n\n\n\n<hr class=\"wp-block-separator has-alpha-channel-opacity\"\/>\n\n\n\n<h2 class=\"wp-block-heading\">Las Personas Sordas oralizadas sufren m\u00e1s estr\u00e9s<\/h2>\n\n\n\n<p>Una investigaci\u00f3n realizada entre la Universidad de Oslo y el Hospital Universitario de Oslo confirma que las personas sordas de Noruega que utilizan la Lengua de Signos para comunicarse sufren menos estr\u00e9s frente a aquellas personas sordas que se comunican de forma oral.<\/p>\n\n\n\n<p>En este estudio participaron 76 personas sordas noruegas, entre las que 40 eran usuarias de la Lengua de Signos y 36 usuarias de la lengua oral.<\/p>\n\n\n\n<p>Los resultados de las pruebas demuestran que las personas sordas que utilizan la lengua oral tienen m\u00e1s s\u00edntomas de estr\u00e9s relacionados con la ansiedad. Los expertos creen que esto se debe al gran esfuerzo f\u00edsico y mental que realizan para seguir las conversaciones habladas o asegurarse de que reciben la informaci\u00f3n que necesitan.<\/p>\n\n\n\n<p>Con el tiempo, esto puede llevar a producirles dolores de cabeza y molestias musculares.<\/p>\n","protected":false},"excerpt":{"rendered":"<p>La&nbsp;webserie gallega \u00abM\u00edrame cuando te hablo\u00bb&nbsp;de Idendeaf ha sido seleccionada para participar en el&nbsp;festival Global de Hollywood. Se trata de la primera serie realizada en Espa\u00f1a en Lengua de Signos. La Asociaci\u00f3n Idendeaf se cre\u00f3 hace tres a\u00f1os en A Estrada (Pontevedra) gracias a que Veru Rodr\u00edguez, un chico oyente, decidi\u00f3 adaptar el entrenimiento visual [&hellip;]<\/p>\n","protected":false},"author":2,"featured_media":3358,"comment_status":"open","ping_status":"open","sticky":false,"template":"","format":"standard","meta":{"_acf_changed":false,"content-type":"","_uag_custom_page_level_css":"","footnotes":""},"categories":[31],"tags":[],"class_list":["post-6366","post","type-post","status-publish","format-standard","has-post-thumbnail","hentry","category-en-lengua-de-signos"],"acf":[],"spectra_custom_meta":{"_wp_page_template":["default"],"rank_math_internal_links_processed":["1"],"_wpml_word_count":["{\"total\":734,\"to_translate\":{\"en\":734}}"],"_yoast_wpseo_primary_category":["296"],"_yoast_wpseo_keywordsynonyms":[""],"_wpml_media_duplicate":["0"],"_wpml_media_featured":["0"],"_yoast_wpseo_focuskeywords":["[]"],"_et_monarch_override":[""],"amazonS3_cache":["a:46:{s:61:\"\/\/dev.visualfy.com\/wp-content\/uploads\/2017\/02\/cast5q_svlo.jpg\";i:10573;s:38:\"\/\/cdn.visualfy.com\/img\/cast5q_svlo.jpg\";i:10573;s:61:\"\/\/www.visualfy.com\/wp-content\/uploads\/2017\/02\/cast5q_svlo.jpg\";i:10573;s:67:\"\/\/visualfy.acceseo.dev\/wp-content\/uploads\/2025\/01\/logo-visualfy.svg\";a:1:{s:9:\"timestamp\";i:1744268060;}s:63:\"\/\/visualfy.acceseo.dev\/wp-content\/uploads\/2025\/01\/user-icon.svg\";a:1:{s:9:\"timestamp\";i:1744268060;}s:58:\"\/\/visualfy.acceseo.dev\/wp-content\/uploads\/2025\/01\/menu.svg\";a:1:{s:9:\"timestamp\";i:1744268060;}s:70:\"\/\/visualfy.acceseo.dev\/wp-content\/uploads\/2025\/02\/web-serie-sordos.jpg\";a:1:{s:9:\"timestamp\";i:1744269398;}s:76:\"\/\/visualfy.acceseo.dev\/wp-content\/uploads\/2025\/02\/aprender-lengua-signos.jpg\";a:1:{s:9:\"timestamp\";i:1744268060;}s:87:\"\/\/visualfy.acceseo.dev\/wp-content\/uploads\/2025\/02\/sordos-tambien-trabajamos-como-tu.jpg\";a:1:{s:9:\"timestamp\";i:1744268060;}s:74:\"\/\/visualfy.acceseo.dev\/wp-content\/uploads\/2025\/02\/educacion-bilingue-1.jpg\";a:1:{s:9:\"timestamp\";i:1744268060;}s:67:\"\/\/visualfy.acceseo.dev\/wp-content\/uploads\/2025\/02\/caixa-popular.svg\";a:1:{s:9:\"timestamp\";i:1744268060;}s:58:\"\/\/visualfy.acceseo.dev\/wp-content\/uploads\/2025\/02\/cdti.svg\";a:1:{s:9:\"timestamp\";i:1744268060;}s:58:\"\/\/visualfy.acceseo.dev\/wp-content\/uploads\/2025\/02\/cnse.svg\";a:1:{s:9:\"timestamp\";i:1744268060;}s:60:\"\/\/visualfy.acceseo.dev\/wp-content\/uploads\/2025\/02\/esteve.svg\";a:1:{s:9:\"timestamp\";i:1744268060;}s:60:\"\/\/visualfy.acceseo.dev\/wp-content\/uploads\/2025\/02\/fesord.svg\";a:1:{s:9:\"timestamp\";i:1744268060;}s:76:\"\/\/visualfy.acceseo.dev\/wp-content\/uploads\/2025\/02\/generalitat-valenciana.svg\";a:1:{s:9:\"timestamp\";i:1744268060;}s:66:\"\/\/visualfy.acceseo.dev\/wp-content\/uploads\/2025\/02\/horizon-2020.svg\";a:1:{s:9:\"timestamp\";i:1744268060;}s:59:\"\/\/visualfy.acceseo.dev\/wp-content\/uploads\/2025\/02\/ivace.svg\";a:1:{s:9:\"timestamp\";i:1744268060;}s:62:\"\/\/visualfy.acceseo.dev\/wp-content\/uploads\/2025\/02\/montsant.svg\";a:1:{s:9:\"timestamp\";i:1744268060;}s:69:\"\/\/visualfy.acceseo.dev\/wp-content\/uploads\/2025\/02\/naciones-unidas.svg\";a:1:{s:9:\"timestamp\";i:1744268060;}s:62:\"\/\/visualfy.acceseo.dev\/wp-content\/uploads\/2025\/02\/randstad.svg\";a:1:{s:9:\"timestamp\";i:1744268060;}s:64:\"\/\/visualfy.acceseo.dev\/wp-content\/uploads\/2025\/02\/telefonica.svg\";a:1:{s:9:\"timestamp\";i:1744268060;}s:66:\"\/\/visualfy.acceseo.dev\/wp-content\/uploads\/2025\/02\/wingstoclaim.svg\";a:1:{s:9:\"timestamp\";i:1744268060;}s:65:\"\/\/visualfy.acceseo.dev\/wp-content\/uploads\/2025\/01\/logo-footer.svg\";a:1:{s:9:\"timestamp\";i:1744268060;}s:88:\"\/\/visualfy.acceseo.dev\/wp-content\/uploads\/2025\/01\/union-europea-ministerio-industria.png\";a:1:{s:9:\"timestamp\";i:1744268060;}s:78:\"\/\/visualfy.acceseo.dev\/wp-content\/uploads\/2025\/01\/fondo-europeo-innovacion.png\";a:1:{s:9:\"timestamp\";i:1744268060;}s:77:\"\/\/visualfy.acceseo.dev\/wp-content\/uploads\/2025\/01\/generalitat-ivace-feder.png\";a:1:{s:9:\"timestamp\";i:1744268060;}s:85:\"\/\/visualfy.acceseo.dev\/wp-content\/uploads\/2025\/01\/generalita-ivace-cofinanciacion.png\";a:1:{s:9:\"timestamp\";i:1744268060;}s:69:\"\/\/visualfy.acceseo.dev\/wp-content\/uploads\/2025\/02\/lse-icon-button.svg\";a:1:{s:9:\"timestamp\";i:1744268061;}s:81:\"\/\/visualfy.acceseo.dev\/wp-content\/uploads\/2025\/02\/visualfy-places-placeholder.jpg\";a:1:{s:9:\"timestamp\";i:1744268061;}s:66:\"\/\/visualfy.acceseo.dev\/wp-content\/uploads\/2025\/01\/computer_404.svg\";a:1:{s:9:\"timestamp\";i:1744268061;}s:61:\"\/\/visualfy.acceseo.dev\/wp-content\/uploads\/2025\/02\/Sem-3-1.png\";a:1:{s:9:\"timestamp\";i:1744268109;}s:69:\"\/\/visualfy.acceseo.dev\/wp-content\/uploads\/2025\/02\/Sem-3-1-300x176.png\";a:1:{s:9:\"timestamp\";i:1744268109;}s:70:\"\/\/visualfy.acceseo.dev\/wp-content\/uploads\/2025\/02\/Sem-3-1-1024x600.png\";a:1:{s:9:\"timestamp\";i:1744268109;}s:69:\"\/\/visualfy.acceseo.dev\/wp-content\/uploads\/2025\/02\/Sem-3-1-768x450.png\";a:1:{s:9:\"timestamp\";i:1744268109;}s:70:\"\/\/visualfy.acceseo.dev\/wp-content\/uploads\/2025\/02\/Sem-3-1-1536x900.png\";a:1:{s:9:\"timestamp\";i:1744268109;}s:71:\"\/\/visualfy.acceseo.dev\/wp-content\/uploads\/2025\/02\/Sem-3-1-2048x1200.png\";a:1:{s:9:\"timestamp\";i:1744268109;}s:63:\"\/\/visualfy.acceseo.dev\/wp-content\/uploads\/2025\/02\/Sem-2-3-1.jpg\";a:1:{s:9:\"timestamp\";i:1744268109;}s:71:\"\/\/visualfy.acceseo.dev\/wp-content\/uploads\/2025\/02\/Sem-2-3-1-300x169.jpg\";a:1:{s:9:\"timestamp\";i:1744268109;}s:72:\"\/\/visualfy.acceseo.dev\/wp-content\/uploads\/2025\/02\/Sem-2-3-1-1024x576.jpg\";a:1:{s:9:\"timestamp\";i:1744268109;}s:71:\"\/\/visualfy.acceseo.dev\/wp-content\/uploads\/2025\/02\/Sem-2-3-1-768x432.jpg\";a:1:{s:9:\"timestamp\";i:1744268109;}s:72:\"\/\/visualfy.acceseo.dev\/wp-content\/uploads\/2025\/02\/Sem-2-3-1-1536x864.jpg\";a:1:{s:9:\"timestamp\";i:1744268109;}s:63:\"\/\/visualfy.acceseo.dev\/wp-content\/uploads\/2025\/02\/Sem-1-2-1.png\";a:1:{s:9:\"timestamp\";i:1744268109;}s:71:\"\/\/visualfy.acceseo.dev\/wp-content\/uploads\/2025\/02\/Sem-1-2-1-300x157.png\";a:1:{s:9:\"timestamp\";i:1744268109;}s:72:\"\/\/visualfy.acceseo.dev\/wp-content\/uploads\/2025\/02\/Sem-1-2-1-1024x535.png\";a:1:{s:9:\"timestamp\";i:1744268109;}s:71:\"\/\/visualfy.acceseo.dev\/wp-content\/uploads\/2025\/02\/Sem-1-2-1-768x401.png\";a:1:{s:9:\"timestamp\";i:1744268109;}}"],"_yoast_wpseo_opengraph-title":[""],"_yoast_wpseo_opengraph-description":[""],"_yst_prominent_words_version":["1"],"_yoast_wpseo_video_meta":["a:15:{s:2:\"id\";s:11:\"cAST5q_SvLo\";s:4:\"type\";s:7:\"youtube\";s:3:\"url\";s:43:\"https:\/\/www.youtube.com\/watch?v=cAST5q_SvLo\";s:7:\"post_id\";i:4112;s:5:\"title\";s:65:\"Webserie Gallega en LSE compite en Hollywood &amp;#8902; Visualfy\";s:16:\"publication_date\";s:25:\"2017-02-28T16:00:00+00:00\";s:11:\"description\";s:203:\"La\u00a0webserie gallega \"M\u00edrame cuando te hablo\"\u00a0de Idendeaf ha sido seleccionada para participar en el\u00a0festival Global de Hollywood. Se trata de la primera serie realizada en Espa\u00f1a en Lengua de Signos\";s:10:\"player_loc\";s:41:\"https:\/\/www.youtube.com\/embed\/cAST5q_SvLo\";s:13:\"thumbnail_loc\";s:44:\"https:\/\/cdn.visualfy.com\/img\/cast5q_svlo.jpg\";s:8:\"duration\";i:529;s:10:\"view_count\";i:63;s:5:\"width\";i:480;s:6:\"height\";i:270;s:8:\"category\";s:19:\"En Lengua de Signos\";s:3:\"tag\";a:0:{}}"],"_yoast_wpseo_videositemap-duration":["529"],"_yoast_wpseo_videositemap-rating":["0"],"_yoast_wpseo_metadesc":["La\u00a0webserie gallega \"M\u00edrame cuando te hablo\"\u00a0de Idendeaf ha sido seleccionada para participar en el\u00a0festival Global de Hollywood. Se trata de la primera serie realizada en Espa\u00f1a en Lengua de Signos"],"_yoast_wpseo_focuskw":[""],"_yoast_wpseo_content_score":[""],"cmplz_hide_cookiebanner":[""],"_wpml_location_migration_done":["1"],"_fgj2wp_old_id":["544"],"_yoast_wpseo_metakeywords":["comunidad sorda"],"_bsf_post_type":["0"],"_yoast_wpseo_meta-robots-noindex":[""],"_fgj2wp_translation_association_key":["f99c48c387bb5614aec97c577a3e347c"],"_product_image_gallery":[""],"_wp_old_slug":[""],"_yoast_wpseo_title":[""],"slide_template":[""],"_yoast_wpseo_opengraph-image":[""],"_yoast_wpseo_opengraph-image-id":[""],"_wp_old_date":[""],"_bsf_article_image":[""],"_bsf_article_name":[""],"_bsf_article_desc":[""],"_bsf_article_author":[""],"_bsf_article_publisher":[""],"_bsf_article_publisher_logo":[""],"_yoast_wpseo_meta-robots-nofollow":[""],"amp_status":[""],"_cmplz_scanned_post":[""],"_encloseme":[""],"_last_translation_edit_mode":[""],"_yoast_wpseo_twitter-title":[""],"_yoast_wpseo_twitter-description":[""],"_yoast_wpseo_twitter-image":[""],"_yoast_wpseo_twitter-image-id":[""],"_yoast_wpseo_linkdex":[""],"_thumbnail_id":["3358"],"_oembed_103dc4b6f92a431e120b340630e99d75":["<iframe title=\"Noticias accesibles - Visualfy 28\/02\/2017\" width=\"500\" height=\"281\" src=\"https:\/\/www.youtube.com\/embed\/cAST5q_SvLo?feature=oembed\" frameborder=\"0\" allow=\"accelerometer; autoplay; clipboard-write; encrypted-media; gyroscope; picture-in-picture; web-share\" referrerpolicy=\"strict-origin-when-cross-origin\" allowfullscreen><\/iframe>"],"_oembed_time_103dc4b6f92a431e120b340630e99d75":["1741002349"],"_edit_lock":["1741002397:1"],"_oembed_a3a7845747dc5088dc18e66f0aea9add":["<iframe title=\"Noticias accesibles - Visualfy 28\/02\/2017\" width=\"992\" height=\"558\" src=\"https:\/\/www.youtube.com\/embed\/cAST5q_SvLo?feature=oembed\" frameborder=\"0\" allow=\"accelerometer; autoplay; clipboard-write; encrypted-media; gyroscope; picture-in-picture; web-share\" referrerpolicy=\"strict-origin-when-cross-origin\" allowfullscreen><\/iframe>"],"_oembed_time_a3a7845747dc5088dc18e66f0aea9add":["1741002358"],"rank_math_primary_category":["31"],"rank_math_seo_score":["18"],"_pingme":["1"],"_uag_custom_page_level_css":[""],"footnotes":[""],"_edit_last":["1"],"lse_enlace":["https:\/\/www.youtube.com\/watch?v=cAST5q_SvLo"],"_lse_enlace":["field_67b5db1d9d4ca"],"_betterdocs_reusable_block_ids":["a:0:{}"],"copied_media_ids":["a:0:{}"],"referenced_media_ids":["a:1:{i:0;i:3358;}"]},"uagb_featured_image_src":{"full":["https:\/\/www.visualfy.com\/wp-content\/uploads\/2025\/02\/web-serie-sordos.jpg",805,453,false],"thumbnail":["https:\/\/www.visualfy.com\/wp-content\/uploads\/2025\/02\/web-serie-sordos-150x150.jpg",150,150,true],"medium":["https:\/\/www.visualfy.com\/wp-content\/uploads\/2025\/02\/web-serie-sordos-300x169.jpg",300,169,true],"medium_large":["https:\/\/www.visualfy.com\/wp-content\/uploads\/2025\/02\/web-serie-sordos-768x432.jpg",768,432,true],"large":["https:\/\/www.visualfy.com\/wp-content\/uploads\/2025\/02\/web-serie-sordos.jpg",805,453,false],"1536x1536":["https:\/\/www.visualfy.com\/wp-content\/uploads\/2025\/02\/web-serie-sordos.jpg",805,453,false],"2048x2048":["https:\/\/www.visualfy.com\/wp-content\/uploads\/2025\/02\/web-serie-sordos.jpg",805,453,false]},"uagb_author_info":{"display_name":"visualfy","author_link":"https:\/\/www.visualfy.com\/es\/author\/visualfy\/"},"uagb_comment_info":0,"uagb_excerpt":"La&nbsp;webserie gallega \u00abM\u00edrame cuando te hablo\u00bb&nbsp;de Idendeaf ha sido seleccionada para participar en el&nbsp;festival Global de Hollywood. Se trata de la primera serie realizada en Espa\u00f1a en Lengua de Signos. La Asociaci\u00f3n Idendeaf se cre\u00f3 hace tres a\u00f1os en A Estrada (Pontevedra) gracias a que Veru Rodr\u00edguez, un chico oyente, decidi\u00f3 adaptar el entrenimiento visual&hellip;","_links":{"self":[{"href":"https:\/\/www.visualfy.com\/es\/wp-json\/wp\/v2\/posts\/6366","targetHints":{"allow":["GET"]}}],"collection":[{"href":"https:\/\/www.visualfy.com\/es\/wp-json\/wp\/v2\/posts"}],"about":[{"href":"https:\/\/www.visualfy.com\/es\/wp-json\/wp\/v2\/types\/post"}],"author":[{"embeddable":true,"href":"https:\/\/www.visualfy.com\/es\/wp-json\/wp\/v2\/users\/2"}],"replies":[{"embeddable":true,"href":"https:\/\/www.visualfy.com\/es\/wp-json\/wp\/v2\/comments?post=6366"}],"version-history":[{"count":0,"href":"https:\/\/www.visualfy.com\/es\/wp-json\/wp\/v2\/posts\/6366\/revisions"}],"wp:featuredmedia":[{"embeddable":true,"href":"https:\/\/www.visualfy.com\/es\/wp-json\/wp\/v2\/media\/3358"}],"wp:attachment":[{"href":"https:\/\/www.visualfy.com\/es\/wp-json\/wp\/v2\/media?parent=6366"}],"wp:term":[{"taxonomy":"category","embeddable":true,"href":"https:\/\/www.visualfy.com\/es\/wp-json\/wp\/v2\/categories?post=6366"},{"taxonomy":"post_tag","embeddable":true,"href":"https:\/\/www.visualfy.com\/es\/wp-json\/wp\/v2\/tags?post=6366"}],"curies":[{"name":"wp","href":"https:\/\/api.w.org\/{rel}","templated":true}]}}